{"id":540244,"date":"2026-01-14T10:21:54","date_gmt":"2026-01-14T14:21:54","guid":{"rendered":"https:\/\/diarioelpopular.com\/?p=540244"},"modified":"2026-01-14T10:21:54","modified_gmt":"2026-01-14T14:21:54","slug":"elegimos-a-dinamarca-por-encima-de-ee-uu-dice-el-primer-ministro-de-groenlandia-ante-la-presion-de-trump-para-apropiarse-de-la-isla","status":"publish","type":"post","link":"https:\/\/diarioelpopular.com\/index.php\/2026\/01\/14\/elegimos-a-dinamarca-por-encima-de-ee-uu-dice-el-primer-ministro-de-groenlandia-ante-la-presion-de-trump-para-apropiarse-de-la-isla\/","title":{"rendered":"&#8220;Elegimos a Dinamarca por encima de EE.UU.&#8221;, dice el primer ministro de Groenlandia ante la presi\u00f3n de Trump para apropiarse de la isla"},"content":{"rendered":"<div id=\"attachment_540245\" style=\"width: 646px\" class=\"wp-caption alignnone\"><img loading=\"lazy\" decoding=\"async\" aria-describedby=\"caption-attachment-540245\" class=\"wp-image-540245 size-custom-full-size\" src=\"https:\/\/diarioelpopular.com\/wp-content\/uploads\/2026\/01\/Screen-Shot-2026-01-14-at-9.21.09-AM-636x355.png\" alt=\"\" width=\"636\" height=\"355\" srcset=\"https:\/\/diarioelpopular.com\/wp-content\/uploads\/2026\/01\/Screen-Shot-2026-01-14-at-9.21.09-AM-636x355.png 636w, https:\/\/diarioelpopular.com\/wp-content\/uploads\/2026\/01\/Screen-Shot-2026-01-14-at-9.21.09-AM-300x167.png 300w, https:\/\/diarioelpopular.com\/wp-content\/uploads\/2026\/01\/Screen-Shot-2026-01-14-at-9.21.09-AM-768x428.png 768w, https:\/\/diarioelpopular.com\/wp-content\/uploads\/2026\/01\/Screen-Shot-2026-01-14-at-9.21.09-AM-131x73.png 131w, https:\/\/diarioelpopular.com\/wp-content\/uploads\/2026\/01\/Screen-Shot-2026-01-14-at-9.21.09-AM.png 864w\" sizes=\"auto, (max-width: 636px) 100vw, 636px\" \/><p id=\"caption-attachment-540245\" class=\"wp-caption-text\">Los aliados europeos han apoyado a Dinamarca ante la creciente presi\u00f3n de Estados Unidos para anexar esta isla semiaut\u00f3noma.<\/p><\/div>\n<p>&nbsp;<\/p>\n<p>&nbsp;<\/p>\n<div class=\"css-1k9op6x e17x9cvu0\" dir=\"ltr\">\n<ul>\n<li class=\"css-s4cjt0 e1yuyadm0\" dir=\"ltr\"><em><b>El primer ministro de Groenlandia dijo que su pueblo elegir\u00eda a Dinamarca antes que a Estados Unidos si se le pidiera que tomara esa decisi\u00f3n &#8220;aqu\u00ed y ahora&#8221;.<\/b><\/em><\/li>\n<\/ul>\n<\/div>\n<div class=\"css-1k9op6x e17x9cvu0\" dir=\"ltr\">\n<p dir=\"ltr\">\n<p class=\"css-s4cjt0 e1yuyadm0\" dir=\"ltr\">Las declaraciones de Jens-Frederik Nielsen en una rueda de prensa conjunta con la primera ministra de Dinamarca son las m\u00e1s contundentes de un representante del territorio dan\u00e9s semiaut\u00f3nomo desde que Donald Trump retomara su plan de apropiarse de la isla.<\/p>\n<\/div>\n<div class=\"css-1k9op6x e17x9cvu0\" dir=\"ltr\">\n<p class=\"css-s4cjt0 e1yuyadm0\" dir=\"ltr\">Trump afirma que Estados Unidos necesita &#8220;poseer&#8221; Groenlandia para defenderse de Rusia y China. La Casa Blanca ha sugerido comprar la isla, pero no ha descartado el uso de la fuerza para anexionarla.<\/p>\n<\/div>\n<div class=\"css-1k9op6x e17x9cvu0\" dir=\"ltr\">\n<p class=\"css-s4cjt0 e1yuyadm0\" dir=\"ltr\">Dinamarca es miembro de la OTAN y la primera ministra danesa, Mette Frederiksen, ha advertido que el uso de la fuerza militar supondr\u00eda el fin de la alianza de defensa transatl\u00e1ntica.<\/p>\n<\/div>\n<div class=\"css-1k9op6x e17x9cvu0\" dir=\"ltr\">\n<h2 id=\"Territorio-estrat\u00e9gico\" class=\"css-jtxtr9 emoh99e1\" tabindex=\"-1\">Territorio estrat\u00e9gico<\/h2>\n<\/div>\n<figure class=\"css-1qn0xuy\">\n<div class=\"css-1avk5os\">\n<div style=\"width: 1034px\" class=\"wp-caption alignnone\"><img loading=\"lazy\" decoding=\"async\" class=\"css-1seqhu9\" src=\"https:\/\/ichef.bbci.co.uk\/ace\/ws\/640\/cpsprodpb\/9b1a\/live\/89224110-f0ac-11f0-b385-5f48925de19a.jpg.webp\" alt=\"Una gorra con el mensaje &quot;Haz que EE.UU. se vaya&quot; en el idioma de Groenlandia\" width=\"1024\" height=\"683\" \/><p class=\"wp-caption-text\">Fuente de la imagen,Getty Images. Gorras copiando el estilo de las de Trump est\u00e1n de moda en Groenlandia, pero el mensaje es marcadamente diferente: &#8220;Haz que EE.UU. se vaya&#8221;.<\/p><\/div>\n<p class=\"css-by8ykd\" role=\"text\">\n<\/div>\n<\/figure>\n<div class=\"css-1k9op6x e17x9cvu0\" dir=\"ltr\">\n<p dir=\"ltr\">\n<p class=\"css-s4cjt0 e1yuyadm0\" dir=\"ltr\">A pesar de ser el territorio con menor densidad de poblaci\u00f3n, la ubicaci\u00f3n de Groenlandia entre Am\u00e9rica del Norte y el \u00c1rtico convierte a la isla en un lugar estrat\u00e9gico para los sistemas de alerta temprana en caso de ataques con misiles y para la vigilancia de embarcaciones en la regi\u00f3n.<\/p>\n<\/div>\n<section class=\"css-1s6hekm\" role=\"region\" aria-label=\"Publicidad 2\" aria-hidden=\"true\" data-e2e=\"advertisement\">\n<div id=\"dotcom-mpu\" class=\"dotcom-ad active\" aria-hidden=\"true\">\n<div class=\"dotcom-ad-inner\"><\/div>\n<\/div>\n<\/section>\n<div class=\"css-1k9op6x e17x9cvu0\" dir=\"ltr\">\n<p class=\"css-s4cjt0 e1yuyadm0\" dir=\"ltr\">Trump ha afirmado repetidamente que Groenlandia es vital para la seguridad nacional de Estados Unidos, alegando, como de costumbre, sin presentar pruebas que est\u00e1 &#8220;llena de barcos rusos y chinos por todas partes&#8221;.<\/p>\n<\/div>\n<div class=\"css-1k9op6x e17x9cvu0\" dir=\"ltr\">\n<p class=\"css-s4cjt0 e1yuyadm0\" dir=\"ltr\">Estados Unidos ya cuenta con m\u00e1s de 100 militares permanentemente estacionados en su base de Pituffik, en el extremo noroeste de Groenlandia, una instalaci\u00f3n que est\u00e1 activa desde la Segunda Guerra Mundial.<\/p>\n<\/div>\n<div class=\"css-1k9op6x e17x9cvu0\" dir=\"ltr\">\n<p class=\"css-s4cjt0 e1yuyadm0\" dir=\"ltr\">Seg\u00fan los acuerdos existentes con Dinamarca, Estados Unidos tiene la potestad de desplegar tantas tropas como desee en Groenlandia.<\/p>\n<\/div>\n<section class=\"css-1o3v5ug\" role=\"region\" data-e2e=\"recommendations-heading\" aria-labelledby=\"recommendations-heading\"><\/section>\n<div class=\"css-1k9op6x e17x9cvu0\" dir=\"ltr\">\n<p class=\"css-s4cjt0 e1yuyadm0\" dir=\"ltr\">Pero Trump declar\u00f3 a los periodistas en Washington la semana pasada que un acuerdo de arrendamiento no es suficiente: Estados Unidos &#8220;tiene que ser el propietario&#8221; y &#8220;la OTAN tiene que entenderlo&#8221;.<\/p>\n<\/div>\n<div class=\"css-1k9op6x e17x9cvu0\" dir=\"ltr\">\n<p class=\"css-s4cjt0 e1yuyadm0\" dir=\"ltr\">En la rueda de prensa de este martes en Copenhague, la capital danesa, Frederiksen no se anduvo con rodeos al condenar la &#8220;presi\u00f3n completamente inaceptable de nuestro aliado m\u00e1s cercano&#8221;.<\/p>\n<\/div>\n<div class=\"css-1k9op6x e17x9cvu0\" dir=\"ltr\">\n<p class=\"css-s4cjt0 e1yuyadm0\" dir=\"ltr\">Advirti\u00f3 que &#8220;hay muchos indicios de que la parte m\u00e1s dif\u00edcil est\u00e1 por venir&#8221;.<\/p>\n<\/div>\n<div class=\"css-1k9op6x e17x9cvu0\" dir=\"ltr\">\n<p class=\"css-s4cjt0 e1yuyadm0\" dir=\"ltr\">El primer ministro groenland\u00e9s admiti\u00f3 que se enfrentan a una posible &#8220;crisis geopol\u00edtica&#8221;, pero subray\u00f3 que la postura de la isla es clara:<\/p>\n<\/div>\n<div class=\"css-1k9op6x e17x9cvu0\" dir=\"ltr\">\n<p class=\"css-s4cjt0 e1yuyadm0\" dir=\"ltr\">&#8220;Si tenemos que elegir entre Estados Unidos y Dinamarca aqu\u00ed y ahora, elegimos a Dinamarca&#8221;.<\/p>\n<\/div>\n<div class=\"css-1k9op6x e17x9cvu0\" dir=\"ltr\">\n<p class=\"css-s4cjt0 e1yuyadm0\" dir=\"ltr\">Y a\u00f1adi\u00f3: &#8220;Una cosa debe quedar clara para todos: Groenlandia no quiere ser propiedad de Estados Unidos. Groenlandia no quiere ser gobernada por Estados Unidos. Groenlandia no quiere formar parte de Estados Unidos&#8221;.<\/p>\n<\/div>\n<div class=\"css-1k9op6x e17x9cvu0\" dir=\"ltr\">\n<p class=\"css-s4cjt0 e1yuyadm0\" dir=\"ltr\">La rueda de prensa en Copenhague se celebr\u00f3 un d\u00eda antes de que el ministro de Asuntos Exteriores dan\u00e9s, Lars L\u00f8kke Rasmussen, y su hom\u00f3loga groenlandesa, Vivian Motzfeldt, viajara a Washington DC para reunirse con el vicepresidente de EE.UU., JD Vance y el secretario de Estado, Marco Rubio.<\/p>\n<p dir=\"ltr\">\n<\/div>\n<figure class=\"css-1qn0xuy\">\n<div class=\"css-1jir9cx\">\n<div style=\"width: 1034px\" class=\"wp-caption alignnone\"><img loading=\"lazy\" decoding=\"async\" class=\"css-1seqhu9\" src=\"https:\/\/ichef.bbci.co.uk\/ace\/ws\/640\/cpsprodpb\/e5a0\/live\/6abe7300-f0ad-11f0-b5f7-49f0357294ff.jpg.webp\" alt=\"Un bote en la marina de Ilulissat, Groenlandia.\" width=\"1024\" height=\"683\" \/><p class=\"wp-caption-text\">Fuente de la imagen,Getty Images. Groenlandia le ha pedido a la OTAN que ampl\u00ede sus capacidades defensivas ante las amenazas de EE.UU.<\/p><\/div>\n<p class=\"css-by8ykd\" role=\"text\">\n<\/div>\n<\/figure>\n<div class=\"css-1k9op6x e17x9cvu0\" dir=\"ltr\">\n<p dir=\"ltr\">\n<p class=\"css-s4cjt0 e1yuyadm0\" dir=\"ltr\">Los aliados de Dinamarca en la OTAN, tanto los principales pa\u00edses europeos como Canad\u00e1, han mostrado su apoyo estos d\u00edas con declaraciones que reafirman que &#8220;solo Dinamarca y Groenlandia pueden decidir sobre los asuntos relativos a sus relaciones&#8221;.<\/p>\n<\/div>\n<div class=\"css-1k9op6x e17x9cvu0\" dir=\"ltr\">\n<p class=\"css-s4cjt0 e1yuyadm0\" dir=\"ltr\">Subrayando que comparten el mismo inter\u00e9s que Estados Unidos en la seguridad del \u00c1rtico, han afirmado que esta debe lograrse de forma colectiva entre los aliados, incluido EE.UU.<\/p>\n<\/div>\n<div class=\"css-1k9op6x e17x9cvu0\" dir=\"ltr\">\n<p class=\"css-s4cjt0 e1yuyadm0\" dir=\"ltr\">Tambi\u00e9n hicieron un llamamiento a &#8220;respetar los principios de la Carta de Naciones Unidas, que incluyen la soberan\u00eda, la integridad territorial y la inviolabilidad de las fronteras&#8221;.<\/p>\n<p dir=\"ltr\">\n<\/div>\n<figure class=\"css-1qn0xuy\">\n<div class=\"css-1jir9cx\">\n<div style=\"width: 1034px\" class=\"wp-caption alignnone\"><img loading=\"lazy\" decoding=\"async\" class=\"css-1seqhu9\" src=\"https:\/\/ichef.bbci.co.uk\/ace\/ws\/640\/cpsprodpb\/e11e\/live\/269414e0-f0ae-11f0-a422-4ba8a094a8fa.jpg.webp\" alt=\"Las calles de Groenlandia\" width=\"1024\" height=\"683\" \/><p class=\"wp-caption-text\">Fuente de la imagen,Getty Images. Trump intent\u00f3 comprar el territorio en su primer mandato, pero recibi\u00f3 la respuesta de que &#8220;Groenlandia no est\u00e1 en venta&#8221;.<\/p><\/div>\n<p class=\"css-by8ykd\" role=\"text\">\n<\/div>\n<\/figure>\n<div class=\"css-1k9op6x e17x9cvu0\" dir=\"ltr\">\n<p dir=\"ltr\">\n<p class=\"css-s4cjt0 e1yuyadm0\" dir=\"ltr\">Las preocupaciones sobre el futuro del territorio resurgieron tras el uso de la fuerza militar por parte de Trump contra Venezuela el pasado 3 de enero para derrocar a su presidente, Nicol\u00e1s Maduro.<\/p>\n<\/div>\n<div class=\"css-1k9op6x e17x9cvu0\" dir=\"ltr\">\n<p class=\"css-s4cjt0 e1yuyadm0\" dir=\"ltr\">Trump ya ofreci\u00f3 comprar la isla en 2019, durante su primer mandato presidencial, pero le respondieron que no estaba en venta.<\/p>\n<\/div>\n<div class=\"css-1k9op6x e17x9cvu0\" dir=\"ltr\">\n<p class=\"css-s4cjt0 e1yuyadm0\" dir=\"ltr\">En los \u00faltimos a\u00f1os, ha aumentado el inter\u00e9s por los recursos naturales de Groenlandia, incluidos los minerales de tierras raras, el uranio y el hierro, cuyo acceso se facilita a medida que el hielo se derrite debido al cambio clim\u00e1tico.<\/p>\n<\/div>\n<div class=\"css-1k9op6x e17x9cvu0\" dir=\"ltr\">\n<p class=\"css-s4cjt0 e1yuyadm0\" dir=\"ltr\">Los cient\u00edficos creen que tambi\u00e9n podr\u00eda albergar importantes reservas de petr\u00f3leo y gas a los que Trump quiere echarles mano.<\/p>\n<\/div>\n","protected":false},"excerpt":{"rendered":"<p>&nbsp; &nbsp; El primer ministro de Groenlandia dijo que su pueblo elegir\u00eda a Dinamarca antes que a Estados Unidos si se le pidiera que tomara&hellip;<\/p>\n","protected":false},"author":99,"featured_media":540245,"comment_status":"open","ping_status":"open","sticky":false,"template":"","format":"standard","meta":{"footnotes":""},"categories":[24],"tags":[],"class_list":["post-540244","post","type-post","status-publish","format-standard","has-post-thumbnail","hentry","category-mundo"],"_links":{"self":[{"href":"https:\/\/diarioelpopular.com\/index.php\/wp-json\/wp\/v2\/posts\/540244","targetHints":{"allow":["GET"]}}],"collection":[{"href":"https:\/\/diarioelpopular.com\/index.php\/wp-json\/wp\/v2\/posts"}],"about":[{"href":"https:\/\/diarioelpopular.com\/index.php\/wp-json\/wp\/v2\/types\/post"}],"author":[{"embeddable":true,"href":"https:\/\/diarioelpopular.com\/index.php\/wp-json\/wp\/v2\/users\/99"}],"replies":[{"embeddable":true,"href":"https:\/\/diarioelpopular.com\/index.php\/wp-json\/wp\/v2\/comments?post=540244"}],"version-history":[{"count":1,"href":"https:\/\/diarioelpopular.com\/index.php\/wp-json\/wp\/v2\/posts\/540244\/revisions"}],"predecessor-version":[{"id":540246,"href":"https:\/\/diarioelpopular.com\/index.php\/wp-json\/wp\/v2\/posts\/540244\/revisions\/540246"}],"wp:featuredmedia":[{"embeddable":true,"href":"https:\/\/diarioelpopular.com\/index.php\/wp-json\/wp\/v2\/media\/540245"}],"wp:attachment":[{"href":"https:\/\/diarioelpopular.com\/index.php\/wp-json\/wp\/v2\/media?parent=540244"}],"wp:term":[{"taxonomy":"category","embeddable":true,"href":"https:\/\/diarioelpopular.com\/index.php\/wp-json\/wp\/v2\/categories?post=540244"},{"taxonomy":"post_tag","embeddable":true,"href":"https:\/\/diarioelpopular.com\/index.php\/wp-json\/wp\/v2\/tags?post=540244"}],"curies":[{"name":"wp","href":"https:\/\/api.w.org\/{rel}","templated":true}]}}