{"id":540264,"date":"2026-01-14T11:07:18","date_gmt":"2026-01-14T15:07:18","guid":{"rendered":"https:\/\/diarioelpopular.com\/?p=540264"},"modified":"2026-01-14T11:07:18","modified_gmt":"2026-01-14T15:07:18","slug":"preservar-la-cosmovision-mapuche-ante-las-hidroelectricas-que-se-instalan-en-el-rio-pilmaiquen","status":"publish","type":"post","link":"https:\/\/diarioelpopular.com\/index.php\/2026\/01\/14\/preservar-la-cosmovision-mapuche-ante-las-hidroelectricas-que-se-instalan-en-el-rio-pilmaiquen\/","title":{"rendered":"Preservar la cosmovisi\u00f3n mapuche ante las hidroel\u00e9ctricas que se instalan en el r\u00edo Pilmaiqu\u00e9n"},"content":{"rendered":"<p><img loading=\"lazy\" decoding=\"async\" class=\"alignnone size-custom-full-size wp-image-540265\" src=\"https:\/\/diarioelpopular.com\/wp-content\/uploads\/2026\/01\/Screen-Shot-2026-01-14-at-10.06.26-AM-636x366.png\" alt=\"\" width=\"636\" height=\"366\" srcset=\"https:\/\/diarioelpopular.com\/wp-content\/uploads\/2026\/01\/Screen-Shot-2026-01-14-at-10.06.26-AM-636x366.png 636w, https:\/\/diarioelpopular.com\/wp-content\/uploads\/2026\/01\/Screen-Shot-2026-01-14-at-10.06.26-AM-300x173.png 300w, https:\/\/diarioelpopular.com\/wp-content\/uploads\/2026\/01\/Screen-Shot-2026-01-14-at-10.06.26-AM-127x73.png 127w, https:\/\/diarioelpopular.com\/wp-content\/uploads\/2026\/01\/Screen-Shot-2026-01-14-at-10.06.26-AM.png 716w\" sizes=\"auto, (max-width: 636px) 100vw, 636px\" \/><\/p>\n<p>&nbsp;<\/p>\n<ul>\n<li><em><strong>Desde hace m\u00e1s de diez a\u00f1os comunidades originarias luchan contra megaproyectos que alteran el equilibrio ecol\u00f3gico y espiritual de sus territorios<\/strong><\/em><\/li>\n<\/ul>\n<p>&nbsp;<\/p>\n<p class=\"\">El r\u00edo Pilmaiqu\u00e9n, en el sur de\u00a0<a title=\"https:\/\/elpais.com\/chile\/2025-04-03\/sacrificando-el-agua-del-desierto-por-litio-el-costo-de-la-transicion-energetica.html\" href=\"https:\/\/elpais.com\/chile\/2025-04-03\/sacrificando-el-agua-del-desierto-por-litio-el-costo-de-la-transicion-energetica.html\" target=\"_self\" rel=\"\" data-link-track-dtm=\"\" data-mrf-link=\"https:\/\/elpais.com\/chile\/2025-04-03\/sacrificando-el-agua-del-desierto-por-litio-el-costo-de-la-transicion-energetica.html\">Chile<\/a>, nace desde el lago Puyehue, recorre 68 kil\u00f3metros hacia el oeste y desemboca en el r\u00edo Bueno, dividiendo as\u00ed las regiones de Los R\u00edos y Los Lagos. Se trata, precisamente, de un territorio\u00a0<a title=\"https:\/\/elpais.com\/america-futura\/2025-04-21\/daniela-catrileo-escritora-de-origen-mapuche-nuestro-territorio-tiene-su-lenguaje-propio.html\" href=\"https:\/\/elpais.com\/america-futura\/2025-04-21\/daniela-catrileo-escritora-de-origen-mapuche-nuestro-territorio-tiene-su-lenguaje-propio.html\" target=\"_self\" rel=\"\" data-link-track-dtm=\"\" data-mrf-link=\"https:\/\/elpais.com\/america-futura\/2025-04-21\/daniela-catrileo-escritora-de-origen-mapuche-nuestro-territorio-tiene-su-lenguaje-propio.html\">mapuche<\/a>-williche, donde la columna vertebral es este r\u00edo, uno sagrado. Sus espacios ceremoniales y ancestrales, est\u00e1n cerca del cauce que, desde 2012, ha sido intervenido con la construcci\u00f3n de hidroel\u00e9ctricas por parte de la empresa noruega Statkfrat.<\/p>\n<p class=\"\">La comunidad\u00a0<a title=\"https:\/\/elpais.com\/chile\/2025-05-06\/boric-recibe-el-informe-de-la-comision-para-la-paz-que-busca-la-restitucion-de-tierras-al-pueblo-mapuche-y-la-reparacion-a-las-victimas-de-violencia.html\" href=\"https:\/\/elpais.com\/chile\/2025-05-06\/boric-recibe-el-informe-de-la-comision-para-la-paz-que-busca-la-restitucion-de-tierras-al-pueblo-mapuche-y-la-reparacion-a-las-victimas-de-violencia.html\" target=\"_self\" rel=\"\" data-link-track-dtm=\"\" data-mrf-link=\"https:\/\/elpais.com\/chile\/2025-05-06\/boric-recibe-el-informe-de-la-comision-para-la-paz-que-busca-la-restitucion-de-tierras-al-pueblo-mapuche-y-la-reparacion-a-las-victimas-de-violencia.html\">mapuche\u00a0<\/a>del ayarewe Ngen Mapu Kintuante lleva 15 a\u00f1os luchando por proteger su territorio ante estas intervenciones. Se\u00f1alan que no los involucraron en ninguna consulta previa y que, debido al avance de estos proyectos, su complejo ceremonial, donde hoy m\u00e1s de 150 comunidades se re\u00fanen en su protecci\u00f3n, est\u00e1 en peligro. \u201cEn el momento en el que se ve intervenido un curso de agua, todo lo que tiene que ver con la diversidad de especies que existen en el territorio se ve en riesgo ante la avaricia por el agua\u201d, dice la machi Millaray Huichalaf, un rostro visible de esta lucha.<\/p>\n<p class=\"\">Por su parte, Statkrat explica que, actualmente, ellos solo manejan dos proyectos: la central Rucatay\u00f3 y la central Los Lagos, \u00faltima a\u00fan en proceso de construcci\u00f3n. Sobre la central Osorno, que es la que se encuentra m\u00e1s cerca a los lugares ceremoniales de los mapuches, la empresa, insisten, \u201cya desisti\u00f3\u201d.<\/p>\n<p class=\"\">Pese a esta puntualidad, a varios l\u00edderes les preocupa que, a lo largo del r\u00edo Pilmaiqu\u00e9n, se est\u00e9 alterando un necesario equilibrio ecol\u00f3gico. Para terminar la construcci\u00f3n de Los Lagos, por ejemplo, se planea inundar cerca de 200 hect\u00e1reas del territorio en donde hay especies de \u00e1rboles nativos milenarios. \u201cEstamos en riesgo al igual que el r\u00edo\u201d, agrega la machi.<\/p>\n<p><img loading=\"lazy\" decoding=\"async\" class=\"alignnone size-custom-full-size wp-image-540266\" src=\"https:\/\/diarioelpopular.com\/wp-content\/uploads\/2026\/01\/Screen-Shot-2026-01-14-at-10.05.21-AM-636x730.png\" alt=\"\" width=\"636\" height=\"730\" srcset=\"https:\/\/diarioelpopular.com\/wp-content\/uploads\/2026\/01\/Screen-Shot-2026-01-14-at-10.05.21-AM-636x730.png 636w, https:\/\/diarioelpopular.com\/wp-content\/uploads\/2026\/01\/Screen-Shot-2026-01-14-at-10.05.21-AM-261x300.png 261w, https:\/\/diarioelpopular.com\/wp-content\/uploads\/2026\/01\/Screen-Shot-2026-01-14-at-10.05.21-AM-768x881.png 768w, https:\/\/diarioelpopular.com\/wp-content\/uploads\/2026\/01\/Screen-Shot-2026-01-14-at-10.05.21-AM-64x73.png 64w, https:\/\/diarioelpopular.com\/wp-content\/uploads\/2026\/01\/Screen-Shot-2026-01-14-at-10.05.21-AM.png 892w\" sizes=\"auto, (max-width: 636px) 100vw, 636px\" \/><\/p>\n<p>&nbsp;<\/p>\n<p>&nbsp;<\/p>\n","protected":false},"excerpt":{"rendered":"<p>&nbsp; Desde hace m\u00e1s de diez a\u00f1os comunidades originarias luchan contra megaproyectos que alteran el equilibrio ecol\u00f3gico y espiritual de sus territorios &nbsp; El r\u00edo&hellip;<\/p>\n","protected":false},"author":99,"featured_media":540265,"comment_status":"open","ping_status":"open","sticky":false,"template":"","format":"standard","meta":{"footnotes":""},"categories":[23],"tags":[],"class_list":["post-540264","post","type-post","status-publish","format-standard","has-post-thumbnail","hentry","category-latinoamerica"],"_links":{"self":[{"href":"https:\/\/diarioelpopular.com\/index.php\/wp-json\/wp\/v2\/posts\/540264","targetHints":{"allow":["GET"]}}],"collection":[{"href":"https:\/\/diarioelpopular.com\/index.php\/wp-json\/wp\/v2\/posts"}],"about":[{"href":"https:\/\/diarioelpopular.com\/index.php\/wp-json\/wp\/v2\/types\/post"}],"author":[{"embeddable":true,"href":"https:\/\/diarioelpopular.com\/index.php\/wp-json\/wp\/v2\/users\/99"}],"replies":[{"embeddable":true,"href":"https:\/\/diarioelpopular.com\/index.php\/wp-json\/wp\/v2\/comments?post=540264"}],"version-history":[{"count":1,"href":"https:\/\/diarioelpopular.com\/index.php\/wp-json\/wp\/v2\/posts\/540264\/revisions"}],"predecessor-version":[{"id":540267,"href":"https:\/\/diarioelpopular.com\/index.php\/wp-json\/wp\/v2\/posts\/540264\/revisions\/540267"}],"wp:featuredmedia":[{"embeddable":true,"href":"https:\/\/diarioelpopular.com\/index.php\/wp-json\/wp\/v2\/media\/540265"}],"wp:attachment":[{"href":"https:\/\/diarioelpopular.com\/index.php\/wp-json\/wp\/v2\/media?parent=540264"}],"wp:term":[{"taxonomy":"category","embeddable":true,"href":"https:\/\/diarioelpopular.com\/index.php\/wp-json\/wp\/v2\/categories?post=540264"},{"taxonomy":"post_tag","embeddable":true,"href":"https:\/\/diarioelpopular.com\/index.php\/wp-json\/wp\/v2\/tags?post=540264"}],"curies":[{"name":"wp","href":"https:\/\/api.w.org\/{rel}","templated":true}]}}