{"id":540529,"date":"2026-01-22T11:25:11","date_gmt":"2026-01-22T15:25:11","guid":{"rendered":"https:\/\/diarioelpopular.com\/?p=540529"},"modified":"2026-01-22T11:25:11","modified_gmt":"2026-01-22T15:25:11","slug":"que-es-la-junta-de-paz-de-trump-y-quien-se-ha-sumado-a-este-organismo-que-algunos-creen-que-quiere-reemplazar-a-la-onu","status":"publish","type":"post","link":"https:\/\/diarioelpopular.com\/index.php\/2026\/01\/22\/que-es-la-junta-de-paz-de-trump-y-quien-se-ha-sumado-a-este-organismo-que-algunos-creen-que-quiere-reemplazar-a-la-onu\/","title":{"rendered":"Qu\u00e9 es la Junta de Paz de Trump y qui\u00e9n se ha sumado a este organismo que algunos creen que quiere reemplazar a la ONU"},"content":{"rendered":"<p><img loading=\"lazy\" decoding=\"async\" class=\"alignnone size-custom-full-size wp-image-540530\" src=\"https:\/\/diarioelpopular.com\/wp-content\/uploads\/2026\/01\/Screen-Shot-2026-01-22-at-10.24.27-AM-636x357.png\" alt=\"\" width=\"636\" height=\"357\" srcset=\"https:\/\/diarioelpopular.com\/wp-content\/uploads\/2026\/01\/Screen-Shot-2026-01-22-at-10.24.27-AM-636x357.png 636w, https:\/\/diarioelpopular.com\/wp-content\/uploads\/2026\/01\/Screen-Shot-2026-01-22-at-10.24.27-AM-300x169.png 300w, https:\/\/diarioelpopular.com\/wp-content\/uploads\/2026\/01\/Screen-Shot-2026-01-22-at-10.24.27-AM-768x431.png 768w, https:\/\/diarioelpopular.com\/wp-content\/uploads\/2026\/01\/Screen-Shot-2026-01-22-at-10.24.27-AM-130x73.png 130w, https:\/\/diarioelpopular.com\/wp-content\/uploads\/2026\/01\/Screen-Shot-2026-01-22-at-10.24.27-AM.png 858w\" sizes=\"auto, (max-width: 636px) 100vw, 636px\" \/><\/p>\n<p>&nbsp;<\/p>\n<div class=\"css-1k9op6x e17x9cvu0\" dir=\"ltr\">\n<ul>\n<li class=\"css-s4cjt0 e1yuyadm0\" dir=\"ltr\"><em><b>&#8220;El Estatuto ha entrado en vigor y la Junta de Paz ya es una organizaci\u00f3n internacional oficial&#8221;, afirma Trump.<\/b><\/em><\/li>\n<\/ul>\n<\/div>\n<div class=\"css-1k9op6x e17x9cvu0\" dir=\"ltr\">\n<p dir=\"ltr\">\n<p class=\"css-s4cjt0 e1yuyadm0\" dir=\"ltr\">As\u00ed se anunci\u00f3 la creaci\u00f3n del organismo establecido por Donald Trump que, seg\u00fan \u00e9l mismo en su habitual alharaca, ser\u00e1 &#8220;una de las organizaciones m\u00e1s relevantes jam\u00e1s creadas&#8221; y de la cual se siente &#8220;honrado&#8221; de ser su presidente, ya que \u00e9l mismo se nombr\u00f3 como tal.<\/p>\n<\/div>\n<div class=\"css-1k9op6x e17x9cvu0\" dir=\"ltr\">\n<p class=\"css-s4cjt0 e1yuyadm0\" dir=\"ltr\">&#8220;Est\u00e1 funcionando maravillosamente&#8230; casi todos los pa\u00edses quieren ser parte de ella&#8221;, (lo cual est\u00e1 lejos de ser verdadero) declar\u00f3 Trump en la ceremonia de firmas organizada por \u00e9l en Davos, Suiza, durante el Foro Econ\u00f3mico Mundial.<\/p>\n<\/div>\n<div class=\"css-1k9op6x e17x9cvu0\" dir=\"ltr\">\n<p class=\"css-s4cjt0 e1yuyadm0\" dir=\"ltr\">Durante la ceremonia, en la que estaban presentes los &#8220;miembros fundadores&#8221;, incluidos el presidente argentino Javier Millei, el primer ministro h\u00fangaro, Viktor Orban, el primer ministro de Pakist\u00e1n, Shehbaz Sharif, o el presidente de Paraguay, Santiago Pe\u00f1a, Trump elogi\u00f3 sus propias acciones en el frente internacional afirmando que las amenazas a Europa, Estados Unidos y Medio Oriente &#8220;realmente se est\u00e1n calmando&#8221;. Analistas que han hablado bajo anonimato, los han descrito como &#8220;Tontos \u00fatiles&#8221;.<\/p>\n<\/div>\n<div class=\"css-1k9op6x e17x9cvu0\" dir=\"ltr\">\n<p class=\"css-s4cjt0 e1yuyadm0\" dir=\"ltr\">&#8220;Est\u00e1n sucediendo muchas cosas buenas&#8221;, se\u00f1al\u00f3. &#8220;Hace apenas un a\u00f1o, el mundo estaba en llamas; mucha gente no lo sab\u00eda&#8221;.<\/p>\n<\/div>\n<div class=\"css-1k9op6x e17x9cvu0\" dir=\"ltr\">\n<p class=\"css-s4cjt0 e1yuyadm0\" dir=\"ltr\">Y agreg\u00f3 que con la Junta de la Paz, &#8220;podremos hacer pr\u00e1cticamente lo que queramos&#8221;.<\/p>\n<p dir=\"ltr\">\n<\/div>\n<figure class=\"css-1qn0xuy\">\n<div class=\"css-1avk5os\">\n<div style=\"width: 1034px\" class=\"wp-caption alignnone\"><img loading=\"lazy\" decoding=\"async\" class=\"css-1seqhu9\" src=\"https:\/\/ichef.bbci.co.uk\/ace\/ws\/640\/cpsprodpb\/b1c2\/live\/dcdc57d0-f78e-11f0-a422-4ba8a094a8fa.jpg.webp\" alt=\"El presidente argentino Javier Milei dando la mano a Donald Trump durante la ceremonia de firmas de la Junta de Paz en Davos, Suiza.\" width=\"1024\" height=\"576\" \/><p class=\"wp-caption-text\">Fuente de la imagen,Getty Images. El presidente argentino Javier Milei es uno de los &#8220;miembros fundadores&#8221; de la Junta de Paz que fue creada por Donald Trump.<\/p><\/div>\n<p class=\"css-by8ykd\" role=\"text\">\n<\/div>\n<\/figure>\n<div class=\"css-1k9op6x e17x9cvu0\" dir=\"ltr\">\n<h2 id=\"Qu\u00e9-es-la-Junta-de-Paz\" class=\"css-jtxtr9 emoh99e1\" tabindex=\"-1\">Qu\u00e9 es la Junta de Paz<\/h2>\n<\/div>\n<div class=\"css-1k9op6x e17x9cvu0\" dir=\"ltr\">\n<p class=\"css-s4cjt0 e1yuyadm0\" dir=\"ltr\">La Junta de Paz de Trump se concibi\u00f3 inicialmente para ayudar a poner fin a la guerra de dos a\u00f1os entre Israel y Ham\u00e1s en Gaza y supervisar la reconstrucci\u00f3n de la Franja.<\/p>\n<\/div>\n<div class=\"css-1k9op6x e17x9cvu0\" dir=\"ltr\">\n<p class=\"css-s4cjt0 e1yuyadm0\" dir=\"ltr\">Sin embargo, una propuesta de estatuto filtr\u00f3 a los medios no mencionaba el territorio palestino y suger\u00eda que la organizaci\u00f3n podr\u00eda estar dise\u00f1ada para reemplazar las funciones de las Naciones Unidas.<\/p>\n<\/div>\n<div class=\"css-1k9op6x e17x9cvu0\" dir=\"ltr\">\n<p class=\"css-s4cjt0 e1yuyadm0\" dir=\"ltr\">Pero durante la ceremonia de firmas Trump se\u00f1al\u00f3 que la Junta &#8220;trabajar\u00e1 en colaboraci\u00f3n con las Naciones Unidas&#8221;.<\/p>\n<\/div>\n<div class=\"css-1k9op6x e17x9cvu0\" dir=\"ltr\">\n<p class=\"css-s4cjt0 e1yuyadm0\" dir=\"ltr\">A pesar de sus reiteradas cr\u00edticas al organismo internacional, Trump dijo que la ONU tiene un &#8220;enorme potencial&#8221; y afirm\u00f3 que la combinaci\u00f3n de los esfuerzos de la Junta de la Paz y la ONU es &#8220;algo \u00fanico en el mundo&#8221; y &#8220;el primer paso hacia un futuro mejor para Medio Oriente&#8221;.<\/p>\n<\/div>\n<div class=\"css-1k9op6x e17x9cvu0\" dir=\"ltr\">\n<p class=\"css-s4cjt0 e1yuyadm0\" dir=\"ltr\">Dentro del marco de la Junta de Paz se incluye una &#8220;Junta Ejecutiva de Gaza&#8221;, que ser\u00e1 responsable de supervisar todo el trabajo sobre el terreno de un grupo administrativo de Gaza, seg\u00fan la Casa Blanca.<\/p>\n<\/div>\n<div class=\"css-1k9op6x e17x9cvu0\" dir=\"ltr\">\n<p class=\"css-s4cjt0 e1yuyadm0\" dir=\"ltr\">Arabia Saudita indic\u00f3 previamente que un grupo de pa\u00edses de mayor\u00eda musulmana -Arabia Saudita, Turqu\u00eda, Egipto, Jordania, Indonesia, Pakist\u00e1n y Qatar- respaldaba el objetivo de consolidar un alto el fuego permanente en Gaza, apoyar la reconstrucci\u00f3n y avanzar en lo que describieron como una &#8220;paz justa y duradera&#8221;.<\/p>\n<\/div>\n<div class=\"css-1k9op6x e17x9cvu0\" dir=\"ltr\">\n<p class=\"css-s4cjt0 e1yuyadm0\" dir=\"ltr\">Durante la ceremonia en Davos el secretario de Estado estadounidense, Marco Rubio, present\u00f3 la Junta de Paz como una &#8220;Junta de Acci\u00f3n&#8221;.<\/p>\n<\/div>\n<div class=\"css-1k9op6x e17x9cvu0\" dir=\"ltr\">\n<p class=\"css-s4cjt0 e1yuyadm0\" dir=\"ltr\">Afirm\u00f3 que, si bien la atenci\u00f3n se centra actualmente en Gaza, la junta &#8220;servir\u00e1 como ejemplo de lo que es posible en otras partes del mundo&#8221;.<\/p>\n<\/div>\n<div class=\"css-1k9op6x e17x9cvu0\" dir=\"ltr\">\n<p class=\"css-s4cjt0 e1yuyadm0\" dir=\"ltr\">Tambi\u00e9n en la ceremonia, Jared Kushner, el yerno de Trump, subi\u00f3 al escenario para presentar el proyecto para una &#8220;reurbanizaci\u00f3n&#8221; de Gaza, y mostr\u00f3 diapositivas de c\u00f3mo podr\u00eda ser la &#8220;Nueva Gaza&#8221; bajo los planes estadounidenses, lo que indirectamente generar\u00e1 millonarias ganancias a su familia.<\/p>\n<\/div>\n<div class=\"css-1k9op6x e17x9cvu0\" dir=\"ltr\">\n<p class=\"css-s4cjt0 e1yuyadm0\" dir=\"ltr\">Las diapositivas mostraban im\u00e1genes de rascacielos futuristas junto al mar en la actual Franja de Gaza, con promesas de un &#8220;turismo costero&#8221; en el futuro.<\/p>\n<p dir=\"ltr\">\n<p dir=\"ltr\">\n<\/div>\n<figure class=\"css-1qn0xuy\">\n<div class=\"css-1jir9cx\">\n<div style=\"width: 810px\" class=\"wp-caption alignnone\"><img loading=\"lazy\" decoding=\"async\" class=\"css-1seqhu9\" src=\"https:\/\/ichef.bbci.co.uk\/ace\/ws\/640\/cpsprodpb\/8308\/live\/7433a110-f78f-11f0-a422-4ba8a094a8fa.jpg.webp\" alt=\"Una diapositiva de c\u00f3mo podr\u00eda ser la &quot;Nueva Gaza&quot; bajo los planes estadounidenses.\" width=\"800\" height=\"450\" \/><p class=\"wp-caption-text\">Fuente de la imagen,Reuters. El proyecto para una &#8220;reurbanizaci\u00f3n&#8221; de Gaza fue mostrado con diapositivas de c\u00f3mo podr\u00eda ser la &#8220;Nueva Gaza&#8221; bajo los planes estadounidenses.<\/p><\/div>\n<p class=\"css-by8ykd\" role=\"text\">\n<\/div>\n<\/figure>\n<div class=\"css-1k9op6x e17x9cvu0\" dir=\"ltr\">\n<h2 id=\"Lo-que-se-sabe-hasta-ahora-sobre-la-Junta-de-Paz\" class=\"css-jtxtr9 emoh99e1\" tabindex=\"-1\">Lo que se sabe hasta ahora sobre la Junta de Paz<\/h2>\n<\/div>\n<div class=\"css-1k9op6x e17x9cvu0\" dir=\"ltr\">\n<p class=\"css-s4cjt0 e1yuyadm0\" dir=\"ltr\">Durante la ceremonia de firma no se dieron m\u00e1s datos sobre c\u00f3mo o d\u00f3nde funcionar\u00e1 el organismo creado por Trump.<\/p>\n<\/div>\n<div class=\"css-1k9op6x e17x9cvu0\" dir=\"ltr\">\n<p class=\"css-s4cjt0 e1yuyadm0\" dir=\"ltr\">Pero en el documento filtrado se dice que la Junta es una organizaci\u00f3n internacional con el mandato de llevar a cabo funciones de consolidaci\u00f3n de la paz seg\u00fan el derecho internacional.<\/p>\n<\/div>\n<div class=\"css-1k9op6x e17x9cvu0\" dir=\"ltr\">\n<p class=\"css-s4cjt0 e1yuyadm0\" dir=\"ltr\">Y tambi\u00e9n establece que una persona \u2014su autonominado presidente\u2014 tiene el poder de vetar decisiones, aprobar la agenda, invitar a los miembros, disolver la junta por completo y designar a su propio sucesor.<\/p>\n<\/div>\n<div class=\"css-1k9op6x e17x9cvu0\" dir=\"ltr\">\n<p class=\"css-s4cjt0 e1yuyadm0\" dir=\"ltr\">El estatuto filtrado establece que el organismo entrar\u00e1 en vigor una vez que tres Estados acuerden formalmente su adhesi\u00f3n.<\/p>\n<\/div>\n<div class=\"css-1k9op6x e17x9cvu0\" dir=\"ltr\">\n<p class=\"css-s4cjt0 e1yuyadm0\" dir=\"ltr\">Los Estados miembros tendr\u00edan mandatos renovables de tres a\u00f1os y se otorgar\u00edan , a criterio de su presidente, puestos permanentes a quienes contribuyeran con US$1.000 millones, seg\u00fan el documento.<\/p>\n<\/div>\n<div class=\"css-1k9op6x e17x9cvu0\" dir=\"ltr\">\n<p class=\"css-s4cjt0 e1yuyadm0\" dir=\"ltr\">Donald Trump es autoproclamado presidente \u2014y, por separado, representante de EE.UU.\u2014 y tiene autoridad para nombrar a los miembros de la junta ejecutiva y crear o disolver \u00f3rganos subsidiarios.<\/p>\n<\/div>\n<div class=\"css-1k9op6x e17x9cvu0\" dir=\"ltr\">\n<p class=\"css-s4cjt0 e1yuyadm0\" dir=\"ltr\">La Casa Blanca nombr\u00f3 hace unos d\u00edas a siete miembros del Comit\u00e9 Ejecutivo fundador de la Junta, entre ellos el secretario de Estado estadounidense, Marco Rubio; el presidente del Banco Mundial, Ajay Banga; el enviado a Medio Oriente, Steve Witkoff; el yerno de Trump, Jared Kushner, y el exprimer ministro brit\u00e1nico Tony Blair.<\/p>\n<p dir=\"ltr\">\n<\/div>\n<figure class=\"css-1qn0xuy\">\n<div class=\"css-1jir9cx\">\n<div style=\"width: 810px\" class=\"wp-caption alignnone\"><img loading=\"lazy\" decoding=\"async\" class=\"css-1seqhu9\" src=\"https:\/\/ichef.bbci.co.uk\/ace\/ws\/640\/cpsprodpb\/9a2c\/live\/d2ce2f70-f78e-11f0-b385-5f48925de19a.jpg.webp\" alt=\"Los &quot;miembros fundadores&quot; de la Junta de Paz aplauden a Donald Trump durante la ceremonia de firmas de la Junta de Paz en Davos \" width=\"800\" height=\"521\" \/><p class=\"wp-caption-text\">Fuente de la imagen,Getty Images. Los &#8220;miembros fundadores&#8221; de la Junta de Paz aplauden a Donald Trump durante la ceremonia de firmas de la Junta de Paz en Davos.<\/p><\/div>\n<p class=\"css-by8ykd\" role=\"text\">\n<\/div>\n<\/figure>\n<div class=\"css-1k9op6x e17x9cvu0\" dir=\"ltr\">\n<h2 id=\"Qui\u00e9nes-forman-parte-de-la-Junta-de-Paz\" class=\"css-jtxtr9 emoh99e1\" tabindex=\"-1\">Qui\u00e9nes forman parte de la Junta de Paz<\/h2>\n<\/div>\n<div class=\"css-1k9op6x e17x9cvu0\" dir=\"ltr\">\n<p class=\"css-s4cjt0 e1yuyadm0\" dir=\"ltr\">En la ceremonia de firmas de la Junta estuvieron presentes los l\u00edderes y representantes de 19 pa\u00edses, incluidos Argentina, Paraguay, Indonesia, Jordania, Kazajist\u00e1n, Marruecos, Qatar, Arabia Saudita, Emiratos \u00c1rabes Unidos y Turqu\u00eda.<\/p>\n<\/div>\n<div class=\"css-1k9op6x e17x9cvu0\" dir=\"ltr\">\n<p class=\"css-s4cjt0 e1yuyadm0\" dir=\"ltr\">Un pa\u00eds estuvo notablemente ausente de la ceremonia: Israel, a pesar de que anunci\u00f3 su adhesi\u00f3n al organismo.<\/p>\n<\/div>\n<div class=\"css-1k9op6x e17x9cvu0\" dir=\"ltr\">\n<p class=\"css-s4cjt0 e1yuyadm0\" dir=\"ltr\">El presidente israel\u00ed Isaac Herzog se encuentra en Davos, pero un portavoz confirm\u00f3 que no participar\u00eda en la ceremonia, sin dar m\u00e1s detalles.<\/p>\n<\/div>\n<div class=\"css-1k9op6x e17x9cvu0\" dir=\"ltr\">\n<p class=\"css-s4cjt0 e1yuyadm0\" dir=\"ltr\">No est\u00e1 claro cu\u00e1ntos pa\u00edses han sido invitados a unirse al nuevo organismo de Trump. Reino Unido fue invitado, pero la ministra de Relaciones Exteriores Yvette Cooper indic\u00f3 que a\u00fan no ha decidido firmar debido a preocupaciones por la participaci\u00f3n del presidente ruso, Vladimir Putin.<\/p>\n<\/div>\n<div class=\"css-1k9op6x e17x9cvu0\" dir=\"ltr\">\n<p class=\"css-s4cjt0 e1yuyadm0\" dir=\"ltr\">Otros de los aliados tradicionales de Estados Unidos, como Francia y otras naciones europeas, no han aceptado unirse a la Junta.<\/p>\n<\/div>\n<div class=\"css-1k9op6x e17x9cvu0\" dir=\"ltr\">\n<p class=\"css-s4cjt0 e1yuyadm0\" dir=\"ltr\">Trump afirm\u00f3 antes de la ceremonia de Davos que Vladimir Putin &#8220;hab\u00eda aceptado&#8221; una invitaci\u00f3n para formar parte del organismo.<\/p>\n<\/div>\n<div class=\"css-1k9op6x e17x9cvu0\" dir=\"ltr\">\n<p class=\"css-s4cjt0 e1yuyadm0\" dir=\"ltr\">El jueves, la agencia estatal de noticias rusa TASS, inform\u00f3 que Putin est\u00e1 dispuesto a transferir los US$1.000 millones en activos rusos a la Junta.<\/p>\n<\/div>\n<div class=\"css-1k9op6x e17x9cvu0\" dir=\"ltr\">\n<p class=\"css-s4cjt0 e1yuyadm0\" dir=\"ltr\">Previamente se hab\u00eda informado que los fondos para la participaci\u00f3n de Putin en la Junta podr\u00edan provenir de activos rusos congelados en EE.UU.<\/p>\n<\/div>\n<div class=\"css-1k9op6x e17x9cvu0\" dir=\"ltr\">\n<p class=\"css-s4cjt0 e1yuyadm0\" dir=\"ltr\">China, por su parte, confirm\u00f3 que hab\u00eda sido invitada a unirse, pero a\u00fan no ha manifestado su disposici\u00f3n a participar y se dijo que hab\u00eda expresado serias dudas sobre el organismo, en particular por el papel de la ONU.<\/p>\n<\/div>\n<div class=\"css-1k9op6x e17x9cvu0\" dir=\"ltr\">\n<p class=\"css-s4cjt0 e1yuyadm0\" dir=\"ltr\">&#8220;China siempre ha practicado el verdadero multilateralismo. Independientemente de c\u00f3mo cambie la situaci\u00f3n internacional, China defiende firmemente el sistema internacional centrado en la ONU&#8221;, declar\u00f3 el portavoz del Ministerio de Asuntos Exteriores, Guo Jiakun, a la prensa en Pek\u00edn esta semana.<\/p>\n<\/div>\n<div class=\"css-1k9op6x e17x9cvu0\" dir=\"ltr\">\n<p class=\"css-s4cjt0 e1yuyadm0\" dir=\"ltr\">Los medios estatales chinos fueron un poco m\u00e1s cr\u00edticos y cuestionaron si la Junta estaba &#8220;realmente a favor de la paz&#8221;, a la vez que plantearon la preocupaci\u00f3n de que el presidente estadounidense estuviera creando un &#8220;club privado o una junta directiva corporativa con un costo de mil millones de d\u00f3lares&#8221;.<\/p>\n<\/div>\n","protected":false},"excerpt":{"rendered":"<p>&nbsp; &#8220;El Estatuto ha entrado en vigor y la Junta de Paz ya es una organizaci\u00f3n internacional oficial&#8221;, afirma Trump. As\u00ed se anunci\u00f3 la creaci\u00f3n&hellip;<\/p>\n","protected":false},"author":99,"featured_media":540531,"comment_status":"open","ping_status":"open","sticky":false,"template":"","format":"standard","meta":{"footnotes":""},"categories":[24],"tags":[],"class_list":["post-540529","post","type-post","status-publish","format-standard","has-post-thumbnail","hentry","category-mundo"],"_links":{"self":[{"href":"https:\/\/diarioelpopular.com\/index.php\/wp-json\/wp\/v2\/posts\/540529","targetHints":{"allow":["GET"]}}],"collection":[{"href":"https:\/\/diarioelpopular.com\/index.php\/wp-json\/wp\/v2\/posts"}],"about":[{"href":"https:\/\/diarioelpopular.com\/index.php\/wp-json\/wp\/v2\/types\/post"}],"author":[{"embeddable":true,"href":"https:\/\/diarioelpopular.com\/index.php\/wp-json\/wp\/v2\/users\/99"}],"replies":[{"embeddable":true,"href":"https:\/\/diarioelpopular.com\/index.php\/wp-json\/wp\/v2\/comments?post=540529"}],"version-history":[{"count":1,"href":"https:\/\/diarioelpopular.com\/index.php\/wp-json\/wp\/v2\/posts\/540529\/revisions"}],"predecessor-version":[{"id":540532,"href":"https:\/\/diarioelpopular.com\/index.php\/wp-json\/wp\/v2\/posts\/540529\/revisions\/540532"}],"wp:featuredmedia":[{"embeddable":true,"href":"https:\/\/diarioelpopular.com\/index.php\/wp-json\/wp\/v2\/media\/540531"}],"wp:attachment":[{"href":"https:\/\/diarioelpopular.com\/index.php\/wp-json\/wp\/v2\/media?parent=540529"}],"wp:term":[{"taxonomy":"category","embeddable":true,"href":"https:\/\/diarioelpopular.com\/index.php\/wp-json\/wp\/v2\/categories?post=540529"},{"taxonomy":"post_tag","embeddable":true,"href":"https:\/\/diarioelpopular.com\/index.php\/wp-json\/wp\/v2\/tags?post=540529"}],"curies":[{"name":"wp","href":"https:\/\/api.w.org\/{rel}","templated":true}]}}