{"id":540589,"date":"2026-01-23T17:48:00","date_gmt":"2026-01-23T21:48:00","guid":{"rendered":"https:\/\/diarioelpopular.com\/?p=540589"},"modified":"2026-01-23T17:48:00","modified_gmt":"2026-01-23T21:48:00","slug":"la-fiscalia-espanola-archiva-por-falta-de-jurisdiccion-la-investigacion-a-julio-iglesias-por-las-denuncias-de-abusos-de-dos-exempleadas","status":"publish","type":"post","link":"https:\/\/diarioelpopular.com\/index.php\/2026\/01\/23\/la-fiscalia-espanola-archiva-por-falta-de-jurisdiccion-la-investigacion-a-julio-iglesias-por-las-denuncias-de-abusos-de-dos-exempleadas\/","title":{"rendered":"La Fiscal\u00eda espa\u00f1ola archiva por falta de jurisdicci\u00f3n la investigaci\u00f3n a Julio Iglesias por las denuncias de abusos de dos exempleadas"},"content":{"rendered":"<p><img loading=\"lazy\" decoding=\"async\" class=\"alignnone size-custom-full-size wp-image-540590\" src=\"https:\/\/diarioelpopular.com\/wp-content\/uploads\/2026\/01\/Screen-Shot-2026-01-23-at-4.47.21-PM-636x361.png\" alt=\"\" width=\"636\" height=\"361\" srcset=\"https:\/\/diarioelpopular.com\/wp-content\/uploads\/2026\/01\/Screen-Shot-2026-01-23-at-4.47.21-PM-636x361.png 636w, https:\/\/diarioelpopular.com\/wp-content\/uploads\/2026\/01\/Screen-Shot-2026-01-23-at-4.47.21-PM-300x170.png 300w, https:\/\/diarioelpopular.com\/wp-content\/uploads\/2026\/01\/Screen-Shot-2026-01-23-at-4.47.21-PM-768x436.png 768w, https:\/\/diarioelpopular.com\/wp-content\/uploads\/2026\/01\/Screen-Shot-2026-01-23-at-4.47.21-PM-129x73.png 129w, https:\/\/diarioelpopular.com\/wp-content\/uploads\/2026\/01\/Screen-Shot-2026-01-23-at-4.47.21-PM.png 856w\" sizes=\"auto, (max-width: 636px) 100vw, 636px\" \/><\/p>\n<p>&nbsp;<\/p>\n<div class=\"css-1k9op6x e17x9cvu0\" dir=\"ltr\">\n<ul>\n<li class=\"css-s4cjt0 e1yuyadm0\" dir=\"ltr\"><em><b>La Fiscal\u00eda de la Audiencia Nacional espa\u00f1ola anunci\u00f3 este viernes que archivar\u00e1 la investigaci\u00f3n contra el cantante Julio Iglesias, al que dos exempleadas de su servicio dom\u00e9stico acusaron de abusos.<\/b><\/em><\/li>\n<\/ul>\n<\/div>\n<div class=\"css-1k9op6x e17x9cvu0\" dir=\"ltr\">\n<p dir=\"ltr\">\n<p class=\"css-s4cjt0 e1yuyadm0\" dir=\"ltr\">El ministerio p\u00fablico aleg\u00f3 que no tiene competencias para valorar unos presuntos hechos que habr\u00edan ocurrido en el extranjero, espec\u00edficamente en Rep\u00fablica Dominicana y Bahamas, seg\u00fan la resoluci\u00f3n publicada este viernes.<\/p>\n<\/div>\n<div class=\"css-1k9op6x e17x9cvu0\" dir=\"ltr\">\n<p class=\"css-s4cjt0 e1yuyadm0\" dir=\"ltr\">La instituci\u00f3n hab\u00eda abierto diligencias preprocesales, una fase preliminar destinada a evaluar si el caso entra dentro de sus competencias y si hay base para seguir adelante.<\/p>\n<\/div>\n<div class=\"css-1k9op6x e17x9cvu0\" dir=\"ltr\">\n<p class=\"css-s4cjt0 e1yuyadm0\" dir=\"ltr\">Seg\u00fan expertos consultados por la agencia Europa Press, no hay posibilidad de recurrir la decisi\u00f3n de la Fiscal\u00eda.<\/p>\n<\/div>\n<div class=\"css-1k9op6x e17x9cvu0\" dir=\"ltr\">\n<p class=\"css-s4cjt0 e1yuyadm0\" dir=\"ltr\">Dos mujeres, una de las cuales trabaj\u00f3 como empleada dom\u00e9stica para el artista de 82 a\u00f1os y la otra como fisioterapeuta, acusaron a Julio Iglesias de haber &#8220;normalizado el abuso&#8221; sexual e impuesto un ambiente coercitivo, amenazante y violento en sus residencias.<\/p>\n<div class=\"css-1k9op6x e17x9cvu0\" dir=\"ltr\">\n<p class=\"css-s4cjt0 e1yuyadm0\" dir=\"ltr\">Las acusaciones se publicaron la semana pasada en un reportaje de investigaci\u00f3n realizado por el medio espa\u00f1ol elDiario.es y la cadena Univision.<\/p>\n<\/div>\n<div class=\"css-1k9op6x e17x9cvu0\" dir=\"ltr\">\n<p class=\"css-s4cjt0 e1yuyadm0\" dir=\"ltr\">El artista las calific\u00f3 como &#8220;absolutamente falsas&#8221; y neg\u00f3 &#8220;haber abusado, coaccionado o faltado el respeto a ninguna mujer&#8221; en un comunicado publicado en su cuenta de Instagram.<\/p>\n<p dir=\"ltr\">\n<\/div>\n<figure class=\"css-1qn0xuy\">\n<div class=\"css-1avk5os\">\n<div style=\"width: 1034px\" class=\"wp-caption alignnone\"><img loading=\"lazy\" decoding=\"async\" class=\"css-1seqhu9\" src=\"https:\/\/ichef.bbci.co.uk\/ace\/ws\/640\/cpsprodpb\/c4a6\/live\/49607db0-f883-11f0-b5f7-49f0357294ff.jpg.webp\" alt=\"Julio Iglesias\" width=\"1024\" height=\"686\" \/><p class=\"wp-caption-text\">Fuente de la imagen,Getty Images. Julio Iglesias ha negado tajantemente las acusaciones.<\/p><\/div>\n<p class=\"css-by8ykd\" role=\"text\">\n<\/div>\n<\/figure>\n<div class=\"css-1k9op6x e17x9cvu0\" dir=\"ltr\">\n<p dir=\"ltr\">\n<p class=\"css-s4cjt0 e1yuyadm0\" dir=\"ltr\">Despu\u00e9s de que la Fiscal\u00eda le negara el acceso a detalles de las diligencias, Iglesias public\u00f3 esta semana en Instagram varias capturas de pantalla de conversaciones que habr\u00eda mantenido en los \u00faltimos a\u00f1os con las denunciantes.<\/p>\n<div class=\"css-1k9op6x e17x9cvu0\" dir=\"ltr\">\n<h2 id=\"La-resoluci\u00f3n-de-la-Fiscal\u00eda\" class=\"css-jtxtr9 emoh99e1\" tabindex=\"-1\">La resoluci\u00f3n de la Fiscal\u00eda<\/h2>\n<\/div>\n<div class=\"css-1k9op6x e17x9cvu0\" dir=\"ltr\">\n<p class=\"css-s4cjt0 e1yuyadm0\" dir=\"ltr\">&#8220;La Audiencia Nacional (\u2026) ha interpretado reiteradamente (\u2026) que Espa\u00f1a no es competente para investigar delitos cometidos en el extranjero cuando no existan v\u00ednculos relevantes con nuestro pa\u00eds&#8221;, indic\u00f3 la Fiscal\u00eda en su resoluci\u00f3n de siete p\u00e1ginas.<\/p>\n<\/div>\n<div class=\"css-1k9op6x e17x9cvu0\" dir=\"ltr\">\n<p class=\"css-s4cjt0 e1yuyadm0\" dir=\"ltr\">En ella remarc\u00f3 que &#8220;la totalidad de los hechos presuntamente delictivos habr\u00edan ocurrido fuera del territorio espa\u00f1ol, concretamente en la Rep\u00fablica Dominicana y las Bahamas&#8221;<\/p>\n<\/div>\n<div class=\"css-1k9op6x e17x9cvu0\" dir=\"ltr\">\n<p class=\"css-s4cjt0 e1yuyadm0\" dir=\"ltr\">Explic\u00f3 que las denunciantes carecen de nacionalidad espa\u00f1ola y no tienen &#8220;su centro de vida, intereses o actividad&#8221; en Espa\u00f1a, a donde tampoco viajaron con Julio Iglesias.<\/p>\n<\/div>\n<div class=\"css-1k9op6x e17x9cvu0\" dir=\"ltr\">\n<p class=\"css-s4cjt0 e1yuyadm0\" dir=\"ltr\">El ministerio p\u00fablico reforz\u00f3 su dictamen con el argumento de que, adem\u00e1s de que las v\u00edctimas son extranjeras y no residentes en Espa\u00f1a, &#8220;los presuntos autores tambi\u00e9n lo son o no se encuentran en Espa\u00f1a o, aun si\u00e9ndolo, tampoco est\u00e1n en nuestro pa\u00eds&#8221;.<\/p>\n<\/div>\n<div class=\"css-1k9op6x e17x9cvu0\" dir=\"ltr\">\n<p class=\"css-s4cjt0 e1yuyadm0\" dir=\"ltr\">Adem\u00e1s del cantante hab\u00eda otras dos personas denunciadas, de nacionalidades brasile\u00f1a y colombiana, que al igual que Julio Iglesias tampoco resid\u00edan en Espa\u00f1a.<\/p>\n<\/div>\n<div class=\"css-1k9op6x e17x9cvu0\" dir=\"ltr\">\n<p class=\"css-s4cjt0 e1yuyadm0\" dir=\"ltr\">La fiscal\u00eda tambi\u00e9n aleg\u00f3 que los hechos denunciados &#8220;se investigan o pueden investigarse en el Estado donde ocurrieron&#8221;, es decir, en Rep\u00fablica Dominicana y Bahamas.<\/p>\n<div class=\"css-1k9op6x e17x9cvu0\" dir=\"ltr\">\n<h2 id=\"Los-testimonios\" class=\"css-jtxtr9 emoh99e1\" tabindex=\"-1\">Los testimonios<\/h2>\n<\/div>\n<div class=\"css-1k9op6x e17x9cvu0\" dir=\"ltr\">\n<p class=\"css-s4cjt0 e1yuyadm0\" dir=\"ltr\">Una de las denunciantes, una empleada dom\u00e9stica que fue presentada bajo el nombre ficticio Rebeca, cont\u00f3 en el reportaje de elDiario.es y Univision que Julio Iglesias la llamaba regularmente a su habitaci\u00f3n al final del d\u00eda y la tocaba de forma inapropiada sin su consentimiento, contrario a lo expuesto en las capturas de textos.<\/p>\n<\/div>\n<div class=\"css-1k9op6x e17x9cvu0\" dir=\"ltr\">\n<p class=\"css-s4cjt0 e1yuyadm0\" dir=\"ltr\">Rebeca, de nacionalidad dominicana y con 22 a\u00f1os cuando ocurrieron los hechos descritos, tambi\u00e9n aleg\u00f3 que Iglesias la oblig\u00f3 a participar en tr\u00edos con otra empleada.<\/p>\n<\/div>\n<div class=\"css-1k9op6x e17x9cvu0\" dir=\"ltr\">\n<p class=\"css-s4cjt0 e1yuyadm0\" dir=\"ltr\">Describi\u00f3, asimismo, que el cantante la abofete\u00f3 y le toc\u00f3 los genitales.<\/p>\n<\/div>\n<div class=\"css-1k9op6x e17x9cvu0\" dir=\"ltr\">\n<p class=\"css-s4cjt0 e1yuyadm0\" dir=\"ltr\">La otra mujer, una fisioterapeuta venezolana llamada Laura en el reportaje, asegur\u00f3 que Iglesias le toc\u00f3 los pechos y la bes\u00f3 en la boca contra su voluntad, contrario tambi\u00e9n a lo expuesto en las capturas de texto.<\/p>\n<\/div>\n<div class=\"css-1k9op6x e17x9cvu0\" dir=\"ltr\">\n<p class=\"css-s4cjt0 e1yuyadm0\" dir=\"ltr\">A\u00f1adi\u00f3 que la amenazaba constantemente con despedirla, controlaba la cantidad de comida que inger\u00eda y le preguntaba cu\u00e1ndo le ven\u00eda la regla.<\/p>\n<\/div>\n<div class=\"css-1k9op6x e17x9cvu0\" dir=\"ltr\">\n<p class=\"css-s4cjt0 e1yuyadm0\" dir=\"ltr\">Aunque ella asegur\u00f3 haber rechazado con frecuencia las insinuaciones sexuales de Iglesias, puntualiz\u00f3 que &#8220;hab\u00eda chicas que no pod\u00edan decir que no. Y \u00e9l hac\u00eda lo que quer\u00eda con ellas&#8221;.<\/p>\n<\/div>\n<div class=\"css-1k9op6x e17x9cvu0\" dir=\"ltr\">\n<p class=\"css-s4cjt0 e1yuyadm0\" dir=\"ltr\">ElDiario.es y Univision, que investigaron el caso conjuntamente durante tres a\u00f1os, afirmaron que las acusaciones est\u00e1n respaldadas por pruebas documentales como fotograf\u00edas, registros telef\u00f3nicos, mensajes de texto e informes m\u00e9dicos.<\/p>\n<\/div>\n<div class=\"css-1k9op6x e17x9cvu0\" dir=\"ltr\">\n<p class=\"css-s4cjt0 e1yuyadm0\" dir=\"ltr\">Personas cercanas a Julio Iglesias y otros de sus exempleados, por otra parte, han refutado que el cantante abusara del servicio dom\u00e9stico.<\/p>\n<\/div>\n<\/div>\n<\/div>\n<\/div>\n","protected":false},"excerpt":{"rendered":"<p>&nbsp; La Fiscal\u00eda de la Audiencia Nacional espa\u00f1ola anunci\u00f3 este viernes que archivar\u00e1 la investigaci\u00f3n contra el cantante Julio Iglesias, al que dos exempleadas de&hellip;<\/p>\n","protected":false},"author":99,"featured_media":540590,"comment_status":"open","ping_status":"open","sticky":false,"template":"","format":"standard","meta":{"footnotes":""},"categories":[24],"tags":[],"class_list":["post-540589","post","type-post","status-publish","format-standard","has-post-thumbnail","hentry","category-mundo"],"_links":{"self":[{"href":"https:\/\/diarioelpopular.com\/index.php\/wp-json\/wp\/v2\/posts\/540589","targetHints":{"allow":["GET"]}}],"collection":[{"href":"https:\/\/diarioelpopular.com\/index.php\/wp-json\/wp\/v2\/posts"}],"about":[{"href":"https:\/\/diarioelpopular.com\/index.php\/wp-json\/wp\/v2\/types\/post"}],"author":[{"embeddable":true,"href":"https:\/\/diarioelpopular.com\/index.php\/wp-json\/wp\/v2\/users\/99"}],"replies":[{"embeddable":true,"href":"https:\/\/diarioelpopular.com\/index.php\/wp-json\/wp\/v2\/comments?post=540589"}],"version-history":[{"count":1,"href":"https:\/\/diarioelpopular.com\/index.php\/wp-json\/wp\/v2\/posts\/540589\/revisions"}],"predecessor-version":[{"id":540591,"href":"https:\/\/diarioelpopular.com\/index.php\/wp-json\/wp\/v2\/posts\/540589\/revisions\/540591"}],"wp:featuredmedia":[{"embeddable":true,"href":"https:\/\/diarioelpopular.com\/index.php\/wp-json\/wp\/v2\/media\/540590"}],"wp:attachment":[{"href":"https:\/\/diarioelpopular.com\/index.php\/wp-json\/wp\/v2\/media?parent=540589"}],"wp:term":[{"taxonomy":"category","embeddable":true,"href":"https:\/\/diarioelpopular.com\/index.php\/wp-json\/wp\/v2\/categories?post=540589"},{"taxonomy":"post_tag","embeddable":true,"href":"https:\/\/diarioelpopular.com\/index.php\/wp-json\/wp\/v2\/tags?post=540589"}],"curies":[{"name":"wp","href":"https:\/\/api.w.org\/{rel}","templated":true}]}}