{"id":540704,"date":"2026-01-27T21:22:52","date_gmt":"2026-01-28T01:22:52","guid":{"rendered":"https:\/\/diarioelpopular.com\/?p=540704"},"modified":"2026-01-27T21:22:52","modified_gmt":"2026-01-28T01:22:52","slug":"delincuente-de-habla-hispana-se-fuga-del-centro-de-detencion-sur-de-toronto-tras-hacerse-pasar-por-otro-recluso","status":"publish","type":"post","link":"https:\/\/diarioelpopular.com\/index.php\/2026\/01\/27\/delincuente-de-habla-hispana-se-fuga-del-centro-de-detencion-sur-de-toronto-tras-hacerse-pasar-por-otro-recluso\/","title":{"rendered":"Delincuente de habla hispana se fuga del Centro de Detenci\u00f3n Sur de Toronto tras hacerse pasar por otro recluso"},"content":{"rendered":"<div id=\"attachment_540705\" style=\"width: 646px\" class=\"wp-caption alignnone\"><img loading=\"lazy\" decoding=\"async\" aria-describedby=\"caption-attachment-540705\" class=\"wp-image-540705 size-custom-full-size\" src=\"https:\/\/diarioelpopular.com\/wp-content\/uploads\/2026\/01\/Screen-Shot-2026-01-27-at-8.17.27-PM-636x390.png\" alt=\"\" width=\"636\" height=\"390\" srcset=\"https:\/\/diarioelpopular.com\/wp-content\/uploads\/2026\/01\/Screen-Shot-2026-01-27-at-8.17.27-PM-636x390.png 636w, https:\/\/diarioelpopular.com\/wp-content\/uploads\/2026\/01\/Screen-Shot-2026-01-27-at-8.17.27-PM-300x185.png 300w, https:\/\/diarioelpopular.com\/wp-content\/uploads\/2026\/01\/Screen-Shot-2026-01-27-at-8.17.27-PM-768x471.png 768w, https:\/\/diarioelpopular.com\/wp-content\/uploads\/2026\/01\/Screen-Shot-2026-01-27-at-8.17.27-PM-119x73.png 119w, https:\/\/diarioelpopular.com\/wp-content\/uploads\/2026\/01\/Screen-Shot-2026-01-27-at-8.17.27-PM.png 790w\" sizes=\"auto, (max-width: 636px) 100vw, 636px\" \/><p id=\"caption-attachment-540705\" class=\"wp-caption-text\">Steven Alexander Guzm\u00e1n Marroqu\u00edn es buscado por haberse fugado de la c\u00e1rcel. Foto Polic\u00eda de Toronto<\/p><\/div>\n<p>&nbsp;<\/p>\n<ul>\n<li><em><strong>La polic\u00eda de Toronto ha informado que un delincuente de habla hispana se fug\u00f3 del Centro de Detenci\u00f3n Sur de Toronto tras hacerse pasar por otro recluso cuya liberaci\u00f3n estaba prevista.<\/strong><\/em><\/li>\n<\/ul>\n<p>&nbsp;<\/p>\n<p>Los investigadores afirmaron que Steven Alexander Guzm\u00e1n Marroqu\u00edn, de 32 a\u00f1os y residente de Toronto, se escap\u00f3 del centro, ubicado en la zona de las avenidas Horner y Kipling, el lunes 26 de enero de 2026, poco antes de la medianoche.<\/p>\n<p>La polic\u00eda afirm\u00f3 que se hizo pasar por otro recluso cuya liberaci\u00f3n estaba prevista, con un dispositivo de monitoreo en el tobillo.<\/p>\n<p>Sin saberlo, el personal le coloc\u00f3 a Guzm\u00e1n Marroqu\u00edn el dispositivo de monitoreo en el tobillo y lo dej\u00f3 salir. Posteriormente, el dispositivo fue encontrado abandonado en una gasolinera cercana.<\/p>\n<p>Guzm\u00e1n Marroqu\u00edn mide 1,75 metros y pesa 90 kilos, lleva el pelo recogido en una cola de caballo y lleva barba.<\/p>\n<p>Se le considera peligroso, a\u00f1aden las autoridades. Hasta el momento no se han emitido detalles acerca de por qu\u00e9 se encontraba en la prisi\u00f3n.<\/p>\n<p>Guzm\u00e1n Marroqu\u00edn es buscado por:<\/p>\n<p>Evasi\u00f3n de la custodia legal<br \/>\nSuplantaci\u00f3n de identidad con intenci\u00f3n<br \/>\nObstrucci\u00f3n a un agente de polic\u00eda<br \/>\nDa\u00f1os menores a $5000<br \/>\nRobo menor a $5000<\/p>\n","protected":false},"excerpt":{"rendered":"<p>&nbsp; La polic\u00eda de Toronto ha informado que un delincuente de habla hispana se fug\u00f3 del Centro de Detenci\u00f3n Sur de Toronto tras hacerse pasar&hellip;<\/p>\n","protected":false},"author":99,"featured_media":540705,"comment_status":"open","ping_status":"open","sticky":false,"template":"","format":"standard","meta":{"footnotes":""},"categories":[11364],"tags":[],"class_list":["post-540704","post","type-post","status-publish","format-standard","has-post-thumbnail","hentry","category-toronto-gta"],"_links":{"self":[{"href":"https:\/\/diarioelpopular.com\/index.php\/wp-json\/wp\/v2\/posts\/540704","targetHints":{"allow":["GET"]}}],"collection":[{"href":"https:\/\/diarioelpopular.com\/index.php\/wp-json\/wp\/v2\/posts"}],"about":[{"href":"https:\/\/diarioelpopular.com\/index.php\/wp-json\/wp\/v2\/types\/post"}],"author":[{"embeddable":true,"href":"https:\/\/diarioelpopular.com\/index.php\/wp-json\/wp\/v2\/users\/99"}],"replies":[{"embeddable":true,"href":"https:\/\/diarioelpopular.com\/index.php\/wp-json\/wp\/v2\/comments?post=540704"}],"version-history":[{"count":1,"href":"https:\/\/diarioelpopular.com\/index.php\/wp-json\/wp\/v2\/posts\/540704\/revisions"}],"predecessor-version":[{"id":540706,"href":"https:\/\/diarioelpopular.com\/index.php\/wp-json\/wp\/v2\/posts\/540704\/revisions\/540706"}],"wp:featuredmedia":[{"embeddable":true,"href":"https:\/\/diarioelpopular.com\/index.php\/wp-json\/wp\/v2\/media\/540705"}],"wp:attachment":[{"href":"https:\/\/diarioelpopular.com\/index.php\/wp-json\/wp\/v2\/media?parent=540704"}],"wp:term":[{"taxonomy":"category","embeddable":true,"href":"https:\/\/diarioelpopular.com\/index.php\/wp-json\/wp\/v2\/categories?post=540704"},{"taxonomy":"post_tag","embeddable":true,"href":"https:\/\/diarioelpopular.com\/index.php\/wp-json\/wp\/v2\/tags?post=540704"}],"curies":[{"name":"wp","href":"https:\/\/api.w.org\/{rel}","templated":true}]}}