{"id":541050,"date":"2026-02-06T09:21:29","date_gmt":"2026-02-06T13:21:29","guid":{"rendered":"https:\/\/diarioelpopular.com\/?p=541050"},"modified":"2026-02-06T09:21:29","modified_gmt":"2026-02-06T13:21:29","slug":"adolescente-muere-tras-tiroteo-en-tim-hortons-en-scarborough","status":"publish","type":"post","link":"https:\/\/diarioelpopular.com\/index.php\/2026\/02\/06\/adolescente-muere-tras-tiroteo-en-tim-hortons-en-scarborough\/","title":{"rendered":"Adolescente muere tras tiroteo en Tim Hortons en Scarborough"},"content":{"rendered":"<p><img loading=\"lazy\" decoding=\"async\" class=\"alignnone size-custom-full-size wp-image-541051\" src=\"https:\/\/diarioelpopular.com\/wp-content\/uploads\/2026\/02\/Screen-Shot-2026-02-06-at-8.21.00-AM-636x485.png\" alt=\"\" width=\"636\" height=\"485\" srcset=\"https:\/\/diarioelpopular.com\/wp-content\/uploads\/2026\/02\/Screen-Shot-2026-02-06-at-8.21.00-AM-636x485.png 636w, https:\/\/diarioelpopular.com\/wp-content\/uploads\/2026\/02\/Screen-Shot-2026-02-06-at-8.21.00-AM-300x229.png 300w, https:\/\/diarioelpopular.com\/wp-content\/uploads\/2026\/02\/Screen-Shot-2026-02-06-at-8.21.00-AM-96x73.png 96w, https:\/\/diarioelpopular.com\/wp-content\/uploads\/2026\/02\/Screen-Shot-2026-02-06-at-8.21.00-AM.png 698w\" sizes=\"auto, (max-width: 636px) 100vw, 636px\" \/><\/p>\n<p>&nbsp;<\/p>\n<ul>\n<li><em><strong>No se reportaron otras lesiones ni por parte del personal ni de los clientes de la cafeter\u00eda ubicada en Lawrence Ave. E.-Bellamy Rd. N.<\/strong><\/em><\/li>\n<\/ul>\n<p>&nbsp;<\/p>\n<p>Un adolescente falleci\u00f3 tras recibir un disparo este jueves por la tarde en un Tim Hortons en Scarborough. Un portavoz de la Polic\u00eda de Toronto inform\u00f3 que los agentes recibieron una llamada sobre un tiroteo poco despu\u00e9s de las 4 p. m. en una cafeter\u00eda ubicada en la zona de Lawrence Ave. E.-Bellamy Rd. N. y encontraron a un hombre con heridas de bala al llegar.<\/p>\n<p>El adolescente fue trasladado a un hospital en estado cr\u00edtico, informaron los param\u00e9dicos a CP24, y la polic\u00eda inform\u00f3 que posteriormente falleci\u00f3 all\u00ed a causa de las heridas.<\/p>\n<p>No se ha revelado su identidad, solo que ten\u00eda 16 a\u00f1os.<\/p>\n<p>&#8220;A\u00fan estamos hablando con testigos&#8221;, declar\u00f3 la agente Sinderela Chung en un comunicado. &#8220;Habr\u00e1 informaci\u00f3n que no revelaremos para obtener la mejor declaraci\u00f3n posible&#8221;.<\/p>\n<p>No se reportaron otras lesiones.<br \/>\nChung afirm\u00f3 que ni el personal del Tim Hortons ni los clientes en el lugar del tiroteo reportaron otras lesiones.<\/p>\n<p>Hasta este jueves por la noche, no hab\u00eda informaci\u00f3n disponible sobre el sospechoso y no estaba claro qu\u00e9 sucedi\u00f3 antes ni despu\u00e9s del tiroteo, salvo que el sospechoso huy\u00f3 del lugar.<\/p>\n<p>&#8220;A\u00fan estamos hablando con testigos&#8221;, declar\u00f3 el agente Errol Watson en el lugar, a trav\u00e9s de CP24.<\/p>\n<p>Watson declar\u00f3 a CP24 que no estaba seguro de si el Tim Hortons estaba lleno en ese momento.<\/p>\n<p>&#8220;Puedo decirles que hab\u00eda otras personas en el Tim Hortons cuando esto ocurri\u00f3, pero no puedo confirmar si estaba lleno&#8221;, a\u00f1adi\u00f3.<\/p>\n<p>La polic\u00eda insta a cualquier persona que tenga informaci\u00f3n a que se comunique con la unidad de homicidios o con Crime Stoppers de forma an\u00f3nima.<\/p>\n","protected":false},"excerpt":{"rendered":"<p>&nbsp; No se reportaron otras lesiones ni por parte del personal ni de los clientes de la cafeter\u00eda ubicada en Lawrence Ave. E.-Bellamy Rd. N.&hellip;<\/p>\n","protected":false},"author":99,"featured_media":541051,"comment_status":"open","ping_status":"open","sticky":false,"template":"","format":"standard","meta":{"footnotes":""},"categories":[11364],"tags":[],"class_list":["post-541050","post","type-post","status-publish","format-standard","has-post-thumbnail","hentry","category-toronto-gta"],"_links":{"self":[{"href":"https:\/\/diarioelpopular.com\/index.php\/wp-json\/wp\/v2\/posts\/541050","targetHints":{"allow":["GET"]}}],"collection":[{"href":"https:\/\/diarioelpopular.com\/index.php\/wp-json\/wp\/v2\/posts"}],"about":[{"href":"https:\/\/diarioelpopular.com\/index.php\/wp-json\/wp\/v2\/types\/post"}],"author":[{"embeddable":true,"href":"https:\/\/diarioelpopular.com\/index.php\/wp-json\/wp\/v2\/users\/99"}],"replies":[{"embeddable":true,"href":"https:\/\/diarioelpopular.com\/index.php\/wp-json\/wp\/v2\/comments?post=541050"}],"version-history":[{"count":1,"href":"https:\/\/diarioelpopular.com\/index.php\/wp-json\/wp\/v2\/posts\/541050\/revisions"}],"predecessor-version":[{"id":541052,"href":"https:\/\/diarioelpopular.com\/index.php\/wp-json\/wp\/v2\/posts\/541050\/revisions\/541052"}],"wp:featuredmedia":[{"embeddable":true,"href":"https:\/\/diarioelpopular.com\/index.php\/wp-json\/wp\/v2\/media\/541051"}],"wp:attachment":[{"href":"https:\/\/diarioelpopular.com\/index.php\/wp-json\/wp\/v2\/media?parent=541050"}],"wp:term":[{"taxonomy":"category","embeddable":true,"href":"https:\/\/diarioelpopular.com\/index.php\/wp-json\/wp\/v2\/categories?post=541050"},{"taxonomy":"post_tag","embeddable":true,"href":"https:\/\/diarioelpopular.com\/index.php\/wp-json\/wp\/v2\/tags?post=541050"}],"curies":[{"name":"wp","href":"https:\/\/api.w.org\/{rel}","templated":true}]}}