{"id":541240,"date":"2026-02-17T17:39:59","date_gmt":"2026-02-17T21:39:59","guid":{"rendered":"https:\/\/diarioelpopular.com\/?p=541240"},"modified":"2026-02-17T17:39:59","modified_gmt":"2026-02-17T21:39:59","slug":"sujeto-es-arrestado-por-uso-de-gas-pimienta-en-toronto-entre-otros-delitos","status":"publish","type":"post","link":"https:\/\/diarioelpopular.com\/index.php\/2026\/02\/17\/sujeto-es-arrestado-por-uso-de-gas-pimienta-en-toronto-entre-otros-delitos\/","title":{"rendered":"Sujeto es arrestado por uso de gas pimienta en Toronto, entre otros delitos"},"content":{"rendered":"<div id=\"attachment_541241\" style=\"width: 646px\" class=\"wp-caption alignnone\"><img loading=\"lazy\" decoding=\"async\" aria-describedby=\"caption-attachment-541241\" class=\"wp-image-541241 size-custom-full-size\" src=\"https:\/\/diarioelpopular.com\/wp-content\/uploads\/2026\/02\/Screen-Shot-2026-02-17-at-4.33.40-PM-636x507.png\" alt=\"\" width=\"636\" height=\"507\" srcset=\"https:\/\/diarioelpopular.com\/wp-content\/uploads\/2026\/02\/Screen-Shot-2026-02-17-at-4.33.40-PM-636x507.png 636w, https:\/\/diarioelpopular.com\/wp-content\/uploads\/2026\/02\/Screen-Shot-2026-02-17-at-4.33.40-PM-300x239.png 300w, https:\/\/diarioelpopular.com\/wp-content\/uploads\/2026\/02\/Screen-Shot-2026-02-17-at-4.33.40-PM-768x612.png 768w, https:\/\/diarioelpopular.com\/wp-content\/uploads\/2026\/02\/Screen-Shot-2026-02-17-at-4.33.40-PM-92x73.png 92w, https:\/\/diarioelpopular.com\/wp-content\/uploads\/2026\/02\/Screen-Shot-2026-02-17-at-4.33.40-PM.png 796w\" sizes=\"auto, (max-width: 636px) 100vw, 636px\" \/><p id=\"caption-attachment-541241\" class=\"wp-caption-text\">Anthony Bernhardt. Foto Polic\u00eda de Toronto<\/p><\/div>\n<p>&nbsp;<\/p>\n<ul>\n<li><em><strong>El incidente ocurri\u00f3 el s\u00e1bado por la tarde en la zona de la avenida Spadina y la calle Nassau.<\/strong><\/em><\/li>\n<\/ul>\n<p>&nbsp;<\/p>\n<p>La Polic\u00eda de Toronto arrest\u00f3 y acus\u00f3 a un hombre de agresi\u00f3n con arma.<\/p>\n<p>La polic\u00eda inform\u00f3 que el s\u00e1bado, alrededor de las 15:55, recibi\u00f3 una llamada por agresi\u00f3n en la zona de la avenida Spadina y la calle Nassau.<\/p>\n<p>Se dijo que la v\u00edctima caminaba hacia el norte por Spadina, en direcci\u00f3n a Nassau, cuando el sospechoso se acerc\u00f3 y, sin provocaci\u00f3n, le arroj\u00f3 una sustancia, presuntamente gas pimienta, en la cara.<\/p>\n<p>El agresor abandon\u00f3 la zona y continu\u00f3 hacia el sur por Spadina.<\/p>\n<p>El lunes, Anthony Bernhardt, de 33 a\u00f1os y sin domicilio fijo, fue localizado, arrestado y acusado de agresi\u00f3n con arma, administraci\u00f3n de sustancias nocivas con intenci\u00f3n de poner en peligro la vida e incumplimiento de la libertad condicional.<\/p>\n<p>Se solicita a cualquier persona que tenga informaci\u00f3n que se comunique con la polic\u00eda al 416-808-5500, o con Crime Stoppers de forma an\u00f3nima al 416-222-TIPS (8477) o en 222tips.com.<\/p>\n<p><em><strong>Disparan contra negocio en el centro de Toronto<\/strong><\/em><\/p>\n<p>La polic\u00eda est\u00e1 investigando el incidente tras disparos a trav\u00e9s de las ventanas de un negocio del centro el lunes por la tarde.<\/p>\n<p>La Polic\u00eda de Toronto inform\u00f3 en redes sociales que los agentes respondieron a las llamadas sobre un tiroteo poco despu\u00e9s de las 4:45 p. m. en la zona de las calles Queen-Portland.<\/p>\n<p>La polic\u00eda indic\u00f3 que se encontraron evidencias de disparos en el lugar; sin embargo, no se reportaron heridos.<\/p>\n<p>Un edificio comercial en la zona sufri\u00f3 da\u00f1os, seg\u00fan inform\u00f3 la polic\u00eda.<\/p>\n<p>La polic\u00eda indic\u00f3 que sospechosos no identificados huyeron de la zona en un veh\u00edculo oscuro.<\/p>\n<p><em><strong>Individuo es acusado de agresi\u00f3n por odio<\/strong><\/em><\/p>\n<p>La Polic\u00eda de Toronto ha acusado a un hombre de 26 a\u00f1os de Toronto en relaci\u00f3n con una presunta agresi\u00f3n por motivos de odio durante el D\u00eda de Acci\u00f3n Global en apoyo a la Revoluci\u00f3n del Le\u00f3n y el Sol de Ir\u00e1n, que tuvo lugar el fin de semana.<\/p>\n<p>El s\u00e1bado, la polic\u00eda estuvo presente en la manifestaci\u00f3n en la zona de Yonge St.-Homewood Ave., que se estima congreg\u00f3 a 350.000 personas.<\/p>\n<p>Se dijo que la v\u00edctima participaba en una protesta y se top\u00f3 con el acusado, quien le hizo comentarios anti-negros y luego le propin\u00f3 pu\u00f1etazos en el pecho y la cara.<\/p>\n<p>La v\u00edctima sufri\u00f3 heridas leves como consecuencia de la agresi\u00f3n. Durante el incidente, la polic\u00eda inform\u00f3 que el acusado llevaba un pasamonta\u00f1as para ocultar su identidad.<\/p>\n<p>Seyed Vorudi ha sido acusado de agresi\u00f3n y de disfrazarse intencionalmente.<\/p>\n<p>Se solicita a cualquier persona que tenga informaci\u00f3n que se comunique con la polic\u00eda al 416-808-3500, a Crime Stoppers de forma an\u00f3nima al 416-222-TIPS (8477) o a trav\u00e9s de 222tips.com.<\/p>\n<p><em><strong>Hombre result\u00f3 apu\u00f1alado en Toronto<\/strong><\/em><\/p>\n<p>La Polic\u00eda de Toronto respondi\u00f3 a un apu\u00f1alamiento en la zona de St. Clair Ave. y Old Weston Rd. alrededor de las 5:22 a. m. del lunes.<\/p>\n<p>Al llegar, la polic\u00eda encontr\u00f3 a la v\u00edctima, un hombre de unos 30 a\u00f1os, que hab\u00eda sido apu\u00f1alado tras interactuar con un sospechoso.<\/p>\n<p>La v\u00edctima fue trasladada al hospital con lesiones que no ponen en peligro su vida.<\/p>\n<p>No se dispuso de una descripci\u00f3n del sospechoso de inmediato y la investigaci\u00f3n contin\u00faa.<\/p>\n<p>Se solicita a cualquier persona que tenga informaci\u00f3n que se comunique con la polic\u00eda al 416-808-1400, a Crime Stoppers de forma an\u00f3nima al 416-222-TIPS (8477) o a trav\u00e9s de 222tips.com.<\/p>\n","protected":false},"excerpt":{"rendered":"<p>&nbsp; El incidente ocurri\u00f3 el s\u00e1bado por la tarde en la zona de la avenida Spadina y la calle Nassau. &nbsp; La Polic\u00eda de Toronto&hellip;<\/p>\n","protected":false},"author":99,"featured_media":541241,"comment_status":"open","ping_status":"open","sticky":false,"template":"","format":"standard","meta":{"footnotes":""},"categories":[11364],"tags":[],"class_list":["post-541240","post","type-post","status-publish","format-standard","has-post-thumbnail","hentry","category-toronto-gta"],"_links":{"self":[{"href":"https:\/\/diarioelpopular.com\/index.php\/wp-json\/wp\/v2\/posts\/541240","targetHints":{"allow":["GET"]}}],"collection":[{"href":"https:\/\/diarioelpopular.com\/index.php\/wp-json\/wp\/v2\/posts"}],"about":[{"href":"https:\/\/diarioelpopular.com\/index.php\/wp-json\/wp\/v2\/types\/post"}],"author":[{"embeddable":true,"href":"https:\/\/diarioelpopular.com\/index.php\/wp-json\/wp\/v2\/users\/99"}],"replies":[{"embeddable":true,"href":"https:\/\/diarioelpopular.com\/index.php\/wp-json\/wp\/v2\/comments?post=541240"}],"version-history":[{"count":1,"href":"https:\/\/diarioelpopular.com\/index.php\/wp-json\/wp\/v2\/posts\/541240\/revisions"}],"predecessor-version":[{"id":541242,"href":"https:\/\/diarioelpopular.com\/index.php\/wp-json\/wp\/v2\/posts\/541240\/revisions\/541242"}],"wp:featuredmedia":[{"embeddable":true,"href":"https:\/\/diarioelpopular.com\/index.php\/wp-json\/wp\/v2\/media\/541241"}],"wp:attachment":[{"href":"https:\/\/diarioelpopular.com\/index.php\/wp-json\/wp\/v2\/media?parent=541240"}],"wp:term":[{"taxonomy":"category","embeddable":true,"href":"https:\/\/diarioelpopular.com\/index.php\/wp-json\/wp\/v2\/categories?post=541240"},{"taxonomy":"post_tag","embeddable":true,"href":"https:\/\/diarioelpopular.com\/index.php\/wp-json\/wp\/v2\/tags?post=541240"}],"curies":[{"name":"wp","href":"https:\/\/api.w.org\/{rel}","templated":true}]}}