{"id":541362,"date":"2026-02-24T10:15:25","date_gmt":"2026-02-24T14:15:25","guid":{"rendered":"https:\/\/diarioelpopular.com\/?p=541362"},"modified":"2026-02-24T10:15:56","modified_gmt":"2026-02-24T14:15:56","slug":"lo-atrapan-con-cargos-por-armas-y-buscan-a-delincuentes-tras-asalto-en-earlscourt","status":"publish","type":"post","link":"https:\/\/diarioelpopular.com\/index.php\/2026\/02\/24\/lo-atrapan-con-cargos-por-armas-y-buscan-a-delincuentes-tras-asalto-en-earlscourt\/","title":{"rendered":"Lo atrapan bajo cargos por armas y buscan a delincuentes tras asalto en Earlscourt"},"content":{"rendered":"<div id=\"attachment_541364\" style=\"width: 646px\" class=\"wp-caption alignnone\"><img loading=\"lazy\" decoding=\"async\" aria-describedby=\"caption-attachment-541364\" class=\"wp-image-541364 size-custom-full-size\" src=\"https:\/\/diarioelpopular.com\/wp-content\/uploads\/2026\/02\/Screen-Shot-2026-02-24-at-9.11.51-AM-636x479.png\" alt=\"\" width=\"636\" height=\"479\" srcset=\"https:\/\/diarioelpopular.com\/wp-content\/uploads\/2026\/02\/Screen-Shot-2026-02-24-at-9.11.51-AM-636x479.png 636w, https:\/\/diarioelpopular.com\/wp-content\/uploads\/2026\/02\/Screen-Shot-2026-02-24-at-9.11.51-AM-300x226.png 300w, https:\/\/diarioelpopular.com\/wp-content\/uploads\/2026\/02\/Screen-Shot-2026-02-24-at-9.11.51-AM-768x578.png 768w, https:\/\/diarioelpopular.com\/wp-content\/uploads\/2026\/02\/Screen-Shot-2026-02-24-at-9.11.51-AM-97x73.png 97w, https:\/\/diarioelpopular.com\/wp-content\/uploads\/2026\/02\/Screen-Shot-2026-02-24-at-9.11.51-AM.png 842w\" sizes=\"auto, (max-width: 636px) 100vw, 636px\" \/><p id=\"caption-attachment-541364\" class=\"wp-caption-text\">Un sujeto de Toronto de 27 a\u00f1os fue acusado de delitos relacionados con armas de fuego y drogas tras la incautaci\u00f3n de una pistola cargada y coca\u00edna la semana pasada en North York. Foto: Polic\u00eda de Toronto.<\/p><\/div>\n<p>&nbsp;<\/p>\n<ul>\n<li><em><strong>La Polic\u00eda de Toronto inform\u00f3 que los agentes ejecutaron una orden de registro en la zona de Jane St.-Wilson Ave. como parte de una investigaci\u00f3n por narcotr\u00e1fico.<\/strong><\/em><\/li>\n<\/ul>\n<p>&nbsp;<\/p>\n<p>Un delincuente de Toronto de 27 a\u00f1os fue acusado de delitos relacionados con armas de fuego y drogas tras la incautaci\u00f3n de una pistola cargada y coca\u00edna la semana pasada en North York.<\/p>\n<p>La Polic\u00eda de Toronto inform\u00f3 que los agentes ejecutaron una orden de registro el viernes en la zona de Jane St.-Wilson Ave. de North York como parte de una investigaci\u00f3n por narcotr\u00e1fico realizada por la Fuerza de Tarea Integrada contra Armas y Pandillas.<\/p>\n<p>La polic\u00eda incaut\u00f3 la pistola y una cantidad de coca\u00edna con fines de tr\u00e1fico.<\/p>\n<p>Joshua Samuels fue acusado de posesi\u00f3n de un arma de fuego cargada, posesi\u00f3n de un arma de fuego prohibida a sabiendas de que su posesi\u00f3n est\u00e1 prohibida, posesi\u00f3n no autorizada de un arma de fuego, posesi\u00f3n con fines de tr\u00e1fico de coca\u00edna, posesi\u00f3n de ganancias del delito superiores a $5,000 y tres cargos de incumplimiento de una orden de prohibici\u00f3n de armas.<\/p>\n<p><em><strong>Dos acusados, otros dos buscados en investigaci\u00f3n por agresi\u00f3n<\/strong><\/em><\/p>\n<div id=\"attachment_541365\" style=\"width: 646px\" class=\"wp-caption alignnone\"><img loading=\"lazy\" decoding=\"async\" aria-describedby=\"caption-attachment-541365\" class=\"wp-image-541365 size-custom-full-size\" src=\"https:\/\/diarioelpopular.com\/wp-content\/uploads\/2026\/02\/Screen-Shot-2026-02-24-at-9.12.56-AM-636x606.png\" alt=\"\" width=\"636\" height=\"606\" srcset=\"https:\/\/diarioelpopular.com\/wp-content\/uploads\/2026\/02\/Screen-Shot-2026-02-24-at-9.12.56-AM-636x606.png 636w, https:\/\/diarioelpopular.com\/wp-content\/uploads\/2026\/02\/Screen-Shot-2026-02-24-at-9.12.56-AM-300x286.png 300w, https:\/\/diarioelpopular.com\/wp-content\/uploads\/2026\/02\/Screen-Shot-2026-02-24-at-9.12.56-AM-768x732.png 768w, https:\/\/diarioelpopular.com\/wp-content\/uploads\/2026\/02\/Screen-Shot-2026-02-24-at-9.12.56-AM-77x73.png 77w, https:\/\/diarioelpopular.com\/wp-content\/uploads\/2026\/02\/Screen-Shot-2026-02-24-at-9.12.56-AM.png 844w\" sizes=\"auto, (max-width: 636px) 100vw, 636px\" \/><p id=\"caption-attachment-541365\" class=\"wp-caption-text\">Este sujeto es buscado por la Polic\u00eda de Toronto en el marco de una investigaci\u00f3n por agresi\u00f3n. Foto: Polic\u00eda de Toronto.<\/p><\/div>\n<p>&nbsp;<\/p>\n<p>Un hombre y una mujer enfrentan cargos de agresi\u00f3n mientras la polic\u00eda contin\u00faa la b\u00fasqueda de otros dos sospechosos vinculados a un ataque en la zona de Earlscourt que dej\u00f3 a la v\u00edctima gravemente herida.<\/p>\n<p>La Polic\u00eda de Toronto inform\u00f3 que respondi\u00f3 a una llamada por agresi\u00f3n el 9 de febrero alrededor de las 8:45 p. m. en la zona de St. Clair Ave. W.-Dufferin St., donde la v\u00edctima se hab\u00eda encontrado con cuatro personas afuera de su edificio.<\/p>\n<p>La polic\u00eda indic\u00f3 que los atacantes huyeron de la zona despu\u00e9s de que la v\u00edctima fuera agredida, dej\u00e1ndola con heridas graves que requirieron hospitalizaci\u00f3n.<\/p>\n<p>Eventualmente Lino Pagano, de 63 a\u00f1os, y Linda Elmaleh, de 57, ambos residentes de Toronto, fueron arrestados el 10 de febrero y acusados \u200b\u200bde agresi\u00f3n, agresi\u00f3n con arma y agresi\u00f3n con agravantes. Elmaleh tambi\u00e9n fue acusada de incumplimiento de una orden de libertad condicional.<\/p>\n<p>La polic\u00eda tambi\u00e9n busca a otro bien afeitado, de complexi\u00f3n mediana, de entre 30 y 40 a\u00f1os. Llevaba una gorra de b\u00e9isbol azul, una chaqueta oscura con una raya blanca en el pecho, pantalones grises y zapatos negros con suela blanca.<\/p>\n<p>El segundo, de complexi\u00f3n mediana, cabello rubio y entre 50 y 60 a\u00f1os, llevaba una mascarilla azul, una chaqueta negra, vaqueros azules y botas marrones.<\/p>\n<div id=\"attachment_541366\" style=\"width: 646px\" class=\"wp-caption alignnone\"><img loading=\"lazy\" decoding=\"async\" aria-describedby=\"caption-attachment-541366\" class=\"wp-image-541366 size-custom-full-size\" src=\"https:\/\/diarioelpopular.com\/wp-content\/uploads\/2026\/02\/Screen-Shot-2026-02-24-at-9.14.11-AM-636x690.png\" alt=\"\" width=\"636\" height=\"690\" srcset=\"https:\/\/diarioelpopular.com\/wp-content\/uploads\/2026\/02\/Screen-Shot-2026-02-24-at-9.14.11-AM-636x690.png 636w, https:\/\/diarioelpopular.com\/wp-content\/uploads\/2026\/02\/Screen-Shot-2026-02-24-at-9.14.11-AM-276x300.png 276w, https:\/\/diarioelpopular.com\/wp-content\/uploads\/2026\/02\/Screen-Shot-2026-02-24-at-9.14.11-AM-768x834.png 768w, https:\/\/diarioelpopular.com\/wp-content\/uploads\/2026\/02\/Screen-Shot-2026-02-24-at-9.14.11-AM-67x73.png 67w, https:\/\/diarioelpopular.com\/wp-content\/uploads\/2026\/02\/Screen-Shot-2026-02-24-at-9.14.11-AM.png 842w\" sizes=\"auto, (max-width: 636px) 100vw, 636px\" \/><p id=\"caption-attachment-541366\" class=\"wp-caption-text\">Este otro sujeto es buscado. Foto Toronto Police<\/p><\/div>\n<p>&nbsp;<\/p>\n<p>Se solicita a cualquier persona que tenga informaci\u00f3n sobre su paradero que se comunique con la polic\u00eda al 416-808-1300 o con Crime Stoppers de forma an\u00f3nima al 416-222-8477 o a trav\u00e9s de 222tips.com.<\/p>\n<p><em><strong>Acusaci\u00f3n de agresi\u00f3n en una manifestaci\u00f3n en el centro<\/strong><\/em><\/p>\n<p>Un hombre de 33 a\u00f1os de Toronto ha sido acusado de agresi\u00f3n tras un incidente ocurrido el viernes en una manifestaci\u00f3n en el centro.<\/p>\n<p>La Polic\u00eda de Toronto inform\u00f3 que los agentes se encontraban en la zona de las calles Yonge-Bloor ese d\u00eda para vigilar una manifestaci\u00f3n cuando el acusado se acerc\u00f3 a la v\u00edctima alrededor de las 3:30 p. m. y lo agredi\u00f3.<\/p>\n<p>La polic\u00eda indic\u00f3 que la v\u00edctima hab\u00eda estado protestando en la zona.<\/p>\n<p>Maury Cheskes tambi\u00e9n fue acusado de incumplimiento de una orden de libertad condicional.<\/p>\n","protected":false},"excerpt":{"rendered":"<p>&nbsp; La Polic\u00eda de Toronto inform\u00f3 que los agentes ejecutaron una orden de registro en la zona de Jane St.-Wilson Ave. como parte de una&hellip;<\/p>\n","protected":false},"author":99,"featured_media":541364,"comment_status":"open","ping_status":"open","sticky":false,"template":"","format":"standard","meta":{"footnotes":""},"categories":[11364],"tags":[],"class_list":["post-541362","post","type-post","status-publish","format-standard","has-post-thumbnail","hentry","category-toronto-gta"],"_links":{"self":[{"href":"https:\/\/diarioelpopular.com\/index.php\/wp-json\/wp\/v2\/posts\/541362","targetHints":{"allow":["GET"]}}],"collection":[{"href":"https:\/\/diarioelpopular.com\/index.php\/wp-json\/wp\/v2\/posts"}],"about":[{"href":"https:\/\/diarioelpopular.com\/index.php\/wp-json\/wp\/v2\/types\/post"}],"author":[{"embeddable":true,"href":"https:\/\/diarioelpopular.com\/index.php\/wp-json\/wp\/v2\/users\/99"}],"replies":[{"embeddable":true,"href":"https:\/\/diarioelpopular.com\/index.php\/wp-json\/wp\/v2\/comments?post=541362"}],"version-history":[{"count":2,"href":"https:\/\/diarioelpopular.com\/index.php\/wp-json\/wp\/v2\/posts\/541362\/revisions"}],"predecessor-version":[{"id":541368,"href":"https:\/\/diarioelpopular.com\/index.php\/wp-json\/wp\/v2\/posts\/541362\/revisions\/541368"}],"wp:featuredmedia":[{"embeddable":true,"href":"https:\/\/diarioelpopular.com\/index.php\/wp-json\/wp\/v2\/media\/541364"}],"wp:attachment":[{"href":"https:\/\/diarioelpopular.com\/index.php\/wp-json\/wp\/v2\/media?parent=541362"}],"wp:term":[{"taxonomy":"category","embeddable":true,"href":"https:\/\/diarioelpopular.com\/index.php\/wp-json\/wp\/v2\/categories?post=541362"},{"taxonomy":"post_tag","embeddable":true,"href":"https:\/\/diarioelpopular.com\/index.php\/wp-json\/wp\/v2\/tags?post=541362"}],"curies":[{"name":"wp","href":"https:\/\/api.w.org\/{rel}","templated":true}]}}