{"id":541447,"date":"2026-02-27T10:01:08","date_gmt":"2026-02-27T14:01:08","guid":{"rendered":"https:\/\/diarioelpopular.com\/?p=541447"},"modified":"2026-02-27T10:01:08","modified_gmt":"2026-02-27T14:01:08","slug":"sujeto-en-investigacion-de-agresion-por-odio-se-dice-escupio-a-la-victima-y-profirio-insultos-raciales","status":"publish","type":"post","link":"https:\/\/diarioelpopular.com\/index.php\/2026\/02\/27\/sujeto-en-investigacion-de-agresion-por-odio-se-dice-escupio-a-la-victima-y-profirio-insultos-raciales\/","title":{"rendered":"Sujeto en investigaci\u00f3n de agresi\u00f3n por odio, se dice escupi\u00f3 a la v\u00edctima y profiri\u00f3 insultos raciales"},"content":{"rendered":"<p><img loading=\"lazy\" decoding=\"async\" class=\"alignnone size-custom-full-size wp-image-541448\" src=\"https:\/\/diarioelpopular.com\/wp-content\/uploads\/2026\/02\/Screen-Shot-2026-02-27-at-8.59.58-AM-636x426.png\" alt=\"\" width=\"636\" height=\"426\" srcset=\"https:\/\/diarioelpopular.com\/wp-content\/uploads\/2026\/02\/Screen-Shot-2026-02-27-at-8.59.58-AM-636x426.png 636w, https:\/\/diarioelpopular.com\/wp-content\/uploads\/2026\/02\/Screen-Shot-2026-02-27-at-8.59.58-AM-300x201.png 300w, https:\/\/diarioelpopular.com\/wp-content\/uploads\/2026\/02\/Screen-Shot-2026-02-27-at-8.59.58-AM-80x55.png 80w, https:\/\/diarioelpopular.com\/wp-content\/uploads\/2026\/02\/Screen-Shot-2026-02-27-at-8.59.58-AM-109x73.png 109w, https:\/\/diarioelpopular.com\/wp-content\/uploads\/2026\/02\/Screen-Shot-2026-02-27-at-8.59.58-AM.png 728w\" sizes=\"auto, (max-width: 636px) 100vw, 636px\" \/><\/p>\n<p>&nbsp;<\/p>\n<ul>\n<li><em><strong>La polic\u00eda de Toronto intenta identificar a un desadaptado que escupi\u00f3 a una persona en el complejo comercial subterr\u00e1neo PATH, entre Scotia Plaza y First Canadian Place, en enero.<\/strong><\/em><\/li>\n<\/ul>\n<p>&nbsp;<\/p>\n<p>Los investigadores afirman que esto ocurri\u00f3 el lunes 19 de enero de 2026, alrededor de las 19:22 h. El sospechoso se acerc\u00f3 a la v\u00edctima sin provocaci\u00f3n y le escupi\u00f3.<\/p>\n<p>&#8220;La v\u00edctima confront\u00f3 al sospechoso&#8221;, declar\u00f3 la polic\u00eda en un comunicado. &#8220;Pero mientras lo hac\u00eda, el sospechoso camin\u00f3 hacia la v\u00edctima de forma agresiva mientras profer\u00eda insultos raciales contra las personas de raza negra&#8221;.<\/p>\n<p>La polic\u00eda afirma que la v\u00edctima no conoc\u00eda al sospechoso, quien fue visto por \u00faltima vez caminando hacia Scotia Plaza.<\/p>\n<p>Se le describe como de unos 20 a\u00f1os, de aproximadamente 1,83 m de altura, de complexi\u00f3n delgada, cabello oscuro y tatuajes en el dorso de ambas manos.<\/p>\n<p><img loading=\"lazy\" decoding=\"async\" class=\"alignnone size-custom-full-size wp-image-541449\" src=\"https:\/\/diarioelpopular.com\/wp-content\/uploads\/2026\/02\/Screen-Shot-2026-02-27-at-9.00.36-AM-636x544.png\" alt=\"\" width=\"636\" height=\"544\" srcset=\"https:\/\/diarioelpopular.com\/wp-content\/uploads\/2026\/02\/Screen-Shot-2026-02-27-at-9.00.36-AM-636x544.png 636w, https:\/\/diarioelpopular.com\/wp-content\/uploads\/2026\/02\/Screen-Shot-2026-02-27-at-9.00.36-AM-300x257.png 300w, https:\/\/diarioelpopular.com\/wp-content\/uploads\/2026\/02\/Screen-Shot-2026-02-27-at-9.00.36-AM-85x73.png 85w, https:\/\/diarioelpopular.com\/wp-content\/uploads\/2026\/02\/Screen-Shot-2026-02-27-at-9.00.36-AM.png 706w\" sizes=\"auto, (max-width: 636px) 100vw, 636px\" \/><\/p>\n<p>En el momento del incidente, vest\u00eda una chaqueta de invierno negra de tres cuartos con capucha y aberturas rojas en el torso bajo cada brazo, pantalones burdeos, zapatillas de deporte oscuras y auriculares blancos con cable. Tambi\u00e9n llevaba una mochila negra con una etiqueta roja de equipaje en la parte superior y un peque\u00f1o parche rojo en la espalda.<\/p>\n<p>La polic\u00eda de Toronto afirma que la investigaci\u00f3n se est\u00e1 tramitando como un delito motivado por el odio.<\/p>\n","protected":false},"excerpt":{"rendered":"<p>&nbsp; La polic\u00eda de Toronto intenta identificar a un desadaptado que escupi\u00f3 a una persona en el complejo comercial subterr\u00e1neo PATH, entre Scotia Plaza y&hellip;<\/p>\n","protected":false},"author":99,"featured_media":541448,"comment_status":"open","ping_status":"open","sticky":false,"template":"","format":"standard","meta":{"footnotes":""},"categories":[11364],"tags":[],"class_list":["post-541447","post","type-post","status-publish","format-standard","has-post-thumbnail","hentry","category-toronto-gta"],"_links":{"self":[{"href":"https:\/\/diarioelpopular.com\/index.php\/wp-json\/wp\/v2\/posts\/541447","targetHints":{"allow":["GET"]}}],"collection":[{"href":"https:\/\/diarioelpopular.com\/index.php\/wp-json\/wp\/v2\/posts"}],"about":[{"href":"https:\/\/diarioelpopular.com\/index.php\/wp-json\/wp\/v2\/types\/post"}],"author":[{"embeddable":true,"href":"https:\/\/diarioelpopular.com\/index.php\/wp-json\/wp\/v2\/users\/99"}],"replies":[{"embeddable":true,"href":"https:\/\/diarioelpopular.com\/index.php\/wp-json\/wp\/v2\/comments?post=541447"}],"version-history":[{"count":1,"href":"https:\/\/diarioelpopular.com\/index.php\/wp-json\/wp\/v2\/posts\/541447\/revisions"}],"predecessor-version":[{"id":541450,"href":"https:\/\/diarioelpopular.com\/index.php\/wp-json\/wp\/v2\/posts\/541447\/revisions\/541450"}],"wp:featuredmedia":[{"embeddable":true,"href":"https:\/\/diarioelpopular.com\/index.php\/wp-json\/wp\/v2\/media\/541448"}],"wp:attachment":[{"href":"https:\/\/diarioelpopular.com\/index.php\/wp-json\/wp\/v2\/media?parent=541447"}],"wp:term":[{"taxonomy":"category","embeddable":true,"href":"https:\/\/diarioelpopular.com\/index.php\/wp-json\/wp\/v2\/categories?post=541447"},{"taxonomy":"post_tag","embeddable":true,"href":"https:\/\/diarioelpopular.com\/index.php\/wp-json\/wp\/v2\/tags?post=541447"}],"curies":[{"name":"wp","href":"https:\/\/api.w.org\/{rel}","templated":true}]}}