{"id":542513,"date":"2026-03-27T09:33:56","date_gmt":"2026-03-27T13:33:56","guid":{"rendered":"https:\/\/diarioelpopular.com\/?p=542513"},"modified":"2026-03-27T09:33:56","modified_gmt":"2026-03-27T13:33:56","slug":"los-argentinos-lamentan-la-suspension-de-la-finalissima-contra-espana-queriamos-medirnos-con-una-seleccion-de-europa-de-cara-al-mundial","status":"publish","type":"post","link":"https:\/\/diarioelpopular.com\/index.php\/2026\/03\/27\/los-argentinos-lamentan-la-suspension-de-la-finalissima-contra-espana-queriamos-medirnos-con-una-seleccion-de-europa-de-cara-al-mundial\/","title":{"rendered":"Los argentinos lamentan la suspensi\u00f3n de la Finalissima contra Espa\u00f1a: \u201cQuer\u00edamos medirnos con una selecci\u00f3n de Europa de cara al Mundial\u201d"},"content":{"rendered":"<div id=\"attachment_542514\" style=\"width: 1210px\" class=\"wp-caption alignnone\"><img loading=\"lazy\" decoding=\"async\" aria-describedby=\"caption-attachment-542514\" class=\"wp-image-542514 size-custom-big-size\" src=\"https:\/\/diarioelpopular.com\/wp-content\/uploads\/2026\/03\/Screen-Shot-2026-03-27-at-9.33.09-AM-1200x755.png\" alt=\"\" width=\"1200\" height=\"755\" srcset=\"https:\/\/diarioelpopular.com\/wp-content\/uploads\/2026\/03\/Screen-Shot-2026-03-27-at-9.33.09-AM-1200x755.png 1200w, https:\/\/diarioelpopular.com\/wp-content\/uploads\/2026\/03\/Screen-Shot-2026-03-27-at-9.33.09-AM-300x189.png 300w, https:\/\/diarioelpopular.com\/wp-content\/uploads\/2026\/03\/Screen-Shot-2026-03-27-at-9.33.09-AM-768x483.png 768w, https:\/\/diarioelpopular.com\/wp-content\/uploads\/2026\/03\/Screen-Shot-2026-03-27-at-9.33.09-AM-636x400.png 636w, https:\/\/diarioelpopular.com\/wp-content\/uploads\/2026\/03\/Screen-Shot-2026-03-27-at-9.33.09-AM-116x73.png 116w, https:\/\/diarioelpopular.com\/wp-content\/uploads\/2026\/03\/Screen-Shot-2026-03-27-at-9.33.09-AM.png 1024w\" sizes=\"auto, (max-width: 1200px) 100vw, 1200px\" \/><p id=\"caption-attachment-542514\" class=\"wp-caption-text\">Trofeo de la Finalissima en una imagen de archivo.<\/p><\/div>\n<p>&nbsp;<\/p>\n<p>&nbsp;<\/p>\n<div class=\"a_e_txt _df\">\n<ul>\n<li class=\"a_st\"><em><strong>Los hinchas del pa\u00eds sudamericano creen que la opci\u00f3n de jugar de visitantes en el Bernab\u00e9u permit\u00eda ilusionarse con una victoria \u00e9pica<\/strong><\/em><\/li>\n<\/ul>\n<\/div>\n<div class=\"a_e_m\"><\/div>\n<div>\n<p class=\"\">Cuando\u00a0<a title=\"https:\/\/elpais.com\/deportes\/2022-06-01\/argentina-silencia-a-italia-en-la-finalissima.html\" href=\"https:\/\/elpais.com\/deportes\/2022-06-01\/argentina-silencia-a-italia-en-la-finalissima.html\" target=\"_self\" rel=\"\" data-link-track-dtm=\"\" data-mrf-link=\"https:\/\/elpais.com\/deportes\/2022-06-01\/argentina-silencia-a-italia-en-la-finalissima.html\">Argentina e Italia estaban a pocas horas de jugar la Finalissima de 2022<\/a>, Mat\u00edas Bauso sac\u00f3 a su hijo y a varios de sus compa\u00f1eros de la escuela en Buenos Aires para juntarlos en casa.<\/p>\n<p class=\"\">Era una excusa para regalarse un momento familiar. Este viernes, con la cancelaci\u00f3n del partido que iban a disputar Argentina y Espa\u00f1a, los nenes no podr\u00e1n escaparse de nuevo por una ilusi\u00f3n similar. Miles de argentinos tampoco dejar\u00e1n lo que est\u00e9n haciendo para alentar a su selecci\u00f3n y compartir, en un pa\u00eds tan polarizado, una unidad nacional fugaz. La confirmaci\u00f3n de dos amistosos con rivales de menor peso de cara al Mundial no genera entusiasmo.<\/p>\n<p class=\"\">Aquella edici\u00f3n de 2022 se jug\u00f3 en Wembley, Inglaterra, con victoria de Argentina por 3 a 0. La de este a\u00f1o estaba agendada en Qatar, hasta que el conflicto en Oriente Pr\u00f3ximo trastoc\u00f3 los planes. Se plantearon al menos tres escenarios para disputarla, seg\u00fan lo informado por los organizadores: Madrid, Roma y un doble partido en Madrid y Buenos Aires. Sin acuerdo entre las partes, por ahora no habr\u00e1 cruce entre el campe\u00f3n de Am\u00e9rica y el de Europa.<\/p>\n<p class=\"\">Para Bauso, autor de t\u00edtulos como\u00a0<i>78: una historia oral del Mundial (2018),<\/i>\u00a0jugar en Madrid habr\u00eda sido una buena opci\u00f3n. \u201cMessi tiene varios partidos importantes ganados ah\u00ed; ganar de visitante le hubiera dado m\u00e1s \u00e9pica y eso de \u2018visitante\u2019 hubiera sido relativo porque lo habr\u00eda sido en cuanto a la tierra. Pero, si recib\u00edan la mitad de las entradas, los argentinos que hay en Espa\u00f1a, en el resto de Europa y algunos poquitos que viajaran desde ac\u00e1, habr\u00edan copado el sector que le tocaba a Argentina\u201d, dice.<\/p>\n<p class=\"\">Argentinos abordando con destino a Espa\u00f1a no es una escena remota dentro de la historia entre ambos pa\u00edses. Para enero de 2025, el diario\u00a0<i>La Naci\u00f3n<\/i>\u00a0report\u00f3 que<a title=\"https:\/\/www.lanacion.com.ar\/sociedad\/la-poblacion-argentina-en-espana-aumento-casi-un-50-entre-2021-y-2025-nid26122025\/#:~:text=En%20apenas%20cuatro%20a%C3%B1os%2C%20la%20cantidad%20de%20argentinos%20que%20residen,8%25)%20conservan%20nacionalidad%20extranjera.\" href=\"https:\/\/www.lanacion.com.ar\/sociedad\/la-poblacion-argentina-en-espana-aumento-casi-un-50-entre-2021-y-2025-nid26122025\/#:~:text=En%20apenas%20cuatro%20a%C3%B1os%2C%20la%20cantidad%20de%20argentinos%20que%20residen,8%25)%20conservan%20nacionalidad%20extranjera.\" target=\"_blank\" rel=\"noopener\" data-link-track-dtm=\"\" data-mrf-link=\"https:\/\/www.lanacion.com.ar\/sociedad\/la-poblacion-argentina-en-espana-aumento-casi-un-50-entre-2021-y-2025-nid26122025\/#:~:text=En%20apenas%20cuatro%20a%C3%B1os%2C%20la%20cantidad%20de%20argentinos%20que%20residen,8%25)%20conservan%20nacionalidad%20extranjera.\">\u00a0al menos 450.883 argentinos<\/a>\u00a0resid\u00edan en ese pa\u00eds. En 2018, muchos viajaron hasta Madrid por razones deportivas. Uno de ellos fue Gonzalo Gorno, un hincha de River Plate que cruz\u00f3 media Am\u00e9rica y un oc\u00e9ano para ver la final de\u00a0<a title=\"https:\/\/elpais.com\/deportes\/2018\/12\/09\/actualidad\/1544388788_348244.html\" href=\"https:\/\/elpais.com\/deportes\/2018\/12\/09\/actualidad\/1544388788_348244.html\" target=\"_self\" rel=\"\" data-link-track-dtm=\"\" data-mrf-link=\"https:\/\/elpais.com\/deportes\/2018\/12\/09\/actualidad\/1544388788_348244.html\">la Copa Libertadores que su club jug\u00f3 contra Boca Juniors<\/a>\u00a0en el Santiago Bernab\u00e9u. \u201cPara los argentinos, la Finalissima es un torneo muy importante. Ganarla era una raz\u00f3n de orgullo adicional a los campeonatos en la Copa Am\u00e9rica y el Mundial\u201d, explica.<\/p>\n<p class=\"\">Loreana Gim\u00e9nez tiene una perspectiva m\u00e1s amplia. \u201cMe hubiese encantado que se jugara en Buenos Aires. Pero, para ser neutrales \u2014bueno, no tanto\u2014, Roma me hubiese tentado tambi\u00e9n. En Roma \u2014y en Italia en general\u2014 el f\u00fatbol se vive con una intensidad muy parecida a la nuestra. O peor, \u00a1est\u00e1n locos! Adem\u00e1s, nos quieren mucho. Hubi\u00e9semos sido casi locales\u201d, dice.<\/p>\n<p class=\"\">Gim\u00e9nez creci\u00f3 en un entorno azul y oro. \u201cNac\u00ed hincha de Boca. Amo a Boca. Soy socia desde muy chica. Toda mi familia es de Boca y para m\u00ed no existe un plan mejor que ir a la Bombonera. Es algo completamente visceral y constante\u201d, explica. Ella ve\u00eda en la Finalissima contra Espa\u00f1a \u201cun spoiler de final (de Mundial), un partido que te ordena expectativas y te muestra d\u00f3nde est\u00e1s parado de verdad\u201d. Para Bauso, \u201cno jugar con Espa\u00f1a es un problema; en alg\u00fan momento ten\u00e9s que medirte, sobre todo con los europeos porque entre los sudamericanos se miden todo el tiempo. As\u00ed, van a llegar casi ciegos al Mundial\u201d.<\/p>\n<p class=\"\">Germ\u00e1n Benitez, hincha de Chacarita, cree que el partido era una muestra sobre los d\u00edas futuros. \u201cNos interesaba medir fuerzas con una selecci\u00f3n de Europa para ver qui\u00e9n est\u00e1 mejor parado para el Mundial\u201d, dice. A Laura Solzi, quien vive en Rosario, la Finalissima no le llamaba la atenci\u00f3n. \u201cSiempre voy a hinchar por el equipo argentino. Solo que le doy mucha m\u00e1s bola a Newell\u2019s\u201d, explica.<\/p>\n<p class=\"\">El andar de Lionel Messi en la selecci\u00f3n condicion\u00f3 todo lo deportivo y social en tiempo reciente. \u201cSiento que Messi gener\u00f3 todos estos a\u00f1os un deseo extra en los argentinos:\u00a0<i>ganar el mundial por Messi<\/i>. Esto ya sucedi\u00f3. El Mundial anterior fue incre\u00edble. Pero tambi\u00e9n extremadamente estresante. Mi pap\u00e1 casi muere de un infarto\u201d, dice Gim\u00e9nez.<\/p>\n<h2 class=\"\">Gen competitivo<\/h2>\n<p class=\"\">La cancelaci\u00f3n de la Finalissima genera dudas sobre la preparaci\u00f3n de la selecci\u00f3n argentina antes del Mundial. \u201cEra un lindo partido porque era competitivo\u201d, dice Solzi, en relaci\u00f3n con la chance de jugar contra Espa\u00f1a. \u201cAhora lo veo m\u00e1s como \u2018vamos a jugar un partido amistoso para ganar, golear, y ya fue\u2019, sin exigirse. Me parece que pierde todo el atractivo del f\u00fatbol\u201d, agrega.<\/p>\n<p class=\"\">\u201cUn solo partido contra Espa\u00f1a no demuestra el nivel real de Argentina. No vi nunca una selecci\u00f3n argentina tan dif\u00edcil de destruir desde lo emocional\u201d, opina Gorno. \u201cEspa\u00f1a es un rival que te exige desde lo futbol\u00edstico, no tanto desde lo f\u00edsico, como si lo hacen otras selecciones. Eso le viene bien a Argentina porque le permite jugar a lo que sabe, mantener la naturaleza de su juego. Va a ser un lindo partido\u201d, analiza Gim\u00e9nez ante un potencial cruce en el Mundial.<\/p>\n<p class=\"\">En vez de Espa\u00f1a, Argentina jugar\u00e1 contra Mauritania y Zambia durante esta jornada de amistosos. Dos encuentros cuestionados por la prensa especializada en el pa\u00eds y vistos con sospechas por muchos aficionados. Aun sin Finalissima, hay una diferencia clave en relaci\u00f3n con la Argentina que solo ten\u00eda dos estrellas en el pecho. \u201cEste plantel reafirm\u00f3 el v\u00ednculo de la selecci\u00f3n con la gente. M\u00e1s all\u00e1 de las competiciones y lo ganado, todo el tiempo estuvo a la altura. Es un equipo de \u00e9poca que tuvo un largo apogeo de, al menos, seis a\u00f1os. En cuanto al nivel individual de los jugadores, creo que Argentina no llega (al Mundial) en un lugar muy alto. Pero nunca despreciar\u00eda el gen competitivo del futbolista argentino. En este tiempo, el equipo desarroll\u00f3 un oficio. As\u00ed gan\u00f3 la \u00faltima Copa Am\u00e9rica. No siempre necesita jugar bien para ganar\u201d. Explica Bauso.<\/p>\n<h2 class=\"\">La dicotom\u00eda entre el club y la selecci\u00f3n<\/h2>\n<p class=\"\">El perfil del argentino que transmite m\u00e1s inter\u00e9s por su club que por la selecci\u00f3n es m\u00e1s com\u00fan de lo que podr\u00eda pensarse. Al momento de elegir, descubren cu\u00e1l de sus pasiones sienten m\u00e1s viva. \u201cSiempre quiero que gane la selecci\u00f3n argentina. Pero, si me enfrentan al dilema Racing o la selecci\u00f3n, voy a elegir a Racing\u201d, dice Bauso.<\/p>\n<p class=\"\">Antes del \u00faltimo Mundial, Argentina pas\u00f3 36 a\u00f1os sin ganarlo. Para Gim\u00e9nez, quien siendo una ni\u00f1a no iba a la escuela si Boca hab\u00eda perdido el d\u00eda anterior, el debate entre club y selecci\u00f3n no es cuesti\u00f3n de sentimientos contrapuestos. \u201cNo creo que la diferencia tenga que ver con querer m\u00e1s a uno u otro, sino con la forma en que se vive. El club es lo cotidiano, lo familiar, lo heredado. El f\u00fatbol en Argentina atraviesa la vida diaria, para bien o para mal. La selecci\u00f3n, en cambio, aparece en momentos m\u00e1s puntuales. Pero te da algo que el club no puede: una sensaci\u00f3n de unidad total\u201d, explica.<\/p>\n<p class=\"\">Solzi coincide con esa lectura. \u201cPara la gente que es hincha en serio de un club, el amor, la pasi\u00f3n, el sentimiento hacia ese club es tan grande que quiz\u00e1 lo otro le es m\u00e1s indiferente\u201d. Facundo Dom\u00ednguez, hincha de Independiente, tambi\u00e9n describe esa relaci\u00f3n como distinta. \u201cEl club de f\u00fatbol es algo que te identifica en relaci\u00f3n con los dem\u00e1s, defend\u00e9s esos colores\u201d, explica. Mientras que Ben\u00edtez no advierte diferencias entre uno y otro equipo: \u201cSiento la misma pasi\u00f3n por mi club que cuando juega la selecci\u00f3n: quiero que ganen\u201d.<\/p>\n<p class=\"\">Esa sensaci\u00f3n de unidad y pasi\u00f3n fue la que se vio en la pasada celebraci\u00f3n por el triunfo mundialista en Qatar 2022. Las calles de ciudades como Buenos Aires y Rosario<a title=\"https:\/\/elpais.com\/deportes\/mundial-futbol\/2022-12-20\/el-extasis-argentino-messi-y-la-seleccion-obligadas-a-sobrevolar-buenos-aires-en-helicoptero.html\" href=\"https:\/\/elpais.com\/deportes\/mundial-futbol\/2022-12-20\/el-extasis-argentino-messi-y-la-seleccion-obligadas-a-sobrevolar-buenos-aires-en-helicoptero.html\" target=\"_self\" rel=\"\" data-link-track-dtm=\"\" data-mrf-link=\"https:\/\/elpais.com\/deportes\/mundial-futbol\/2022-12-20\/el-extasis-argentino-messi-y-la-seleccion-obligadas-a-sobrevolar-buenos-aires-en-helicoptero.html\">\u00a0se llenaron de cientos de miles de personas a las que no les cab\u00eda la sonrisa en la cara<\/a>. Se estima que solo en Buenos Aires salieron cinco millones a festejar. La gran mayor\u00eda solo ten\u00eda una camiseta. La de la selecci\u00f3n.<\/p>\n<\/div>\n","protected":false},"excerpt":{"rendered":"<p>&nbsp; &nbsp; Los hinchas del pa\u00eds sudamericano creen que la opci\u00f3n de jugar de visitantes en el Bernab\u00e9u permit\u00eda ilusionarse con una victoria \u00e9pica Cuando\u00a0Argentina&hellip;<\/p>\n","protected":false},"author":99,"featured_media":542514,"comment_status":"open","ping_status":"open","sticky":false,"template":"","format":"standard","meta":{"footnotes":""},"categories":[28],"tags":[],"class_list":["post-542513","post","type-post","status-publish","format-standard","has-post-thumbnail","hentry","category-deportes"],"_links":{"self":[{"href":"https:\/\/diarioelpopular.com\/index.php\/wp-json\/wp\/v2\/posts\/542513","targetHints":{"allow":["GET"]}}],"collection":[{"href":"https:\/\/diarioelpopular.com\/index.php\/wp-json\/wp\/v2\/posts"}],"about":[{"href":"https:\/\/diarioelpopular.com\/index.php\/wp-json\/wp\/v2\/types\/post"}],"author":[{"embeddable":true,"href":"https:\/\/diarioelpopular.com\/index.php\/wp-json\/wp\/v2\/users\/99"}],"replies":[{"embeddable":true,"href":"https:\/\/diarioelpopular.com\/index.php\/wp-json\/wp\/v2\/comments?post=542513"}],"version-history":[{"count":1,"href":"https:\/\/diarioelpopular.com\/index.php\/wp-json\/wp\/v2\/posts\/542513\/revisions"}],"predecessor-version":[{"id":542515,"href":"https:\/\/diarioelpopular.com\/index.php\/wp-json\/wp\/v2\/posts\/542513\/revisions\/542515"}],"wp:featuredmedia":[{"embeddable":true,"href":"https:\/\/diarioelpopular.com\/index.php\/wp-json\/wp\/v2\/media\/542514"}],"wp:attachment":[{"href":"https:\/\/diarioelpopular.com\/index.php\/wp-json\/wp\/v2\/media?parent=542513"}],"wp:term":[{"taxonomy":"category","embeddable":true,"href":"https:\/\/diarioelpopular.com\/index.php\/wp-json\/wp\/v2\/categories?post=542513"},{"taxonomy":"post_tag","embeddable":true,"href":"https:\/\/diarioelpopular.com\/index.php\/wp-json\/wp\/v2\/tags?post=542513"}],"curies":[{"name":"wp","href":"https:\/\/api.w.org\/{rel}","templated":true}]}}