{"id":543473,"date":"2026-04-24T10:10:11","date_gmt":"2026-04-24T14:10:11","guid":{"rendered":"https:\/\/diarioelpopular.com\/?p=543473"},"modified":"2026-04-24T10:10:11","modified_gmt":"2026-04-24T14:10:11","slug":"ser-ciudadano-canadiense-es-la-unica-opcion-segura-para-no-perder-la-residencia-en-el-pais-2","status":"publish","type":"post","link":"https:\/\/diarioelpopular.com\/index.php\/2026\/04\/24\/ser-ciudadano-canadiense-es-la-unica-opcion-segura-para-no-perder-la-residencia-en-el-pais-2\/","title":{"rendered":"Ser ciudadano canadiense es la \u00fanica opci\u00f3n segura para no perder la residencia en el pa\u00eds"},"content":{"rendered":"<p class=\"p1\"><em><strong>Por Vilma Filici<\/strong><\/em><\/p>\n<p class=\"p1\"><em><strong>filici@filici.com<\/strong><\/em><\/p>\n<p class=\"p1\"><em><strong>TORONTO.<\/strong><\/em> La ministra de Inmigraci\u00f3n, Refugiados y Ciudadan\u00eda de Canad\u00e1, Lena Metlege Diab, conmemor\u00f3 recientemente la Semana de la Ciudadan\u00eda 2026 juramentando y dando la bienvenida a miles de nuevos ciudadanos canadienses<\/p>\n<p class=\"p1\">&#8220;Es un privilegio dar la bienvenida a los nuevos ciudadanos a Canad\u00e1 y reconocer las trayectorias que los han tra\u00eddo hasta aqu\u00ed. Estos momentos reflejan los valores que definen a Canad\u00e1: apertura, inclusi\u00f3n y la oportunidad para que todos triunfen y contribuyan. Al celebrar estos hitos, animo a los canadienses a reflexionar sobre lo que significa formar parte de nuestra diversa familia canadiense y a mirar hacia el futuro con confianza y esperanza\u201d, dijo la funcionaria.<\/p>\n<p class=\"p1\">Del 12 al 18 de abril se llevaron a cabo m\u00e1s de 80 ceremonias de ciudadan\u00eda en todo el pa\u00eds, dando la bienvenida a aproximadamente 6.000 nuevos ciudadanos de 40 pa\u00edses al prestar juramento de ciudadan\u00eda, el paso final en su camino para convertirse en canadienses y comenzar un nuevo cap\u00edtulo en sus vidas.<span class=\"Apple-converted-space\">\u00a0<\/span><\/p>\n<p class=\"p1\">Durante dicha semana, la ministra Metlege destac\u00f3 la importancia del sentido de pertenencia, la participaci\u00f3n c\u00edvica y nuestro papel colectivo en la construcci\u00f3n de un Canad\u00e1 fuerte e inclusivo. Y se reuni\u00f3 con los nuevos ciudadanos y sus familias, reconociendo sus contribuciones y el papel que desempe\u00f1ar\u00e1n en la configuraci\u00f3n del futuro del pa\u00eds.<\/p>\n<p class=\"p1\">Yo quiero aprovechar la Semana de la Ciudadan\u00eda en Canad\u00e1 para recordar otro elemento que es fundamental que tengamos en cuenta quienes vivimos en este pa\u00eds: que ser ciudadano canadiense es la \u00fanica opci\u00f3n segura para no perder la residencia en Canad\u00e1. Esto no lo debemos olvidar.<\/p>\n<p class=\"p1\">Sobre la base de las estad\u00edsticas oficiales m\u00e1s recientes con que se cuenta, las del Censo del 2021 (el pr\u00f3ximo censo se lleva a cabo precisamente este a\u00f1o), el pa\u00eds alcanz\u00f3 ya los 40 millones de habitantes, agregando m\u00e1s de un mill\u00f3n de nuevos residentes en un lapso de un a\u00f1o (desde enero del 2022 hasta enero de 2023) lo que significa una tasa del 2,7 por ciento, que es el aumento porcentual m\u00e1s alto en el pa\u00eds desde el a\u00f1o 1957, cuando fue del 3,3 por ciento.<\/p>\n<p class=\"p1\">Hay que considerar que la instituci\u00f3n gubernamental Estad\u00edsticas Canad\u00e1 cuenta en tiempo real los nacimientos, las defunciones, los inmigrantes, los emigrantes, los residentes no permanentes y los migrantes interprovinciales, y que adem\u00e1s de llevar el conteo total del pa\u00eds tambi\u00e9n lleva la cuenta de la poblaci\u00f3n de cada provincia y territorio.<\/p>\n<p class=\"p1\">Pero tambi\u00e9n hay que considerar que, con los nuevos cambios en el sistema migratorio, estos niveles de crecimiento est\u00e1n comenzando a disminuir significativamente.<\/p>\n<p class=\"p1\">Un dato que me parece sumamente interesante en el \u00faltimo informe de Estad\u00edsticas Canad\u00e1 es que de esos 40 millones de personas que en ese momento viv\u00edan en el pa\u00eds, alrededor de un mill\u00f3n, o m\u00e1s, exactamente la cantidad correspondiente al 2,5 por ciento de la poblaci\u00f3n, eran residentes no permanentes (NPR) de Canad\u00e1. Es decir, trabajadores temporales, solicitantes de refugio y estudiantes internacionales, entre otros.<\/p>\n<p class=\"p1\">Los residentes no permanentes (NPR) se comenzaron a contar en el censo por primera vez en 1991, y constitu\u00edan el 0,8 por ciento de la poblaci\u00f3n. En el censo del 2021, eran 924.850 residentes, o sea el 2,5 por ciento de la poblaci\u00f3n total de Canad\u00e1.<\/p>\n<p class=\"p1\">En otras palabras, este aproximadamente mill\u00f3n de personas no tienen derecho a voto y pueden ser sujeto a deportaci\u00f3n por diversas razones, como por ejemplo si cometen un delito. Sin embargo, s\u00ed pueden participar en sectores clave del pa\u00eds, como en el sistema de educaci\u00f3n postsecundaria y contribuir a la econom\u00eda como consumidores y trabajadores, si es que el gobierno les otorga un permiso de trabajo.<\/p>\n<p class=\"p1\">El informe tambi\u00e9n se\u00f1al\u00f3 que, de estos 924.850 residentes no permanentes en Canad\u00e1, solo el 40,1 por ciento era poseedor de un permiso de trabajo, y el 14,2 por ciento ten\u00eda un permiso de trabajo y estudio. Los que solo tienen un permiso de estudios (en su mayor\u00eda estudiantes internacionales) representaban el 21,9 por ciento, mientras que los solicitantes de asilo (personas que buscan protecci\u00f3n como refugiados) representaban el 15,1 por ciento. Las personas que viven de forma indocumentada en al pa\u00eds obviamente no fueron contadas.<\/p>\n<p class=\"p1\">Visto desde otra perspectiva, estos datos nos muestran que la realidad es que no todos los que vivimos en este pa\u00eds somos iguales, porque tanto los residentes permanentes como los residentes no permanentes, los solicitantes de refugio y los indocumentados, son sujetos para ser deportados de Canad\u00e1.<\/p>\n<p class=\"p1\">Los \u00fanicos que est\u00e1n exentos de una situaci\u00f3n dif\u00edcil como esa son los ciudadanos canadienses, por lo que es sumamente importante que una vez que reunamos todos los requisitos procedamos a tramitar nuestra ciudadan\u00eda.<\/p>\n<p class=\"p1\">Porque si una persona que no es ciudadana canadiense comete un acto criminal y es encontrada culpable de haberlo cometido, y si el juez le da seis meses o m\u00e1s de condena, la persona pierde todos sus derechos a una apelaci\u00f3n ante el Consejo de Apelaciones de Inmigraci\u00f3n de Canad\u00e1. Este \u00faltimo es un cuerpo de apelaciones que tiene el poder para decidir si en el momento que se dio la orden de deportaci\u00f3n hubo un error de hechos, de interpretaci\u00f3n de los hechos, un error legal, una falta a los derechos de la persona, o si hay razones humanitarias y de compasi\u00f3n para que esta persona permanezca en el pa\u00eds aun teniendo un r\u00e9cord criminal.<\/p>\n<p class=\"p1\">Esta legislaci\u00f3n, conocida como Ley C-46, supuestamente tiene como objetivo atacar a los criminales de alto riesgo que llegan al pa\u00eds, a personas verdaderamente malas como narcotraficantes, o casos en que realmente nadie quisiera tener a esas personas de vecinos. Pero por desgracia no son solamente estas las personas que est\u00e1n siendo afectadas con esta legislaci\u00f3n, ya que \u00e9ste es s\u00f3lo un grupo minoritario a quienes se les aplica la misma.<\/p>\n<p class=\"p1\">Lamentablemente en nuestra comunidad hay muchas personas que piensan que al tener la residencia permanente ya est\u00e1n libres de poder ser deportados, y eso los lleva a cometer muchos errores. Estoy hablando de personas que tienen problemas con las autoridades, ya sea por haber cometido hurto en un negocio, por haber manejado en estado de ebriedad o por haber asaltado a un miembro de su familia.<\/p>\n<p class=\"p1\">Estos son realmente cr\u00edmenes que son comunes y que lamentablemente a veces se cometen por cuestiones culturales. Por ejemplo, personas que para educar a sus hijos usan la violencia, sin darse cuenta de que en Canad\u00e1 el golpear a un hijo es considerado asalto, y que, si se usa un cintur\u00f3n o cualquier otro objeto en el acto, esto es considerado como asalto con un arma.<\/p>\n<p class=\"p1\">Definitivamente es un grave error no estar al tanto de que lo que una persona podr\u00eda considerar disciplina de acuerdo con su cultura, en Canad\u00e1 se considera un crimen, y espec\u00edficamente asalto a una persona, ya sea la esposa, los hijos o cualquier otro miembro de la familia.<\/p>\n<p class=\"p1\">Al final de cuentas, lo m\u00e1s importante es que tengamos claro que tan pronto como usted sea elegible para solicitar la ciudadan\u00eda canadiense, lo haga inmediatamente. No lo dude ni un momento, dado que con toda seguridad esta es la mejor manera que usted tiene para proteger su residencia en Canad\u00e1.<\/p>\n","protected":false},"excerpt":{"rendered":"<p>Por Vilma Filici filici@filici.com TORONTO. La ministra de Inmigraci\u00f3n, Refugiados y Ciudadan\u00eda de Canad\u00e1, Lena Metlege Diab, conmemor\u00f3 recientemente la Semana de la Ciudadan\u00eda 2026&hellip;<\/p>\n","protected":false},"author":99,"featured_media":0,"comment_status":"open","ping_status":"open","sticky":false,"template":"","format":"standard","meta":{"footnotes":""},"categories":[81,11366,25],"tags":[],"class_list":["post-543473","post","type-post","status-publish","format-standard","hentry","category-columnistas","category-comunidad","category-inmigracion"],"_links":{"self":[{"href":"https:\/\/diarioelpopular.com\/index.php\/wp-json\/wp\/v2\/posts\/543473","targetHints":{"allow":["GET"]}}],"collection":[{"href":"https:\/\/diarioelpopular.com\/index.php\/wp-json\/wp\/v2\/posts"}],"about":[{"href":"https:\/\/diarioelpopular.com\/index.php\/wp-json\/wp\/v2\/types\/post"}],"author":[{"embeddable":true,"href":"https:\/\/diarioelpopular.com\/index.php\/wp-json\/wp\/v2\/users\/99"}],"replies":[{"embeddable":true,"href":"https:\/\/diarioelpopular.com\/index.php\/wp-json\/wp\/v2\/comments?post=543473"}],"version-history":[{"count":1,"href":"https:\/\/diarioelpopular.com\/index.php\/wp-json\/wp\/v2\/posts\/543473\/revisions"}],"predecessor-version":[{"id":543474,"href":"https:\/\/diarioelpopular.com\/index.php\/wp-json\/wp\/v2\/posts\/543473\/revisions\/543474"}],"wp:attachment":[{"href":"https:\/\/diarioelpopular.com\/index.php\/wp-json\/wp\/v2\/media?parent=543473"}],"wp:term":[{"taxonomy":"category","embeddable":true,"href":"https:\/\/diarioelpopular.com\/index.php\/wp-json\/wp\/v2\/categories?post=543473"},{"taxonomy":"post_tag","embeddable":true,"href":"https:\/\/diarioelpopular.com\/index.php\/wp-json\/wp\/v2\/tags?post=543473"}],"curies":[{"name":"wp","href":"https:\/\/api.w.org\/{rel}","templated":true}]}}