{"id":543502,"date":"2026-04-25T10:56:52","date_gmt":"2026-04-25T14:56:52","guid":{"rendered":"https:\/\/diarioelpopular.com\/?p=543502"},"modified":"2026-04-25T10:56:52","modified_gmt":"2026-04-25T14:56:52","slug":"adolescente-perece-tras-tiroteo-en-centro-comercial","status":"publish","type":"post","link":"https:\/\/diarioelpopular.com\/index.php\/2026\/04\/25\/adolescente-perece-tras-tiroteo-en-centro-comercial\/","title":{"rendered":"Adolescente perece tras tiroteo en centro comercial"},"content":{"rendered":"<p><img loading=\"lazy\" decoding=\"async\" class=\"alignnone size-custom-full-size wp-image-543503\" src=\"https:\/\/diarioelpopular.com\/wp-content\/uploads\/2026\/04\/Screen-Shot-2026-04-25-at-10.56.13-AM-636x400.png\" alt=\"\" width=\"636\" height=\"400\" srcset=\"https:\/\/diarioelpopular.com\/wp-content\/uploads\/2026\/04\/Screen-Shot-2026-04-25-at-10.56.13-AM-636x400.png 636w, https:\/\/diarioelpopular.com\/wp-content\/uploads\/2026\/04\/Screen-Shot-2026-04-25-at-10.56.13-AM-300x189.png 300w, https:\/\/diarioelpopular.com\/wp-content\/uploads\/2026\/04\/Screen-Shot-2026-04-25-at-10.56.13-AM-768x483.png 768w, https:\/\/diarioelpopular.com\/wp-content\/uploads\/2026\/04\/Screen-Shot-2026-04-25-at-10.56.13-AM-116x73.png 116w, https:\/\/diarioelpopular.com\/wp-content\/uploads\/2026\/04\/Screen-Shot-2026-04-25-at-10.56.13-AM.png 842w\" sizes=\"auto, (max-width: 636px) 100vw, 636px\" \/><\/p>\n<p>&nbsp;<\/p>\n<ul>\n<li><em><strong>La polic\u00eda inform\u00f3 que dos sospechosos fueron vistos huyendo de Jackson Square en Hamilton y se cree que portaban armas de fuego<\/strong><\/em><\/li>\n<\/ul>\n<p>&nbsp;<\/p>\n<p>Un joven de 16 a\u00f1os falleci\u00f3 tras lo que la polic\u00eda cree que fue un tiroteo selectivo dentro de un centro comercial del centro de Hamilton este viernes.<\/p>\n<p>La polic\u00eda de esta localidad inform\u00f3 en varias publicaciones en redes sociales que los agentes estaban investigando un tiroteo en Jackson Square a \u00faltima hora de la tarde.<\/p>\n<p>Inicialmente, la polic\u00eda inform\u00f3 que un hombre fue trasladado al hospital con heridas que pon\u00edan en peligro su vida, pero posteriormente confirm\u00f3 que la v\u00edctima hab\u00eda fallecido a causa de sus heridas.<\/p>\n<p>&#8220;En estos momentos, nuestras condolencias est\u00e1n con la v\u00edctima y su familia&#8221;, declar\u00f3 el superintendente Martin Schulenberg a los periodistas en el lugar de los hechos el viernes por la noche.<\/p>\n<p><em><strong>&#8220;Tiroteo descarado&#8221;<\/strong><\/em><br \/>\n&#8220;Se trata de un tiroteo descarado que ocurri\u00f3 dentro de un centro comercial. Obviamente, estamos muy preocupados por esto&#8221;.<\/p>\n<p>Schulenberg indic\u00f3 que la unidad de homicidios se ha hecho cargo de la investigaci\u00f3n.<\/p>\n<p>Seg\u00fan la polic\u00eda, se efectuaron varios disparos dentro de una tienda de tel\u00e9fonos celulares poco despu\u00e9s de las 5 p.m., mientras el centro comercial estaba concurrido.<\/p>\n<p>\u201cHubo un altercado justo antes del tiroteo, por lo que creemos que se trata de un ataque espec\u00edfico dirigido en relaci\u00f3n con este altercado\u201d, declar\u00f3 Schulenberg.<\/p>\n<p>Seg\u00fan la polic\u00eda, se vieron a dos sospechosos huyendo del lugar hacia el este, en direcci\u00f3n a la calle James. Los sospechosos son descritos como hombres blancos de entre 19 y 20 a\u00f1os. Uno vest\u00eda un ch\u00e1ndal gris y el otro, uno azul.<\/p>\n<p>La polic\u00eda cree que ambos portaban armas de fuego, una de ellas un rifle, y pide al p\u00fablico que no se acerque a ellos y que llame al 911 inmediatamente si los ve.<\/p>\n<p>Schulenberg indic\u00f3 que el personal de seguridad del centro comercial ayud\u00f3 a los agentes a controlar la situaci\u00f3n a pesar del traum\u00e1tico suceso.<\/p>\n<p>\u201cSe trata de disparos dentro de un centro comercial en pleno funcionamiento\u201d, afirm\u00f3. \u201cPor lo tanto, existe una gran preocupaci\u00f3n entre los compradores, los peatones y las personas que transitan por la zona. Los agentes llegaron muy r\u00e1pidamente\u201d.<\/p>\n<p>La zona permaneci\u00f3 cerrada al p\u00fablico durante varias horas mientras los investigadores forenses recolectaban pruebas dentro y alrededor del centro comercial.<\/p>\n<p>\u201cAnalizar\u00e1n todos los aspectos relacionados con la entrada y salida de los sospechosos, as\u00ed como cualquier punto intermedio\u201d, declar\u00f3 Schulenberg.<\/p>\n<p>La alcaldesa de Hamilton, Andrea Horwath, expres\u00f3 su profunda tristeza al enterarse de la muerte del ni\u00f1o en el tiroteo \u201csin sentido\u201d. \u201cUna vida joven arrebatada demasiado pronto\u201d, escribi\u00f3 en redes sociales.<\/p>\n<p>\u201cLas armas no tienen cabida en nuestras calles. Punto. Este fue un acto de violencia espantoso y debe terminar\u201d.<\/p>\n<p>\u201cA los numerosos miembros de la comunidad a quienes se les pidi\u00f3 que se refugiaran en sus casas mientras la polic\u00eda buscaba a los sospechosos, s\u00e9 que debe haber sido una experiencia aterradora, y estoy pensando en todos los afectados\u201d, expres\u00f3.<\/p>\n<p>La polic\u00eda cerr\u00f3 las calles entre King St., James St. y MacNab St. mientras continuaba la investigaci\u00f3n.<\/p>\n<p>Se solicita a cualquier persona que tenga informaci\u00f3n que se comunique con el detective Robert Di Ianni de la Unidad de Homicidios al (905) 546-3865 o con Hamilton Crime Stoppers al 1-800-222-TIPS (8477).<\/p>\n","protected":false},"excerpt":{"rendered":"<p>&nbsp; La polic\u00eda inform\u00f3 que dos sospechosos fueron vistos huyendo de Jackson Square en Hamilton y se cree que portaban armas de fuego &nbsp; Un&hellip;<\/p>\n","protected":false},"author":99,"featured_media":543503,"comment_status":"open","ping_status":"open","sticky":false,"template":"","format":"standard","meta":{"footnotes":""},"categories":[11364],"tags":[],"class_list":["post-543502","post","type-post","status-publish","format-standard","has-post-thumbnail","hentry","category-toronto-gta"],"_links":{"self":[{"href":"https:\/\/diarioelpopular.com\/index.php\/wp-json\/wp\/v2\/posts\/543502","targetHints":{"allow":["GET"]}}],"collection":[{"href":"https:\/\/diarioelpopular.com\/index.php\/wp-json\/wp\/v2\/posts"}],"about":[{"href":"https:\/\/diarioelpopular.com\/index.php\/wp-json\/wp\/v2\/types\/post"}],"author":[{"embeddable":true,"href":"https:\/\/diarioelpopular.com\/index.php\/wp-json\/wp\/v2\/users\/99"}],"replies":[{"embeddable":true,"href":"https:\/\/diarioelpopular.com\/index.php\/wp-json\/wp\/v2\/comments?post=543502"}],"version-history":[{"count":1,"href":"https:\/\/diarioelpopular.com\/index.php\/wp-json\/wp\/v2\/posts\/543502\/revisions"}],"predecessor-version":[{"id":543504,"href":"https:\/\/diarioelpopular.com\/index.php\/wp-json\/wp\/v2\/posts\/543502\/revisions\/543504"}],"wp:featuredmedia":[{"embeddable":true,"href":"https:\/\/diarioelpopular.com\/index.php\/wp-json\/wp\/v2\/media\/543503"}],"wp:attachment":[{"href":"https:\/\/diarioelpopular.com\/index.php\/wp-json\/wp\/v2\/media?parent=543502"}],"wp:term":[{"taxonomy":"category","embeddable":true,"href":"https:\/\/diarioelpopular.com\/index.php\/wp-json\/wp\/v2\/categories?post=543502"},{"taxonomy":"post_tag","embeddable":true,"href":"https:\/\/diarioelpopular.com\/index.php\/wp-json\/wp\/v2\/tags?post=543502"}],"curies":[{"name":"wp","href":"https:\/\/api.w.org\/{rel}","templated":true}]}}