{"id":543506,"date":"2026-04-25T11:06:01","date_gmt":"2026-04-25T15:06:01","guid":{"rendered":"https:\/\/diarioelpopular.com\/?p=543506"},"modified":"2026-04-25T11:06:01","modified_gmt":"2026-04-25T15:06:01","slug":"la-herida-abierta-de-los-desaparecidos-en-mexico-en-este-pais-sales-a-buscarlos-o-te-quedas-llorando-en-casa","status":"publish","type":"post","link":"https:\/\/diarioelpopular.com\/index.php\/2026\/04\/25\/la-herida-abierta-de-los-desaparecidos-en-mexico-en-este-pais-sales-a-buscarlos-o-te-quedas-llorando-en-casa\/","title":{"rendered":"La herida abierta de los desaparecidos en M\u00e9xico: \u201cEn este pa\u00eds sales a buscarlos o te quedas llorando en casa\u201d"},"content":{"rendered":"<div id=\"attachment_543507\" style=\"width: 1210px\" class=\"wp-caption alignnone\"><img loading=\"lazy\" decoding=\"async\" aria-describedby=\"caption-attachment-543507\" class=\"wp-image-543507 size-custom-big-size\" src=\"https:\/\/diarioelpopular.com\/wp-content\/uploads\/2026\/04\/Screen-Shot-2026-04-25-at-11.05.10-AM-1200x683.png\" alt=\"\" width=\"1200\" height=\"683\" srcset=\"https:\/\/diarioelpopular.com\/wp-content\/uploads\/2026\/04\/Screen-Shot-2026-04-25-at-11.05.10-AM-1200x683.png 1200w, https:\/\/diarioelpopular.com\/wp-content\/uploads\/2026\/04\/Screen-Shot-2026-04-25-at-11.05.10-AM-300x171.png 300w, https:\/\/diarioelpopular.com\/wp-content\/uploads\/2026\/04\/Screen-Shot-2026-04-25-at-11.05.10-AM-768x437.png 768w, https:\/\/diarioelpopular.com\/wp-content\/uploads\/2026\/04\/Screen-Shot-2026-04-25-at-11.05.10-AM-636x362.png 636w, https:\/\/diarioelpopular.com\/wp-content\/uploads\/2026\/04\/Screen-Shot-2026-04-25-at-11.05.10-AM-128x73.png 128w, https:\/\/diarioelpopular.com\/wp-content\/uploads\/2026\/04\/Screen-Shot-2026-04-25-at-11.05.10-AM.png 1024w\" sizes=\"auto, (max-width: 1200px) 100vw, 1200px\" \/><p id=\"caption-attachment-543507\" class=\"wp-caption-text\">Carolina Espinoza Cano participa en labores de identificaci\u00f3n de restos humanos, en Ciudad de M\u00e9xico, el 23 de abril. Foto Nayeli Cruz<\/p><\/div>\n<p>&nbsp;<\/p>\n<p>&nbsp;<\/p>\n<ul>\n<li><em><strong>Las madres y las autoridades rastrean una nueva fosa en Tl\u00e1huac, zona de frontera entre Ciudad de M\u00e9xico y el Estado de M\u00e9xico donde se ha registrado alta criminalidad<\/strong><\/em><\/li>\n<\/ul>\n<p>&nbsp;<\/p>\n<p class=\"\">Unos montones de tierra se calientan al sol, un sol dur\u00edsimo, a la orilla de la laguna de La Habana, a unos 40 kil\u00f3metros al sur de Ciudad de M\u00e9xico. Es un paso necesario para quitarle la humedad y que no haya bloques, sino bolitas que se puedan deshacer con los dedos sobre una malla met\u00e1lica. Esos dedos se mueven como si chasquearan entre s\u00ed y se paran cuando notan algo peque\u00f1o y duro. Algo como un diente, una falange, un huesecillo. Algunos de esos dedos que escudri\u00f1an la tierra, junto a funcionarios y forenses, son los de madres que buscan los restos de sus hijas, los de una hija que busca a su padre, los de una hermana que quiere saber d\u00f3nde est\u00e1 su hermano.<\/p>\n<p class=\"\">En esta fosa de Tl\u00e1huac, en tres semanas se han hallado\u00a0<a title=\"https:\/\/elpais.com\/mexico\/2026-04-19\/colectivos-de-busqueda-hallan-mas-de-1000-fragmentos-de-restos-oseos-cerca-de-una-laguna-en-tlahuac.html\" href=\"https:\/\/elpais.com\/mexico\/2026-04-19\/colectivos-de-busqueda-hallan-mas-de-1000-fragmentos-de-restos-oseos-cerca-de-una-laguna-en-tlahuac.html\" target=\"_self\" rel=\"\" data-link-track-dtm=\"\" data-mrf-link=\"https:\/\/elpais.com\/mexico\/2026-04-19\/colectivos-de-busqueda-hallan-mas-de-1000-fragmentos-de-restos-oseos-cerca-de-una-laguna-en-tlahuac.html\">m\u00e1s de 1.400 restos \u00f3seos humanos<\/a>\u00a0que el ADN determinar\u00e1 si corresponden a alguno o a varios de los m\u00e1s de\u00a0<a title=\"https:\/\/elpais.com\/mexico\/2025-03-23\/mexico-el-pais-que-desaparece-sin-rastro-de-125000-personas.html\" href=\"https:\/\/elpais.com\/mexico\/2025-03-23\/mexico-el-pais-que-desaparece-sin-rastro-de-125000-personas.html\" target=\"_self\" rel=\"\" data-link-track-dtm=\"\" data-mrf-link=\"https:\/\/elpais.com\/mexico\/2025-03-23\/mexico-el-pais-que-desaparece-sin-rastro-de-125000-personas.html\">130.000 desaparecidos que hay en M\u00e9xico<\/a>. Es solo una de las miles de excavaciones que se han llevado a cabo en dos d\u00e9cadas, la parte m\u00e1s tangible de la descomunal herida abierta en todo el pa\u00eds que los colectivos de b\u00fasqueda, nada m\u00e1s que madres y familiares con sus propios medios, tratan de hacer visible en una lucha contra la impunidad y la desidia del Estado. \u201cNosotras, sin quererlo, nos volvemos abogadas, polic\u00edas, antrop\u00f3logas, psic\u00f3logas\u2026 aprendes a caminar la tierra, a buscar en lugares que no imaginas\u201d, dice Jacqueline Palmeros, de 43 a\u00f1os, fundadora del colectivo Una luz en el camino, uno de los m\u00e1s de 400 que hay en M\u00e9xico.<\/p>\n<p>&nbsp;<\/p>\n<div class=\"a_c clearfix\" data-dtm-region=\"articulo_cuerpo\">\n<figure class=\"a_m a_m-h \">\n<p><div style=\"width: 424px\" class=\"wp-caption alignnone\"><img loading=\"lazy\" decoding=\"async\" class=\"_re lazyload a_m-h\" src=\"https:\/\/imagenes.elpais.com\/resizer\/v2\/EWI4K2RAZZAZHMA2JDWTHQJJKA.jpg?auth=bf2cd89c76d3b410a76e91620b58ae8408f47418e9ef704a92a4e254a451caf0&amp;width=414\" sizes=\"auto, (min-width:1199px) 760px,(min-width:1001px) calc((100vw - 44px-11*31px)\/12*8+217), (min-width:767px) 767px, 100vw\" srcset=\"https:\/\/imagenes.elpais.com\/resizer\/v2\/EWI4K2RAZZAZHMA2JDWTHQJJKA.jpg?auth=bf2cd89c76d3b410a76e91620b58ae8408f47418e9ef704a92a4e254a451caf0&amp;width=414 414w,https:\/\/imagenes.elpais.com\/resizer\/v2\/EWI4K2RAZZAZHMA2JDWTHQJJKA.jpg?auth=bf2cd89c76d3b410a76e91620b58ae8408f47418e9ef704a92a4e254a451caf0&amp;width=828 640w,https:\/\/imagenes.elpais.com\/resizer\/v2\/EWI4K2RAZZAZHMA2JDWTHQJJKA.jpg?auth=bf2cd89c76d3b410a76e91620b58ae8408f47418e9ef704a92a4e254a451caf0&amp;width=980 1000w,https:\/\/imagenes.elpais.com\/resizer\/v2\/EWI4K2RAZZAZHMA2JDWTHQJJKA.jpg?auth=bf2cd89c76d3b410a76e91620b58ae8408f47418e9ef704a92a4e254a451caf0&amp;width=1960 1960w\" alt=\"\" width=\"414\" height=\"276\" \/><p class=\"wp-caption-text\">Jaqueline Palmeros en las inmediaciones de la Laguna La Habana, en Ciudad de M\u00e9xico. Foto Nayeli Cruz<\/p><\/div><figcaption class=\"a_m_p\" aria-hidden=\"true\"><\/figcaption><\/figure>\n<p>&nbsp;<\/p>\n<p class=\"\">Su hija, Montserrat Uribe Palmeros, desapareci\u00f3 en Ciudad de M\u00e9xico el 24 de julio de 2020 cuando iba a una entrevista de trabajo. \u201cLa busqu\u00e9 en 23 Estados, de Tijuana [al norte] a Chiapas [sur]. Me met\u00ed en zonas de tolerancia donde trabajan sexoservidoras, en cachimbas [bares de carretera]. Yo sola, con mis recursos\u201d, cuenta. Segu\u00eda la pista de un mensaje an\u00f3nimo que le lleg\u00f3 por Facebook a las dos semanas de aquel d\u00eda, en el que le dec\u00edan que su hija estaba en una red de trata con fines sexuales o en el\u00a0<a title=\"https:\/\/elpais.com\/mexico\/2025-10-27\/el-ajusco-la-reserva-natural-de-los-desaparecidos.html\" href=\"https:\/\/elpais.com\/mexico\/2025-10-27\/el-ajusco-la-reserva-natural-de-los-desaparecidos.html\" target=\"_self\" rel=\"\" data-link-track-dtm=\"\" data-mrf-link=\"https:\/\/elpais.com\/mexico\/2025-10-27\/el-ajusco-la-reserva-natural-de-los-desaparecidos.html\">Ajusco, un enorme bosque al sur de la capital sobre un macizo volc\u00e1nico.<\/a>\u00a0Empez\u00f3 a organizar batidas all\u00ed pese a que \u201clas autoridades no pensaban que fu\u00e9ramos a encontrar nada. Pero en esa zona hallamos cuerpos frescos y restos \u00f3seos de los que d\u00e1bamos aviso\u201d. Cuatro a\u00f1os despu\u00e9s, en un barranco lleno de vidrios de ese mismo bosque,\u00a0<a title=\"https:\/\/elpais.com\/mexico\/2025-02-03\/el-ultimo-adios-de-jael-monserrat-tras-cuatro-anos-de-su-desaparicion.html\" href=\"https:\/\/elpais.com\/mexico\/2025-02-03\/el-ultimo-adios-de-jael-monserrat-tras-cuatro-anos-de-su-desaparicion.html\" target=\"_self\" rel=\"\" data-link-track-dtm=\"\" data-mrf-link=\"https:\/\/elpais.com\/mexico\/2025-02-03\/el-ultimo-adios-de-jael-monserrat-tras-cuatro-anos-de-su-desaparicion.html\">encontr\u00f3 restos de Montserrat<\/a>: \u201cUn cr\u00e1neo, una mand\u00edbula y dos v\u00e9rtebras\u201d.<\/p>\n<p class=\"\">Solo ahora es capaz de pronunciar esas palabras con cierta calma, dice con la camiseta blanca en que se ve la foto de su hija sonriendo, que ten\u00eda dos ni\u00f1os de un a\u00f1o y medio y cuatro a\u00f1os. Pero sigue buscando. \u201cSepult\u00e9 sus restos, pero quiero encontrar lo dem\u00e1s. Yo par\u00ed una hija completa, no un cr\u00e1neo. Hallar lo dem\u00e1s es parte del acceso a la verdad, quiero saber qu\u00e9 sucedi\u00f3\u201d, afirma. Ella tuvo que hacer sus propias investigaciones. \u201cNunca la buscaron, en este pa\u00eds o sales a buscar o te quedas en casa a llorar. El Estado es inoperante y tiene una deuda hist\u00f3rica con las familias de desaparecidos. Algunas llevan 30 a\u00f1os sin saber\u201d.<\/p>\n<p class=\"\">En las plazas de las ciudades se ven carteles con fotos de rostros y sus nombres completos, testimonio quieto del dolor de esas ausencias que las madres buscadoras sienten y hacen presente. Luchan por hacer visible la causa, por eso preparan actos para el Mundial de F\u00fatbol, del que M\u00e9xico es sede. \u201cEs necesario que el mundo entero se entere de qu\u00e9 est\u00e1 pasando en nuestro pa\u00eds\u201d, dice en una semana en la que el tema de los desaparecidos s\u00ed ha estado en la agenda p\u00fablica por la\u00a0<a title=\"https:\/\/elpais.com\/mexico\/2026-04-21\/la-reunion-entre-sheinbaum-y-el-alto-comisionado-de-la-onu-concentra-el-pulso-por-la-crisis-de-los-desaparecidos.html#?rel=mas\" href=\"https:\/\/elpais.com\/mexico\/2026-04-21\/la-reunion-entre-sheinbaum-y-el-alto-comisionado-de-la-onu-concentra-el-pulso-por-la-crisis-de-los-desaparecidos.html#?rel=mas\" target=\"_self\" rel=\"\" data-link-track-dtm=\"\" data-mrf-link=\"https:\/\/elpais.com\/mexico\/2026-04-21\/la-reunion-entre-sheinbaum-y-el-alto-comisionado-de-la-onu-concentra-el-pulso-por-la-crisis-de-los-desaparecidos.html\">visita del Alto Comisionado de Derechos Humanos\u00a0<\/a>de la ONU, Volker T\u00fcrk.<\/p>\n<p class=\"\">Lleg\u00f3 a la Ciudad de M\u00e9xico, donde se reuni\u00f3 con colectivos de b\u00fasqueda y autoridades,\u00a0<a title=\"https:\/\/elpais.com\/mexico\/2026-04-03\/la-tragedia-de-las-dos-cecilias-en-la-crisis-de-los-desaparecidos-de-mexico-llega-a-la-onu.html\" href=\"https:\/\/elpais.com\/mexico\/2026-04-03\/la-tragedia-de-las-dos-cecilias-en-la-crisis-de-los-desaparecidos-de-mexico-llega-a-la-onu.html\" target=\"_self\" rel=\"\" data-link-track-dtm=\"\" data-mrf-link=\"https:\/\/elpais.com\/mexico\/2026-04-03\/la-tragedia-de-las-dos-cecilias-en-la-crisis-de-los-desaparecidos-de-mexico-llega-a-la-onu.html\">un mes despu\u00e9s de que el Comit\u00e9 de Naciones Unidas contra la Desaparici\u00f3n Forzada<\/a>\u00a0pidiera elevar a la Asamblea General de la ONU la situaci\u00f3n del pa\u00eds, al ver \u201cindicios fundados de que en M\u00e9xico se han cometido y se siguen cometiendo desapariciones forzadas como cr\u00edmenes de lesa humanidad\u201d. Tambi\u00e9n apunta que \u201cen la mayor\u00eda de los casos, la b\u00fasqueda parece ser realizada principalmente por los familiares de los desaparecidos\u201d y, a\u00fan peor, que\u00a0<a title=\"https:\/\/elpais.com\/mexico\/2026-04-02\/el-comite-contra-la-desaparicion-forzada-de-la-onu-pide-llevar-la-crisis-de-mexico-a-la-asamblea-general.html\" href=\"https:\/\/elpais.com\/mexico\/2026-04-02\/el-comite-contra-la-desaparicion-forzada-de-la-onu-pide-llevar-la-crisis-de-mexico-a-la-asamblea-general.html\" target=\"_self\" rel=\"\" data-link-track-dtm=\"\" data-mrf-link=\"https:\/\/elpais.com\/mexico\/2026-04-02\/el-comite-contra-la-desaparicion-forzada-de-la-onu-pide-llevar-la-crisis-de-mexico-a-la-asamblea-general.html\">algunas desapariciones se producen con la participaci\u00f3n<\/a>\u00a0\u201cde actores estatales, o por actores no estatales actuando con apoyo, autorizaci\u00f3n o aquiescencia del Estado\u201d.<\/p>\n<p>&nbsp;<\/p>\n<div id=\"gallery-summary-90\" class=\"gallery-summary-container\">\n<div class=\"gal__figs-scl\">\n<div class=\"a_gl\">\n<figure class=\"a_m _pr gallery-photo-1 gallery-slider__photo a_m-h\">\n<p><div style=\"width: 424px\" class=\"wp-caption alignnone\"><img loading=\"lazy\" decoding=\"async\" class=\"_re  a_m-h\" src=\"https:\/\/imagenes.elpais.com\/resizer\/v2\/JBBE3GHJZJFLHHLWBMBPD4C5GE.jpg?auth=21d3acef2358cd708f244f6ed9a41109403bc7c7c81f7cd943f1027e8c58f6d7&amp;width=414\" srcset=\"https:\/\/imagenes.elpais.com\/resizer\/v2\/JBBE3GHJZJFLHHLWBMBPD4C5GE.jpg?auth=21d3acef2358cd708f244f6ed9a41109403bc7c7c81f7cd943f1027e8c58f6d7&amp;width=414 414w,https:\/\/imagenes.elpais.com\/resizer\/v2\/JBBE3GHJZJFLHHLWBMBPD4C5GE.jpg?auth=21d3acef2358cd708f244f6ed9a41109403bc7c7c81f7cd943f1027e8c58f6d7&amp;width=828 828w\" alt=\"\" width=\"414\" height=\"233\" data-src=\"https:\/\/imagenes.elpais.com\/resizer\/v2\/JBBE3GHJZJFLHHLWBMBPD4C5GE.jpg?auth=21d3acef2358cd708f244f6ed9a41109403bc7c7c81f7cd943f1027e8c58f6d7&amp;width=414\" \/><p class=\"wp-caption-text\">Familiares de personas desaparecidas realizan tareas de identificaci\u00f3n de restos humanos en la alcald\u00eda Tl\u00e1huac.\u00a0 \u00a0 \u00a0 \u00a0 \u00a0 \u00a0Fotos Nayeli Cruz<\/p><\/div><figcaption class=\"a_m_p\"><\/figcaption><\/figure>\n<figure class=\"a_m _pr gallery-photo-2 gallery-slider__photo _dn a_m-h \"><span class=\"a_m_w _db\"><img loading=\"lazy\" decoding=\"async\" class=\"_re lazyload a_m-h\" src=\"https:\/\/imagenes.elpais.com\/resizer\/v2\/GLS7MN75QBGTTBSV6XWZI7IOAI.jpg?auth=6d719c8632d3c7571e4b9957ccd4287e4b53112b1d849358ac311695c24491a7&amp;width=414\" srcset=\"https:\/\/imagenes.elpais.com\/resizer\/v2\/GLS7MN75QBGTTBSV6XWZI7IOAI.jpg?auth=6d719c8632d3c7571e4b9957ccd4287e4b53112b1d849358ac311695c24491a7&amp;width=414 414w,https:\/\/imagenes.elpais.com\/resizer\/v2\/GLS7MN75QBGTTBSV6XWZI7IOAI.jpg?auth=6d719c8632d3c7571e4b9957ccd4287e4b53112b1d849358ac311695c24491a7&amp;width=828 828w\" alt=\"\" width=\"414\" height=\"276\" data-src=\"https:\/\/imagenes.elpais.com\/resizer\/v2\/GLS7MN75QBGTTBSV6XWZI7IOAI.jpg?auth=6d719c8632d3c7571e4b9957ccd4287e4b53112b1d849358ac311695c24491a7&amp;width=414\" \/><\/span><figcaption class=\"a_m_p\"><\/figcaption><\/figure>\n<figure class=\"a_m _pr gallery-photo-3 gallery-slider__photo _dn a_m-h \"><span class=\"a_m_w _db\"><img loading=\"lazy\" decoding=\"async\" class=\"_re lazyload a_m-h\" src=\"https:\/\/imagenes.elpais.com\/resizer\/v2\/RRZUBPNOWNHW5PBSHDF6N45VTU.jpg?auth=4d1c6f074c0ca235e94081d51ff244268539cd4e4a2c3a32158aeb97ffad771c&amp;width=414\" srcset=\"https:\/\/imagenes.elpais.com\/resizer\/v2\/RRZUBPNOWNHW5PBSHDF6N45VTU.jpg?auth=4d1c6f074c0ca235e94081d51ff244268539cd4e4a2c3a32158aeb97ffad771c&amp;width=414 414w,https:\/\/imagenes.elpais.com\/resizer\/v2\/RRZUBPNOWNHW5PBSHDF6N45VTU.jpg?auth=4d1c6f074c0ca235e94081d51ff244268539cd4e4a2c3a32158aeb97ffad771c&amp;width=828 828w\" alt=\"\" width=\"414\" height=\"276\" data-src=\"https:\/\/imagenes.elpais.com\/resizer\/v2\/RRZUBPNOWNHW5PBSHDF6N45VTU.jpg?auth=4d1c6f074c0ca235e94081d51ff244268539cd4e4a2c3a32158aeb97ffad771c&amp;width=414\" \/><\/span><figcaption class=\"a_m_p\"><\/figcaption><\/figure>\n<figure class=\"a_m _pr gallery-photo-4 gallery-slider__photo _dn a_m-h \"><span class=\"a_m_w _db\"><img loading=\"lazy\" decoding=\"async\" class=\"_re lazyload a_m-h\" src=\"https:\/\/imagenes.elpais.com\/resizer\/v2\/YMKZDSFM3RGKTJFWZQB5XZ2QZY.jpg?auth=1a014b76a9f9b00ea40f1508338e2f1faa3f3ba80a43c20f38736dada3ad59f8&amp;width=414\" srcset=\"https:\/\/imagenes.elpais.com\/resizer\/v2\/YMKZDSFM3RGKTJFWZQB5XZ2QZY.jpg?auth=1a014b76a9f9b00ea40f1508338e2f1faa3f3ba80a43c20f38736dada3ad59f8&amp;width=414 414w,https:\/\/imagenes.elpais.com\/resizer\/v2\/YMKZDSFM3RGKTJFWZQB5XZ2QZY.jpg?auth=1a014b76a9f9b00ea40f1508338e2f1faa3f3ba80a43c20f38736dada3ad59f8&amp;width=828 828w\" alt=\"\" width=\"414\" height=\"276\" data-src=\"https:\/\/imagenes.elpais.com\/resizer\/v2\/YMKZDSFM3RGKTJFWZQB5XZ2QZY.jpg?auth=1a014b76a9f9b00ea40f1508338e2f1faa3f3ba80a43c20f38736dada3ad59f8&amp;width=414\" \/><\/span><figcaption class=\"a_m_p\"><\/figcaption><\/figure>\n<figure class=\"a_m _pr gallery-photo-5 gallery-slider__photo _dn a_m-h \"><span class=\"a_m_w _db\"><img loading=\"lazy\" decoding=\"async\" class=\"_re lazyload a_m-h\" src=\"https:\/\/imagenes.elpais.com\/resizer\/v2\/HIOTALFOJFHOLMLX2JTMCO2KUY.jpg?auth=b12c152ea26da3bbb6028c018e878f1d3e9ca841204ab3aa85ee6c49028c0d06&amp;width=414\" srcset=\"https:\/\/imagenes.elpais.com\/resizer\/v2\/HIOTALFOJFHOLMLX2JTMCO2KUY.jpg?auth=b12c152ea26da3bbb6028c018e878f1d3e9ca841204ab3aa85ee6c49028c0d06&amp;width=414 414w,https:\/\/imagenes.elpais.com\/resizer\/v2\/HIOTALFOJFHOLMLX2JTMCO2KUY.jpg?auth=b12c152ea26da3bbb6028c018e878f1d3e9ca841204ab3aa85ee6c49028c0d06&amp;width=828 828w\" alt=\"\" width=\"414\" height=\"276\" data-src=\"https:\/\/imagenes.elpais.com\/resizer\/v2\/HIOTALFOJFHOLMLX2JTMCO2KUY.jpg?auth=b12c152ea26da3bbb6028c018e878f1d3e9ca841204ab3aa85ee6c49028c0d06&amp;width=414\" \/><\/span><figcaption class=\"a_m_p\"><\/figcaption><\/figure>\n<div id=\"gallery-slider-controls\" class=\"_btn a_gl_nav gallery-slider__controls \"><\/div>\n<div id=\"fullscreen-icon\" class=\"a_gl_pl\"><\/div>\n<div id=\"summary-dots\" class=\"a_gl_n _df\"><\/div>\n<\/div>\n<\/div>\n<\/div>\n<p class=\"\">La respuesta del Gobierno que preside Claudia Sheinbaum, en el poder desde octubre de 2024, fue de rechazo frontal, fundado en que el informe era \u201ctendencioso\u201d, que los expertos de la ONU no hab\u00edan tenido en cuenta los esfuerzos del Ejecutivo desde 2025 y en que los casos m\u00e1s graves se produjeron en anteriores gobiernos, como si ocuparse de ello quedara fuera de su responsabilidad o no mereciera su atenci\u00f3n.\u00a0<a title=\"https:\/\/www.gob.mx\/sre\/prensa\/mexico-rechaza-informe-del-comite-de-desapariciones-forzadas-de-la-onu-por-omitir-avances-contra-desapariciones-forzadas-desde-2018?idiom=es-MX\" href=\"https:\/\/www.gob.mx\/sre\/prensa\/mexico-rechaza-informe-del-comite-de-desapariciones-forzadas-de-la-onu-por-omitir-avances-contra-desapariciones-forzadas-desde-2018?idiom=es-MX\" target=\"_self\" rel=\"\" data-link-track-dtm=\"\" data-mrf-link=\"https:\/\/www.gob.mx\/sre\/prensa\/mexico-rechaza-informe-del-comite-de-desapariciones-forzadas-de-la-onu-por-omitir-avances-contra-desapariciones-forzadas-desde-2018?idiom=es-MX\">En un comunicado de la canciller\u00eda<\/a>, se detallan las medidas tomadas hasta ahora. Alguna de ellas muestra el desbarajuste que han estado sufriendo las familias, como la \u201cobligaci\u00f3n de abrir carpeta de investigaci\u00f3n ante el primer reporte\u201d. Es decir, que se investiguen las denuncias y que se haga a la primera.<\/p>\n<p class=\"\">De ese modo quiz\u00e1 hubiera sido m\u00e1s sencillo dar con el padre de Guadalupe Fern\u00e1ndez Ruiz, de 44 a\u00f1os. Desapareci\u00f3 a los 62 cuando iba a cobrar un finiquito que le deb\u00edan en una herrer\u00eda de una localidad del Estado de M\u00e9xico. Las autoridades tardaron dos a\u00f1os y medio, seg\u00fan cuenta, en ir a registrar el local, y eso que fue captado por una c\u00e1mara entrando en el lugar y rato despu\u00e9s, se ve a otra persona que sale con bolsas. Cuando fueron a buscar pruebas, no encontraron nada, solo que el edificio hab\u00eda sido remodelado varias veces. \u201cLa esperanza nunca se pierde, y si no localizo al m\u00edo, al menos hemos encontrado a vivos y a no vivos, como no quisi\u00e9ramos, pero al menos est\u00e1n en casa\u201d, dice ella, del colectivo Mariposas.<\/p>\n<p class=\"\">El resto de medidas pone el acento en la coordinaci\u00f3n entre las instituciones y autoridades, en dotar de \u201cespecialistas y equipo\u201d a la Comisi\u00f3n Nacional de B\u00fasqueda, que antes no los ten\u00eda propios, centralizar datos, registros y alertas y en establecer mecanismos de participaci\u00f3n de las familias. El Gobierno tambi\u00e9n ha tratado de racionalizar la base de datos sobre desaparecidos,\u00a0<a title=\"https:\/\/elpais.com\/mexico\/2026-03-28\/los-colectivos-rechazan-los-numeros-de-desaparecidos-de-sheinbaum-confirmamos-un-sexenio-mas-que-no-los-van-a-buscar.html\" href=\"https:\/\/elpais.com\/mexico\/2026-03-28\/los-colectivos-rechazan-los-numeros-de-desaparecidos-de-sheinbaum-confirmamos-un-sexenio-mas-que-no-los-van-a-buscar.html\" target=\"_self\" rel=\"\" data-link-track-dtm=\"\" data-mrf-link=\"https:\/\/elpais.com\/mexico\/2026-03-28\/los-colectivos-rechazan-los-numeros-de-desaparecidos-de-sheinbaum-confirmamos-un-sexenio-mas-que-no-los-van-a-buscar.html\">pero el resultado es una reinterpretaci\u00f3n de los n\u00fameros que ha indignado a los colectivos<\/a>, de forma que solo considera como desapariciones incontestables las de un tercio de los 130.000, alrededor de 44.000.<\/p>\n<p class=\"\">La visita de T\u00fcrk\u00a0<a title=\"https:\/\/elpais.com\/mexico\/2026-04-23\/el-alto-comisionado-de-la-onu-reconoce-la-voluntad-de-sheinbaum-de-resolver-la-crisis-de-desapariciones.html\" href=\"https:\/\/elpais.com\/mexico\/2026-04-23\/el-alto-comisionado-de-la-onu-reconoce-la-voluntad-de-sheinbaum-de-resolver-la-crisis-de-desapariciones.html\" target=\"_self\" rel=\"\" data-link-track-dtm=\"\" data-mrf-link=\"https:\/\/elpais.com\/mexico\/2026-04-23\/el-alto-comisionado-de-la-onu-reconoce-la-voluntad-de-sheinbaum-de-resolver-la-crisis-de-desapariciones.html\">esta semana termin\u00f3 con una conciliadora rueda de prensa\u00a0<\/a>en la que reconoci\u00f3 \u201clos esfuerzos\u201d y la \u201cvoluntad\u201d del Gobierno mexicano por atender la crisis, centr\u00e1ndose en que se avance con \u201cuna soluci\u00f3n\u201d. Sus palabras suenan como eco desde esta llanura en la que decenas de personas vestidas con monos blancos y guantes buscan respuestas en la tierra. De lejos se ve alg\u00fan caballo, unas ovejas. \u201cEn vez de recomendaciones, la ONU deber\u00eda obligar al Estado a aceptar la crisis de desapariciones que hay\u201d, dice Jacqueline Palmeros, quien s\u00ed reconoce avances en los \u00faltimos tiempos en cuanto a participaci\u00f3n y en parte porque las familias han \u201cobligado a las autoridades a hacer su trabajo\u201d. Tambi\u00e9n Carolina Espinosa, de 52 a\u00f1os, cree que ahora est\u00e1 todo m\u00e1s centralizado para que no haya que llamar a tantas puertas. Ella busca a su marido, un m\u00e9dico que se fue a trabajar un d\u00eda de junio de 2020 y no regres\u00f3. \u201cEn la Ciudad de M\u00e9xico, despu\u00e9s de nuestro impulso, tenemos m\u00e1s apoyo en las b\u00fasquedas\u201d, dice.<\/p>\n<p>&nbsp;<\/p>\n<figure class=\"a_m a_m-h \">\n<p><div style=\"width: 424px\" class=\"wp-caption alignnone\"><img loading=\"lazy\" decoding=\"async\" class=\"_re lazyload a_m-h\" src=\"https:\/\/imagenes.elpais.com\/resizer\/v2\/5FF7GFMOW5CSVEPC3PTKTLHAUI.jpg?auth=c49499138402db18606f542ad2495f08b58a60b568b32b1a50edd69ddfb2a9c4&amp;width=414\" sizes=\"auto, (min-width:1199px) 760px,(min-width:1001px) calc((100vw - 44px-11*31px)\/12*8+217), (min-width:767px) 767px, 100vw\" srcset=\"https:\/\/imagenes.elpais.com\/resizer\/v2\/5FF7GFMOW5CSVEPC3PTKTLHAUI.jpg?auth=c49499138402db18606f542ad2495f08b58a60b568b32b1a50edd69ddfb2a9c4&amp;width=414 414w,https:\/\/imagenes.elpais.com\/resizer\/v2\/5FF7GFMOW5CSVEPC3PTKTLHAUI.jpg?auth=c49499138402db18606f542ad2495f08b58a60b568b32b1a50edd69ddfb2a9c4&amp;width=828 640w,https:\/\/imagenes.elpais.com\/resizer\/v2\/5FF7GFMOW5CSVEPC3PTKTLHAUI.jpg?auth=c49499138402db18606f542ad2495f08b58a60b568b32b1a50edd69ddfb2a9c4&amp;width=980 1000w,https:\/\/imagenes.elpais.com\/resizer\/v2\/5FF7GFMOW5CSVEPC3PTKTLHAUI.jpg?auth=c49499138402db18606f542ad2495f08b58a60b568b32b1a50edd69ddfb2a9c4&amp;width=1960 1960w\" alt=\"\" width=\"414\" height=\"276\" \/><p class=\"wp-caption-text\">Jos\u00e9 D\u00edaz busca a su sobrina Josefina Avellaneda D\u00edaz, desaparecida en Ciudad de M\u00e9xico. Foto Nayeli Cruz<\/p><\/div><figcaption class=\"a_m_p\" aria-hidden=\"true\"><\/figcaption><\/figure>\n<p>&nbsp;<\/p>\n<p class=\"\">Las tres carpas blancas que protegen del sol el trabajo de los buscadores est\u00e1n custodiadas por agentes de la Guardia Nacional armados con rifles y municipales con pistola. Se ven funcionarios de diferentes entidades, una psic\u00f3loga, hay comida al mediod\u00eda, una cierta infraestructura con unas 80 personas \u2015y no es grande, hay otras de 150 o 500 personas\u2015 que no siempre ha estado ah\u00ed para las buscadoras, donde lo dif\u00edcil, a veces, es convencer a las autoridades de que merece la pena indagar ah\u00ed en base a la informaci\u00f3n que ellas mismas han recabado.<\/p>\n<p class=\"\">En este lugar, entre el Estado de M\u00e9xico y Ciudad de M\u00e9xico, presionaron para que se buscara. Es uno de los que m\u00e1s restos humanos han arrojado en Ciudad de M\u00e9xico, seg\u00fan Palmeros. Est\u00e1 en una zona fronteriza bajo autoridades distintas y adem\u00e1s est\u00e1 apartada, lo que facilita la ocultaci\u00f3n de cad\u00e1veres. Un miembro de la Comisi\u00f3n de B\u00fasqueda explica que aqu\u00ed confluyen decenas de denuncias y l\u00edneas de investigaci\u00f3n.<\/p>\n<p class=\"\">La presencia policial es fuerte porque la lucha de estos colectivos es peligrosa.\u00a0<a title=\"https:\/\/elpais.com\/mexico\/2026-01-12\/2025-el-ano-letal-para-los-buscadores-de-desaparecidos-en-mexico.html\" href=\"https:\/\/elpais.com\/mexico\/2026-01-12\/2025-el-ano-letal-para-los-buscadores-de-desaparecidos-en-mexico.html\" target=\"_self\" rel=\"\" data-link-track-dtm=\"\" data-mrf-link=\"https:\/\/elpais.com\/mexico\/2026-01-12\/2025-el-ano-letal-para-los-buscadores-de-desaparecidos-en-mexico.html\">En total hay 27 buscadoras asesinadas y tres desaparecidas<\/a>. Marite Valadez Kinijara, de 44 a\u00f1os, no puede desvelar d\u00f3nde vive. Busca a su hermano desaparecido en 2015 en Sonora, y desde 2019 est\u00e1 desplazada por el\u00a0<a title=\"https:\/\/elpais.com\/internacional\/2019\/03\/25\/mexico\/1553537277_781957.html\" href=\"https:\/\/elpais.com\/internacional\/2019\/03\/25\/mexico\/1553537277_781957.html\" target=\"_self\" rel=\"\" data-link-track-dtm=\"\" data-mrf-link=\"https:\/\/elpais.com\/internacional\/2019\/03\/25\/mexico\/1553537277_781957.html\">Mecanismo de protecci\u00f3n a defensores y periodistas<\/a>. \u201cMataron a dos de mis familiares y a otra persona enfrente de mi casa. Tengo cuatro hijos que viven dispersos en varios lugares por seguridad\u201d, cuenta ella, fundadora de Las Guerreras de Sonora.<\/p>\n<p class=\"\">Tuvo que reunir pruebas de d\u00f3nde hab\u00eda c\u00e1maras en el lugar que captaron el momento. Asegura que a ella la Fiscal\u00eda s\u00ed la apoy\u00f3. Quienes se llevaron a su hermano fueron detenidos por otro delito y est\u00e1n en prisi\u00f3n a la espera de recibir condena, pero cuenta que se niegan a decir d\u00f3nde est\u00e1 su hermano, \u201cdicen que ni lo conoc\u00edan\u201d. Desde entonces, ella, sus hijos y sobrinos han recibido amenazas y ha tenido que \u201cempezar de cero\u201d. Ella tambi\u00e9n cree que, pese a las \u201cbuenas intenciones\u201d del Alto Comisionado de la ONU, \u201cM\u00e9xico no va a aceptar que necesitamos ayuda\u201d.<\/p>\n<p class=\"\">Por el paraje se ve a un hombre vestido de paisano que no parece involucrado en la excavaci\u00f3n. Es la protecci\u00f3n que le ha puesto la fiscal\u00eda a Jacqueline Palmeros mientras est\u00e9 activa la reaprehensi\u00f3n de los dos hombres que se llevaron a su hija. \u201cLos dej\u00f3 libres una jueza en julio de 2024, apelamos, ganamos y mientras los agarran podr\u00eda estar en riesgo\u201d, dice ella, que vive con sus otros tres hijos y uno de sus dos nietos.<\/p>\n<p>&nbsp;<\/p>\n<div id=\"gallery-summary-1\" class=\"gallery-summary-container\">\n<div class=\"gal__figs-scl\">\n<div class=\"a_gl\">\n<figure class=\"a_m _pr gallery-photo-1 gallery-slider__photo a_m-h\">\n<p><div style=\"width: 424px\" class=\"wp-caption alignnone\"><img loading=\"lazy\" decoding=\"async\" class=\"_re  a_m-h\" src=\"https:\/\/imagenes.elpais.com\/resizer\/v2\/6QRUSLVTXFGQ5LCEIVV6BWYJZE.jpg?auth=08f3df075b73d3e076e7a63326a45041383e48b027b872da0367246c8cb8dabc&amp;width=414\" srcset=\"https:\/\/imagenes.elpais.com\/resizer\/v2\/6QRUSLVTXFGQ5LCEIVV6BWYJZE.jpg?auth=08f3df075b73d3e076e7a63326a45041383e48b027b872da0367246c8cb8dabc&amp;width=414 414w,https:\/\/imagenes.elpais.com\/resizer\/v2\/6QRUSLVTXFGQ5LCEIVV6BWYJZE.jpg?auth=08f3df075b73d3e076e7a63326a45041383e48b027b872da0367246c8cb8dabc&amp;width=828 828w\" alt=\"\" width=\"414\" height=\"276\" data-src=\"https:\/\/imagenes.elpais.com\/resizer\/v2\/6QRUSLVTXFGQ5LCEIVV6BWYJZE.jpg?auth=08f3df075b73d3e076e7a63326a45041383e48b027b872da0367246c8cb8dabc&amp;width=414\" \/><p class=\"wp-caption-text\">Personal de la Comisi\u00f3n de B\u00fasqueda participa en labores de reconocimiento de restos humanos. Fotos Nayeli Cruz<\/p><\/div><figcaption class=\"a_m_p\"><\/figcaption><\/figure>\n<figure class=\"a_m _pr gallery-photo-2 gallery-slider__photo _dn a_m-h \"><span class=\"a_m_w _db\"><img loading=\"lazy\" decoding=\"async\" class=\"_re lazyload a_m-h\" src=\"https:\/\/imagenes.elpais.com\/resizer\/v2\/2YV6CBWABFE7DFTNWMRWOCBLYQ.jpg?auth=66ba691b10c2315250ca825e38f3c646d909c18e1b5aef5e0f5a3fd9fedeb8f8&amp;width=414\" srcset=\"https:\/\/imagenes.elpais.com\/resizer\/v2\/2YV6CBWABFE7DFTNWMRWOCBLYQ.jpg?auth=66ba691b10c2315250ca825e38f3c646d909c18e1b5aef5e0f5a3fd9fedeb8f8&amp;width=414 414w,https:\/\/imagenes.elpais.com\/resizer\/v2\/2YV6CBWABFE7DFTNWMRWOCBLYQ.jpg?auth=66ba691b10c2315250ca825e38f3c646d909c18e1b5aef5e0f5a3fd9fedeb8f8&amp;width=828 828w\" alt=\"\" width=\"414\" height=\"276\" data-src=\"https:\/\/imagenes.elpais.com\/resizer\/v2\/2YV6CBWABFE7DFTNWMRWOCBLYQ.jpg?auth=66ba691b10c2315250ca825e38f3c646d909c18e1b5aef5e0f5a3fd9fedeb8f8&amp;width=414\" \/><\/span><figcaption class=\"a_m_p\"><\/figcaption><\/figure>\n<figure class=\"a_m _pr gallery-photo-3 gallery-slider__photo _dn a_m-h \"><span class=\"a_m_w _db\"><img loading=\"lazy\" decoding=\"async\" class=\"_re lazyload a_m-h\" src=\"https:\/\/imagenes.elpais.com\/resizer\/v2\/AR4XGIGTB5AUJDKV3TJZWAISOM.jpg?auth=41166d8867fbeb6fcb9a4b9948482ecfc6a7a37396cf0c693f30f508ae47aef8&amp;width=414\" srcset=\"https:\/\/imagenes.elpais.com\/resizer\/v2\/AR4XGIGTB5AUJDKV3TJZWAISOM.jpg?auth=41166d8867fbeb6fcb9a4b9948482ecfc6a7a37396cf0c693f30f508ae47aef8&amp;width=414 414w,https:\/\/imagenes.elpais.com\/resizer\/v2\/AR4XGIGTB5AUJDKV3TJZWAISOM.jpg?auth=41166d8867fbeb6fcb9a4b9948482ecfc6a7a37396cf0c693f30f508ae47aef8&amp;width=828 828w\" alt=\"\" width=\"414\" height=\"276\" data-src=\"https:\/\/imagenes.elpais.com\/resizer\/v2\/AR4XGIGTB5AUJDKV3TJZWAISOM.jpg?auth=41166d8867fbeb6fcb9a4b9948482ecfc6a7a37396cf0c693f30f508ae47aef8&amp;width=414\" \/><\/span><figcaption class=\"a_m_p\"><\/figcaption><\/figure>\n<figure class=\"a_m _pr gallery-photo-4 gallery-slider__photo _dn a_m-h \"><span class=\"a_m_w _db\"><img loading=\"lazy\" decoding=\"async\" class=\"_re lazyload a_m-h\" src=\"https:\/\/imagenes.elpais.com\/resizer\/v2\/RRUS7JM5JFFGDHOIZEAT6NZYBQ.jpg?auth=fcd984a5f62ea508669072a20fce118b3907cf02d6da7738b66f9a560dd3840b&amp;width=414\" srcset=\"https:\/\/imagenes.elpais.com\/resizer\/v2\/RRUS7JM5JFFGDHOIZEAT6NZYBQ.jpg?auth=fcd984a5f62ea508669072a20fce118b3907cf02d6da7738b66f9a560dd3840b&amp;width=414 414w,https:\/\/imagenes.elpais.com\/resizer\/v2\/RRUS7JM5JFFGDHOIZEAT6NZYBQ.jpg?auth=fcd984a5f62ea508669072a20fce118b3907cf02d6da7738b66f9a560dd3840b&amp;width=828 828w\" alt=\"\" width=\"414\" height=\"276\" data-src=\"https:\/\/imagenes.elpais.com\/resizer\/v2\/RRUS7JM5JFFGDHOIZEAT6NZYBQ.jpg?auth=fcd984a5f62ea508669072a20fce118b3907cf02d6da7738b66f9a560dd3840b&amp;width=414\" \/><\/span><figcaption class=\"a_m_p\"><\/figcaption><\/figure>\n<div id=\"gallery-slider-controls\" class=\"_btn a_gl_nav gallery-slider__controls \"><\/div>\n<div id=\"fullscreen-icon\" class=\"a_gl_pl\"><\/div>\n<div id=\"summary-dots\" class=\"a_gl_n _df\"><\/div>\n<\/div>\n<\/div>\n<\/div>\n<p class=\"\">De todas las amenazas que ha recibido en estos a\u00f1os de b\u00fasqueda \u2015\u201chubo una balacera en mi casa, me aventaron camionetas cuando conduc\u00eda para cerrarme el paso\u201d\u2015 hubo una que le hizo no salir de casa por un tiempo. Fue cuando le dijeron que iban a secuestrar a sus nietos: \u201cMe iban siguiendo, me mandaban mensajes dici\u00e9ndome la ropa que llevaba, o que iba con mi nieto\u201d. Ha tenido c\u00e1maras en casa, un bot\u00f3n del p\u00e1nico \u201cque tardan mil a\u00f1os en responder\u201d.<\/p>\n<p class=\"\">La b\u00fasqueda tambi\u00e9n le ha quitado a amigos y familiares, algunos de los cuales \u201ccriminalizan a nuestros desaparecidos, diciendo \u2018qui\u00e9n sabe en qu\u00e9 andaba, mejor no le hablo por si me pasa algo\u2019. Solo nos entendemos entre nosotros\u201d, dice entristecida, y usa una frase que tambi\u00e9n se les dec\u00eda en Argentina a las Madres de Plaza de Mayo: las locas. \u201cHasta la misma sociedad piensa que somos las locas de las palas\u201d.<\/p>\n<\/div>\n","protected":false},"excerpt":{"rendered":"<p>&nbsp; &nbsp; Las madres y las autoridades rastrean una nueva fosa en Tl\u00e1huac, zona de frontera entre Ciudad de M\u00e9xico y el Estado de M\u00e9xico&hellip;<\/p>\n","protected":false},"author":99,"featured_media":543507,"comment_status":"open","ping_status":"open","sticky":false,"template":"","format":"standard","meta":{"footnotes":""},"categories":[23],"tags":[],"class_list":["post-543506","post","type-post","status-publish","format-standard","has-post-thumbnail","hentry","category-latinoamerica"],"_links":{"self":[{"href":"https:\/\/diarioelpopular.com\/index.php\/wp-json\/wp\/v2\/posts\/543506","targetHints":{"allow":["GET"]}}],"collection":[{"href":"https:\/\/diarioelpopular.com\/index.php\/wp-json\/wp\/v2\/posts"}],"about":[{"href":"https:\/\/diarioelpopular.com\/index.php\/wp-json\/wp\/v2\/types\/post"}],"author":[{"embeddable":true,"href":"https:\/\/diarioelpopular.com\/index.php\/wp-json\/wp\/v2\/users\/99"}],"replies":[{"embeddable":true,"href":"https:\/\/diarioelpopular.com\/index.php\/wp-json\/wp\/v2\/comments?post=543506"}],"version-history":[{"count":1,"href":"https:\/\/diarioelpopular.com\/index.php\/wp-json\/wp\/v2\/posts\/543506\/revisions"}],"predecessor-version":[{"id":543508,"href":"https:\/\/diarioelpopular.com\/index.php\/wp-json\/wp\/v2\/posts\/543506\/revisions\/543508"}],"wp:featuredmedia":[{"embeddable":true,"href":"https:\/\/diarioelpopular.com\/index.php\/wp-json\/wp\/v2\/media\/543507"}],"wp:attachment":[{"href":"https:\/\/diarioelpopular.com\/index.php\/wp-json\/wp\/v2\/media?parent=543506"}],"wp:term":[{"taxonomy":"category","embeddable":true,"href":"https:\/\/diarioelpopular.com\/index.php\/wp-json\/wp\/v2\/categories?post=543506"},{"taxonomy":"post_tag","embeddable":true,"href":"https:\/\/diarioelpopular.com\/index.php\/wp-json\/wp\/v2\/tags?post=543506"}],"curies":[{"name":"wp","href":"https:\/\/api.w.org\/{rel}","templated":true}]}}