{"id":543510,"date":"2026-04-25T11:09:19","date_gmt":"2026-04-25T15:09:19","guid":{"rendered":"https:\/\/diarioelpopular.com\/?p=543510"},"modified":"2026-04-25T11:09:19","modified_gmt":"2026-04-25T15:09:19","slug":"votamos-con-memoria-la-respuesta-del-peru-rural-al-desprecio-de-las-elites","status":"publish","type":"post","link":"https:\/\/diarioelpopular.com\/index.php\/2026\/04\/25\/votamos-con-memoria-la-respuesta-del-peru-rural-al-desprecio-de-las-elites\/","title":{"rendered":"\u201cVotamos con memoria\u201d: la respuesta del Per\u00fa rural al desprecio de las \u00e9lites"},"content":{"rendered":"<div id=\"attachment_543511\" style=\"width: 1210px\" class=\"wp-caption alignnone\"><img loading=\"lazy\" decoding=\"async\" aria-describedby=\"caption-attachment-543511\" class=\"wp-image-543511 size-custom-big-size\" src=\"https:\/\/diarioelpopular.com\/wp-content\/uploads\/2026\/04\/Screen-Shot-2026-04-25-at-11.08.20-AM-1200x799.png\" alt=\"\" width=\"1200\" height=\"799\" srcset=\"https:\/\/diarioelpopular.com\/wp-content\/uploads\/2026\/04\/Screen-Shot-2026-04-25-at-11.08.20-AM-1200x799.png 1200w, https:\/\/diarioelpopular.com\/wp-content\/uploads\/2026\/04\/Screen-Shot-2026-04-25-at-11.08.20-AM-300x200.png 300w, https:\/\/diarioelpopular.com\/wp-content\/uploads\/2026\/04\/Screen-Shot-2026-04-25-at-11.08.20-AM-768x512.png 768w, https:\/\/diarioelpopular.com\/wp-content\/uploads\/2026\/04\/Screen-Shot-2026-04-25-at-11.08.20-AM-636x424.png 636w, https:\/\/diarioelpopular.com\/wp-content\/uploads\/2026\/04\/Screen-Shot-2026-04-25-at-11.08.20-AM-110x73.png 110w, https:\/\/diarioelpopular.com\/wp-content\/uploads\/2026\/04\/Screen-Shot-2026-04-25-at-11.08.20-AM.png 1024w\" sizes=\"auto, (max-width: 1200px) 100vw, 1200px\" \/><p id=\"caption-attachment-543511\" class=\"wp-caption-text\">Filas para votar, en Lima (Per\u00fa), el 12 de abril.\u00a0 Foto Guadalupe Pardo (AP)<\/p><\/div>\n<p>&nbsp;<\/p>\n<p>&nbsp;<\/p>\n<ul>\n<li><em><strong>La probable victoria del izquierdista Roberto S\u00e1nchez para pasar a segunda vuelta desata una ola de ataques y expone el racismo estructural de una sociedad que vuelve a partirse en dos ante las urnas<\/strong><\/em><\/li>\n<\/ul>\n<p>&nbsp;<\/p>\n<p class=\"\">Cada proceso electoral vuelve a partir a Per\u00fa en dos. La\u00a0<a title=\"https:\/\/elpais.com\/america\/2026-04-17\/el-segundo-puesto-para-la-vuelta-final-en-las-elecciones-de-peru-se-dirime-en-los-tribunales.html\" href=\"https:\/\/elpais.com\/america\/2026-04-17\/el-segundo-puesto-para-la-vuelta-final-en-las-elecciones-de-peru-se-dirime-en-los-tribunales.html\" target=\"_self\" rel=\"\" data-link-track-dtm=\"\" data-mrf-link=\"https:\/\/elpais.com\/america\/2026-04-17\/el-segundo-puesto-para-la-vuelta-final-en-las-elecciones-de-peru-se-dirime-en-los-tribunales.html\">primera vuelta de la elecci\u00f3n presidencial\u00a0<\/a>dej\u00f3 en evidencia una vez m\u00e1s que Lima, la capital, y el pa\u00eds rural se miran con desconfianza. Un bando no entiende c\u00f3mo vota el otro. De ese desconcierto\u00a0<a title=\"https:\/\/elpais.com\/america\/2026-04-16\/el-ultraderechista-rafael-lopez-aliaga-ofrece-5700-dolares-a-quien-le-de-pruebas-de-un-supuesto-fraude-electoral-en-peru.html\" href=\"https:\/\/elpais.com\/america\/2026-04-16\/el-ultraderechista-rafael-lopez-aliaga-ofrece-5700-dolares-a-quien-le-de-pruebas-de-un-supuesto-fraude-electoral-en-peru.html\" target=\"_self\" rel=\"\" data-link-track-dtm=\"\" data-mrf-link=\"https:\/\/elpais.com\/america\/2026-04-16\/el-ultraderechista-rafael-lopez-aliaga-ofrece-5700-dolares-a-quien-le-de-pruebas-de-un-supuesto-fraude-electoral-en-peru.html\">nacen los insultos<\/a>, las descalificaciones y, casi como reflejo, los pedidos de nulidad.<\/p>\n<p class=\"\">No es una historia nueva. En la recta final de la campa\u00f1a de 2001, el padre de una candidata de derecha llam\u00f3 a\u00a0<a title=\"https:\/\/elpais.com\/sociedad\/2014\/03\/14\/actualidad\/1394755985_844636.html\" href=\"https:\/\/elpais.com\/sociedad\/2014\/03\/14\/actualidad\/1394755985_844636.html\" target=\"_self\" rel=\"\" data-link-track-dtm=\"\" data-mrf-link=\"https:\/\/elpais.com\/sociedad\/2014\/03\/14\/actualidad\/1394755985_844636.html\">Alejandro Toledo \u201cauqu\u00e9nido de Harvard\u201d<\/a>. Ollanta Humala \u2014otro presidente de rasgos andinos\u2014 era reducido una d\u00e9cada despu\u00e9s al estereotipo del chofer de Palacio. Y cuando Pedro Castillo irrumpi\u00f3 con su sombrero de ala ancha, lo caricaturizaron como un burro. Siempre hay una figura sobre la que recae la burla. Siempre hay un pa\u00eds que se siente superior al otro.<\/p>\n<p class=\"\">Ese blanco tiene nombre este a\u00f1o electoral:\u00a0<a title=\"https:\/\/elpais.com\/america\/2026-04-15\/el-candidato-de-la-izquierda-en-peru-da-pelea-gracias-al-escrutinio-del-voto-rural.html\" href=\"https:\/\/elpais.com\/america\/2026-04-15\/el-candidato-de-la-izquierda-en-peru-da-pelea-gracias-al-escrutinio-del-voto-rural.html\" target=\"_self\" rel=\"\" data-link-track-dtm=\"\" data-mrf-link=\"https:\/\/elpais.com\/america\/2026-04-15\/el-candidato-de-la-izquierda-en-peru-da-pelea-gracias-al-escrutinio-del-voto-rural.html\">Roberto S\u00e1nchez<\/a>. Candidato de Juntos por el Per\u00fa y heredero pol\u00edtico del expresidente encarcelado por intentar un golpe de Estado, S\u00e1nchez no naci\u00f3 en la sierra, pero ha hecho de ella su identidad pol\u00edtica. Cabalg\u00f3 en campa\u00f1a, luci\u00f3 el sombrero que Castillo le entreg\u00f3 en prisi\u00f3n y teji\u00f3 un discurso que conect\u00f3 con el mundo andino. En las encuestas no figuraba \u2014como tampoco figur\u00f3 Castillo en su momento\u2014, pero volvi\u00f3 a ocurrir lo mismo:\u00a0<a title=\"https:\/\/elpais.com\/america\/2026-04-16\/la-izquierda-se-afianza-para-la-segunda-vuelta-en-peru-y-la-ultraderecha-denuncia-un-fraude.html\" href=\"https:\/\/elpais.com\/america\/2026-04-16\/la-izquierda-se-afianza-para-la-segunda-vuelta-en-peru-y-la-ultraderecha-denuncia-un-fraude.html\" target=\"_self\" rel=\"\" data-link-track-dtm=\"\" data-mrf-link=\"https:\/\/elpais.com\/america\/2026-04-16\/la-izquierda-se-afianza-para-la-segunda-vuelta-en-peru-y-la-ultraderecha-denuncia-un-fraude.html\">el voto rural escap\u00f3 a las mediciones<\/a>.<\/p>\n<p class=\"\">El conteo electoral tampoco ayud\u00f3 a disipar la incertidumbre. La Oficina Nacional de Procesos Electorales tard\u00f3 once d\u00edas en procesar el total de actas. A\u00fan queda por resolverse el 10% de las impugnadas \u20144,450 en total\u2014, pero la actual tendencia perfila a S\u00e1nchez como el rival de Keiko Fujimori en una segunda vuelta, fijada para el 7 de junio. Otra vez el pa\u00eds se encamina hacia una polarizaci\u00f3n conocida: izquierda contra derecha.<\/p>\n<p class=\"\">En ese escenario, el ultraderechista\u00a0<a title=\"https:\/\/elpais.com\/america\/2026-04-21\/el-fenomeno-lopez-aliaga-fe-ciega-en-tiempos-de-evidencia.html\" href=\"https:\/\/elpais.com\/america\/2026-04-21\/el-fenomeno-lopez-aliaga-fe-ciega-en-tiempos-de-evidencia.html\" target=\"_self\" rel=\"\" data-link-track-dtm=\"\" data-mrf-link=\"https:\/\/elpais.com\/america\/2026-04-21\/el-fenomeno-lopez-aliaga-fe-ciega-en-tiempos-de-evidencia.html\">Rafael L\u00f3pez Aliaga<\/a>\u00a0ha optado por la confrontaci\u00f3n. Desde el primer d\u00eda, el l\u00edder de Renovaci\u00f3n Popular ha impulsado la narrativa del fraude, acompa\u00f1ado de\u00a0<a title=\"https:\/\/elpais.com\/america\/2026-04-16\/el-ultraderechista-rafael-lopez-aliaga-ofrece-5700-dolares-a-quien-le-de-pruebas-de-un-supuesto-fraude-electoral-en-peru.html\" href=\"https:\/\/elpais.com\/america\/2026-04-16\/el-ultraderechista-rafael-lopez-aliaga-ofrece-5700-dolares-a-quien-le-de-pruebas-de-un-supuesto-fraude-electoral-en-peru.html\" target=\"_self\" rel=\"\" data-link-track-dtm=\"\" data-mrf-link=\"https:\/\/elpais.com\/america\/2026-04-16\/el-ultraderechista-rafael-lopez-aliaga-ofrece-5700-dolares-a-quien-le-de-pruebas-de-un-supuesto-fraude-electoral-en-peru.html\">un discurso agresivo que ha incluido expresiones hom\u00f3fobas y amenazas<\/a>.<\/p>\n<p class=\"\">La diferencia con S\u00e1nchez es estrecha \u2014unos 20.000 votos\u2014, pero su partido ha presentado un centenar de solicitudes para anular votos, la mayor\u00eda provenientes de Cajamarca, la regi\u00f3n donde S\u00e1nchez arrasa y donde naci\u00f3 Pedro Castillo. El antecedente es inevitable: Keiko Fujimori intent\u00f3 anular en 2021 cerca de 200.000 sufragios de zonas rurales.<\/p>\n<p class=\"\">Las solicitudes no prosperaron, pero el da\u00f1o ya estaba hecho. La discusi\u00f3n electoral volvi\u00f3 a abrir una herida m\u00e1s profunda:\u00a0<a title=\"https:\/\/elpais.com\/america\/2025-10-21\/serranear-el-verbo-racista-con-la-que-unos-peruanos-insultan-a-otros.html\" href=\"https:\/\/elpais.com\/america\/2025-10-21\/serranear-el-verbo-racista-con-la-que-unos-peruanos-insultan-a-otros.html\" target=\"_self\" rel=\"\" data-link-track-dtm=\"\" data-mrf-link=\"https:\/\/elpais.com\/america\/2025-10-21\/serranear-el-verbo-racista-con-la-que-unos-peruanos-insultan-a-otros.html\">el desprecio hacia el mundo andino<\/a>. La remontada de S\u00e1nchez desat\u00f3 una ola de ataques en redes sociales. El\u00a0<i>influencer<\/i>\u00a0Cristopher Puente Viena, conocido como \u2018Cristorata\u2019, insult\u00f3 abiertamente a sus votantes. \u201cSerranos de mierda\u201d, arremeti\u00f3 en la plataforma\u00a0<i>Kick<\/i>. \u201c\u00bfQu\u00e9 pasa, pune\u00f1os, no les llega ox\u00edgeno al cerebro?\u201d. Solo pidi\u00f3 disculpas cuando la Fiscal\u00eda inici\u00f3 una investigaci\u00f3n por discriminaci\u00f3n.<\/p>\n<p class=\"\">Santos Saavedra V\u00e1squez, integrante de las rondas campesinas, reflexiona desde desde Chota, Cajamarca, en medio de los mensajes de odio: \u201cLa Rep\u00fablica se fund\u00f3 excluyendo a los pueblos ind\u00edgenas\u201d, dice. \u201cEsto no es nuevo; es la continuidad de un proceso hist\u00f3rico que viene desde la Colonia\u201d. La sospecha, a\u00f1ade, no es casual: \u201c\u00bfPor qu\u00e9 justo quieren anular votos en la regi\u00f3n donde han perdido por goleada?\u201d.<\/p>\n<p class=\"\">El mapa electoral confirma esa fractura. L\u00f3pez Aliaga solo ha ganado en Lima, una regi\u00f3n que concentra cerca del 30% de la poblaci\u00f3n. S\u00e1nchez, en cambio, se ha impuesto en doce regiones, la mayor\u00eda en la sierra. El discurso tambi\u00e9n escala. S\u00e1nchez ha denunciado un doble rasero en la justicia: \u201cSi un Quispe o un Palomino dijeran lo mismo, la Fiscal\u00eda ya habr\u00eda allanado sus locales\u201d, afirm\u00f3, en referencia a las amenazas de L\u00f3pez Aliaga contra el presidente del Jurado Nacional de Elecciones, Roberto Burneo. El candidato de derecha lanz\u00f3 ataques personales de extrema gravedad e incluso llam\u00f3 a la insurgencia.<\/p>\n<p class=\"\">El conflicto habr\u00eda sido distinto con otro resultado, afirman algunos analistas. \u201cSi dos candidaturas de derecha hubieran pasado a segunda vuelta, nada de esto estar\u00eda ocurriendo\u201d, sostiene el huancavelicano Enver Quinteros Peralta, historiador y miembro de la Asociaci\u00f3n Por Derechos Humanos (Aprodeh). Tras dos d\u00e9cadas viviendo en el sur andino, principalmente en Apur\u00edmac, ahonda en la fractura hist\u00f3rica: \u201cAntes de la independencia, el sur era el centro econ\u00f3mico y pol\u00edtico del virreinato. Despu\u00e9s, todo se concentr\u00f3 en Lima. El sur qued\u00f3 relegado\u201d.<\/p>\n<p class=\"\">La pregunta persiste: \u00bfpor qu\u00e9 la poblaci\u00f3n andina vota, una y otra vez, por opciones de izquierda? Quinteros habla de exclusi\u00f3n, pero tambi\u00e9n de memoria. De los a\u00f1os ochenta y noventa, cuando las comunidades quedaron atrapadas entre el terrorismo y las Fuerzas Armadas; de las reparaciones que nunca llegaron; de las\u00a0<a title=\"https:\/\/elpais.com\/america\/2026-03-06\/la-corte-idh-condena-a-peru-por-un-plan-masivo-de-esterilizaciones-forzadas-durante-el-mandato-de-fujimori.html\" href=\"https:\/\/elpais.com\/america\/2026-03-06\/la-corte-idh-condena-a-peru-por-un-plan-masivo-de-esterilizaciones-forzadas-durante-el-mandato-de-fujimori.html\" target=\"_self\" rel=\"\" data-link-track-dtm=\"\" data-mrf-link=\"https:\/\/elpais.com\/america\/2026-03-06\/la-corte-idh-condena-a-peru-por-un-plan-masivo-de-esterilizaciones-forzadas-durante-el-mandato-de-fujimori.html\">esterilizaciones forzadas<\/a>\u00a0\u2014m\u00e1s de 270 mil mujeres afectadas durante el gobierno de Alberto Fujimori\u2014; de un Estado que prometi\u00f3 reconstrucci\u00f3n que no lleg\u00f3.<\/p>\n<h2 class=\"\">\u201cVotamos con memoria\u201d<\/h2>\n<p class=\"\">Los proyectos mineros llegaron a inicios de la pasada d\u00e9cada con promesas de desarrollo, pero esas promesas se diluyeron entre impactos ambientales y beneficios que no alcanzaron a las comunidades. La desconfianza creci\u00f3 y, con ella, la sensaci\u00f3n de abandono.<\/p>\n<p class=\"\">La herida m\u00e1s reciente sigue abierta. Entre 2022 y 2023, m\u00e1s de cincuenta personas murieron en protestas contra el gobierno de Dina Boluarte. Yovana Mendoza Huarancca perdi\u00f3 a su hermano por un disparo en la espalda en Ayacucho. Desde Huamanga, su voz mezcla duelo y rabia: \u201cNos subestiman. Creen que no sabemos votar, pero votamos con memoria\u201d.<\/p>\n<p class=\"\">Mendoza no solo responde a los ataques; tambi\u00e9n interpela. Habla de una Lima ajena y distante. \u201cDicen que son m\u00e1s inteligentes, pero le han dado su voto a un alcalde que ha dejado la ciudad en abandono, indefensa a manos de los sicarios\u201d, afirma. Y luego, casi en voz baja, cambia el tono: \u201cNosotros tenemos todo: agua, tierra, ganado. Vivimos en un para\u00edso. Ir a Lima, para nosotros, es ir a un infierno\u201d. El Per\u00fa, otra vez, se mira desde extremos que no dialogan.<\/p>\n","protected":false},"excerpt":{"rendered":"<p>&nbsp; &nbsp; La probable victoria del izquierdista Roberto S\u00e1nchez para pasar a segunda vuelta desata una ola de ataques y expone el racismo estructural de&hellip;<\/p>\n","protected":false},"author":99,"featured_media":543511,"comment_status":"open","ping_status":"open","sticky":false,"template":"","format":"standard","meta":{"footnotes":""},"categories":[23],"tags":[],"class_list":["post-543510","post","type-post","status-publish","format-standard","has-post-thumbnail","hentry","category-latinoamerica"],"_links":{"self":[{"href":"https:\/\/diarioelpopular.com\/index.php\/wp-json\/wp\/v2\/posts\/543510","targetHints":{"allow":["GET"]}}],"collection":[{"href":"https:\/\/diarioelpopular.com\/index.php\/wp-json\/wp\/v2\/posts"}],"about":[{"href":"https:\/\/diarioelpopular.com\/index.php\/wp-json\/wp\/v2\/types\/post"}],"author":[{"embeddable":true,"href":"https:\/\/diarioelpopular.com\/index.php\/wp-json\/wp\/v2\/users\/99"}],"replies":[{"embeddable":true,"href":"https:\/\/diarioelpopular.com\/index.php\/wp-json\/wp\/v2\/comments?post=543510"}],"version-history":[{"count":1,"href":"https:\/\/diarioelpopular.com\/index.php\/wp-json\/wp\/v2\/posts\/543510\/revisions"}],"predecessor-version":[{"id":543512,"href":"https:\/\/diarioelpopular.com\/index.php\/wp-json\/wp\/v2\/posts\/543510\/revisions\/543512"}],"wp:featuredmedia":[{"embeddable":true,"href":"https:\/\/diarioelpopular.com\/index.php\/wp-json\/wp\/v2\/media\/543511"}],"wp:attachment":[{"href":"https:\/\/diarioelpopular.com\/index.php\/wp-json\/wp\/v2\/media?parent=543510"}],"wp:term":[{"taxonomy":"category","embeddable":true,"href":"https:\/\/diarioelpopular.com\/index.php\/wp-json\/wp\/v2\/categories?post=543510"},{"taxonomy":"post_tag","embeddable":true,"href":"https:\/\/diarioelpopular.com\/index.php\/wp-json\/wp\/v2\/tags?post=543510"}],"curies":[{"name":"wp","href":"https:\/\/api.w.org\/{rel}","templated":true}]}}