{"id":543514,"date":"2026-04-25T11:12:19","date_gmt":"2026-04-25T15:12:19","guid":{"rendered":"https:\/\/diarioelpopular.com\/?p=543514"},"modified":"2026-04-25T11:12:19","modified_gmt":"2026-04-25T15:12:19","slug":"el-mundo-rural-es-vital-para-el-desarrollo-de-america-latina-y-el-caribe","status":"publish","type":"post","link":"https:\/\/diarioelpopular.com\/index.php\/2026\/04\/25\/el-mundo-rural-es-vital-para-el-desarrollo-de-america-latina-y-el-caribe\/","title":{"rendered":"El mundo rural es vital para el desarrollo de Am\u00e9rica Latina y el Caribe"},"content":{"rendered":"<div id=\"attachment_543515\" style=\"width: 646px\" class=\"wp-caption alignnone\"><img loading=\"lazy\" decoding=\"async\" aria-describedby=\"caption-attachment-543515\" class=\"wp-image-543515 size-custom-full-size\" src=\"https:\/\/diarioelpopular.com\/wp-content\/uploads\/2026\/04\/Screen-Shot-2026-04-25-at-11.11.28-AM-636x398.png\" alt=\"\" width=\"636\" height=\"398\" srcset=\"https:\/\/diarioelpopular.com\/wp-content\/uploads\/2026\/04\/Screen-Shot-2026-04-25-at-11.11.28-AM-636x398.png 636w, https:\/\/diarioelpopular.com\/wp-content\/uploads\/2026\/04\/Screen-Shot-2026-04-25-at-11.11.28-AM-300x188.png 300w, https:\/\/diarioelpopular.com\/wp-content\/uploads\/2026\/04\/Screen-Shot-2026-04-25-at-11.11.28-AM-768x480.png 768w, https:\/\/diarioelpopular.com\/wp-content\/uploads\/2026\/04\/Screen-Shot-2026-04-25-at-11.11.28-AM-117x73.png 117w, https:\/\/diarioelpopular.com\/wp-content\/uploads\/2026\/04\/Screen-Shot-2026-04-25-at-11.11.28-AM.png 876w\" sizes=\"auto, (max-width: 636px) 100vw, 636px\" \/><p id=\"caption-attachment-543515\" class=\"wp-caption-text\">Trabajadores del campo en Ciudad de M\u00e9xico, en 2022. Foto Eduardo Verdugo (AP)<\/p><\/div>\n<p>&nbsp;<\/p>\n<ul>\n<li><em><strong>El futuro del mundo rural no depende solo del agro. Estos territorios tienen potencial en turismo, pesca, energ\u00edas limpias y la transformaci\u00f3n de recursos naturales con mayor valor agregado<\/strong><\/em><\/li>\n<\/ul>\n<p>&nbsp;<\/p>\n<p class=\"\">Durante los \u00faltimos ochenta a\u00f1os, los habitantes de las \u00e1reas rurales de Am\u00e9rica Latina y el Caribe han buscado nuevas oportunidades de vida en las ciudades. Este proceso de urbanizaci\u00f3n nos ha convertido en la regi\u00f3n m\u00e1s urbanizada del planeta. Sin embargo, hoy en d\u00eda, el gran potencial del mundo rural puede convertirse en el principal motor de desarrollo productivo y tambi\u00e9n de cierre de brechas estructurales gracias a una mezcla \u00fanica en el mundo: recursos naturales,\u00a0<a title=\"https:\/\/elpais.com\/america-futura\/2023-12-03\/resistir-al-capitalismo-semilla-a-semilla.html\" href=\"https:\/\/elpais.com\/america-futura\/2023-12-03\/resistir-al-capitalismo-semilla-a-semilla.html\" target=\"_blank\" rel=\"noopener noreferrer\" data-link-track-dtm=\"\" data-mrf-link=\"https:\/\/elpais.com\/america-futura\/2023-12-03\/resistir-al-capitalismo-semilla-a-semilla.html\">seguridad alimentaria<\/a> y biodiversidad.<\/p>\n<p class=\"\">Muchas veces el mundo rural es visto desde la \u00f3ptica de las carencias: pobreza, rezago, baja productividad o falta de servicios. Pero esta realidad est\u00e1 cambiando. Los territorios rurales de nuestra regi\u00f3n est\u00e1n atravesando profundas transformaciones econ\u00f3micas, sociales, tecnol\u00f3gicas y ambientales que abren nuevas oportunidades para el desarrollo.<\/p>\n<p class=\"\">El\u00a0<a title=\"https:\/\/elpais.com\/america-futura\/2026-04-21\/america-latina-y-el-caribe-deben-volver-a-mirar-hacia-el-campo-para-desbloquear-su-potencial.html#?rel=lom\" href=\"https:\/\/elpais.com\/america-futura\/2026-04-21\/america-latina-y-el-caribe-deben-volver-a-mirar-hacia-el-campo-para-desbloquear-su-potencial.html#?rel=lom\" target=\"_blank\" rel=\"noopener noreferrer\" data-link-track-dtm=\"\" data-mrf-link=\"https:\/\/elpais.com\/america-futura\/2026-04-21\/america-latina-y-el-caribe-deben-volver-a-mirar-hacia-el-campo-para-desbloquear-su-potencial.html\">nuevo reporte de econom\u00eda y desarrollo de CAF<\/a>,\u00a0<i>Ra\u00edces del futuro: el nuevo mundo rural de Am\u00e9rica Latina y el Caribe<\/i>, muestra que el desarrollo rural no debe entenderse \u00fanicamente como una agenda sectorial vinculada al agro, sino como una oportunidad estrat\u00e9gica para toda la regi\u00f3n.<\/p>\n<p class=\"\">Hoy, el mundo rural de Am\u00e9rica Latina y el Caribe concentra alrededor de 120 millones de habitantes, m\u00e1s de 18 millones de unidades productivas agropecuarias, el 22% de la superficie boscosa global, el 50% de la biodiversidad conocida y cerca del 60% de los\u00a0<a title=\"https:\/\/elpais.com\/america-futura\/2026-02-24\/america-latina-busca-explotar-la-industria-de-minerales-criticos-sin-una-regulacion-robusta-que-blinde-su-biodiversidad.html\" href=\"https:\/\/elpais.com\/america-futura\/2026-02-24\/america-latina-busca-explotar-la-industria-de-minerales-criticos-sin-una-regulacion-robusta-que-blinde-su-biodiversidad.html\" target=\"_blank\" rel=\"noopener noreferrer\" data-link-track-dtm=\"\" data-mrf-link=\"https:\/\/elpais.com\/america-futura\/2026-02-24\/america-latina-busca-explotar-la-industria-de-minerales-criticos-sin-una-regulacion-robusta-que-blinde-su-biodiversidad.html\">recursos mundiales de litio<\/a>. En las \u00faltimas d\u00e9cadas, la producci\u00f3n agropecuaria de la regi\u00f3n se multiplic\u00f3 por cinco, y su participaci\u00f3n en las exportaciones agropecuarias globales alcanza el 21%.<\/p>\n<p class=\"\">Sin embargo, persisten brechas estructurales: el valor agregado por trabajador agropecuario en la regi\u00f3n equivale solo al 12% del de Estados Unidos, y casi siete de cada diez trabajadores rurales se desempe\u00f1an en la informalidad, mientras que un tercio de la poblaci\u00f3n rural vive en pobreza.<\/p>\n<p class=\"\">Pero el futuro del mundo rural no depende solo del agro. Los territorios rurales tienen un enorme potencial para diversificar su actividad econ\u00f3mica hacia\u00a0<a title=\"https:\/\/elpais.com\/planeta-futuro\/2021-08-15\/el-pacifico-colombiano-hace-su-agosto-mas-comunitario-y-sostenible.html\" href=\"https:\/\/elpais.com\/planeta-futuro\/2021-08-15\/el-pacifico-colombiano-hace-su-agosto-mas-comunitario-y-sostenible.html\" target=\"_blank\" rel=\"noopener noreferrer\" data-link-track-dtm=\"\" data-mrf-link=\"https:\/\/elpais.com\/planeta-futuro\/2021-08-15\/el-pacifico-colombiano-hace-su-agosto-mas-comunitario-y-sostenible.html\">sectores como el turismo<\/a>, la pesca y acuicultura, la bioeconom\u00eda, las energ\u00edas limpias y la transformaci\u00f3n de recursos naturales con mayor valor agregado.<\/p>\n<p class=\"\">El desarrollo rural se presenta como una oportunidad estrat\u00e9gica que demanda pol\u00edticas p\u00fablicas integradas para aprovechar las transformaciones en curso y cerrar brechas estructurales. No basta con actuar de manera aislada sobre un sector o un territorio; es necesario construir una visi\u00f3n integral que fortalezca las capacidades productivas y humanas, mejore la integraci\u00f3n territorial y promueva un desarrollo rural m\u00e1s inclusivo, din\u00e1mico y sostenible.<\/p>\n<p class=\"\">Frente a este panorama, CAF propone una hoja de ruta integral orientada a transformar el potencial del mundo rural en desarrollo sostenible e inclusivo. Esta agenda combina pol\u00edticas productivas, sociales y de infraestructura, temas en los que CAF ha venido trabajando con sus pa\u00edses miembros en los \u00faltimos a\u00f1os.<\/p>\n<p class=\"\">En el \u00e1mbito productivo, promueve la adopci\u00f3n tecnol\u00f3gica, la digitalizaci\u00f3n, la diversificaci\u00f3n y la agregaci\u00f3n de valor, junto con el fortalecimiento de la gobernanza de los recursos naturales. En el plano social, enfatiza la necesidad de ampliar la protecci\u00f3n social y desarrollar capacidades para acceder a empleos de mayor calidad. En materia de servicios, subraya la urgencia de cerrar las brechas tanto en acceso como en calidad.<\/p>\n<p class=\"\">Am\u00e9rica Latina y el Caribe tiene todo para convertirse en una regi\u00f3n soluci\u00f3n frente a los grandes desaf\u00edos globales. Pero para lograrlo debemos mirar m\u00e1s hacia nuestros territorios rurales, reconocer su potencial y convertirlos en protagonistas de una nueva etapa de desarrollo. All\u00ed est\u00e1n, en buena medida, las ra\u00edces de nuestro futuro.<\/p>\n","protected":false},"excerpt":{"rendered":"<p>&nbsp; El futuro del mundo rural no depende solo del agro. Estos territorios tienen potencial en turismo, pesca, energ\u00edas limpias y la transformaci\u00f3n de recursos&hellip;<\/p>\n","protected":false},"author":99,"featured_media":543515,"comment_status":"open","ping_status":"open","sticky":false,"template":"","format":"standard","meta":{"footnotes":""},"categories":[23],"tags":[],"class_list":["post-543514","post","type-post","status-publish","format-standard","has-post-thumbnail","hentry","category-latinoamerica"],"_links":{"self":[{"href":"https:\/\/diarioelpopular.com\/index.php\/wp-json\/wp\/v2\/posts\/543514","targetHints":{"allow":["GET"]}}],"collection":[{"href":"https:\/\/diarioelpopular.com\/index.php\/wp-json\/wp\/v2\/posts"}],"about":[{"href":"https:\/\/diarioelpopular.com\/index.php\/wp-json\/wp\/v2\/types\/post"}],"author":[{"embeddable":true,"href":"https:\/\/diarioelpopular.com\/index.php\/wp-json\/wp\/v2\/users\/99"}],"replies":[{"embeddable":true,"href":"https:\/\/diarioelpopular.com\/index.php\/wp-json\/wp\/v2\/comments?post=543514"}],"version-history":[{"count":1,"href":"https:\/\/diarioelpopular.com\/index.php\/wp-json\/wp\/v2\/posts\/543514\/revisions"}],"predecessor-version":[{"id":543516,"href":"https:\/\/diarioelpopular.com\/index.php\/wp-json\/wp\/v2\/posts\/543514\/revisions\/543516"}],"wp:featuredmedia":[{"embeddable":true,"href":"https:\/\/diarioelpopular.com\/index.php\/wp-json\/wp\/v2\/media\/543515"}],"wp:attachment":[{"href":"https:\/\/diarioelpopular.com\/index.php\/wp-json\/wp\/v2\/media?parent=543514"}],"wp:term":[{"taxonomy":"category","embeddable":true,"href":"https:\/\/diarioelpopular.com\/index.php\/wp-json\/wp\/v2\/categories?post=543514"},{"taxonomy":"post_tag","embeddable":true,"href":"https:\/\/diarioelpopular.com\/index.php\/wp-json\/wp\/v2\/tags?post=543514"}],"curies":[{"name":"wp","href":"https:\/\/api.w.org\/{rel}","templated":true}]}}