{"id":543542,"date":"2026-04-26T11:16:26","date_gmt":"2026-04-26T15:16:26","guid":{"rendered":"https:\/\/diarioelpopular.com\/?p=543542"},"modified":"2026-04-26T11:16:26","modified_gmt":"2026-04-26T15:16:26","slug":"la-cumbrecita-30-anos-de-aprendizajes-del-primer-pueblo-peatonal-de-argentina","status":"publish","type":"post","link":"https:\/\/diarioelpopular.com\/index.php\/2026\/04\/26\/la-cumbrecita-30-anos-de-aprendizajes-del-primer-pueblo-peatonal-de-argentina\/","title":{"rendered":"La Cumbrecita: 30 a\u00f1os de aprendizajes del primer pueblo peatonal de Argentina"},"content":{"rendered":"<div id=\"attachment_543544\" style=\"width: 1210px\" class=\"wp-caption alignnone\"><img loading=\"lazy\" decoding=\"async\" aria-describedby=\"caption-attachment-543544\" class=\"wp-image-543544 size-custom-big-size\" src=\"https:\/\/diarioelpopular.com\/wp-content\/uploads\/2026\/04\/Screen-Shot-2026-04-26-at-11.15.22-AM-1200x797.png\" alt=\"\" width=\"1200\" height=\"797\" srcset=\"https:\/\/diarioelpopular.com\/wp-content\/uploads\/2026\/04\/Screen-Shot-2026-04-26-at-11.15.22-AM-1200x797.png 1200w, https:\/\/diarioelpopular.com\/wp-content\/uploads\/2026\/04\/Screen-Shot-2026-04-26-at-11.15.22-AM-300x199.png 300w, https:\/\/diarioelpopular.com\/wp-content\/uploads\/2026\/04\/Screen-Shot-2026-04-26-at-11.15.22-AM-768x510.png 768w, https:\/\/diarioelpopular.com\/wp-content\/uploads\/2026\/04\/Screen-Shot-2026-04-26-at-11.15.22-AM-85x55.png 85w, https:\/\/diarioelpopular.com\/wp-content\/uploads\/2026\/04\/Screen-Shot-2026-04-26-at-11.15.22-AM-636x422.png 636w, https:\/\/diarioelpopular.com\/wp-content\/uploads\/2026\/04\/Screen-Shot-2026-04-26-at-11.15.22-AM-110x73.png 110w, https:\/\/diarioelpopular.com\/wp-content\/uploads\/2026\/04\/Screen-Shot-2026-04-26-at-11.15.22-AM.png 1024w\" sizes=\"auto, (max-width: 1200px) 100vw, 1200px\" \/><p id=\"caption-attachment-543544\" class=\"wp-caption-text\">Visitantes en una de las calles peatonales de La Cumbrecita, C\u00f3rdoba, (Argentina), el 10 de marzo. Foto Anal\u00eda Llorente<\/p><\/div>\n<p>&nbsp;<\/p>\n<p>&nbsp;<\/p>\n<header class=\"a_e _pr a_e--m\">\n<div class=\"a_e_txt _df\"><\/div>\n<\/header>\n<div><em><strong>&#8211; Aunque fue pionero en el pa\u00eds por adaptar as\u00ed sus calles, vecinos critican c\u00f3mo el turismo masivo afecta este para\u00edso del que otras localidades buscan aprender<\/strong><\/em><\/div>\n<div><\/div>\n<div><\/div>\n<div>Elvira Gonz\u00e1lez lleva sus 35 a\u00f1os de vida en La Cumbrecita. Se reconoce muy feliz de que en este pueblo todos se conozcan; una localidad enclavada en las Sierras Grandes de la provincia argentina de C\u00f3rdoba, entre bosques, arroyos y cascadas. Desde hace tres d\u00e9cadas, adem\u00e1s, es el primer pueblo peatonal del pa\u00eds; el lugar donde su hija de 14 a\u00f1os\u00a0<a title=\"https:\/\/elpais.com\/planeta-futuro\/seres-urbanos\/2022-12-20\/crear-ciudades-de-15-minutos-a-fuego-lento.html\" href=\"https:\/\/elpais.com\/planeta-futuro\/seres-urbanos\/2022-12-20\/crear-ciudades-de-15-minutos-a-fuego-lento.html\" target=\"_self\" rel=\"\" data-link-track-dtm=\"\" data-mrf-link=\"https:\/\/elpais.com\/planeta-futuro\/seres-urbanos\/2022-12-20\/crear-ciudades-de-15-minutos-a-fuego-lento.html\">va y vuelve del colegio caminando<\/a>.<\/div>\n<div>\n<p class=\"\">Adem\u00e1s de prohibir la circulaci\u00f3n de autos en el casco urbano y restringir el uso de bolsas pl\u00e1sticas, muchos habitantes separan residuos y producen compost, mientras crece el uso de energ\u00edas renovables\u00a0<a title=\"https:\/\/elpais.com\/america\/2026-03-30\/paneles-solares-la-apuesta-de-cuba-ante-la-falta-de-combustible-es-el-negocio-del-momento.html\" href=\"https:\/\/elpais.com\/america\/2026-03-30\/paneles-solares-la-apuesta-de-cuba-ante-la-falta-de-combustible-es-el-negocio-del-momento.html\" target=\"_self\" rel=\"\" data-link-track-dtm=\"\" data-mrf-link=\"https:\/\/elpais.com\/america\/2026-03-30\/paneles-solares-la-apuesta-de-cuba-ante-la-falta-de-combustible-es-el-negocio-del-momento.html\">como paneles solares<\/a>. Pero no todo es perfecto en este lugar de 1.300 habitantes que parece sacado de un cuento. \u201cSomos un pueblo tur\u00edstico y ser peatonal est\u00e1 buen\u00edsimo, pero siento que no hemos crecido ni perfeccionado el modelo\u201d, analiza Santiago Nogueira, due\u00f1o del caf\u00e9 E!n Kaffee.<\/p>\n<p class=\"\">\u201cEstimado visitante: nos permitimos recordarle que nuestra localidad ha sido declarada zona de protecci\u00f3n ambiental, por esa raz\u00f3n no est\u00e1 permitido acampar dentro del pueblo, prender fuego, cazar animales o aves del lugar, practicar equitaci\u00f3n dentro del pueblo,\u00a0<a title=\"https:\/\/elpais.com\/america-futura\/2026-04-08\/los-nuevos-campeones-climaticos-en-america-latina-bancos-de-alimentos.html\" href=\"https:\/\/elpais.com\/america-futura\/2026-04-08\/los-nuevos-campeones-climaticos-en-america-latina-bancos-de-alimentos.html\" target=\"_self\" rel=\"\" data-link-track-dtm=\"\" data-mrf-link=\"https:\/\/elpais.com\/america-futura\/2026-04-08\/los-nuevos-campeones-climaticos-en-america-latina-bancos-de-alimentos.html\">tirar residuos fuera de los cestos<\/a>, pescar en las \u00e9pocas de veda, cortar o arrancar cualquier tipo de plantas, arbustos, flores\u201d. Con este largo mensaje tallado en un cartel gigante de madera, la comuna da la bienvenida a los visitantes antes de cruzar el puente sobre el R\u00edo del Medio.<\/p>\n<p>&nbsp;<\/p>\n<figure class=\"a_m a_m-h \">\n<p><div style=\"width: 424px\" class=\"wp-caption alignnone\"><img loading=\"lazy\" decoding=\"async\" class=\"_re lazyload a_m-h\" src=\"https:\/\/imagenes.elpais.com\/resizer\/v2\/TQWKELC5FBB63DJ3AITEUZNQWQ.jpg?auth=887126d036f55f4429270dccc1e160386e0dbaf0da5d13c783118bc393dea23c&amp;width=414\" sizes=\"auto, (min-width:1199px) 760px,(min-width:1001px) calc((100vw - 44px-11*31px)\/12*8+217), (min-width:767px) 767px, 100vw\" srcset=\"https:\/\/imagenes.elpais.com\/resizer\/v2\/TQWKELC5FBB63DJ3AITEUZNQWQ.jpg?auth=887126d036f55f4429270dccc1e160386e0dbaf0da5d13c783118bc393dea23c&amp;width=414 414w,https:\/\/imagenes.elpais.com\/resizer\/v2\/TQWKELC5FBB63DJ3AITEUZNQWQ.jpg?auth=887126d036f55f4429270dccc1e160386e0dbaf0da5d13c783118bc393dea23c&amp;width=828 640w,https:\/\/imagenes.elpais.com\/resizer\/v2\/TQWKELC5FBB63DJ3AITEUZNQWQ.jpg?auth=887126d036f55f4429270dccc1e160386e0dbaf0da5d13c783118bc393dea23c&amp;width=980 1000w,https:\/\/imagenes.elpais.com\/resizer\/v2\/TQWKELC5FBB63DJ3AITEUZNQWQ.jpg?auth=887126d036f55f4429270dccc1e160386e0dbaf0da5d13c783118bc393dea23c&amp;width=1960 1960w\" alt=\"\" width=\"414\" height=\"277\" \/><p class=\"wp-caption-text\">Entrada a La Cumbrecita antes del R\u00edo del Medio.\u00a0 \u00a0 \u00a0 \u00a0 \u00a0 \u00a0 \u00a0 \u00a0 \u00a0 \u00a0 \u00a0 \u00a0 Foto Anal\u00eda Llorente<\/p><\/div><figcaption class=\"a_m_p\" aria-hidden=\"true\"><\/figcaption><\/figure>\n<p>&nbsp;<\/p>\n<p class=\"\">Las instrucciones son estrictas porque La Cumbrecita es una reserva natural de usos m\u00faltiples dentro de la Reserva H\u00eddrica Pampa de Achala, que tiene como objetivo proteger el ambiente y la biodiversidad de la zona. Su historia empez\u00f3 en<b>\u00a0<\/b>1934, cuando la familia Cabjolsky, de origen alem\u00e1n, compr\u00f3 unas 500 hect\u00e1reas.<\/p>\n<p class=\"\">La primera construcci\u00f3n del pueblo es parte de lo que hoy es el hotel La Cumbrecita, un edificio blanco con detalles en madera dif\u00edcil de no ver desde las calles de tierra que serpentean el lugar. \u201cEmpez\u00f3 siendo una estanzuela, despu\u00e9s una hoster\u00eda y luego un hotel. Mis t\u00edos-abuelos lo compraron a finales de la d\u00e9cada de 1930 y de ah\u00ed qued\u00f3 en la familia\u201d, detalla Pedro Navarro, al frente del lugar.<\/p>\n<h2 class=\"\">\u00bfPor qu\u00e9 peatonal?<\/h2>\n<p class=\"\">\u201cDada la tipograf\u00eda en que se encuentra el pueblo de La Cumbrecita, se hace dif\u00edcil el tr\u00e1nsito vehicular en los per\u00edodos de temporada alta de turismo\u201d, dice la resoluci\u00f3n 10 de la comuna de La Cumbrecita, fechada el 9 de julio de 1996. Por eso, \u201cse encuentra prohibido el ingreso al pueblo con veh\u00edculos de tracci\u00f3n mec\u00e1nica o a sangre de 10 a 18 horas\u201d, a\u00f1ade la resoluci\u00f3n.<\/p>\n<p class=\"\">Aunque no se sabe exactamente de qui\u00e9n fue la idea, \u201cla decisi\u00f3n se ca\u00eda de maduro\u201d, analiza Juan Manuel Busaniche, director de Turismo de La Cumbrecita. Adem\u00e1s de fomentar las caminatas tanto de locales como de turistas, esta declaraci\u00f3n trajo otros beneficios como los bajos niveles de ruido. \u201cSe escuchan los p\u00e1jaros, el arroyo. Hay otra interacci\u00f3n con el medio\u201d, describe Navarro.<\/p>\n<p>&nbsp;<\/p>\n<figure class=\"a_m a_m-h \">\n<p><div style=\"width: 424px\" class=\"wp-caption alignnone\"><img loading=\"lazy\" decoding=\"async\" class=\"_re lazyload a_m-h\" src=\"https:\/\/imagenes.elpais.com\/resizer\/v2\/3OJ5T546J5GZZH4V4OS3HXUO5M.jpg?auth=08b70aeed281a6dc8456e00d8fb3a01cebdfd12e78a531d16eb6c1d5c635b2df&amp;width=414\" sizes=\"auto, (min-width:1199px) 760px,(min-width:1001px) calc((100vw - 44px-11*31px)\/12*8+217), (min-width:767px) 767px, 100vw\" srcset=\"https:\/\/imagenes.elpais.com\/resizer\/v2\/3OJ5T546J5GZZH4V4OS3HXUO5M.jpg?auth=08b70aeed281a6dc8456e00d8fb3a01cebdfd12e78a531d16eb6c1d5c635b2df&amp;width=414 414w,https:\/\/imagenes.elpais.com\/resizer\/v2\/3OJ5T546J5GZZH4V4OS3HXUO5M.jpg?auth=08b70aeed281a6dc8456e00d8fb3a01cebdfd12e78a531d16eb6c1d5c635b2df&amp;width=828 640w,https:\/\/imagenes.elpais.com\/resizer\/v2\/3OJ5T546J5GZZH4V4OS3HXUO5M.jpg?auth=08b70aeed281a6dc8456e00d8fb3a01cebdfd12e78a531d16eb6c1d5c635b2df&amp;width=980 1000w,https:\/\/imagenes.elpais.com\/resizer\/v2\/3OJ5T546J5GZZH4V4OS3HXUO5M.jpg?auth=08b70aeed281a6dc8456e00d8fb3a01cebdfd12e78a531d16eb6c1d5c635b2df&amp;width=1960 1960w\" alt=\"\" width=\"414\" height=\"276\" \/><p class=\"wp-caption-text\">Pedro Navarro (derecha) y Caty, su madre, en la recepci\u00f3n del hist\u00f3rico hotel La Cumbrecita. Foto Anal\u00eda Llorente<\/p><\/div><figcaption class=\"a_m_p\" aria-hidden=\"true\"><\/figcaption><\/figure>\n<p>&nbsp;<\/p>\n<p class=\"\">El pueblo atrajo a millones de turistas en los \u00faltimos 30 a\u00f1os, con un pico en los a\u00f1os 90 y principios de 2000. En la actualidad, se calcula que\u00a0<a title=\"https:\/\/elpais.com\/noticias\/turismo-masivo\/\" href=\"https:\/\/elpais.com\/noticias\/turismo-masivo\/\" target=\"_blank\" rel=\"noopener noreferrer\" data-link-track-dtm=\"\" data-mrf-link=\"https:\/\/elpais.com\/noticias\/turismo-masivo\/\">recibe a medio mill\u00f3n de personas por\u00a0<\/a>a\u00f1o, a pesar de que, despu\u00e9s de la pandemia de la covid-19, la curva creciente de visitas se fren\u00f3. Pero en fechas clave, como Semana Santa, la fila de autos para estacionar fuera del pueblo puede alcanzar los seis kil\u00f3metros. \u201cMejor que se ameset\u00f3 el turismo, porque nosotros tenemos que cuidar el recurso, para mejorar el servicio y la calidad\u201d, opina Busaniche.<\/p>\n<h2 class=\"\">M\u00e1s acciones ambientales<\/h2>\n<p class=\"\">En las \u00faltimas d\u00e9cadas, La Cumbrecita fue sumando cambios para favorecer el ambiente y la calidad de vida de los vecinos, algunos m\u00e1s adeptos que otros. Entre ellos est\u00e1n el no uso de bolsas pl\u00e1sticas, la separaci\u00f3n y tratamiento de la basura, la producci\u00f3n de compost hogare\u00f1o y la instalaci\u00f3n de paneles solares.<\/p>\n<p class=\"\">\u201cHicimos uno casero que es como un radiador gigante que reduce el consumo de gas entre un 20\u202f% y un 30\u202f%\u201d, estima Mart\u00edn Santill\u00e1n, que administra las caba\u00f1as La Cumbrecita Waldhuetten. Pedro Navarro, del hotel La Cumbrecita, asegura que los hu\u00e9spedes se ba\u00f1an en verano con agua caliente 100\u202f% y calefaccionada con paneles solares. \u201cNosotros almacenamos la energ\u00eda\u201d, detalla.<\/p>\n<p class=\"\">Otro hito importante fue el desarrollo del sistema de cloacas hace unos 50 a\u00f1os; una obra pionera para un pueblo de altura cuyo suelo es el batolito de Achala, una roca gigante de 2.500 kil\u00f3metros cuadrados y de unos 350 millones de a\u00f1os. La comuna tambi\u00e9n regula la construcci\u00f3n y la carteler\u00eda, priorizando materiales como la madera y limitando el impacto ambiental y lum\u00ednico.<\/p>\n<p>&nbsp;<\/p>\n<figure class=\"a_m a_m-h \">\n<p><div style=\"width: 424px\" class=\"wp-caption alignnone\"><img loading=\"lazy\" decoding=\"async\" class=\"_re lazyload a_m-h\" src=\"https:\/\/imagenes.elpais.com\/resizer\/v2\/WBCLM75LYFBI5D2PWWVSK5CHSQ.jpg?auth=f8f21cdf3d9a43f595b9df9e7fdd530a18490678fc08e162f1fef64485b39449&amp;width=414\" sizes=\"auto, (min-width:1199px) 760px,(min-width:1001px) calc((100vw - 44px-11*31px)\/12*8+217), (min-width:767px) 767px, 100vw\" srcset=\"https:\/\/imagenes.elpais.com\/resizer\/v2\/WBCLM75LYFBI5D2PWWVSK5CHSQ.jpg?auth=f8f21cdf3d9a43f595b9df9e7fdd530a18490678fc08e162f1fef64485b39449&amp;width=414 414w,https:\/\/imagenes.elpais.com\/resizer\/v2\/WBCLM75LYFBI5D2PWWVSK5CHSQ.jpg?auth=f8f21cdf3d9a43f595b9df9e7fdd530a18490678fc08e162f1fef64485b39449&amp;width=828 640w,https:\/\/imagenes.elpais.com\/resizer\/v2\/WBCLM75LYFBI5D2PWWVSK5CHSQ.jpg?auth=f8f21cdf3d9a43f595b9df9e7fdd530a18490678fc08e162f1fef64485b39449&amp;width=980 1000w,https:\/\/imagenes.elpais.com\/resizer\/v2\/WBCLM75LYFBI5D2PWWVSK5CHSQ.jpg?auth=f8f21cdf3d9a43f595b9df9e7fdd530a18490678fc08e162f1fef64485b39449&amp;width=1960 1960w\" alt=\"\" width=\"414\" height=\"277\" \/><p class=\"wp-caption-text\">Mart\u00edn Santill\u00e1n en la puerta del kiosco Valgiuten, hecho en madera y con una biblioteca. Foto Anal\u00eda Llorente<\/p><\/div><figcaption class=\"a_m_p\" aria-hidden=\"true\"><\/figcaption><\/figure>\n<p>&nbsp;<\/p>\n<p class=\"\">\u201cEl placer de los puntos suspensivos es que hace cosquillas en la imaginaci\u00f3n\u201d, dice tallado en una de las paredes de un quiosco pintoresco casi al final del pueblo, que hasta tiene una biblioteca en uno de sus rincones. El administrador de caba\u00f1as Mart\u00edn Santill\u00e1n es su due\u00f1o. \u00c9l lleg\u00f3 a La Cumbrecita hace 15 a\u00f1os y afirma que ac\u00e1 se queda. \u201cEncontr\u00e9 mi lugar en el mundo\u201d, sostiene mientras cuenta c\u00f3mo lo enamor\u00f3 la tranquilidad, la vegetaci\u00f3n, la vista y conversar con los turistas que visitan el quiosco.<\/p>\n<p class=\"\">En octubre de 2012, una gran tormenta redujo significativamente la poblaci\u00f3n de \u00e1rboles de La Cumbrecita y uno de esos troncos se transform\u00f3 en la biblioteca del kiosco de Santill\u00e1n. Otros fueron la materia prima de inspiraci\u00f3n para numerosas esculturas que hoy representan gran parte de la identidad del pueblo. Adem\u00e1s, la comuna instal\u00f3 t\u00f3tems con placas indicativas hacia los puntos tur\u00edsticos, como La Olla, una laguna de agua natural alimentada por un arroyo y rodeada de rocas.<\/p>\n<p>&nbsp;<\/p>\n<figure class=\"a_m a_m-h \">\n<p><div style=\"width: 424px\" class=\"wp-caption alignnone\"><img loading=\"lazy\" decoding=\"async\" class=\"_re lazyload a_m-h\" src=\"https:\/\/imagenes.elpais.com\/resizer\/v2\/XEZIHPAFFVD3NB54WW64VEPCJA.JPG?auth=7b0b4c4b1b8f145267f1f6819b9329424c7c83051c0d75c863f7aec9c1eb73d7&amp;width=414\" sizes=\"auto, (min-width:1199px) 760px,(min-width:1001px) calc((100vw - 44px-11*31px)\/12*8+217), (min-width:767px) 767px, 100vw\" srcset=\"https:\/\/imagenes.elpais.com\/resizer\/v2\/XEZIHPAFFVD3NB54WW64VEPCJA.JPG?auth=7b0b4c4b1b8f145267f1f6819b9329424c7c83051c0d75c863f7aec9c1eb73d7&amp;width=414 414w,https:\/\/imagenes.elpais.com\/resizer\/v2\/XEZIHPAFFVD3NB54WW64VEPCJA.JPG?auth=7b0b4c4b1b8f145267f1f6819b9329424c7c83051c0d75c863f7aec9c1eb73d7&amp;width=828 640w,https:\/\/imagenes.elpais.com\/resizer\/v2\/XEZIHPAFFVD3NB54WW64VEPCJA.JPG?auth=7b0b4c4b1b8f145267f1f6819b9329424c7c83051c0d75c863f7aec9c1eb73d7&amp;width=980 1000w,https:\/\/imagenes.elpais.com\/resizer\/v2\/XEZIHPAFFVD3NB54WW64VEPCJA.JPG?auth=7b0b4c4b1b8f145267f1f6819b9329424c7c83051c0d75c863f7aec9c1eb73d7&amp;width=1960 1960w\" alt=\"\" width=\"414\" height=\"275\" \/><p class=\"wp-caption-text\">R\u00edo del Medio, con el bosque y las Sierras Grandes de fondo, en La Cumbrecita. Foto CEDIDA<\/p><\/div><figcaption class=\"a_m_p\" aria-hidden=\"true\"><\/figcaption><\/figure>\n<h2 class=\"\">Cr\u00edticas al modelo<\/h2>\n<p class=\"\">La expansi\u00f3n del pueblo tambi\u00e9n trajo cambios y algunas flexibilizaciones. \u201cNos qued\u00f3 el eslogan de pueblo peatonal\u201d, cuenta el director de Turismo. Hoy, la restricci\u00f3n se concentra en el \u00e1rea tur\u00edstica, mientras en zonas perif\u00e9ricas circulan veh\u00edculos.<\/p>\n<p class=\"\">Pero justamente, en ese centro urbano, donde los visitantes y locales suelen caminar tranquilos por las calles irregulares e inclinadas, ya no lo hacen con el silencio que tanto valoraron durante a\u00f1os. El ruido de motos y el paso cada vez m\u00e1s frecuente de autos preocupa a los vecinos.<\/p>\n<p class=\"\">Muchos coinciden en que la convivencia es el mayor desaf\u00edo en una comunidad peque\u00f1a y expuesta al turismo constante. \u201cEsto parece\u00a0<i>The Truman Show<\/i>\u201d, agrega Busaniche. \u201cEs un muestrario de 1.300 personas con todos los actores sociales. Y ah\u00ed est\u00e1n las personas que hacen las cosas bien y las que hacen las cosas mal\u201d.<\/p>\n<p>&nbsp;<\/p>\n<figure class=\"a_m a_m-h \">\n<p><div style=\"width: 424px\" class=\"wp-caption alignnone\"><img loading=\"lazy\" decoding=\"async\" class=\"_re lazyload a_m-h\" src=\"https:\/\/imagenes.elpais.com\/resizer\/v2\/A2VJTPK4DVHRNDQNKB6COQTUKA.JPG?auth=2b96dfe3fe2d9184b2c3962c8ae9a49a94dccc27ed1f18fef7408e88eb4bc389&amp;width=414\" sizes=\"auto, (min-width:1199px) 760px,(min-width:1001px) calc((100vw - 44px-11*31px)\/12*8+217), (min-width:767px) 767px, 100vw\" srcset=\"https:\/\/imagenes.elpais.com\/resizer\/v2\/A2VJTPK4DVHRNDQNKB6COQTUKA.JPG?auth=2b96dfe3fe2d9184b2c3962c8ae9a49a94dccc27ed1f18fef7408e88eb4bc389&amp;width=414 414w,https:\/\/imagenes.elpais.com\/resizer\/v2\/A2VJTPK4DVHRNDQNKB6COQTUKA.JPG?auth=2b96dfe3fe2d9184b2c3962c8ae9a49a94dccc27ed1f18fef7408e88eb4bc389&amp;width=828 640w,https:\/\/imagenes.elpais.com\/resizer\/v2\/A2VJTPK4DVHRNDQNKB6COQTUKA.JPG?auth=2b96dfe3fe2d9184b2c3962c8ae9a49a94dccc27ed1f18fef7408e88eb4bc389&amp;width=980 1000w,https:\/\/imagenes.elpais.com\/resizer\/v2\/A2VJTPK4DVHRNDQNKB6COQTUKA.JPG?auth=2b96dfe3fe2d9184b2c3962c8ae9a49a94dccc27ed1f18fef7408e88eb4bc389&amp;width=1960 1960w\" alt=\"\" width=\"414\" height=\"276\" \/><p class=\"wp-caption-text\">Vista panor\u00e1mica de La Cumbrecita, C\u00f3rdoba, Argentina.\u00a0 \u00a0 \u00a0 \u00a0 \u00a0 Foto CEDIDA<\/p><\/div><figcaption class=\"a_m_p\" aria-hidden=\"true\"><\/figcaption><\/figure>\n<p>&nbsp;<\/p>\n<p class=\"\">Por su parte, Nogueira opina que no existe una autocr\u00edtica en el pueblo y su administraci\u00f3n. \u201cSi no crecemos en infraestructura o en servicios, atentamos contra nuestros recursos y atractivos. Est\u00e1n matando la gallina de los huevos de oro\u201d, advierte.<\/p>\n<p class=\"\">Pese a las cr\u00edticas y cuestionamientos,<b>\u00a0<\/b>los a\u00f1os de experiencia como pueblo peatonal inspiran a que otros quieran imitar a La Cumbrecita. Es el caso de La Carolina, en la provincia de San Luis, otro pueblo en altura, aunque con caracter\u00edsticas diferentes. Ambos firmaron un convenio de trabajo para compartir experiencias y fomentar el modelo de pueblo peatonal. \u201cYo les digo a ellos: \u2018Aprendan de lo que llevamos haciendo mal ac\u00e1. Es m\u00e1s f\u00e1cil aprender de los errores de los otros\u201d, concluye Busaniche.<\/p>\n<\/div>\n","protected":false},"excerpt":{"rendered":"<p>&nbsp; &nbsp; &#8211; Aunque fue pionero en el pa\u00eds por adaptar as\u00ed sus calles, vecinos critican c\u00f3mo el turismo masivo afecta este para\u00edso del que&hellip;<\/p>\n","protected":false},"author":99,"featured_media":543544,"comment_status":"open","ping_status":"open","sticky":false,"template":"","format":"standard","meta":{"footnotes":""},"categories":[23],"tags":[],"class_list":["post-543542","post","type-post","status-publish","format-standard","has-post-thumbnail","hentry","category-latinoamerica"],"_links":{"self":[{"href":"https:\/\/diarioelpopular.com\/index.php\/wp-json\/wp\/v2\/posts\/543542","targetHints":{"allow":["GET"]}}],"collection":[{"href":"https:\/\/diarioelpopular.com\/index.php\/wp-json\/wp\/v2\/posts"}],"about":[{"href":"https:\/\/diarioelpopular.com\/index.php\/wp-json\/wp\/v2\/types\/post"}],"author":[{"embeddable":true,"href":"https:\/\/diarioelpopular.com\/index.php\/wp-json\/wp\/v2\/users\/99"}],"replies":[{"embeddable":true,"href":"https:\/\/diarioelpopular.com\/index.php\/wp-json\/wp\/v2\/comments?post=543542"}],"version-history":[{"count":2,"href":"https:\/\/diarioelpopular.com\/index.php\/wp-json\/wp\/v2\/posts\/543542\/revisions"}],"predecessor-version":[{"id":543545,"href":"https:\/\/diarioelpopular.com\/index.php\/wp-json\/wp\/v2\/posts\/543542\/revisions\/543545"}],"wp:featuredmedia":[{"embeddable":true,"href":"https:\/\/diarioelpopular.com\/index.php\/wp-json\/wp\/v2\/media\/543544"}],"wp:attachment":[{"href":"https:\/\/diarioelpopular.com\/index.php\/wp-json\/wp\/v2\/media?parent=543542"}],"wp:term":[{"taxonomy":"category","embeddable":true,"href":"https:\/\/diarioelpopular.com\/index.php\/wp-json\/wp\/v2\/categories?post=543542"},{"taxonomy":"post_tag","embeddable":true,"href":"https:\/\/diarioelpopular.com\/index.php\/wp-json\/wp\/v2\/tags?post=543542"}],"curies":[{"name":"wp","href":"https:\/\/api.w.org\/{rel}","templated":true}]}}