{"id":543546,"date":"2026-04-27T08:03:25","date_gmt":"2026-04-27T12:03:25","guid":{"rendered":"https:\/\/diarioelpopular.com\/?p=543546"},"modified":"2026-04-27T08:03:25","modified_gmt":"2026-04-27T12:03:25","slug":"los-liberales-presentaran-su-informe-economico-de-primavera-este-28-de-abril-en-medio-de-la-inestabilidad-global","status":"publish","type":"post","link":"https:\/\/diarioelpopular.com\/index.php\/2026\/04\/27\/los-liberales-presentaran-su-informe-economico-de-primavera-este-28-de-abril-en-medio-de-la-inestabilidad-global\/","title":{"rendered":"Los liberales presentar\u00e1n su informe econ\u00f3mico de primavera este 28 de abril en medio de la inestabilidad global"},"content":{"rendered":"<div id=\"attachment_543547\" style=\"width: 646px\" class=\"wp-caption alignnone\"><img loading=\"lazy\" decoding=\"async\" aria-describedby=\"caption-attachment-543547\" class=\"wp-image-543547 size-custom-full-size\" src=\"https:\/\/diarioelpopular.com\/wp-content\/uploads\/2026\/04\/Screen-Shot-2026-04-27-at-8.02.10-AM-636x431.png\" alt=\"\" width=\"636\" height=\"431\" srcset=\"https:\/\/diarioelpopular.com\/wp-content\/uploads\/2026\/04\/Screen-Shot-2026-04-27-at-8.02.10-AM-636x431.png 636w, https:\/\/diarioelpopular.com\/wp-content\/uploads\/2026\/04\/Screen-Shot-2026-04-27-at-8.02.10-AM-300x203.png 300w, https:\/\/diarioelpopular.com\/wp-content\/uploads\/2026\/04\/Screen-Shot-2026-04-27-at-8.02.10-AM-768x520.png 768w, https:\/\/diarioelpopular.com\/wp-content\/uploads\/2026\/04\/Screen-Shot-2026-04-27-at-8.02.10-AM-80x55.png 80w, https:\/\/diarioelpopular.com\/wp-content\/uploads\/2026\/04\/Screen-Shot-2026-04-27-at-8.02.10-AM-108x73.png 108w, https:\/\/diarioelpopular.com\/wp-content\/uploads\/2026\/04\/Screen-Shot-2026-04-27-at-8.02.10-AM.png 1024w\" sizes=\"auto, (max-width: 636px) 100vw, 636px\" \/><p id=\"caption-attachment-543547\" class=\"wp-caption-text\">Fran\u00e7ois-Philippe Champagne , Ministro de Finanzas<\/p><\/div>\n<p>&nbsp;<\/p>\n<ul>\n<li><em><strong>El anuncio se produce un d\u00eda despu\u00e9s de que los liberales aseguraran la mayor\u00eda en el gobierno.<\/strong><\/em><\/li>\n<\/ul>\n<p>&nbsp;<\/p>\n<p>Los canadienses tendr\u00e1n una mejor perspectiva de las finanzas del pa\u00eds en medio de la turbulencia global y las perturbaciones en la cadena de suministro de energ\u00eda a finales de este mes, cuando los liberales presenten su informe econ\u00f3mico de primavera.<\/p>\n<p>El ministro de Finanzas, Fran\u00e7ois-Philippe Champagne, anunci\u00f3 en la C\u00e1mara de los Comunes que el informe se publicar\u00e1 este martes 28 de abril, exactamente un a\u00f1o despu\u00e9s de las elecciones federales que mantuvieron a los liberales en el poder.<\/p>\n<p>El anuncio tambi\u00e9n se produce un d\u00eda despu\u00e9s de que el gobierno asegurara la mayor\u00eda, lo que permite a los liberales aprobar leyes en la C\u00e1mara de los Comunes con mayor rapidez.<\/p>\n<p>El informe econ\u00f3mico ser\u00e1 seguido de cerca, ya que los canadienses experimentan un aumento en los precios de la energ\u00eda causado por la guerra liderada por Estados Unidos e Israel en Ir\u00e1n, que ha estrangulado las exportaciones de petr\u00f3leo en el Estrecho de Ormuz.<\/p>\n<p>Horas antes, el primer ministro Mark Carney anunci\u00f3 que el gobierno eliminar\u00e1 temporalmente el impuesto federal especial sobre la gasolina y el di\u00e9sel, e indic\u00f3 que la actualizaci\u00f3n fiscal incluir\u00e1 medidas adicionales para apoyar a los canadienses.<\/p>\n<p>&#8220;Este ser\u00e1 un plan que ayudar\u00e1 a las familias, a nuestra industria y a nuestra naci\u00f3n&#8221;, declar\u00f3 Champagne en el Parlamento.<\/p>\n<p>El a\u00f1o pasado, el gobierno anunci\u00f3 el fin de la arraigada tradici\u00f3n de presentar un presupuesto en primavera y, en su lugar, inspirado por el Reino Unido, lo traslad\u00f3 al oto\u00f1o.<\/p>\n<p>Las actualizaciones fiscales del gobierno, conocidas como &#8220;mini presupuestos&#8221;, ahora se presentan en primavera en lugar de oto\u00f1o.<\/p>\n<p>El presupuesto del 4 de noviembre de los liberales proyect\u00f3 un d\u00e9ficit de 78.300 millones de d\u00f3lares para el a\u00f1o fiscal que finaliz\u00f3 el 31 de marzo y un d\u00e9ficit de m\u00e1s de 65.000 millones de d\u00f3lares para el a\u00f1o fiscal actual.<\/p>\n","protected":false},"excerpt":{"rendered":"<p>&nbsp; El anuncio se produce un d\u00eda despu\u00e9s de que los liberales aseguraran la mayor\u00eda en el gobierno. &nbsp; Los canadienses tendr\u00e1n una mejor perspectiva&hellip;<\/p>\n","protected":false},"author":99,"featured_media":543547,"comment_status":"open","ping_status":"open","sticky":false,"template":"","format":"standard","meta":{"footnotes":""},"categories":[21,11191],"tags":[],"class_list":["post-543546","post","type-post","status-publish","format-standard","has-post-thumbnail","hentry","category-canada","category-top-news"],"_links":{"self":[{"href":"https:\/\/diarioelpopular.com\/index.php\/wp-json\/wp\/v2\/posts\/543546","targetHints":{"allow":["GET"]}}],"collection":[{"href":"https:\/\/diarioelpopular.com\/index.php\/wp-json\/wp\/v2\/posts"}],"about":[{"href":"https:\/\/diarioelpopular.com\/index.php\/wp-json\/wp\/v2\/types\/post"}],"author":[{"embeddable":true,"href":"https:\/\/diarioelpopular.com\/index.php\/wp-json\/wp\/v2\/users\/99"}],"replies":[{"embeddable":true,"href":"https:\/\/diarioelpopular.com\/index.php\/wp-json\/wp\/v2\/comments?post=543546"}],"version-history":[{"count":1,"href":"https:\/\/diarioelpopular.com\/index.php\/wp-json\/wp\/v2\/posts\/543546\/revisions"}],"predecessor-version":[{"id":543548,"href":"https:\/\/diarioelpopular.com\/index.php\/wp-json\/wp\/v2\/posts\/543546\/revisions\/543548"}],"wp:featuredmedia":[{"embeddable":true,"href":"https:\/\/diarioelpopular.com\/index.php\/wp-json\/wp\/v2\/media\/543547"}],"wp:attachment":[{"href":"https:\/\/diarioelpopular.com\/index.php\/wp-json\/wp\/v2\/media?parent=543546"}],"wp:term":[{"taxonomy":"category","embeddable":true,"href":"https:\/\/diarioelpopular.com\/index.php\/wp-json\/wp\/v2\/categories?post=543546"},{"taxonomy":"post_tag","embeddable":true,"href":"https:\/\/diarioelpopular.com\/index.php\/wp-json\/wp\/v2\/tags?post=543546"}],"curies":[{"name":"wp","href":"https:\/\/api.w.org\/{rel}","templated":true}]}}