{"id":543549,"date":"2026-04-27T08:11:21","date_gmt":"2026-04-27T12:11:21","guid":{"rendered":"https:\/\/diarioelpopular.com\/?p=543549"},"modified":"2026-04-27T08:11:21","modified_gmt":"2026-04-27T12:11:21","slug":"expertos-advierten-sobre-una-red-en-linea-que-manipula-a-ninos","status":"publish","type":"post","link":"https:\/\/diarioelpopular.com\/index.php\/2026\/04\/27\/expertos-advierten-sobre-una-red-en-linea-que-manipula-a-ninos\/","title":{"rendered":"Expertos advierten sobre una red en l\u00ednea que manipula a ni\u00f1os"},"content":{"rendered":"<p><img loading=\"lazy\" decoding=\"async\" class=\"alignnone size-custom-big-size wp-image-543550\" src=\"https:\/\/diarioelpopular.com\/wp-content\/uploads\/2026\/04\/Screen-Shot-2026-04-27-at-8.10.31-AM-1200x803.png\" alt=\"\" width=\"1200\" height=\"803\" srcset=\"https:\/\/diarioelpopular.com\/wp-content\/uploads\/2026\/04\/Screen-Shot-2026-04-27-at-8.10.31-AM-1200x803.png 1200w, https:\/\/diarioelpopular.com\/wp-content\/uploads\/2026\/04\/Screen-Shot-2026-04-27-at-8.10.31-AM-300x201.png 300w, https:\/\/diarioelpopular.com\/wp-content\/uploads\/2026\/04\/Screen-Shot-2026-04-27-at-8.10.31-AM-768x514.png 768w, https:\/\/diarioelpopular.com\/wp-content\/uploads\/2026\/04\/Screen-Shot-2026-04-27-at-8.10.31-AM-636x426.png 636w, https:\/\/diarioelpopular.com\/wp-content\/uploads\/2026\/04\/Screen-Shot-2026-04-27-at-8.10.31-AM-80x55.png 80w, https:\/\/diarioelpopular.com\/wp-content\/uploads\/2026\/04\/Screen-Shot-2026-04-27-at-8.10.31-AM-109x73.png 109w, https:\/\/diarioelpopular.com\/wp-content\/uploads\/2026\/04\/Screen-Shot-2026-04-27-at-8.10.31-AM.png 1024w\" sizes=\"auto, (max-width: 1200px) 100vw, 1200px\" \/><\/p>\n<p>&nbsp;<\/p>\n<ul>\n<li><em><strong>Expertos advierten que una violenta red extremista en l\u00ednea, que tiene como objetivo a ni\u00f1os y adolescentes vulnerables, utiliza t\u00e1cticas de manipulaci\u00f3n para coaccionar a sus v\u00edctimas a autolesionarse, ser explotadas sexualmente y cometer actos de violencia. Sin embargo, el motivo no es necesariamente el dinero.<\/strong><\/em><\/li>\n<\/ul>\n<p>&nbsp;<\/p>\n<p>\u00abSon monstruos\u00bb, afirm\u00f3 Darren Laur, fundador de The White Hatter, una empresa de educaci\u00f3n en alfabetizaci\u00f3n digital. \u00abSu objetivo es infligir el mayor da\u00f1o emocional, psicol\u00f3gico y f\u00edsico posible a sus v\u00edctimas\u00bb.<\/p>\n<p>La red, conocida como 764, ha sido designada como entidad terrorista en Canad\u00e1. Especialistas que monitorean el extremismo en l\u00ednea afirman que el grupo se aprovecha de j\u00f3venes que buscan amistad, reconocimiento o un sentido de pertenencia, manipul\u00e1ndolos gradualmente para que cometan actos peligrosos y degradantes.<\/p>\n<p>\u00abEstamos empezando a observar que estos temas ideol\u00f3gicos particulares se infiltran en estas acciones\u00bb, declar\u00f3 Valarie Findlay, experta en an\u00e1lisis de amenazas. \u201cEstamos empezando a ver indicios de supremac\u00eda blanca. Estamos empezando a ver sesgos de g\u00e9nero, sesgos raciales y diversos temas ideol\u00f3gicos o de cosmovisi\u00f3n\u201d.<\/p>\n<p>El acoso suele comenzar en plataformas populares como Roblox o TikTok, antes de que las conversaciones se trasladen a aplicaciones encriptadas como Discord o Telegram, donde el abuso puede intensificarse y escapar a la supervisi\u00f3n parental.<\/p>\n<p>Las v\u00edctimas pueden ser coaccionadas para autolesionarse, enviar im\u00e1genes sexuales, maltratar o matar animales y cometer otros actos violentos. \u201cLa magnitud de la crueldad que estamos viendo no se hab\u00eda visto desde la d\u00e9cada de 1970, probablemente con algunos grupos apocal\u00edpticos, ocultistas, el p\u00e1nico sat\u00e1nico, ese tipo de cosas\u201d, dijo Findlay.<\/p>\n<p><em><strong>Se insta a los padres a estar atentos a las se\u00f1ales de alerta.<\/strong><\/em><br \/>\nAfirma que no hay respuestas f\u00e1ciles para los padres que tienen que lidiar con tanto en la era digital. \u201cDesafortunadamente, depende de los padres estar muy atentos a los patrones de comportamiento de sus hijos y a lo que cambia y lo que no\u201d, dijo Findlay. \u201cSi logras tener una comunicaci\u00f3n abierta y fluida con tu hijo, creo que esa es la mejor defensa\u201d.<\/p>\n<p>El gobierno federal est\u00e1 considerando nuevas restricciones para proteger a los ni\u00f1os en l\u00ednea, incluyendo la posibilidad de restringir el acceso de los j\u00f3venes a las redes sociales. Un grupo de padres y madres afirma que esto debe implementarse cuanto antes.<\/p>\n<p>\u201cEs evidente que no es seguro\u201d, declar\u00f3 Robin Sherk, activista de Unplugged Canada. \u201cEs evidente que los padres no pueden hacerlo solos. No se conocen todas las plataformas ni todos los dispositivos que los hijos pueden usar\u201d.<\/p>\n<p><em><strong>La devastadora p\u00e9rdida de una familia de Vancouver<\/strong><\/em><br \/>\nPara algunas familias, las consecuencias de esta explotaci\u00f3n han sido devastadoras.<\/p>\n<p>Jason Sokolowski, padre de Vancouver, afirma que su hija adolescente fue v\u00edctima de manipulaci\u00f3n por parte de alguien que se hac\u00eda llamar \u201cCulpit\u201d, quien posteriormente descubri\u00f3 que estaba conectado a la red 764.<\/p>\n<p>Tras el primer intento de suicidio de su hija, Sokolowski afirma haber encontrado pruebas de coacci\u00f3n en l\u00ednea en su computadora port\u00e1til mientras ella estaba hospitalizada. \u201cHab\u00eda una lista de cosas que hacer antes de autolesionarse\u2026 realizar estos actos te daba estatus dentro del grupo. Te convert\u00edas en una celebridad dentro del grupo\u201d, dijo.<\/p>\n<p>Ella termin\u00f3 quit\u00e1ndose la vida. Sokolowski considera su muerte un homicidio. Coincide en que las familias necesitan mayores medidas de protecci\u00f3n para evitar que los ni\u00f1os sean v\u00edctimas de abusos.<\/p>\n<p>\u201cNo dejamos que los ni\u00f1os conduzcan, usen armas ni beban alcohol\u201d, dijo. \u201cLas redes sociales est\u00e1n demostrando ser tan peligrosas para los ni\u00f1os como cualquiera de esas tres cosas\u201d.<\/p>\n<p>Sokolowski dice que estar\u00e1 en Ottawa el lunes 27 de abril, junto con otros padres y ni\u00f1os de todo el pa\u00eds, para presionar al gobierno liberal a fin de que proteja mejor a los ni\u00f1os canadienses.<\/p>\n","protected":false},"excerpt":{"rendered":"<p>&nbsp; Expertos advierten que una violenta red extremista en l\u00ednea, que tiene como objetivo a ni\u00f1os y adolescentes vulnerables, utiliza t\u00e1cticas de manipulaci\u00f3n para coaccionar&hellip;<\/p>\n","protected":false},"author":99,"featured_media":543550,"comment_status":"open","ping_status":"open","sticky":false,"template":"","format":"standard","meta":{"footnotes":""},"categories":[21],"tags":[],"class_list":["post-543549","post","type-post","status-publish","format-standard","has-post-thumbnail","hentry","category-canada"],"_links":{"self":[{"href":"https:\/\/diarioelpopular.com\/index.php\/wp-json\/wp\/v2\/posts\/543549","targetHints":{"allow":["GET"]}}],"collection":[{"href":"https:\/\/diarioelpopular.com\/index.php\/wp-json\/wp\/v2\/posts"}],"about":[{"href":"https:\/\/diarioelpopular.com\/index.php\/wp-json\/wp\/v2\/types\/post"}],"author":[{"embeddable":true,"href":"https:\/\/diarioelpopular.com\/index.php\/wp-json\/wp\/v2\/users\/99"}],"replies":[{"embeddable":true,"href":"https:\/\/diarioelpopular.com\/index.php\/wp-json\/wp\/v2\/comments?post=543549"}],"version-history":[{"count":1,"href":"https:\/\/diarioelpopular.com\/index.php\/wp-json\/wp\/v2\/posts\/543549\/revisions"}],"predecessor-version":[{"id":543551,"href":"https:\/\/diarioelpopular.com\/index.php\/wp-json\/wp\/v2\/posts\/543549\/revisions\/543551"}],"wp:featuredmedia":[{"embeddable":true,"href":"https:\/\/diarioelpopular.com\/index.php\/wp-json\/wp\/v2\/media\/543550"}],"wp:attachment":[{"href":"https:\/\/diarioelpopular.com\/index.php\/wp-json\/wp\/v2\/media?parent=543549"}],"wp:term":[{"taxonomy":"category","embeddable":true,"href":"https:\/\/diarioelpopular.com\/index.php\/wp-json\/wp\/v2\/categories?post=543549"},{"taxonomy":"post_tag","embeddable":true,"href":"https:\/\/diarioelpopular.com\/index.php\/wp-json\/wp\/v2\/tags?post=543549"}],"curies":[{"name":"wp","href":"https:\/\/api.w.org\/{rel}","templated":true}]}}