{"id":543562,"date":"2026-04-27T09:04:38","date_gmt":"2026-04-27T13:04:38","guid":{"rendered":"https:\/\/diarioelpopular.com\/?p=543562"},"modified":"2026-04-27T09:04:38","modified_gmt":"2026-04-27T13:04:38","slug":"sheinbaum-rescata-el-presidencialismo-duro-para-enfrentar-a-trump-y-la-crisis-en-morena","status":"publish","type":"post","link":"https:\/\/diarioelpopular.com\/index.php\/2026\/04\/27\/sheinbaum-rescata-el-presidencialismo-duro-para-enfrentar-a-trump-y-la-crisis-en-morena\/","title":{"rendered":"Sheinbaum rescata el presidencialismo duro para enfrentar a Trump y la crisis en Morena"},"content":{"rendered":"<div id=\"attachment_543563\" style=\"width: 1210px\" class=\"wp-caption alignnone\"><img loading=\"lazy\" decoding=\"async\" aria-describedby=\"caption-attachment-543563\" class=\"wp-image-543563 size-custom-big-size\" src=\"https:\/\/diarioelpopular.com\/wp-content\/uploads\/2026\/04\/Screen-Shot-2026-04-27-at-9.03.28-AM-1200x913.png\" alt=\"\" width=\"1200\" height=\"913\" srcset=\"https:\/\/diarioelpopular.com\/wp-content\/uploads\/2026\/04\/Screen-Shot-2026-04-27-at-9.03.28-AM-1200x913.png 1200w, https:\/\/diarioelpopular.com\/wp-content\/uploads\/2026\/04\/Screen-Shot-2026-04-27-at-9.03.28-AM-300x228.png 300w, https:\/\/diarioelpopular.com\/wp-content\/uploads\/2026\/04\/Screen-Shot-2026-04-27-at-9.03.28-AM-768x584.png 768w, https:\/\/diarioelpopular.com\/wp-content\/uploads\/2026\/04\/Screen-Shot-2026-04-27-at-9.03.28-AM-636x484.png 636w, https:\/\/diarioelpopular.com\/wp-content\/uploads\/2026\/04\/Screen-Shot-2026-04-27-at-9.03.28-AM-96x73.png 96w, https:\/\/diarioelpopular.com\/wp-content\/uploads\/2026\/04\/Screen-Shot-2026-04-27-at-9.03.28-AM.png 1024w\" sizes=\"auto, (max-width: 1200px) 100vw, 1200px\" \/><p id=\"caption-attachment-543563\" class=\"wp-caption-text\">La mandataria de M\u00e9xico, Claudia Sheinbaum, en Palacio Nacional, este viernes. Foto Mario Guzm\u00e1n (EFE)<\/p><\/div>\n<p>&nbsp;<\/p>\n<ul>\n<li><em><strong>La mandataria profundiza su intervenci\u00f3n en casi todos los rincones del aparato del poder mexicano<\/strong><\/em><\/li>\n<\/ul>\n<p>&nbsp;<\/p>\n<p class=\"\">Cada vez quedan menos rincones del aparato del poder mexicano que no lleven el sello de la presidente.<\/p>\n<p class=\"\">No se han cumplido todav\u00eda ni dos a\u00f1os del mandato de Claudia Sheinbaum y su influencia se extiende a paso acelerado. Desde el verano pasado, la mandataria ha ido avanzando en la consolidaci\u00f3n de su propio proyecto, renovando los liderazgos heredados del sexenio anterior con cambios de calado, como la cabeza de la Fiscal\u00eda General de la Rep\u00fablica o la coordinaci\u00f3n del grupo morenista en el Senado. Unos movimientos que han tomado a\u00fan m\u00e1s velocidad en las \u00faltimas semanas. La presidenta ha entrado a fondo a operar movimientos tambi\u00e9n en la c\u00fapula del partido, en embajadas y, de rebote, hasta en los equipos de negociadores <a title=\"https:\/\/elpais.com\/mexico\/economia\/2026-04-20\/reglas-de-origen-aranceles-e-inversiones-los-temas-a-tratar-entre-mexico-y-ee-uu-en-la-segunda-ronda-de-conversaciones-sobre-el-tmec.html\" href=\"https:\/\/elpais.com\/mexico\/economia\/2026-04-20\/reglas-de-origen-aranceles-e-inversiones-los-temas-a-tratar-entre-mexico-y-ee-uu-en-la-segunda-ronda-de-conversaciones-sobre-el-tmec.html\" target=\"_self\" rel=\"\" data-link-track-dtm=\"\" data-mrf-link=\"https:\/\/elpais.com\/mexico\/economia\/2026-04-20\/reglas-de-origen-aranceles-e-inversiones-los-temas-a-tratar-entre-mexico-y-ee-uu-en-la-segunda-ronda-de-conversaciones-sobre-el-tmec.html\">del TMEC<\/a>. Sheinbaum est\u00e1 dando un paso al frente al tomar el control de cada vez m\u00e1s resortes del poder, haciendo buena la jerga de pol\u00edtica mexicana utilizada para explicar el fuerte sesgo presidencialista del sistema. El mandatario de turno suele ser llamado \u201cel uno\u201d. Por si hab\u00eda alguna duda, Sheinbaum es \u201cla uno\u201d.<\/p>\n<p class=\"\">La intervenci\u00f3n en el Comit\u00e9 Ejecutivo Nacional (CEN) de Morena ha incluido varias maniobras a la vez y, aunque era un rumor de largo recorrido, ha tomado por sorpresa a los \u00f3rganos de direcci\u00f3n del partido. La presidenta de la formaci\u00f3n, Luisa Mar\u00eda Alcalde, elegida hace menos de dos a\u00f1os, dejar\u00e1 el cargo en un clima de crisis interna. En su lugar, a falta del tr\u00e1mite estatutario, le suceder\u00e1\u00a0<a href=\"https:\/\/elpais.com\/mexico\/2026-04-23\/ariadna-montiel-la-discreta-operadora-de-los-programas-sociales-de-la-4t.html\" rel=\"\" data-link-track-dtm=\"\" data-mrf-link=\"https:\/\/elpais.com\/mexico\/2026-04-23\/ariadna-montiel-la-discreta-operadora-de-los-programas-sociales-de-la-4t.html\">Ariadna Montiel<\/a>, actual secretaria del Bienestar. En paralelo, Sheinbaum anunci\u00f3 d\u00edas antes la entrada en escena de\u00a0<a href=\"https:\/\/elpais.com\/mexico\/2026-04-17\/sheinbaum-interviene-en-morena-ante-la-crisis-de-su-dirigencia.html\" rel=\"\" data-link-track-dtm=\"\" data-mrf-link=\"https:\/\/elpais.com\/mexico\/2026-04-17\/sheinbaum-interviene-en-morena-ante-la-crisis-de-su-dirigencia.html\">Citlalli Hern\u00e1ndez<\/a>, que deja la Secretar\u00eda de las Mujeres para liderar la operaci\u00f3n electoral del a\u00f1o que viene, donde Morena se juega sobre todo retener su mayor\u00eda en la C\u00e1mara de Diputados. Dos de los cuadros de mayor confianza de la presidenta. Las razones de fondo de los cambios tienen que ver tambi\u00e9n con las urnas. La mandataria responsabiliza a alcalde de los fiascos del a\u00f1o pasado en Durango y Veracruz. Adem\u00e1s, la presidenta del CEN tambi\u00e9n sali\u00f3 malparada del mayor traspi\u00e9 parlamentario en lo que va de sexenio.<\/p>\n<p class=\"\">El enroque de los aliados de la coalici\u00f3n gobernante, el Verde y el PT, termin\u00f3 bloqueando una de las reformas estrella de la mandataria. La reforma electoral acab\u00f3 aprob\u00e1ndose de manera descafeinada ante las exigencias de dos partidos minoritarios, que amenazan incluso con una fractura en la coalici\u00f3n. Con la oposici\u00f3n todav\u00eda en la lona, la inesperada resistencia a la apisonadora parlamentaria de Morena estaba dentro de casa. Alcalde fue una de las operadoras en aquellas negociaciones de hace apenas un mes que, tras muchas vueltas, precipitaron un fracaso que a\u00fan retumba por los pasillos de Palacio Nacional.<\/p>\n<p class=\"\">La intervenci\u00f3n de Sheinbaum en la crisis del partido tiene adem\u00e1s un simbolismo a\u00f1adido. Rompe con la l\u00ednea de prudente\u00a0<a href=\"https:\/\/elpais.com\/mexico\/2024-09-30\/morena-se-emancipa-de-lopez-obrador.html\" rel=\"\" data-link-track-dtm=\"\" data-mrf-link=\"https:\/\/elpais.com\/mexico\/2024-09-30\/morena-se-emancipa-de-lopez-obrador.html\">distancia que hab\u00eda mantenido respecto del partido<\/a>\u00a0el expresidente Andr\u00e9s Manuel L\u00f3pez Obrador, fundador y l\u00edder indiscutible de una formaci\u00f3n nacida, al menos ret\u00f3ricamente, como un partido-movimiento. Una combinaci\u00f3n de jerarquizaci\u00f3n y horizontalidad. \u201cLa decisi\u00f3n de la presidenta supone el \u00faltimo clavo en el ata\u00fad del partido-movimiento. Ante esta crisis interna, Sheinbaum est\u00e1 intentando reformular la hegemon\u00eda de Morena bajo una l\u00f3gica distinta al liderazgo carism\u00e1tico de L\u00f3pez Obrador\u201d, apunta el historiador del Colmex Humberto Beck.<\/p>\n<p class=\"\">Este cierre de filas tiene una lectura tambi\u00e9n en clave de pol\u00edtica exterior. \u201cLa presidente est\u00e1 enfrentando una doble crisis\u201d, a\u00f1ade el historiador del Colmex. \u201cAdem\u00e1s de la interna del partido, la amenaza constante de un Donald Trump cada vez m\u00e1s insidioso, con la inminente renovaci\u00f3n del TMEC. Sheinbaum no puede permitirse mostrar debilidad y est\u00e1 recuperando la vieja tradici\u00f3n presidencialista para lanzar un mensaje: ante la crisis est\u00e1 desplegando todo el poder presidencial como \u00faltima instancia de decisi\u00f3n pol\u00edtica\u201d.<\/p>\n<p class=\"\">El relevo en la embajada en Washington anunciado esta semana sigue ese mismo patr\u00f3n. Deshace otro cargo heredado del sexenio anterior, Esteban Moctezuma, y a\u00fapa a un perfil joven, t\u00e9cnico y de confianza como cabeza de las negociaciones para la renovaci\u00f3n del TMEC. Un movimiento que supone tambi\u00e9n un contrapeso al liderazgo en esas negociaciones del secretario de Econom\u00eda,\u00a0<a title=\"\" href=\"https:\/\/elpais.com\/mexico\/2026-04-27\/sheinbaum-rescata-el-presidencialismo-duro-para-enfrentar-a-trump-y-la-crisis-en-morena.html\" rel=\"\" data-link-track-dtm=\"\">Marcelo Ebrard<\/a>, otro cuadro heredado y que fue el rival de Sheinbaum en las primarias de Morena a candidato presidencial. Luis de la Calle, experto en comercio internacional, apunta que los cambios en el gabinete econ\u00f3mico son una se\u00f1al de que Sheinbaum es consciente de que el asunto requiere la involucraci\u00f3n de los presidentes, en este caso, Trump, Sheinbaum y Mark Carney, primer ministro canadiense. \u201cLa eficacia de un embajador en Washington depende de su cercan\u00eda con el Ejecutivo. Si hay una buena relaci\u00f3n del nuevo embajador con el secretario de Relaciones Exteriores (Roberto Velasco, tambi\u00e9n recientemente nombrado) y con la presidencia, eso le va a dar mucho m\u00e1s campo de acci\u00f3n\u201d.<\/p>\n<p class=\"\">En medio de las mesas de trabajo con el TMEC y con el creciente reclamo de las empresas estadounidenses afincadas en M\u00e9xico de pr\u00e1cticas \u201cabusivas\u201d por parte del fisco mexicano, la presidenta tambi\u00e9n ha comenzado a mover piezas en el Servicio de Administraci\u00f3n Tributaria (SAT). Jennifer Krystel Castillo asumir\u00e1 a partir del pr\u00f3ximo mes la Administraci\u00f3n de Grandes Contribuyentes, un \u00e1rea estrat\u00e9gica que concentra la fiscalizaci\u00f3n de las empresas m\u00e1s grandes del pa\u00eds, fuente de jugosos ingresos durante los \u00faltimos a\u00f1os al poner en orden viejas deudas fiscales. Castillo, siguiendo el patr\u00f3n, form\u00f3 parte del equipo de Sheinbaum cuando era jefa de Gobierno de Ciudad de M\u00e9xico y, hasta ahora, es la titular de la Unidad de Asuntos Jur\u00eddicos de la Secretar\u00eda de Energ\u00eda.<\/p>\n","protected":false},"excerpt":{"rendered":"<p>&nbsp; La mandataria profundiza su intervenci\u00f3n en casi todos los rincones del aparato del poder mexicano &nbsp; Cada vez quedan menos rincones del aparato del&hellip;<\/p>\n","protected":false},"author":99,"featured_media":543563,"comment_status":"open","ping_status":"open","sticky":false,"template":"","format":"standard","meta":{"footnotes":""},"categories":[23],"tags":[],"class_list":["post-543562","post","type-post","status-publish","format-standard","has-post-thumbnail","hentry","category-latinoamerica"],"_links":{"self":[{"href":"https:\/\/diarioelpopular.com\/index.php\/wp-json\/wp\/v2\/posts\/543562","targetHints":{"allow":["GET"]}}],"collection":[{"href":"https:\/\/diarioelpopular.com\/index.php\/wp-json\/wp\/v2\/posts"}],"about":[{"href":"https:\/\/diarioelpopular.com\/index.php\/wp-json\/wp\/v2\/types\/post"}],"author":[{"embeddable":true,"href":"https:\/\/diarioelpopular.com\/index.php\/wp-json\/wp\/v2\/users\/99"}],"replies":[{"embeddable":true,"href":"https:\/\/diarioelpopular.com\/index.php\/wp-json\/wp\/v2\/comments?post=543562"}],"version-history":[{"count":1,"href":"https:\/\/diarioelpopular.com\/index.php\/wp-json\/wp\/v2\/posts\/543562\/revisions"}],"predecessor-version":[{"id":543564,"href":"https:\/\/diarioelpopular.com\/index.php\/wp-json\/wp\/v2\/posts\/543562\/revisions\/543564"}],"wp:featuredmedia":[{"embeddable":true,"href":"https:\/\/diarioelpopular.com\/index.php\/wp-json\/wp\/v2\/media\/543563"}],"wp:attachment":[{"href":"https:\/\/diarioelpopular.com\/index.php\/wp-json\/wp\/v2\/media?parent=543562"}],"wp:term":[{"taxonomy":"category","embeddable":true,"href":"https:\/\/diarioelpopular.com\/index.php\/wp-json\/wp\/v2\/categories?post=543562"},{"taxonomy":"post_tag","embeddable":true,"href":"https:\/\/diarioelpopular.com\/index.php\/wp-json\/wp\/v2\/tags?post=543562"}],"curies":[{"name":"wp","href":"https:\/\/api.w.org\/{rel}","templated":true}]}}