{"id":543566,"date":"2026-04-27T09:18:43","date_gmt":"2026-04-27T13:18:43","guid":{"rendered":"https:\/\/diarioelpopular.com\/?p=543566"},"modified":"2026-04-27T09:18:43","modified_gmt":"2026-04-27T13:18:43","slug":"que-paso-en-ecuador-se-conocen-detalles-reservados-de-las-72-horas-en-que-petro-estuvo-en-manta","status":"publish","type":"post","link":"https:\/\/diarioelpopular.com\/index.php\/2026\/04\/27\/que-paso-en-ecuador-se-conocen-detalles-reservados-de-las-72-horas-en-que-petro-estuvo-en-manta\/","title":{"rendered":"\u00bfQu\u00e9 pas\u00f3 en Ecuador? Se conocen detalles reservados de las 72 horas en que Petro estuvo en Manta"},"content":{"rendered":"<p><img loading=\"lazy\" decoding=\"async\" class=\"alignnone size-custom-big-size wp-image-543567\" src=\"https:\/\/diarioelpopular.com\/wp-content\/uploads\/2026\/04\/Screen-Shot-2026-04-27-at-9.12.12-AM-1200x849.png\" alt=\"\" width=\"1200\" height=\"849\" srcset=\"https:\/\/diarioelpopular.com\/wp-content\/uploads\/2026\/04\/Screen-Shot-2026-04-27-at-9.12.12-AM-1200x849.png 1200w, https:\/\/diarioelpopular.com\/wp-content\/uploads\/2026\/04\/Screen-Shot-2026-04-27-at-9.12.12-AM-300x212.png 300w, https:\/\/diarioelpopular.com\/wp-content\/uploads\/2026\/04\/Screen-Shot-2026-04-27-at-9.12.12-AM-768x543.png 768w, https:\/\/diarioelpopular.com\/wp-content\/uploads\/2026\/04\/Screen-Shot-2026-04-27-at-9.12.12-AM-636x450.png 636w, https:\/\/diarioelpopular.com\/wp-content\/uploads\/2026\/04\/Screen-Shot-2026-04-27-at-9.12.12-AM-103x73.png 103w, https:\/\/diarioelpopular.com\/wp-content\/uploads\/2026\/04\/Screen-Shot-2026-04-27-at-9.12.12-AM.png 1024w\" sizes=\"auto, (max-width: 1200px) 100vw, 1200px\" \/><\/p>\n<p>&nbsp;<\/p>\n<p>&nbsp;<\/p>\n<div id=\"\" class=\"portlet-boundary portlet-static-end content-viewer-portlet last full-access norestricted\">\n<div class=\"ecr_articulo_titulo_multimedia art_35882079\" data-gtm-vis-recent-on-screen1871931_550=\"42\" data-gtm-vis-first-on-screen1871931_550=\"42\" data-gtm-vis-total-visible-time1871931_550=\"100\" data-gtm-vis-has-fired1871931_550=\"1\">\n<div class=\"block-headline\">\n<ul>\n<li class=\"lead cita\" data-mrf-recirculation=\"Article - enlaces p\u00e1rrafos\"><em><strong>Seg\u00fan reportes de inteligencia de Ecuador, el mandatario colombiano estuvo en una residencia con alimentos y todo tipo de bebidas que suger\u00edan festejos y sali\u00f3 con mujeres que no hac\u00edan parte de la delegaci\u00f3n oficial.<\/strong><\/em><\/li>\n<\/ul>\n<\/div>\n<div class=\"block-image\">\n<div class=\"multimediaMacroWrapper\">\n<div class=\"slick-list draggable\">\n<div class=\"slick-track\">\n<div class=\"slick-slide slick-current slick-active\" data-slick-index=\"0\" aria-hidden=\"false\">\n<div><\/div>\n<\/div>\n<\/div>\n<\/div>\n<\/div>\n<\/div>\n<\/div>\n<\/div>\n<div id=\"\" class=\"portlet-boundary portlet-static-end content-viewer-portlet last full-access norestricted\">\n<div class=\"TEMPLATE-EC-01\"><\/div>\n<\/div>\n<div id=\"\" class=\"portlet-boundary portlet-static-end content-viewer-portlet Detalle-live-events last full-access norestricted\">\n<div class=\"template-ec-16-d\"><\/div>\n<\/div>\n<div id=\"\" class=\"portlet-boundary portlet-static-end htmlcontainer-portlet\">\n<div>\n<div id=\"powerbeans-widget\" class=\"pb-tw light\" data-current-content=\"https:\/\/www.elcolombiano.com\/internacional\/detalles-reservados-visita-gustavo-petro-manta-ecuador-MG35882079\" data-should-refetch=\"false\" data-refetching=\"false\" data-mounted=\"true\" data-fetched=\"true\">\n<div class=\"App !beans-px-[16px] !beans-pt-[12px] !beans-pb-[8px] beans-bg-primary beans-relative beans-flex beans-justify-around beans-flex-row beans-items-center beans-rounded-xl beans-py-1 beans-px-3 beans-drop-shadow-md\">\n<div id=\"powerbeans-player-container\" class=\"beans-w-full beans-h-[auto] beans-z-[6] beans-bottom-0 beans-left-0 beans-relative\" role=\"region\" aria-label=\"Escuchar el resumen del articulo\">\n<div class=\"beans-flex beans-flex-col !beans-w-full\">\n<div class=\"beans-flex beans-flex-col\">\n<div class=\"beans-flex beans-grow\">\n<div class=\"beans-flex beans-mr-[12px]\">\n<div class=\"beans-ml-[3px] beans-flex beans-justify-center\"><\/div>\n<\/div>\n<div class=\"beans-flex beans-flex-col beans-grow\">\n<div class=\"beans-flex beans-h-[50%]\">\n<div class=\"beans-transition-all beans-linear beans-duration-300\">\n<div class=\"beans-flex beans-gap-[4px] beans-w-full beans-absolute\">\n<p data-mrf-recirculation=\"Article - enlaces p\u00e1rrafos\">En medio de la tensi\u00f3n que ha mantenido el presidente Gustavo Petro con su hom\u00f3logo ecuatoriano, Daniel Noboa,\u00a0se dieron a conocer nuevos detalles de la visita del mandatario colombiano a Manta, la cual fue un misterio, ya que no hac\u00eda parte de la agenda que fue divulgada oficialmente.<\/p>\n<p data-mrf-recirculation=\"Article - enlaces p\u00e1rrafos\">Este viaje ha sido la piedra en el zapato en la relaci\u00f3n bilateral Noboa-Petro,\u00a0pues el mandatario ecuatoriano ha se\u00f1alado p\u00fablicamente que en medio de esa visita, el jefe de Estado colombiano se habr\u00eda reunido con Adolfo Mac\u00edas, alias\u00a0<a href=\"https:\/\/www.elcolombiano.com\/cronologia\/noticias\/meta\/alias-fito-cabecilla-de-los-choneros-\" target=\"_blank\" rel=\"noopener noreferrer\" data-mrf-link=\"https:\/\/www.elcolombiano.com\/cronologia\/noticias\/meta\/alias-fito-cabecilla-de-los-choneros-\">Fito<\/a>, adem\u00e1s de seguidores de Rafael Correa, opositor del actual gobierno del vecino pa\u00eds.<\/p>\n<p data-mrf-recirculation=\"Article - enlaces p\u00e1rrafos\">Sobre estas acusaciones, el presidente de Colombia ha sostenido que solo fue a Manta a actividades personales y a terminar de escribir un libro y que no tiene nada que ver con una reuni\u00f3n con el peligroso narcotraficante. Inclusive, ha mencionado una demanda por calumnia en contra de Noboa.<\/p>\n<p data-mrf-recirculation=\"Article - enlaces p\u00e1rrafos\">En medio de su defensa contra los se\u00f1alamientos de su hom\u00f3logo ecuatoriano,\u00a0<a href=\"https:\/\/www.elcolombiano.com\/cronologia\/noticias\/meta\/gustavo-petro\" target=\"_blank\" rel=\"noopener noreferrer\" data-mrf-link=\"https:\/\/www.elcolombiano.com\/cronologia\/noticias\/meta\/gustavo-petro\">Petro\u00a0<\/a>ha sostenido que inclusive su visita cont\u00f3 con protecci\u00f3n oficial del Estado ecuatoriano y hubo seguridad militar permanente, haciendo imposible un encuentro irregular.<\/p>\n<p data-mrf-recirculation=\"Article - enlaces p\u00e1rrafos\">Respecto a ese viaje, efectivamente, el mandatario colombiano cont\u00f3 con protecci\u00f3n militar ecuatoriana; sin embargo, el medio de ese pa\u00eds, Vistazo, ha revelado informaci\u00f3n adicional que despierta las dudas sobre la visita de Petro a Manta.<\/p>\n<div class=\"paragraph\">\n<p data-mrf-recirculation=\"Article - enlaces p\u00e1rrafos\">Citando reportes de inteligencia, el medio del vecino pa\u00eds aclar\u00f3 que el pol\u00edtico colombiano cont\u00f3 con protecci\u00f3n de las Fuerzas Armadas del Ecuador, incluyendo unidades especiales y personal de la Fuerza A\u00e9rea, pero solo vigilaban el exterior sin tener acceso al entorno pr\u00f3ximo de Petro.<\/p>\n<\/div>\n<h4 class=\"Entretitulo\">Mujeres, un Jeep y supuestos festejos privados: lo que hizo parte de la visita de Petro a Manta<\/h4>\n<div class=\"paragraph\">\n<p data-mrf-recirculation=\"Article - enlaces p\u00e1rrafos\">En las 72 horas que el presidente Gustavo Petro estuvo en Manta, el medio ecuatoriano detall\u00f3 que el entorno m\u00e1s cercano del presidente era custodiado por agentes colombianos, como suele acostumbrarse.<\/p>\n<p data-mrf-recirculation=\"Article - enlaces p\u00e1rrafos\">Al momento de llegar a Manta en el avi\u00f3n presidencial el 24 de mayo de 2025 en horas de la tarde, una caravana de seguridad recorri\u00f3 13 kil\u00f3metros por la ruta Spondylus hasta llegar a la urbanizaci\u00f3n Marina Blue, ubicada en el sector de Santa Marianita.<\/p>\n<p data-mrf-recirculation=\"Article - enlaces p\u00e1rrafos\">La permanencia en esta residencia estuvo marcada por hermetismo, pues el medio mencionado cita que en el informe de inteligencia se describi\u00f3 que \u201cse observaron constantes movimientos de ingreso y salida de los veh\u00edculos pertenecientes a la c\u00e1psula de seguridad interna, con vidrios polarizados, impidiendo la identificaci\u00f3n de sus ocupantes\u201d.<\/p>\n<p data-mrf-recirculation=\"Article - enlaces p\u00e1rrafos\">Los reportes oficiales tambi\u00e9n cuentan que se\u00a0registr\u00f3 el ingreso frecuente de un Jeep Jetour que transportaba alimentos y bebidas para supuestos festejos privados, acompa\u00f1ados de m\u00fasica dentro de la vivienda.<\/p>\n<p data-mrf-recirculation=\"Article - enlaces p\u00e1rrafos\">En medio de ese transporte de alimentos y bebidas, los reportes identificaron como pieza clave a Wilfrido R.M., quien fue el soporte log\u00edstico de la estancia de Petro en Marina Blue.<\/p>\n<p data-mrf-recirculation=\"Article - enlaces p\u00e1rrafos\">Wilfrido era quien conduc\u00eda el Jeep Jetour chino, modelo 2025, y hac\u00eda parte de una empresa de log\u00edstica domiciliada en la provincia de Manab\u00ed, y su funci\u00f3n principal consisti\u00f3 en el traslado de alimentos y bebidas a la residencia durante las 72 horas de la visita.<\/p>\n<p data-mrf-recirculation=\"Article - enlaces p\u00e1rrafos\">Al momento de abandonar el lugar, el 26 de mayo de 2025, seg\u00fan cit\u00f3 el medio local a informes de inteligencia,\u00a0el mandatario colombiano estaba\u00a0\u201cacompa\u00f1ado por mujeres que no formaban parte de su equipo de seguridad oficial\u201d.<\/p>\n<p data-mrf-recirculation=\"Article - enlaces p\u00e1rrafos\">Con el conocimiento de estos detalles, sigue pendiente por esclarecer el motivo real por el cual el presidente visit\u00f3 Manta, pues nadie le cree el cuento de &#8220;terminar un libro&#8221; y\u00a0su viaje a esta zona de Ecuador coincide con el tiempo en el que alias Fito estuvo pr\u00f3fugo de la justicia, adem\u00e1s de que, un mes luego de la estancia de Petro, el poderoso narcotraficante fue capturado en esta ciudad.<\/p>\n<p data-mrf-recirculation=\"Article - enlaces p\u00e1rrafos\">\n<\/div>\n<\/div>\n<\/div>\n<\/div>\n<\/div>\n<\/div>\n<\/div>\n<\/div>\n<\/div>\n<\/div>\n<\/div>\n<\/div>\n<\/div>\n","protected":false},"excerpt":{"rendered":"<p>&nbsp; &nbsp; Seg\u00fan reportes de inteligencia de Ecuador, el mandatario colombiano estuvo en una residencia con alimentos y todo tipo de bebidas que suger\u00edan festejos&hellip;<\/p>\n","protected":false},"author":99,"featured_media":543567,"comment_status":"open","ping_status":"open","sticky":false,"template":"","format":"standard","meta":{"footnotes":""},"categories":[23],"tags":[],"class_list":["post-543566","post","type-post","status-publish","format-standard","has-post-thumbnail","hentry","category-latinoamerica"],"_links":{"self":[{"href":"https:\/\/diarioelpopular.com\/index.php\/wp-json\/wp\/v2\/posts\/543566","targetHints":{"allow":["GET"]}}],"collection":[{"href":"https:\/\/diarioelpopular.com\/index.php\/wp-json\/wp\/v2\/posts"}],"about":[{"href":"https:\/\/diarioelpopular.com\/index.php\/wp-json\/wp\/v2\/types\/post"}],"author":[{"embeddable":true,"href":"https:\/\/diarioelpopular.com\/index.php\/wp-json\/wp\/v2\/users\/99"}],"replies":[{"embeddable":true,"href":"https:\/\/diarioelpopular.com\/index.php\/wp-json\/wp\/v2\/comments?post=543566"}],"version-history":[{"count":1,"href":"https:\/\/diarioelpopular.com\/index.php\/wp-json\/wp\/v2\/posts\/543566\/revisions"}],"predecessor-version":[{"id":543568,"href":"https:\/\/diarioelpopular.com\/index.php\/wp-json\/wp\/v2\/posts\/543566\/revisions\/543568"}],"wp:featuredmedia":[{"embeddable":true,"href":"https:\/\/diarioelpopular.com\/index.php\/wp-json\/wp\/v2\/media\/543567"}],"wp:attachment":[{"href":"https:\/\/diarioelpopular.com\/index.php\/wp-json\/wp\/v2\/media?parent=543566"}],"wp:term":[{"taxonomy":"category","embeddable":true,"href":"https:\/\/diarioelpopular.com\/index.php\/wp-json\/wp\/v2\/categories?post=543566"},{"taxonomy":"post_tag","embeddable":true,"href":"https:\/\/diarioelpopular.com\/index.php\/wp-json\/wp\/v2\/tags?post=543566"}],"curies":[{"name":"wp","href":"https:\/\/api.w.org\/{rel}","templated":true}]}}