{"id":543574,"date":"2026-04-27T09:25:35","date_gmt":"2026-04-27T13:25:35","guid":{"rendered":"https:\/\/diarioelpopular.com\/?p=543574"},"modified":"2026-04-27T09:25:35","modified_gmt":"2026-04-27T13:25:35","slug":"cronicas-trump-y-sus-travesuras","status":"publish","type":"post","link":"https:\/\/diarioelpopular.com\/index.php\/2026\/04\/27\/cronicas-trump-y-sus-travesuras\/","title":{"rendered":"CR\u00d3NICAS: Trump y sus travesuras"},"content":{"rendered":"<p class=\"p1\"><em><strong>Por: Luc\u00eda P. de Garc\u00eda<\/strong><\/em><\/p>\n<p class=\"p1\"><em><strong>Toronto.-<\/strong><\/em> Si bien el mundo conoce al presidente estadounidense Donald Trump por su narcisismo, fanfarroner\u00eda, hip\u00e9rboles, excentricidades, trato despectivo, injerencia en los asuntos de otros pa\u00edses, belicismo, etc., hay hechos que sobrepasan lo tolerable.<span class=\"Apple-converted-space\">\u00a0<\/span><\/p>\n<p class=\"p1\">Empecemos por la Casa Blanca. Demoli\u00f3 el Ala Oeste, donde se ubicaban salas de reuniones, un teatro, oficinas gubernamentales, la entrada para los gobernantes del mundo que llegan de visita. Todo, para construir un sal\u00f3n de baile de 8.000 m2 de superficie, capacidad para 900 personas y costo de m\u00e1s de 250 millones de d\u00f3lares.<span class=\"Apple-converted-space\">\u00a0<\/span><\/p>\n<p class=\"p1\">En enero de 2025 burl\u00f3 la memoria del expresidente John F. Kennedy al a\u00f1adir su nombre al centro cultural que desde 1971 se le conoc\u00eda con las siglas KC, hoy se llama Trump Kennedy Center y est\u00e1 a las \u00f3rdenes de sus fan\u00e1ticos MAGA.<span class=\"Apple-converted-space\">\u00a0<\/span><\/p>\n<p class=\"p1\">En marzo de 2026 su administraci\u00f3n invent\u00f3 un mapa en el que Estados Unidos se rodea de un \u201cEscudo de las Am\u00e9ricas\u201d para cuidar la seguridad de la \u201cGran Am\u00e9rica del Norte\u201d. Ese norte va desde Alaska hasta Ecuador. No incluye el territorio ecuatoriano completo, s\u00f3lo el norte del pa\u00eds, hasta donde la imaginaria l\u00ednea Equinoccial divide al continente entre el Norte y el Sur. Los 12 pa\u00edses elegidos para integrar tal Escudo ponen soldados, drones, bases, puertos, aeropuertos, espectro radioel\u00e9ctrico y el \u201chonor\u201d de combatir el narcotr\u00e1fico y la influencia de potencias como China o Ir\u00e1n, bajo el amparo de \u201cinmunidad militar\u201d y la doctrina pol\u00edtica llamada \u201cCorolario Trump\u201d.<\/p>\n<p class=\"p1\">Pero la guerra no est\u00e1 en las Am\u00e9ricas sino en Ir\u00e1n. El conflicto lo inici\u00f3 Estados Unidos en febrero, cuando en acci\u00f3n conjunta con Israel bombardearon dicho pa\u00eds con la intenci\u00f3n de \u201celiminar las amenazas de la Rep\u00fablica Isl\u00e1mica\u201d, conocida antes como Persia. Murieron el l\u00edder supremo, militares y miembros del gobierno.<\/p>\n<p class=\"p1\">Ir\u00e1n respondi\u00f3 con oleadas de misiles bal\u00edsticos y drones contra Israel y algunos pa\u00edses del Oriente Medio, donde Estados Unidos tiene instalaciones petroleras. Y bloque\u00f3 el estrecho de Ormuz, por donde circula el 20 % del petr\u00f3leo y del gas que se comercia en el mundo, lo que dispar\u00f3 el precio de los combustibles.<span class=\"Apple-converted-space\">\u00a0<\/span><\/p>\n<p class=\"p1\">Mientras el conflicto crec\u00eda, lleg\u00f3 el 1 de abril. Durante el almuerzo de Pascua en la Casa Blanca, la directora de la Oficina de Fe, Paula White, consejera espiritual de Trump, le compar\u00f3 con Jes\u00fas. \u201cNadie ha pagado un precio como el que t\u00fa has pagado, casi te cuesta la vida. Fuiste traicionado, arrestado y acusado falsamente. Es un patr\u00f3n que nuestro Se\u00f1or y Salvador nos mostr\u00f3. Gracias a su resurrecci\u00f3n, resucitaste. Tus sacrificios se comparan con la resurrecci\u00f3n de Cristo\u201d. Por un momento Trump olvid\u00f3 el caso Epstein, en el que se dice estar\u00eda involucrado, y se sinti\u00f3 en el Cielo. Dijo que sus seguidores le llaman \u201cRey\u201d y se compar\u00f3 con Jes\u00fas entrando en Jerusal\u00e9n. \u201cAhora me llaman rey a m\u00ed \u00bfOs lo pod\u00e9is creer?\u201d<span class=\"Apple-converted-space\">\u00a0<\/span><\/p>\n<p class=\"p1\">El cristianismo se indign\u00f3. El mundo qued\u00f3 estupefacto. M\u00e1s a\u00fan, cuando despu\u00e9s gener\u00f3 por inteligencia artificial lo que public\u00f3 en su red Truth Social: en un fondo donde volaban aviones de guerra, \u00e9l, como figura mesi\u00e1nica, sanaba con una luz que sal\u00eda de sus manos. \u201cSe supone que soy yo como m\u00e9dico, haciendo que la gente mejore. Yo s\u00ed hago que la gente mejore\u201d dijo. La controversia que desat\u00f3 este asunto le oblig\u00f3 a borrar el trabajo de la IA. Trump hab\u00eda sobrepasado todo l\u00edmite.<\/p>\n<p class=\"p1\">En tanto segu\u00edan las negociaciones de alto al fuego con Ir\u00e1n, advirti\u00f3 que, de no abrir el estrecho de Ormuz, la noche del 8 de abril aniquilar\u00eda a toda la civilizaci\u00f3n iran\u00ed. El planeta se horroriz\u00f3. La poblaci\u00f3n civil iran\u00ed se uni\u00f3 para formar cadenas humanas en defensa de la infraestructura energ\u00e9tica y los sitios estrat\u00e9gicos. <span class=\"Apple-converted-space\">\u00a0<\/span><\/p>\n<p class=\"p1\">La grav\u00edsima situaci\u00f3n hizo que el Papa Le\u00f3n XIV, quien ya hab\u00eda clamado por paz, se\u00f1alara que la amenaza del mandatario contradec\u00eda el derecho internacional. \u00c9ste le acus\u00f3 de \u201cd\u00e9bil en el crimen y terrible en su pol\u00edtica exterior\u201d, de no comportarse como estadounidense sino \u201cm\u00e1s como dirigente pol\u00edtico que como l\u00edder religioso\u201d, incluso dio a entender que si no fuera por \u00e9l, el Papa no hubiera sido electo como tal.<span class=\"Apple-converted-space\">\u00a0<\/span><\/p>\n<p class=\"p1\">Durante su viaje a Argelia, en su discurso protocolar Le\u00f3n XIV dijo que no discutir\u00e1 con el presidente, su papel no es pol\u00edtico sino espiritual. \u201cSeguir\u00e9 manifest\u00e1ndome en\u00e9rgicamente contra la guerra, buscando promover la paz, el di\u00e1logo y las relaciones multilaterales entre los Estados para encontrar soluciones justas a los problemas\u201d.<span class=\"Apple-converted-space\">\u00a0<\/span><\/p>\n<p class=\"p1\">Al momento, Trump sigue presionando el apoyo de Europa a su guerra contra Ir\u00e1n. Advierte que obtendr\u00e1 el \u201cpolvo nuclear\u201d que tiene aquel pa\u00eds sin compensaci\u00f3n econ\u00f3mica o con acciones m\u00e1s duras. Ir\u00e1n afirma que \u201cno se va a enviar ning\u00fan material enriquecido a Estados Unidos\u201d, sus exigencias \u201cmaximalistas\u201d son inaceptables y s\u00f3lo negociar\u00e1 cuando se resuelvan los obst\u00e1culos pendientes.<span class=\"Apple-converted-space\">\u00a0<\/span><\/p>\n<p class=\"p1\">La mediaci\u00f3n de Turqu\u00eda, Paquist\u00e1n y Egipto contin\u00faa, al tiempo que el mundo espera que esta guerra termine, y que el marco de paz sea el que genere un exitoso Mundial de F\u00fatbol 2026, donde reinen el juego limpio, la hermandad, la alegr\u00eda y la magia hipnotizante de la pelota rodando por la cancha de c\u00e9sped verde.<\/p>\n<p class=\"p1\">Pero hasta en ello interviene Trump. Mediante su enviado especial, Paolo Zampolli, ha solicitado al presidente de la FIFA, Gianni Infantino, que expulse a Ia selecci\u00f3n de Ir\u00e1n y la reemplace por Italia, premiando as\u00ed la trayectoria de la selecci\u00f3n italiana, que tiene cuatro t\u00edtulos mundiales. Pero esta vez el equipo italiano no clasific\u00f3. Semejante pedido s\u00f3lo se deber\u00eda al inter\u00e9s de Trump de recuperar de la Primera Ministra italiana Giorgia Meloni el apoyo a su causa belicista; no obstante, ella se ratifica \u201cno estamos en guerra y no queremos la guerra\u201d.<\/p>\n<p class=\"p1\">Como era de esperar, Ir\u00e1n se alista para ver a su equipo lucirse ante el mundo, que gustoso aplaudir\u00e1 al mejor equipo, con la esperanza de que este noble deporte sea la herramienta oportuna para lograr la ansiada paz\u2026<span class=\"Apple-converted-space\">\u00a0<\/span><\/p>\n","protected":false},"excerpt":{"rendered":"<p>Por: Luc\u00eda P. de Garc\u00eda Toronto.- Si bien el mundo conoce al presidente estadounidense Donald Trump por su narcisismo, fanfarroner\u00eda, hip\u00e9rboles, excentricidades, trato despectivo, injerencia&hellip;<\/p>\n","protected":false},"author":99,"featured_media":0,"comment_status":"open","ping_status":"open","sticky":false,"template":"","format":"standard","meta":{"footnotes":""},"categories":[81,11362],"tags":[],"class_list":["post-543574","post","type-post","status-publish","format-standard","hentry","category-columnistas","category-cronicas"],"_links":{"self":[{"href":"https:\/\/diarioelpopular.com\/index.php\/wp-json\/wp\/v2\/posts\/543574","targetHints":{"allow":["GET"]}}],"collection":[{"href":"https:\/\/diarioelpopular.com\/index.php\/wp-json\/wp\/v2\/posts"}],"about":[{"href":"https:\/\/diarioelpopular.com\/index.php\/wp-json\/wp\/v2\/types\/post"}],"author":[{"embeddable":true,"href":"https:\/\/diarioelpopular.com\/index.php\/wp-json\/wp\/v2\/users\/99"}],"replies":[{"embeddable":true,"href":"https:\/\/diarioelpopular.com\/index.php\/wp-json\/wp\/v2\/comments?post=543574"}],"version-history":[{"count":1,"href":"https:\/\/diarioelpopular.com\/index.php\/wp-json\/wp\/v2\/posts\/543574\/revisions"}],"predecessor-version":[{"id":543575,"href":"https:\/\/diarioelpopular.com\/index.php\/wp-json\/wp\/v2\/posts\/543574\/revisions\/543575"}],"wp:attachment":[{"href":"https:\/\/diarioelpopular.com\/index.php\/wp-json\/wp\/v2\/media?parent=543574"}],"wp:term":[{"taxonomy":"category","embeddable":true,"href":"https:\/\/diarioelpopular.com\/index.php\/wp-json\/wp\/v2\/categories?post=543574"},{"taxonomy":"post_tag","embeddable":true,"href":"https:\/\/diarioelpopular.com\/index.php\/wp-json\/wp\/v2\/tags?post=543574"}],"curies":[{"name":"wp","href":"https:\/\/api.w.org\/{rel}","templated":true}]}}