{"id":543582,"date":"2026-04-28T07:59:16","date_gmt":"2026-04-28T11:59:16","guid":{"rendered":"https:\/\/diarioelpopular.com\/?p=543582"},"modified":"2026-04-28T07:59:16","modified_gmt":"2026-04-28T11:59:16","slug":"volar-se-ha-vuelto-mas-caro-y-aumentan-el-costo-por-facturar-equipaje","status":"publish","type":"post","link":"https:\/\/diarioelpopular.com\/index.php\/2026\/04\/28\/volar-se-ha-vuelto-mas-caro-y-aumentan-el-costo-por-facturar-equipaje\/","title":{"rendered":"Volar se ha vuelto m\u00e1s caro y aumentan el costo por facturar equipaje"},"content":{"rendered":"<p><img loading=\"lazy\" decoding=\"async\" class=\"alignnone size-custom-big-size wp-image-543583\" src=\"https:\/\/diarioelpopular.com\/wp-content\/uploads\/2026\/04\/Screen-Shot-2026-04-28-at-7.58.25-AM-1200x667.png\" alt=\"\" width=\"1200\" height=\"667\" srcset=\"https:\/\/diarioelpopular.com\/wp-content\/uploads\/2026\/04\/Screen-Shot-2026-04-28-at-7.58.25-AM-1200x667.png 1200w, https:\/\/diarioelpopular.com\/wp-content\/uploads\/2026\/04\/Screen-Shot-2026-04-28-at-7.58.25-AM-300x167.png 300w, https:\/\/diarioelpopular.com\/wp-content\/uploads\/2026\/04\/Screen-Shot-2026-04-28-at-7.58.25-AM-768x427.png 768w, https:\/\/diarioelpopular.com\/wp-content\/uploads\/2026\/04\/Screen-Shot-2026-04-28-at-7.58.25-AM-636x353.png 636w, https:\/\/diarioelpopular.com\/wp-content\/uploads\/2026\/04\/Screen-Shot-2026-04-28-at-7.58.25-AM-131x73.png 131w, https:\/\/diarioelpopular.com\/wp-content\/uploads\/2026\/04\/Screen-Shot-2026-04-28-at-7.58.25-AM.png 1024w\" sizes=\"auto, (max-width: 1200px) 100vw, 1200px\" \/><\/p>\n<p>&nbsp;<\/p>\n<ul>\n<li><b><i>Los pasajeros de Air Canada y WestJet no solo pagan elevados precios por boleto, ahora deben deembolsar m\u00e1s por facturar su equipaje.<\/i><\/b><\/li>\n<\/ul>\n<p>&nbsp;<\/p>\n<p>La aerol\u00ednea, en su ambici\u00f3n por aumentar ganancias, aument\u00f3 recientemente la tarifa por equipaje facturado para los clientes que viajan con tarifas Economy Basic, Standard o Flex, con billetes comprados a partir del pasado 13 de abril.<\/p>\n<p>La primera maleta facturada para pasajeros de Economy Basic y Standard ahora ya cuesta entre $45 y $54, en lugar de entre $35 y $42. La segunda maleta facturada ha subido de entre $50 y $60 a entre $60 y $72. Si desea un asiento preferido o uno reclinable, tambi\u00e9n le cuesta extra.<\/p>\n<p>Los pasajeros que reservan Economy Flex obtienen su primera maleta facturada gratis, pero ahora deben pagar entre $60 y $72 por la segunda, en lugar de entre $50 y $60.<\/p>\n<p>La \u00faltima vez que Air Canada aument\u00f3 la tarifa por equipaje facturado fue en 2024.<\/p>\n<p>Seg\u00fan la aerol\u00ednea, los precios no incluyen los impuestos, que pueden aplicarse seg\u00fan el itinerario.<\/p>\n<p>Puede calcular cu\u00e1nto podr\u00eda tener que pagar utilizando la calculadora de equipaje facturado de Air Canada.<\/p>\n<p>WestJet ha seguido el ejemplo de Air Canada y tambi\u00e9n ha aumentado sus tarifas de equipaje facturado por segunda vez en menos de un a\u00f1o.<\/p>\n<p>Los viajeros tendr\u00e1n que pagar 10 d\u00f3lares m\u00e1s para facturar su primera y segunda maleta en el mostrador de facturaci\u00f3n del aeropuerto, con un aumento de 50 d\u00f3lares en las tarifas por exceso de equipaje, sobrepeso o de gran tama\u00f1o. Las tarifas prepagadas aumentar\u00e1n 5 d\u00f3lares para la primera y segunda maleta facturada.<\/p>\n<p>&#8220;Estas actualizaciones se deben a las tendencias de ingresos del sector, as\u00ed como al impacto de la situaci\u00f3n global actual&#8221;, declar\u00f3 el portavoz.<\/p>\n<p>El alza vertiginosa de los precios del combustible en medio de la guerra desatada por Estados Unidos contra Ir\u00e1n ha afectado los viajes de los canadienses. Tanto WestJet como Air Canada anunciaron una reducci\u00f3n de capacidad para gestionar los costes del combustible. Las aerol\u00edneas tambi\u00e9n a\u00f1adieron recargos temporales por combustible en ciertos vuelos a principios de este mes.<\/p>\n<p>Pero no todo son recargos y aumentos de tarifas. Los pasajeros disfrutar\u00e1n de una nueva y reluciente experiencia en cabina con Air Canada tras la presentaci\u00f3n de su redise\u00f1o.<\/p>\n<p>La actualizaci\u00f3n incluye asientos \u00fanicos en su tipo en lo que la aerol\u00ednea denomina sus cabinas de \u00faltima generaci\u00f3n &#8220;Glowing Hearted&#8221;, inspiradas en los paisajes naturales del Norte. El redise\u00f1o presenta tonos suaves, texturas de madera natural y la emblem\u00e1tica hoja de arce para darle la bienvenida a bordo, para distraer los elevados costos por boleto.<\/p>\n","protected":false},"excerpt":{"rendered":"<p>&nbsp; Los pasajeros de Air Canada y WestJet no solo pagan elevados precios por boleto, ahora deben deembolsar m\u00e1s por facturar su equipaje. &nbsp; La&hellip;<\/p>\n","protected":false},"author":99,"featured_media":543583,"comment_status":"open","ping_status":"open","sticky":false,"template":"","format":"standard","meta":{"footnotes":""},"categories":[21,11191],"tags":[],"class_list":["post-543582","post","type-post","status-publish","format-standard","has-post-thumbnail","hentry","category-canada","category-top-news"],"_links":{"self":[{"href":"https:\/\/diarioelpopular.com\/index.php\/wp-json\/wp\/v2\/posts\/543582","targetHints":{"allow":["GET"]}}],"collection":[{"href":"https:\/\/diarioelpopular.com\/index.php\/wp-json\/wp\/v2\/posts"}],"about":[{"href":"https:\/\/diarioelpopular.com\/index.php\/wp-json\/wp\/v2\/types\/post"}],"author":[{"embeddable":true,"href":"https:\/\/diarioelpopular.com\/index.php\/wp-json\/wp\/v2\/users\/99"}],"replies":[{"embeddable":true,"href":"https:\/\/diarioelpopular.com\/index.php\/wp-json\/wp\/v2\/comments?post=543582"}],"version-history":[{"count":1,"href":"https:\/\/diarioelpopular.com\/index.php\/wp-json\/wp\/v2\/posts\/543582\/revisions"}],"predecessor-version":[{"id":543584,"href":"https:\/\/diarioelpopular.com\/index.php\/wp-json\/wp\/v2\/posts\/543582\/revisions\/543584"}],"wp:featuredmedia":[{"embeddable":true,"href":"https:\/\/diarioelpopular.com\/index.php\/wp-json\/wp\/v2\/media\/543583"}],"wp:attachment":[{"href":"https:\/\/diarioelpopular.com\/index.php\/wp-json\/wp\/v2\/media?parent=543582"}],"wp:term":[{"taxonomy":"category","embeddable":true,"href":"https:\/\/diarioelpopular.com\/index.php\/wp-json\/wp\/v2\/categories?post=543582"},{"taxonomy":"post_tag","embeddable":true,"href":"https:\/\/diarioelpopular.com\/index.php\/wp-json\/wp\/v2\/tags?post=543582"}],"curies":[{"name":"wp","href":"https:\/\/api.w.org\/{rel}","templated":true}]}}