{"id":543590,"date":"2026-04-28T08:20:54","date_gmt":"2026-04-28T12:20:54","guid":{"rendered":"https:\/\/diarioelpopular.com\/?p=543590"},"modified":"2026-04-28T08:20:54","modified_gmt":"2026-04-28T12:20:54","slug":"otra-grua-incendiada-en-la-entrada-de-una-casa-en-brampton-posible-vinculo-con-incendios-recientes","status":"publish","type":"post","link":"https:\/\/diarioelpopular.com\/index.php\/2026\/04\/28\/otra-grua-incendiada-en-la-entrada-de-una-casa-en-brampton-posible-vinculo-con-incendios-recientes\/","title":{"rendered":"Otra gr\u00faa incendiada en la entrada de una casa en Brampton, posible v\u00ednculo con incendios recientes"},"content":{"rendered":"<p><img loading=\"lazy\" decoding=\"async\" class=\"alignnone size-custom-full-size wp-image-543591\" src=\"https:\/\/diarioelpopular.com\/wp-content\/uploads\/2026\/04\/Screen-Shot-2026-04-28-at-8.20.09-AM-636x360.png\" alt=\"\" width=\"636\" height=\"360\" srcset=\"https:\/\/diarioelpopular.com\/wp-content\/uploads\/2026\/04\/Screen-Shot-2026-04-28-at-8.20.09-AM-636x360.png 636w, https:\/\/diarioelpopular.com\/wp-content\/uploads\/2026\/04\/Screen-Shot-2026-04-28-at-8.20.09-AM-300x170.png 300w, https:\/\/diarioelpopular.com\/wp-content\/uploads\/2026\/04\/Screen-Shot-2026-04-28-at-8.20.09-AM-768x434.png 768w, https:\/\/diarioelpopular.com\/wp-content\/uploads\/2026\/04\/Screen-Shot-2026-04-28-at-8.20.09-AM-129x73.png 129w, https:\/\/diarioelpopular.com\/wp-content\/uploads\/2026\/04\/Screen-Shot-2026-04-28-at-8.20.09-AM.png 856w\" sizes=\"auto, (max-width: 636px) 100vw, 636px\" \/><\/p>\n<p>&nbsp;<\/p>\n<ul>\n<li><em><strong>Otra gr\u00faa fue incendiada intencionalmente en la entrada de una casa en Brampton la madrugada de este martes, seg\u00fan inform\u00f3 la Polic\u00eda Regional de Peel (PRP).<\/strong><\/em><\/li>\n<\/ul>\n<p>&nbsp;<\/p>\n<p>Los servicios de emergencia fueron alertados alrededor de las 3 a. m. sobre el incendio de una gr\u00faa en llamas frente a una residencia, ubicada en el n\u00famero 18 de la avenida Ascot, cerca de Avondale Boulevard y Balmoral Drive.<\/p>\n<p>La Polic\u00eda Regional de Peel confirm\u00f3 que la Oficina del Jefe de Bomberos se hizo cargo del caso luego de que el incendio fuera declarado oficialmente como provocado.<\/p>\n<p>La polic\u00eda indic\u00f3 que hab\u00eda personas dentro de la casa en ese momento, pero no se reportaron heridos.<\/p>\n<p>El sospechoso huy\u00f3 antes de la llegada de los agentes y no se ha divulgado informaci\u00f3n sobre \u00e9l.<\/p>\n<p>Los investigadores se\u00f1alaron que es demasiado pronto para determinar si este incidente est\u00e1 relacionado con otros incendios recientes de gr\u00faas en Brampton y Mississauga, pero los posibles v\u00ednculos formar\u00e1n parte de la investigaci\u00f3n en curso.<\/p>\n","protected":false},"excerpt":{"rendered":"<p>&nbsp; Otra gr\u00faa fue incendiada intencionalmente en la entrada de una casa en Brampton la madrugada de este martes, seg\u00fan inform\u00f3 la Polic\u00eda Regional de&hellip;<\/p>\n","protected":false},"author":99,"featured_media":543591,"comment_status":"open","ping_status":"open","sticky":false,"template":"","format":"standard","meta":{"footnotes":""},"categories":[11364],"tags":[],"class_list":["post-543590","post","type-post","status-publish","format-standard","has-post-thumbnail","hentry","category-toronto-gta"],"_links":{"self":[{"href":"https:\/\/diarioelpopular.com\/index.php\/wp-json\/wp\/v2\/posts\/543590","targetHints":{"allow":["GET"]}}],"collection":[{"href":"https:\/\/diarioelpopular.com\/index.php\/wp-json\/wp\/v2\/posts"}],"about":[{"href":"https:\/\/diarioelpopular.com\/index.php\/wp-json\/wp\/v2\/types\/post"}],"author":[{"embeddable":true,"href":"https:\/\/diarioelpopular.com\/index.php\/wp-json\/wp\/v2\/users\/99"}],"replies":[{"embeddable":true,"href":"https:\/\/diarioelpopular.com\/index.php\/wp-json\/wp\/v2\/comments?post=543590"}],"version-history":[{"count":1,"href":"https:\/\/diarioelpopular.com\/index.php\/wp-json\/wp\/v2\/posts\/543590\/revisions"}],"predecessor-version":[{"id":543592,"href":"https:\/\/diarioelpopular.com\/index.php\/wp-json\/wp\/v2\/posts\/543590\/revisions\/543592"}],"wp:featuredmedia":[{"embeddable":true,"href":"https:\/\/diarioelpopular.com\/index.php\/wp-json\/wp\/v2\/media\/543591"}],"wp:attachment":[{"href":"https:\/\/diarioelpopular.com\/index.php\/wp-json\/wp\/v2\/media?parent=543590"}],"wp:term":[{"taxonomy":"category","embeddable":true,"href":"https:\/\/diarioelpopular.com\/index.php\/wp-json\/wp\/v2\/categories?post=543590"},{"taxonomy":"post_tag","embeddable":true,"href":"https:\/\/diarioelpopular.com\/index.php\/wp-json\/wp\/v2\/tags?post=543590"}],"curies":[{"name":"wp","href":"https:\/\/api.w.org\/{rel}","templated":true}]}}