{"id":543594,"date":"2026-04-28T08:26:44","date_gmt":"2026-04-28T12:26:44","guid":{"rendered":"https:\/\/diarioelpopular.com\/?p=543594"},"modified":"2026-04-28T08:26:44","modified_gmt":"2026-04-28T12:26:44","slug":"el-gobierno-asesta-su-segundo-gran-golpe-a-la-cupula-del-cartel-jalisco-en-apenas-dos-meses","status":"publish","type":"post","link":"https:\/\/diarioelpopular.com\/index.php\/2026\/04\/28\/el-gobierno-asesta-su-segundo-gran-golpe-a-la-cupula-del-cartel-jalisco-en-apenas-dos-meses\/","title":{"rendered":"El Gobierno asesta su segundo gran golpe a la c\u00fapula del Cartel Jalisco en apenas dos meses"},"content":{"rendered":"<div id=\"attachment_543595\" style=\"width: 1210px\" class=\"wp-caption alignnone\"><img loading=\"lazy\" decoding=\"async\" aria-describedby=\"caption-attachment-543595\" class=\"wp-image-543595 size-custom-big-size\" src=\"https:\/\/diarioelpopular.com\/wp-content\/uploads\/2026\/04\/Screen-Shot-2026-04-28-at-8.25.45-AM-1200x674.png\" alt=\"\" width=\"1200\" height=\"674\" srcset=\"https:\/\/diarioelpopular.com\/wp-content\/uploads\/2026\/04\/Screen-Shot-2026-04-28-at-8.25.45-AM-1200x674.png 1200w, https:\/\/diarioelpopular.com\/wp-content\/uploads\/2026\/04\/Screen-Shot-2026-04-28-at-8.25.45-AM-300x168.png 300w, https:\/\/diarioelpopular.com\/wp-content\/uploads\/2026\/04\/Screen-Shot-2026-04-28-at-8.25.45-AM-768x431.png 768w, https:\/\/diarioelpopular.com\/wp-content\/uploads\/2026\/04\/Screen-Shot-2026-04-28-at-8.25.45-AM-636x357.png 636w, https:\/\/diarioelpopular.com\/wp-content\/uploads\/2026\/04\/Screen-Shot-2026-04-28-at-8.25.45-AM-130x73.png 130w, https:\/\/diarioelpopular.com\/wp-content\/uploads\/2026\/04\/Screen-Shot-2026-04-28-at-8.25.45-AM.png 1024w\" sizes=\"auto, (max-width: 1200px) 100vw, 1200px\" \/><p id=\"caption-attachment-543595\" class=\"wp-caption-text\">Audias Flores Silva, alias &#8216;El Jardinero&#8217;, durante su detenci\u00f3n, en abril de 2026. Foto: Secretar\u00eda de Marina<\/p><\/div>\n<p>&nbsp;<\/p>\n<p>&nbsp;<\/p>\n<ul>\n<li><em><strong>Sorprendente por su limpieza, sin heridos ni balazos, de acuerdo al relato oficial, la ca\u00edda de Audias Flores supone un \u00e9xito para la Armada, frente al sangriento operativo del Mencho<\/strong><\/em><\/li>\n<\/ul>\n<p>&nbsp;<\/p>\n<p class=\"\">Punto para la Armada mexicana, tan golpeada en los \u00faltimos tiempos, a cuenta de los\u00a0<a title=\"https:\/\/elpais.com\/mexico\/2025-09-08\/contrabando-asesinatos-y-nepotismo-asi-operaba-la-red-de-huachicol-fiscal-del-vicealmirante-farias-laguna.html\" href=\"https:\/\/elpais.com\/mexico\/2025-09-08\/contrabando-asesinatos-y-nepotismo-asi-operaba-la-red-de-huachicol-fiscal-del-vicealmirante-farias-laguna.html\" target=\"_self\" rel=\"\" data-link-track-dtm=\"\" data-mrf-link=\"https:\/\/elpais.com\/mexico\/2025-09-08\/contrabando-asesinatos-y-nepotismo-asi-operaba-la-red-de-huachicol-fiscal-del-vicealmirante-farias-laguna.html\">esc\u00e1ndalos de huachicol fiscal<\/a>\u00a0\u2015el sangrante contrabando de combustible\u2015 y el accidente del tren interoce\u00e1nico, parte de su cuenta de resultados emocional.<\/p>\n<p class=\"\">En un operativo de sorprendente precisi\u00f3n, un destacamento de fuerzas especiales de la dependencia ha detenido este lunes en Nayarit a\u00a0<a title=\"https:\/\/elpais.com\/mexico\/2026-04-27\/el-ejercito-detiene-en-nayarit-a-el-jardinero.html\" href=\"https:\/\/elpais.com\/mexico\/2026-04-27\/el-ejercito-detiene-en-nayarit-a-el-jardinero.html\" target=\"_blank\" rel=\"noopener\" data-link-track-dtm=\"\" data-mrf-link=\"https:\/\/elpais.com\/mexico\/2026-04-27\/el-ejercito-detiene-en-nayarit-a-el-jardinero.html\">Audias Flores, alias El Jardinero<\/a>, integrante importante de la c\u00fapula del Cartel Jalisco Nueva Generaci\u00f3n (CJNG), candidato a su liderazgo tras la muerte del jefe absoluto, Nemesio Oseguera, en un operativo del Ej\u00e9rcito en febrero.<\/p>\n<p class=\"\">La captura del Jardinero se ha dado sin que marinos y criminales hayan soltado un solo disparo, seg\u00fan ha informado en un comunicado el Gabinete de Seguridad. No es un detalle menor, dado el m\u00fasculo de unos y otros. M\u00e1s de 500 elementos de la Secretar\u00eda de Marina hab\u00edan acudido al poblado El Mirador, en el interior de Nayarit, muy cerca de la frontera con Jalisco. All\u00ed hab\u00edan ubicado a Flores, despu\u00e9s de seguirlo durante 19 meses. El l\u00edder criminal, cabeza de las\u00a0<a title=\"https:\/\/elpais.com\/mexico\/2026-04-28\/alerta-en-nayarit-por-narcobloqueos-y-quemas-de-negocios-tras-la-detencion-del-jardinero.html \" href=\"https:\/\/elpais.com\/mexico\/2026-04-28\/alerta-en-nayarit-por-narcobloqueos-y-quemas-de-negocios-tras-la-detencion-del-jardinero.html\" target=\"_self\" rel=\"\" data-link-track-dtm=\"\" data-mrf-link=\"https:\/\/elpais.com\/mexico\/2026-04-28\/alerta-en-nayarit-por-narcobloqueos-y-quemas-de-negocios-tras-la-detencion-del-jardinero.html\">operaciones del CJNG en Nayarit<\/a>, con intereses en Zacatecas y Jalisco, y tent\u00e1culos hasta Guerrero y Morelos, ten\u00eda junto a \u00e9l a m\u00e1s de 60 hombres.<\/p>\n<p class=\"\">Adem\u00e1s de los uniformados, la Armada ha contado con el apoyo de seis helic\u00f3pteros y un dron, adem\u00e1s de informaci\u00f3n de \u201cagencias estadounidenses\u201d. Ante el despliegue de la dependencia, sigue el comunicado, los \u201cescoltas del objetivo\u201d han huido. En un v\u00eddeo del operativo a vista de dron, muestra de una tecnolog\u00eda poco habitual en M\u00e9xico, las autoridades han mostrado al objetivo desde el aire, los helic\u00f3pteros sobrevolando la caba\u00f1a donde estaba con su s\u00e9quito. La c\u00e1mara hace zoom en la zona y entonces aparecen las piernas del Jardinero, tratando de huir o esconderse en un colector de aguas.<\/p>\n<p class=\"\">El operativo contrasta con el que lanz\u00f3 la Secretar\u00eda de la Defensa, en febrero, contra\u00a0<a title=\"https:\/\/elpais.com\/mexico\/2026-03-22\/un-mes-sin-el-mencho-los-cabos-sueltos-tras-la-caida-del-gran-capo-del-narco.html\" href=\"https:\/\/elpais.com\/mexico\/2026-03-22\/un-mes-sin-el-mencho-los-cabos-sueltos-tras-la-caida-del-gran-capo-del-narco.html\" target=\"_self\" rel=\"\" data-link-track-dtm=\"\" data-mrf-link=\"https:\/\/elpais.com\/mexico\/2026-03-22\/un-mes-sin-el-mencho-los-cabos-sueltos-tras-la-caida-del-gran-capo-del-narco.html\">El Mencho<\/a>. Entonces, el equipo de seguridad del l\u00edder criminal reaccion\u00f3 con virulencia a la arrancada castrense, que hab\u00eda ubicado a Oseguera en unas caba\u00f1as del municipio de Tapalpa, en Jalisco. Decenas de personas murieron, entre criminales, agentes y civiles que nada ten\u00edan que ver en el asunto, en el mismo operativo y en las reacciones posteriores del grupo criminal. Ahora, aunque la organizaci\u00f3n ha reaccionado con quemas de veh\u00edculos y de negocios en Nayarit, no se ha reportado una sola muerte. Al menos de momento. El Ej\u00e9rcito se ha llevado, eso s\u00ed, el premio de consolaci\u00f3n, con la detenci\u00f3n, sin violencia, del contador del Jardinero, en Zapopan.<\/p>\n<p>&nbsp;<\/p>\n<figure class=\"a_m a_m-h \">\n<p><div style=\"width: 424px\" class=\"wp-caption alignnone\"><img loading=\"lazy\" decoding=\"async\" class=\"_re lazyload a_m-h\" src=\"https:\/\/imagenes.elpais.com\/resizer\/v2\/RCFQJFGURVH2LOEXGY264F3UAM.jpg?auth=bf9ab428a55769a2d810d540b6f61e3ceb0c0c7ed3e09d7085ce81e2476d5cb8&amp;width=414\" sizes=\"auto, (min-width:1199px) 760px,(min-width:1001px) calc((100vw - 44px-11*31px)\/12*8+217), (min-width:767px) 767px, 100vw\" srcset=\"https:\/\/imagenes.elpais.com\/resizer\/v2\/RCFQJFGURVH2LOEXGY264F3UAM.jpg?auth=bf9ab428a55769a2d810d540b6f61e3ceb0c0c7ed3e09d7085ce81e2476d5cb8&amp;width=414 414w,https:\/\/imagenes.elpais.com\/resizer\/v2\/RCFQJFGURVH2LOEXGY264F3UAM.jpg?auth=bf9ab428a55769a2d810d540b6f61e3ceb0c0c7ed3e09d7085ce81e2476d5cb8&amp;width=828 640w,https:\/\/imagenes.elpais.com\/resizer\/v2\/RCFQJFGURVH2LOEXGY264F3UAM.jpg?auth=bf9ab428a55769a2d810d540b6f61e3ceb0c0c7ed3e09d7085ce81e2476d5cb8&amp;width=980 1000w,https:\/\/imagenes.elpais.com\/resizer\/v2\/RCFQJFGURVH2LOEXGY264F3UAM.jpg?auth=bf9ab428a55769a2d810d540b6f61e3ceb0c0c7ed3e09d7085ce81e2476d5cb8&amp;width=1960 1960w\" alt=\"\" width=\"414\" height=\"233\" \/><p class=\"wp-caption-text\">Fotograf\u00eda cedida este lunes, por la Secretar\u00eda de Seguridad y Protecci\u00f3n Ciudadana (SSPC), en la que se observa a Audias Flores Silva, alias &#8216;El Jardinero&#8217;. Foto Secretar\u00eda de Seguridad y Protecci\u00f3n Ciudadana (SSPC)<\/p><\/div><figcaption class=\"a_m_p\" aria-hidden=\"true\"><\/figcaption><\/figure>\n<p>&nbsp;<\/p>\n<p class=\"\">M\u00e1s all\u00e1 de la limpieza del operativo, la captura de Flores supone el segundo gran golpe a la c\u00fapula del CJNG en apenas dos meses, tras la ca\u00edda del Mencho. Todo ello, adem\u00e1s, a menos de 50 d\u00edas de que empiece el mundial de f\u00fatbol, que tendr\u00e1 a M\u00e9xico como una de sus sedes, en particular a Guadalajara, ciudad de esparcimiento para el grupo criminal, entramado econ\u00f3mico urbano, junto a Zapopan y otros municipios cercanos, en que el CJNG disimula sus beneficios econ\u00f3micos. Tras la ca\u00edda del Mencho, la duda era c\u00f3mo iba a afectar la lucha por la sucesi\u00f3n a la seguridad en Jalisco y los estados aleda\u00f1os. Dos meses m\u00e1s tarde, detenido El Jardinero, la historia parece haber cambiado.<\/p>\n<p class=\"\">Flores era parte de la terna extraoficial para la sucesi\u00f3n del grupo criminal. Los otros dos postulantes eran Juan Carlos Valencia, hijastro del Mencho, y Gonzalo Mendoza, alias Sapo, gerente del corredor criminal que va de Guadalajara a Puerto Vallarta. Visto lo ocurrido en el noroeste, con las batallas entre facciones del Cartel de Sinaloa, tras la ca\u00edda de los viejos l\u00edderes, el Chapo Guzm\u00e1n y el Mayo Zambada, la salida del tablero de juego del Mencho hac\u00eda presagiar un futuro parecido. Pero es, de momento, una profec\u00eda incumplida.<\/p>\n<p class=\"\">El miedo a la estrategia del\u00a0<i>Kingpin<\/i>, el descabezamiento de grupos criminales como punta de lanza de la pol\u00edtica de seguridad, se ha asumido como temeraria en el pa\u00eds. M\u00e9xico ha sido testigo de su fracaso, con Los Zetas, por ejemplo, con los Beltr\u00e1n Leyva o La Familia Michoacana. Los jefes ca\u00edan, del primer y el segundo escal\u00f3n, pero sus remanentes prosperaban, m\u00e1s violentos, mejor armados, con la voracidad intacta. De ah\u00ed las dudas con el Mencho y m\u00e1s teniendo en cuenta el precedente de Sinaloa, que a lo largo de un a\u00f1o y medio ha dejado un reguero de muerte y desolaci\u00f3n en la zona.<\/p>\n<p class=\"\">El Gobierno defiende que su objetivo ahora trasciende a los l\u00edderes, que van por las estructuras, de ah\u00ed que el vocero del Gabinete de Seguridad, Omar Garc\u00eda Harfuch, haya destacado la captura del contador del Jardinero, al que ha presentado como G\u00fcero Compa. Las cuentas parecen salirle al Ejecutivo, al menos a escala macro. Los asesinatos siguen a la baja, Sinaloa incluida, y el Gabinete de Seguridad escala en la pir\u00e1mide de desgracias del pa\u00eds, directa o indirectamente, la extorsi\u00f3n, la b\u00fasqueda de personas desaparecidas, la gobernanza criminal, en fin, que atenaza a buena parte de las regiones del pa\u00eds.<\/p>\n","protected":false},"excerpt":{"rendered":"<p>&nbsp; &nbsp; Sorprendente por su limpieza, sin heridos ni balazos, de acuerdo al relato oficial, la ca\u00edda de Audias Flores supone un \u00e9xito para la&hellip;<\/p>\n","protected":false},"author":99,"featured_media":543595,"comment_status":"open","ping_status":"open","sticky":false,"template":"","format":"standard","meta":{"footnotes":""},"categories":[23],"tags":[],"class_list":["post-543594","post","type-post","status-publish","format-standard","has-post-thumbnail","hentry","category-latinoamerica"],"_links":{"self":[{"href":"https:\/\/diarioelpopular.com\/index.php\/wp-json\/wp\/v2\/posts\/543594","targetHints":{"allow":["GET"]}}],"collection":[{"href":"https:\/\/diarioelpopular.com\/index.php\/wp-json\/wp\/v2\/posts"}],"about":[{"href":"https:\/\/diarioelpopular.com\/index.php\/wp-json\/wp\/v2\/types\/post"}],"author":[{"embeddable":true,"href":"https:\/\/diarioelpopular.com\/index.php\/wp-json\/wp\/v2\/users\/99"}],"replies":[{"embeddable":true,"href":"https:\/\/diarioelpopular.com\/index.php\/wp-json\/wp\/v2\/comments?post=543594"}],"version-history":[{"count":1,"href":"https:\/\/diarioelpopular.com\/index.php\/wp-json\/wp\/v2\/posts\/543594\/revisions"}],"predecessor-version":[{"id":543596,"href":"https:\/\/diarioelpopular.com\/index.php\/wp-json\/wp\/v2\/posts\/543594\/revisions\/543596"}],"wp:featuredmedia":[{"embeddable":true,"href":"https:\/\/diarioelpopular.com\/index.php\/wp-json\/wp\/v2\/media\/543595"}],"wp:attachment":[{"href":"https:\/\/diarioelpopular.com\/index.php\/wp-json\/wp\/v2\/media?parent=543594"}],"wp:term":[{"taxonomy":"category","embeddable":true,"href":"https:\/\/diarioelpopular.com\/index.php\/wp-json\/wp\/v2\/categories?post=543594"},{"taxonomy":"post_tag","embeddable":true,"href":"https:\/\/diarioelpopular.com\/index.php\/wp-json\/wp\/v2\/tags?post=543594"}],"curies":[{"name":"wp","href":"https:\/\/api.w.org\/{rel}","templated":true}]}}