{"id":543602,"date":"2026-04-28T08:39:27","date_gmt":"2026-04-28T12:39:27","guid":{"rendered":"https:\/\/diarioelpopular.com\/?p=543602"},"modified":"2026-04-28T08:39:27","modified_gmt":"2026-04-28T12:39:27","slug":"canada-crea-su-primer-fondo-soberano-de-inversion-para-reducir-la-dependencia-de-estados-unidos","status":"publish","type":"post","link":"https:\/\/diarioelpopular.com\/index.php\/2026\/04\/28\/canada-crea-su-primer-fondo-soberano-de-inversion-para-reducir-la-dependencia-de-estados-unidos\/","title":{"rendered":"Canad\u00e1 crea su primer fondo soberano de inversi\u00f3n para reducir la dependencia de Estados Unidos"},"content":{"rendered":"<div id=\"attachment_543603\" style=\"width: 1210px\" class=\"wp-caption alignnone\"><img loading=\"lazy\" decoding=\"async\" aria-describedby=\"caption-attachment-543603\" class=\"wp-image-543603 size-custom-big-size\" src=\"https:\/\/diarioelpopular.com\/wp-content\/uploads\/2026\/04\/Screen-Shot-2026-04-28-at-8.38.24-AM-1200x858.png\" alt=\"\" width=\"1200\" height=\"858\" srcset=\"https:\/\/diarioelpopular.com\/wp-content\/uploads\/2026\/04\/Screen-Shot-2026-04-28-at-8.38.24-AM-1200x858.png 1200w, https:\/\/diarioelpopular.com\/wp-content\/uploads\/2026\/04\/Screen-Shot-2026-04-28-at-8.38.24-AM-300x215.png 300w, https:\/\/diarioelpopular.com\/wp-content\/uploads\/2026\/04\/Screen-Shot-2026-04-28-at-8.38.24-AM-768x549.png 768w, https:\/\/diarioelpopular.com\/wp-content\/uploads\/2026\/04\/Screen-Shot-2026-04-28-at-8.38.24-AM-636x455.png 636w, https:\/\/diarioelpopular.com\/wp-content\/uploads\/2026\/04\/Screen-Shot-2026-04-28-at-8.38.24-AM-102x73.png 102w, https:\/\/diarioelpopular.com\/wp-content\/uploads\/2026\/04\/Screen-Shot-2026-04-28-at-8.38.24-AM.png 1024w\" sizes=\"auto, (max-width: 1200px) 100vw, 1200px\" \/><p id=\"caption-attachment-543603\" class=\"wp-caption-text\">Mark Carney habla durante el anuncio del Fondo Canad\u00e1 Fuerte, en Ottawa. Foto Justin Tang (AP)<\/p><\/div>\n<p>&nbsp;<\/p>\n<ul>\n<li><em><strong>Mark Carney afirma que el fondo contar\u00e1 con una inversi\u00f3n de 18.000 millones de d\u00f3lares para impulsar sectores estrat\u00e9gicos y fortalecer la infraestructura canadiense<\/strong><\/em><\/li>\n<\/ul>\n<p>&nbsp;<\/p>\n<p class=\"\">El Gobierno de\u00a0<a title=\"https:\/\/elpais.com\/internacional\/2026-01-20\/von-der-leyen-urge-a-europa-a-acelerar-hacia-la-independencia-de-estados-unidos-y-promete-una-respuesta-firme-a-trump.html\" href=\"https:\/\/elpais.com\/internacional\/2026-01-20\/von-der-leyen-urge-a-europa-a-acelerar-hacia-la-independencia-de-estados-unidos-y-promete-una-respuesta-firme-a-trump.html\" target=\"_self\" rel=\"\" data-link-track-dtm=\"\" data-mrf-link=\"https:\/\/elpais.com\/internacional\/2026-01-20\/von-der-leyen-urge-a-europa-a-acelerar-hacia-la-independencia-de-estados-unidos-y-promete-una-respuesta-firme-a-trump.html\">Mark Carney<\/a> ha dado un paso m\u00e1s en su estrategia de desarrollo econ\u00f3mico, en un contexto marcado profundamente por las tensiones con Estados Unidos. Este lunes, el primer ministro anunci\u00f3 la creaci\u00f3n de un fondo soberano de inversi\u00f3n; se trata de la primera vez que Canad\u00e1 contar\u00e1 con un <a title=\"https:\/\/elpais.com\/economia\/negocios\/2026-03-21\/el-gran-invento-de-noruega-para-hacer-ricos-a-sus-ciudadanos-24-horas-dentro-del-mayor-fondo-soberano-del-mundo.html\" href=\"https:\/\/elpais.com\/economia\/negocios\/2026-03-21\/el-gran-invento-de-noruega-para-hacer-ricos-a-sus-ciudadanos-24-horas-dentro-del-mayor-fondo-soberano-del-mundo.html\" target=\"_self\" rel=\"\" data-link-track-dtm=\"\" data-mrf-link=\"https:\/\/elpais.com\/economia\/negocios\/2026-03-21\/el-gran-invento-de-noruega-para-hacer-ricos-a-sus-ciudadanos-24-horas-dentro-del-mayor-fondo-soberano-del-mundo.html\">mecanismo financiero de este tipo<\/a>. Carney asegur\u00f3 que este fondo fortalecer\u00e1 al pa\u00eds y generar\u00e1 riqueza tanto para los canadienses de hoy como para las pr\u00f3ximas generaciones.<\/p>\n<p class=\"\">Ottawa se comprometi\u00f3 a inyectar un monto inicial de 25.000 millones de d\u00f3lares canadienses (unos 18.000 millones de d\u00f3lares estadounidenses) en menos de tres a\u00f1os. Las empresas privadas y los socios internacionales tambi\u00e9n contribuir\u00e1n a la iniciativa. A su vez, Mark Carney subray\u00f3 que existir\u00e1 una clase especial para que los ciudadanos canadienses puedan realizar inversiones.<\/p>\n<p class=\"\">El fondo \u2014gestionado por una nueva entidad estatal independiente\u2014 estar\u00e1 destinado en un primer momento a impulsar proyectos de infraestructura en suelo canadiense, en \u00e1reas como energ\u00eda, transporte, miner\u00eda y tecnolog\u00eda. Carney afirm\u00f3 que, a trav\u00e9s de esta iniciativa, \u201ctodos los canadienses se beneficiar\u00e1n de las ventajas que brindan estos grandes proyectos\u201d, ya que \u201cson nuestros recursos naturales, nuestra mano de obra y nuestra riqueza\u201d.<\/p>\n<p class=\"\">El\u00a0<a title=\"https:\/\/elpais.com\/internacional\/2025-04-28\/mark-carney-el-hombre-tranquilo.html\" href=\"https:\/\/elpais.com\/internacional\/2025-04-28\/mark-carney-el-hombre-tranquilo.html\" target=\"_self\" rel=\"\" data-link-track-dtm=\"\" data-mrf-link=\"https:\/\/elpais.com\/internacional\/2025-04-28\/mark-carney-el-hombre-tranquilo.html\">Gobierno liberal de Carney<\/a> present\u00f3 en meses recientes una lista de obras consideradas de \u201calta prioridad nacional\u201d. Tal es el caso del proyecto de gas natural licuado Ksi Lisims (British Columbia); de la terminal de contenedores ubicada en Contrecoeur (Quebec) para ampliar las actividades del puerto de Montreal; de la mina Sisson (New Brunswick) para la extracci\u00f3n de minerales cr\u00edticos, y de un proyecto hidroel\u00e9ctrico en el territorio de Iqaluit.<\/p>\n<p class=\"\">El primer ministro se\u00f1al\u00f3 que distintos elementos del fondo a\u00fan tendr\u00e1n que ser sometidos a criterios de evaluaci\u00f3n. Fran\u00e7ois-Philippe Champagne, ministro de Finanzas, apunt\u00f3 este lunes en el mismo sentido e indic\u00f3 que la intenci\u00f3n es que sea un mecanismo \u201cf\u00e1cil y accesible para todos\u201d. Champagne a\u00f1adi\u00f3 que Canad\u00e1 goza de una posici\u00f3n privilegiada y subray\u00f3 que su pa\u00eds \u201cpuede obtener financiaci\u00f3n en los mercados internacionales con varios de los tipos de inter\u00e9s m\u00e1s bajos que se pueden encontrar\u201d.<\/p>\n<p class=\"\"><a title=\"https:\/\/elpais.com\/internacional\/2025-04-28\/pierre-poilievre-el-conservador-que-sucumbio-al-fuego-amigo-de-trump.html\" href=\"https:\/\/elpais.com\/internacional\/2025-04-28\/pierre-poilievre-el-conservador-que-sucumbio-al-fuego-amigo-de-trump.html\" target=\"_self\" rel=\"\" data-link-track-dtm=\"\" data-mrf-link=\"https:\/\/elpais.com\/internacional\/2025-04-28\/pierre-poilievre-el-conservador-que-sucumbio-al-fuego-amigo-de-trump.html\">Pierre Poilievre<\/a>, l\u00edder del Partido Conservador de Canad\u00e1, no demor\u00f3 en criticar el anuncio del Gobierno federal. Poilievre sostuvo que\u00a0<a title=\"https:\/\/elpais.com\/economia\/negocios\/2026-03-21\/el-gran-invento-de-noruega-para-hacer-ricos-a-sus-ciudadanos-24-horas-dentro-del-mayor-fondo-soberano-del-mundo.html\" href=\"https:\/\/elpais.com\/economia\/negocios\/2026-03-21\/el-gran-invento-de-noruega-para-hacer-ricos-a-sus-ciudadanos-24-horas-dentro-del-mayor-fondo-soberano-del-mundo.html\" target=\"_self\" rel=\"\" data-link-track-dtm=\"\" data-mrf-link=\"https:\/\/elpais.com\/economia\/negocios\/2026-03-21\/el-gran-invento-de-noruega-para-hacer-ricos-a-sus-ciudadanos-24-horas-dentro-del-mayor-fondo-soberano-del-mundo.html\">otros pa\u00edses que cuentan con fondos soberanos<\/a>\u00a0acumulan un super\u00e1vit para invertirlo, pero que este no es el caso canadiense. \u201cMark Carney no tiene super\u00e1vit; tiene d\u00e9ficits\u201d, manifest\u00f3, a\u00f1adiendo que el primer ministro \u201cquiere a\u00f1adir 25.000 millones de d\u00f3lares a nuestra tarjeta de cr\u00e9dito nacional para apostar por un fondo liberal que enriquecer\u00e1 a las \u00e9lites bien conectadas como \u00e9l\u201d.<\/p>\n<p class=\"\">El anuncio del fondo soberano de inversi\u00f3n es un punto m\u00e1s del plan de Carney para incentivar la econom\u00eda y reducir la\u00a0<a title=\"https:\/\/elpais.com\/internacional\/2025-06-10\/canada-se-descuelga-de-la-proteccion-de-estados-unidos-y-elevara-hasta-el-2-del-pib-su-gasto-militar.html\" href=\"https:\/\/elpais.com\/internacional\/2025-06-10\/canada-se-descuelga-de-la-proteccion-de-estados-unidos-y-elevara-hasta-el-2-del-pib-su-gasto-militar.html\" target=\"_self\" rel=\"\" data-link-track-dtm=\"\" data-mrf-link=\"https:\/\/elpais.com\/internacional\/2025-06-10\/canada-se-descuelga-de-la-proteccion-de-estados-unidos-y-elevara-hasta-el-2-del-pib-su-gasto-militar.html\">dependencia canadiense del mercado estadounidense<\/a>. Adem\u00e1s de su lista de proyectos estrat\u00e9gicos, el primer ministro ya ha eliminado casi todas las barreras al comercio interprovincial. Asimismo, est\u00e1 buscando aumentar los intercambios con otras regiones del orbe. Un punto que juega a su favor es haber\u00a0<a title=\"https:\/\/elpais.com\/america\/2026-04-14\/carney-alcanza-la-mayoria-parlamentaria-y-podra-gobernar-en-canada-sin-necesidad-de-alianzas-hasta-2029.html\" href=\"https:\/\/elpais.com\/america\/2026-04-14\/carney-alcanza-la-mayoria-parlamentaria-y-podra-gobernar-en-canada-sin-necesidad-de-alianzas-hasta-2029.html\" target=\"_self\" rel=\"\" data-link-track-dtm=\"\" data-mrf-link=\"https:\/\/elpais.com\/america\/2026-04-14\/carney-alcanza-la-mayoria-parlamentaria-y-podra-gobernar-en-canada-sin-necesidad-de-alianzas-hasta-2029.html\">obtenido la mayor\u00eda absoluta en el Parlamento<\/a>\u00a0gracias al triunfo de su partido en las tres circunscripciones disputadas en una elecci\u00f3n especial el pasado 13 de abril. Esto tambi\u00e9n fue posible por la llegada a su bancada de cinco diputados provenientes de otras fuerzas en meses recientes.<\/p>\n<p class=\"\">Sin embargo, no todo es viento a favor para Carney. Canad\u00e1 no ha logrado firmar un documento con Washington para dar por terminada la guerra comercial. Asimismo, el pa\u00eds de la hoja de arce a\u00fan no se ha puesto de acuerdo con los estadounidenses para\u00a0<a title=\"https:\/\/elpais.com\/mexico\/opinion\/2025-12-06\/videoanalisis-las-cuatro-areas-que-definiran-las-negociaciones-del-tmec.html\" href=\"https:\/\/elpais.com\/mexico\/opinion\/2025-12-06\/videoanalisis-las-cuatro-areas-que-definiran-las-negociaciones-del-tmec.html\" target=\"_self\" rel=\"\" data-link-track-dtm=\"\" data-mrf-link=\"https:\/\/elpais.com\/mexico\/opinion\/2025-12-06\/videoanalisis-las-cuatro-areas-que-definiran-las-negociaciones-del-tmec.html\">comenzar la renegociaci\u00f3n del T-MEC<\/a>. M\u00e9xico y Estados Unidos ya anunciaron que las pl\u00e1ticas bilaterales arrancar\u00e1n a finales de mayo. El pasado 22 de abril, Radio-Canada inform\u00f3 que la Administraci\u00f3n Trump ha exigido a Ottawa una serie de concesiones para sentarse a negociar el acuerdo. La cadena p\u00fablica cit\u00f3, entre otras demandas, el fin del boicot al alcohol estadounidense en los anaqueles canadienses.<\/p>\n<p class=\"\">El Gobierno de Mark Carney se\u00f1al\u00f3 que este tipo de exigencias son comunes en el clima que antecede a las negociaciones, pero dej\u00f3 claro que no contempla, por el momento, efectuar los cambios solicitados por Washington. Diversos analistas han comentado que Carney est\u00e1 optando por una postura m\u00e1s f\u00e9rrea frente a Donald Trump.<\/p>\n<p class=\"\">En los primeros meses de su mandato, el premier canadiense busc\u00f3 rebajar las tensiones mediante dos decisiones: suspendi\u00f3 casi todos los grav\u00e1menes aprobados para responder a la ofensiva comercial de Trump y elimin\u00f3 el impuesto a las grandes tecnol\u00f3gicas. Sin embargo, el apaciguamiento no lleg\u00f3. En un mensaje difundido en redes sociales el pasado 19 de abril, Mark Carney dijo a sus ciudadanos que los estrechos v\u00ednculos econ\u00f3micos entre Canad\u00e1 y Estados Unidos constitu\u00edan antes una gran ventaja,\u00a0<a title=\"https:\/\/www.google.com\/url?sa=t&amp;source=web&amp;rct=j&amp;opi=89978449&amp;url=https:\/\/elpais.com\/economia\/2021-02-27\/canada-tiene-un-problema-con-su-hermano-mayor.html&amp;ved=2ahUKEwiIicLypY-UAxVbnCYFHeB8OrkQFnoECBkQAQ&amp;usg=AOvVaw22OILC_FiPMpMz4XoBchey\" href=\"https:\/\/www.google.com\/url?sa=t&amp;source=web&amp;rct=j&amp;opi=89978449&amp;url=https:\/\/elpais.com\/economia\/2021-02-27\/canada-tiene-un-problema-con-su-hermano-mayor.html&amp;ved=2ahUKEwiIicLypY-UAxVbnCYFHeB8OrkQFnoECBkQAQ&amp;usg=AOvVaw22OILC_FiPMpMz4XoBchey\" target=\"_self\" rel=\"\" data-link-track-dtm=\"\" data-mrf-link=\"https:\/\/www.google.com\/url?sa=t&amp;source=web&amp;rct=j&amp;opi=89978449&amp;url=https:\/\/elpais.com\/economia\/2021-02-27\/canada-tiene-un-problema-con-su-hermano-mayor.html&amp;ved=2ahUKEwiIicLypY-UAxVbnCYFHeB8OrkQFnoECBkQAQ&amp;usg=AOvVaw22OILC_FiPMpMz4XoBchey\">pero que ahora son una debilidad<\/a>.<\/p>\n","protected":false},"excerpt":{"rendered":"<p>&nbsp; Mark Carney afirma que el fondo contar\u00e1 con una inversi\u00f3n de 18.000 millones de d\u00f3lares para impulsar sectores estrat\u00e9gicos y fortalecer la infraestructura canadiense&hellip;<\/p>\n","protected":false},"author":99,"featured_media":543603,"comment_status":"open","ping_status":"open","sticky":false,"template":"","format":"standard","meta":{"footnotes":""},"categories":[21,11365],"tags":[],"class_list":["post-543602","post","type-post","status-publish","format-standard","has-post-thumbnail","hentry","category-canada","category-economia"],"_links":{"self":[{"href":"https:\/\/diarioelpopular.com\/index.php\/wp-json\/wp\/v2\/posts\/543602","targetHints":{"allow":["GET"]}}],"collection":[{"href":"https:\/\/diarioelpopular.com\/index.php\/wp-json\/wp\/v2\/posts"}],"about":[{"href":"https:\/\/diarioelpopular.com\/index.php\/wp-json\/wp\/v2\/types\/post"}],"author":[{"embeddable":true,"href":"https:\/\/diarioelpopular.com\/index.php\/wp-json\/wp\/v2\/users\/99"}],"replies":[{"embeddable":true,"href":"https:\/\/diarioelpopular.com\/index.php\/wp-json\/wp\/v2\/comments?post=543602"}],"version-history":[{"count":1,"href":"https:\/\/diarioelpopular.com\/index.php\/wp-json\/wp\/v2\/posts\/543602\/revisions"}],"predecessor-version":[{"id":543604,"href":"https:\/\/diarioelpopular.com\/index.php\/wp-json\/wp\/v2\/posts\/543602\/revisions\/543604"}],"wp:featuredmedia":[{"embeddable":true,"href":"https:\/\/diarioelpopular.com\/index.php\/wp-json\/wp\/v2\/media\/543603"}],"wp:attachment":[{"href":"https:\/\/diarioelpopular.com\/index.php\/wp-json\/wp\/v2\/media?parent=543602"}],"wp:term":[{"taxonomy":"category","embeddable":true,"href":"https:\/\/diarioelpopular.com\/index.php\/wp-json\/wp\/v2\/categories?post=543602"},{"taxonomy":"post_tag","embeddable":true,"href":"https:\/\/diarioelpopular.com\/index.php\/wp-json\/wp\/v2\/tags?post=543602"}],"curies":[{"name":"wp","href":"https:\/\/api.w.org\/{rel}","templated":true}]}}