{"id":543606,"date":"2026-04-28T08:42:08","date_gmt":"2026-04-28T12:42:08","guid":{"rendered":"https:\/\/diarioelpopular.com\/?p=543606"},"modified":"2026-04-28T08:42:08","modified_gmt":"2026-04-28T12:42:08","slug":"un-brutal-atentado-terrorista-en-colombia-expone-el-pulso-entre-los-grupos-armados-y-el-estado-2","status":"publish","type":"post","link":"https:\/\/diarioelpopular.com\/index.php\/2026\/04\/28\/un-brutal-atentado-terrorista-en-colombia-expone-el-pulso-entre-los-grupos-armados-y-el-estado-2\/","title":{"rendered":"Un brutal atentado terrorista en Colombia expone el pulso entre los grupos armados y el Estado"},"content":{"rendered":"<div id=\"attachment_543599\" style=\"width: 1210px\" class=\"wp-caption alignnone\"><img loading=\"lazy\" decoding=\"async\" aria-describedby=\"caption-attachment-543599\" class=\"wp-image-543599 size-custom-big-size\" src=\"https:\/\/diarioelpopular.com\/wp-content\/uploads\/2026\/04\/Screen-Shot-2026-04-28-at-8.29.26-AM-1200x798.png\" alt=\"\" width=\"1200\" height=\"798\" srcset=\"https:\/\/diarioelpopular.com\/wp-content\/uploads\/2026\/04\/Screen-Shot-2026-04-28-at-8.29.26-AM-1200x798.png 1200w, https:\/\/diarioelpopular.com\/wp-content\/uploads\/2026\/04\/Screen-Shot-2026-04-28-at-8.29.26-AM-300x199.png 300w, https:\/\/diarioelpopular.com\/wp-content\/uploads\/2026\/04\/Screen-Shot-2026-04-28-at-8.29.26-AM-768x511.png 768w, https:\/\/diarioelpopular.com\/wp-content\/uploads\/2026\/04\/Screen-Shot-2026-04-28-at-8.29.26-AM-636x423.png 636w, https:\/\/diarioelpopular.com\/wp-content\/uploads\/2026\/04\/Screen-Shot-2026-04-28-at-8.29.26-AM-110x73.png 110w, https:\/\/diarioelpopular.com\/wp-content\/uploads\/2026\/04\/Screen-Shot-2026-04-28-at-8.29.26-AM.png 1024w\" sizes=\"auto, (max-width: 1200px) 100vw, 1200px\" \/><p id=\"caption-attachment-543599\" class=\"wp-caption-text\">Servicios de emergencia atienden el ataque en Cauca, Colombia, el 25 de abril. \/foto Sebastian Marmolejo \/ Zuma Press (Sebastian Marmolejo \/ Zuma Press)<\/p><\/div>\n<p>&nbsp;<\/p>\n<ul>\n<li><em><strong>Un ataque devastador expone el pulso entre los grupos armados y el Estado, y golpea la estrategia de seguridad del gobierno colombiano<\/strong><\/em><\/li>\n<\/ul>\n<p>&nbsp;<\/p>\n<p class=\"\">Una explosi\u00f3n sacudi\u00f3 el pasado fin de semana una v\u00eda del departamento del Cauca, en el suroccidente de Colombia, y\u00a0<a title=\"https:\/\/elpais.com\/america-colombia\/2026-04-26\/varios-fallecidos-y-heridos-por-el-atentado-de-la-via-panamericana.html\" href=\"https:\/\/elpais.com\/america-colombia\/2026-04-26\/varios-fallecidos-y-heridos-por-el-atentado-de-la-via-panamericana.html\" target=\"_self\" rel=\"\" data-link-track-dtm=\"\" data-mrf-link=\"https:\/\/elpais.com\/america-colombia\/2026-04-26\/varios-fallecidos-y-heridos-por-el-atentado-de-la-via-panamericana.html\">dej\u00f3 al menos 20 muertos<\/a>, en uno de los atentados contra civiles m\u00e1s letales de la violenta historia del pa\u00eds. La acci\u00f3n, atribuida al frente que comanda alias Iv\u00e1n Mordisco \u2014jefe de la principal disidencia de las antiguas FARC\u2014, no es un episodio aislado: es el \u00faltimo cap\u00edtulo de un pulso abierto entre los grupos armados y el Estado colombiano, y un golpe directo a la apuesta de \u201cpaz total\u201d con la que Gustavo Petro lleg\u00f3 al poder.<\/p>\n<p class=\"\">El estallido se escuch\u00f3 a varios kil\u00f3metros. Un artefacto explosivo deton\u00f3 el s\u00e1bado por la tarde en la v\u00eda Panamericana, principal carretera del suroccidente del pa\u00eds.\u00a0<a title=\"https:\/\/elpais.com\/america-colombia\/2026-04-25\/un-atentado-terrorista-en-la-via-panamericana-deja-diez-muertos-y-decenas-de-heridos.html\" href=\"https:\/\/elpais.com\/america-colombia\/2026-04-25\/un-atentado-terrorista-en-la-via-panamericana-deja-diez-muertos-y-decenas-de-heridos.html\" target=\"_self\" rel=\"\" data-link-track-dtm=\"\" data-mrf-link=\"https:\/\/elpais.com\/america-colombia\/2026-04-25\/un-atentado-terrorista-en-la-via-panamericana-deja-diez-muertos-y-decenas-de-heridos.html\">El ataque dej\u00f3 un cr\u00e1ter de 200 metros c\u00fabicos<\/a>, la carretera sembrada de chatarra retorcida y cuerpos que tardaron horas en ser recuperados en una zona de dif\u00edcil acceso, hist\u00f3ricamente bajo control de grupos armados. El \u00faltimo balance se hizo p\u00fablico este domingo: 20 civiles muertos, 15 mujeres y 5 hombres, todos mayores de edad. Hay adem\u00e1s 36 personas heridas, de las cuales tres permanecen en la UCI, y cinco menores de edad que se encuentran fuera de peligro. A pesar de la gravedad del episodio, el pa\u00eds ha mantenido su \u2014fren\u00e9tica\u2014 agenda informativa habitual.<\/p>\n<p class=\"\">Desde el primer momento, la autor\u00eda del atentado del s\u00e1bado apunt\u00f3 a las estructuras comandadas por Iv\u00e1n Mordisco, l\u00edder del sector de las antiguas FARC que nunca firm\u00f3 el acuerdo de paz y que ha convertido el suroccidente colombiano en su fort\u00edn.<\/p>\n<p class=\"\">La reacci\u00f3n inmediata del presidente Petro fue llamar a los criminales \u201cterroristas, fascistas y narcotraficantes\u201d. En su cuenta de X asegur\u00f3 que estos grupos buscan el regreso de la extrema derecha al poder para proteger sus econom\u00edas il\u00edcitas, y pidi\u00f3 una persecuci\u00f3n internacional contra la organizaci\u00f3n. \u201cQuiero la m\u00e1xima persecuci\u00f3n mundial contra este grupo narcoterrorista\u201d, dijo. Siete horas despu\u00e9s, Petro tuiteaba sobre su fiesta de cumplea\u00f1os, rodeado de antiguos amigos del M19, el grupo guerrillero en el que milit\u00f3. La publicaci\u00f3n, en la que se les ve sonrientes con collares de flores al cuello, desat\u00f3 una avalancha de cr\u00edticas de la oposici\u00f3n, que la consider\u00f3 inoportuna.<\/p>\n<div id=\"sum_twitter\" class=\"a_em _df\" data-oembed-type=\"twitter\">\n<div class=\"twitter-tweet twitter-tweet-rendered\"><iframe id=\"twitter-widget-0\" class=\"\" title=\"X Post\" src=\"https:\/\/platform.twitter.com\/embed\/Tweet.html?dnt=false&amp;embedId=twitter-widget-0&amp;features=eyJ0ZndfdGltZWxpbmVfbGlzdCI6eyJidWNrZXQiOltdLCJ2ZXJzaW9uIjpudWxsfSwidGZ3X2ZvbGxvd2VyX2NvdW50X3N1bnNldCI6eyJidWNrZXQiOnRydWUsInZlcnNpb24iOm51bGx9LCJ0ZndfdHdlZXRfZWRpdF9iYWNrZW5kIjp7ImJ1Y2tldCI6Im9uIiwidmVyc2lvbiI6bnVsbH0sInRmd19yZWZzcmNfc2Vzc2lvbiI6eyJidWNrZXQiOiJvbiIsInZlcnNpb24iOm51bGx9LCJ0ZndfZm9zbnJfc29mdF9pbnRlcnZlbnRpb25zX2VuYWJsZWQiOnsiYnVja2V0Ijoib24iLCJ2ZXJzaW9uIjpudWxsfSwidGZ3X21peGVkX21lZGlhXzE1ODk3Ijp7ImJ1Y2tldCI6InRyZWF0bWVudCIsInZlcnNpb24iOm51bGx9LCJ0ZndfZXhwZXJpbWVudHNfY29va2llX2V4cGlyYXRpb24iOnsiYnVja2V0IjoxMjA5NjAwLCJ2ZXJzaW9uIjpudWxsfSwidGZ3X3Nob3dfYmlyZHdhdGNoX3Bpdm90c19lbmFibGVkIjp7ImJ1Y2tldCI6Im9uIiwidmVyc2lvbiI6bnVsbH0sInRmd19kdXBsaWNhdGVfc2NyaWJlc190b19zZXR0aW5ncyI6eyJidWNrZXQiOiJvbiIsInZlcnNpb24iOm51bGx9LCJ0ZndfdXNlX3Byb2ZpbGVfaW1hZ2Vfc2hhcGVfZW5hYmxlZCI6eyJidWNrZXQiOiJvbiIsInZlcnNpb24iOm51bGx9LCJ0ZndfdmlkZW9faGxzX2R5bmFtaWNfbWFuaWZlc3RzXzE1MDgyIjp7ImJ1Y2tldCI6InRydWVfYml0cmF0ZSIsInZlcnNpb24iOm51bGx9LCJ0ZndfbGVnYWN5X3RpbWVsaW5lX3N1bnNldCI6eyJidWNrZXQiOnRydWUsInZlcnNpb24iOm51bGx9LCJ0ZndfdHdlZXRfZWRpdF9mcm9udGVuZCI6eyJidWNrZXQiOiJvbiIsInZlcnNpb24iOm51bGx9fQ%3D%3D&amp;frame=false&amp;hideCard=false&amp;hideThread=false&amp;id=2048235192993665294&amp;lang=es&amp;origin=https%3A%2F%2Felpais.com%2Famerica-colombia%2F2026-04-28%2Fun-brutal-atentado-terrorista-en-colombia-expone-el-pulso-entre-los-grupos-armados-y-el-estado.html&amp;sessionId=310768c91c7a90f42335b91cd55f0d9a9c6a0717&amp;siteScreenName=ElPaisAmericaCo&amp;theme=light&amp;widgetsVersion=2615f7e52b7e0%3A1702314776716&amp;width=550px\" frameborder=\"0\" scrolling=\"no\" allowfullscreen=\"allowfullscreen\" data-tweet-id=\"2048235192993665294\" data-mce-fragment=\"1\"><\/iframe><\/div>\n<\/div>\n<p class=\"\">En su alocuci\u00f3n presidencial de la noche de este lunes, Petro ampli\u00f3 su denuncia y convirti\u00f3 el atentado en el Cauca en un asunto trasnacional. El presidente pidi\u00f3 a las autoridades de su pa\u00eds que investiguen su principal hip\u00f3tesis: que los explosivos utilizados en el ataque \u2014como dice que ha sucedido en casos anteriores\u2014 provienen de Ecuador. Apunta a que detr\u00e1s de todo estar\u00eda la Junta del narcotr\u00e1fico, una estructura criminal con sede en Dub\u00e1i, que desde all\u00ed controla el tr\u00e1fico global de coca\u00edna y dirige a los grupos armados en Colombia.<\/p>\n<p class=\"\">Si bien reconoci\u00f3 que su pa\u00eds es el principal productor de coca\u00edna del mundo, asegura que esta droga es transportada desde los puertos de Ecuador. De all\u00ed que desde el pa\u00eds vecino los narcotraficantes busquen mantener la cadena de suministro. El objetivo, dice, es generar miedo y caos para sabotear las elecciones y que en Colombia gane la extrema derecha.<\/p>\n<p class=\"\">\u201cEl jefe de los frentes del Cauca no es Iv\u00e1n Mordisco, que es el segundo en jerarqu\u00eda. Es la Junta del narcotr\u00e1fico\u201d, sostuvo Petro. Durante la alocuci\u00f3n mostr\u00f3 la denuncia que interpuso ante la Corte Penal Internacional para que investigue a Mordisco por delitos contra la humanidad, y a\u00f1adi\u00f3 que buscar\u00e1 que la acusaci\u00f3n se ampl\u00ede a todos los jefes de los frentes que operan en el Cauca. Mencion\u00f3 espec\u00edficamente a alias Marlon, se\u00f1alado de orquestar el ataque del fin de semana.<\/p>\n<p class=\"\">En los primeros cuatro meses de 2026, Colombia ya suma 48 matanzas, con 229 v\u00edctimas mortales, la mayor\u00eda civiles, seg\u00fan la organizaci\u00f3n Indepaz. Es el r\u00e9cord de la \u00faltima d\u00e9cada. Con estas cifras, que son solo un panorama parcial de la violencia del pa\u00eds, este a\u00f1o electoral se perfila ya como el m\u00e1s violento desde que se firm\u00f3 el Acuerdo de Paz con la extinta guerrilla de las FARC en 2016.<\/p>\n<p class=\"\">Petro lleg\u00f3 al poder en 2022 con una ambiciosa estrategia de paz que buscaba negociar simult\u00e1neamente con los principales grupos armados del pa\u00eds, alcanzando hasta 13 mesas de di\u00e1logo.\u00a0<a title=\"https:\/\/elpais.com\/america-colombia\/2026-04-22\/petro-amenaza-con-congelar-la-negociacion-mas-avanzada-de-la-paz-total.html\" href=\"https:\/\/elpais.com\/america-colombia\/2026-04-22\/petro-amenaza-con-congelar-la-negociacion-mas-avanzada-de-la-paz-total.html\" target=\"_self\" rel=\"\" data-link-track-dtm=\"\" data-mrf-link=\"https:\/\/elpais.com\/america-colombia\/2026-04-22\/petro-amenaza-con-congelar-la-negociacion-mas-avanzada-de-la-paz-total.html\">Las conversaciones han ido avanzando a trompicones<\/a>, hasta el punto en que la mayor\u00eda de ellas est\u00e1n congeladas o enterradas.<\/p>\n<p class=\"\">A medida que el Gobierno constataba la falta de voluntad negociadora en varios actores, intensific\u00f3 sus operaciones militares. Bajo presi\u00f3n de la opini\u00f3n p\u00fablica y de las Fuerzas Armadas, Petro retom\u00f3 la ofensiva. Iv\u00e1n Mordisco se convirti\u00f3 en el hombre m\u00e1s buscado del pa\u00eds, y las acciones contra su estructura han ido en aumento. Hace apenas un mes, una operaci\u00f3n militar contra un campamento del grupo dej\u00f3 seis muertos,\u00a0<a title=\"https:\/\/elpais.com\/america-colombia\/2026-03-27\/el-ejercito-de-colombia-estrecha-el-cerco-sobre-ivan-mordisco-y-abate-a-su-pareja-alias-lorena.html\" href=\"https:\/\/elpais.com\/america-colombia\/2026-03-27\/el-ejercito-de-colombia-estrecha-el-cerco-sobre-ivan-mordisco-y-abate-a-su-pareja-alias-lorena.html\" target=\"_self\" rel=\"\" data-link-track-dtm=\"\" data-mrf-link=\"https:\/\/elpais.com\/america-colombia\/2026-03-27\/el-ejercito-de-colombia-estrecha-el-cerco-sobre-ivan-mordisco-y-abate-a-su-pareja-alias-lorena.html\">entre ellos alias Lorena, su jefa de seguridad y compa\u00f1era sentimental.<\/a>\u00a0El Gobierno tambi\u00e9n reactiv\u00f3 el uso de artiller\u00eda a comienzos de 2024 y los bombardeos a finales de 2025.<\/p>\n<p class=\"\">Sus decisiones han sido pol\u00e9micas, sobre todo entre sus aliados de izquierda, porque en los ataques han muerto varios menores,\u00a0<a title=\"https:\/\/elpais.com\/america-colombia\/2026-02-12\/colombia-esta-perdiendo-a-sus-ninos-en-la-guerra.html\" href=\"https:\/\/elpais.com\/america-colombia\/2026-02-12\/colombia-esta-perdiendo-a-sus-ninos-en-la-guerra.html\" target=\"_self\" rel=\"\" data-link-track-dtm=\"\" data-mrf-link=\"https:\/\/elpais.com\/america-colombia\/2026-02-12\/colombia-esta-perdiendo-a-sus-ninos-en-la-guerra.html\">ni\u00f1os reclutados como soldados por las bandas criminales.\u00a0<\/a>Es la respuesta del Gobierno m\u00e1s a la izquierda en la historia reciente de Colombia ante un enemigo que, parad\u00f3jicamente, le obliga a hablar el lenguaje de la mano dura.<\/p>\n<p class=\"\">\u201cEl atentado es parte de la reacci\u00f3n de un grupo armado frente a las operaciones del Ej\u00e9rcito\u201d, explica un analista involucrado en el proceso de paz que pide mantener el anonimato.\u00a0<a title=\"https:\/\/elpais.com\/america-colombia\/2026-03-18\/el-ministro-de-defensa-de-colombia-sobre-la-crisis-con-ecuador-la-bomba-era-ecuatoriana-ahora-hay-que-aclarar-como-y-por-que-llego-hasta-aqui.html\" href=\"https:\/\/elpais.com\/america-colombia\/2026-03-18\/el-ministro-de-defensa-de-colombia-sobre-la-crisis-con-ecuador-la-bomba-era-ecuatoriana-ahora-hay-que-aclarar-como-y-por-que-llego-hasta-aqui.html\" target=\"_self\" rel=\"\" data-link-track-dtm=\"\" data-mrf-link=\"https:\/\/elpais.com\/america-colombia\/2026-03-18\/el-ministro-de-defensa-de-colombia-sobre-la-crisis-con-ecuador-la-bomba-era-ecuatoriana-ahora-hay-que-aclarar-como-y-por-que-llego-hasta-aqui.html\">A Mordisco, recuerda, \u201cse le ha golpeado de manera muy fuerte durante todo el \u00faltimo a\u00f1o\u201d<\/a>. Y el Cauca, donde se perpetr\u00f3 el atentado, es la zona donde mantiene estructuras \u201cmuy fuertes, muy vigorosas\u201d.<\/p>\n<p class=\"\">La elecci\u00f3n de civiles como objetivo \u2014que el analista califica como \u201coperaciones de car\u00e1cter demencial\u201d\u2014 responde a una l\u00f3gica estrat\u00e9gica: \u201cGenerar da\u00f1o al Gobierno, atacar al liderazgo social e ind\u00edgena de la regi\u00f3n y, sobre todo, golpear la perspectiva de continuidad del proceso pol\u00edtico que vive el pa\u00eds\u201d. No se trata solo de matar, sino de sembrar el caos, de hacer inviable la paz (parcial y, por supuesto, total) a cinco semanas de la primera vuelta de las presidenciales.<\/p>\n<p class=\"\">Desestabilizar el pa\u00eds es parte de la estrategia de los grupos armados en Colombia para garantizar su supervivencia, coinciden los expertos. La principal hip\u00f3tesis de la Fiscal\u00eda colombiana sobre el asesinato del candidato presidencial Miguel Uribe Turbay, que sacudi\u00f3 el pa\u00eds hace casi un a\u00f1o,\u00a0<a title=\"https:\/\/elpais.com\/america-colombia\/2025-10-30\/la-fiscal-general-apunta-a-la-segunda-marquetalia-como-responsable-del-homicidio-de-miguel-uribe-turbay.html\" href=\"https:\/\/elpais.com\/america-colombia\/2025-10-30\/la-fiscal-general-apunta-a-la-segunda-marquetalia-como-responsable-del-homicidio-de-miguel-uribe-turbay.html\" target=\"_self\" rel=\"\" data-link-track-dtm=\"\" data-mrf-link=\"https:\/\/elpais.com\/america-colombia\/2025-10-30\/la-fiscal-general-apunta-a-la-segunda-marquetalia-como-responsable-del-homicidio-de-miguel-uribe-turbay.html\">es que se trat\u00f3 de un intento de otra de las disidencias de las FARC<\/a>, la Segunda Marquetalia, por hacer tambalear las estructuras del Estado. Poner al pa\u00eds a pelear supone debilitar al Estado y facilitar que los grupos armados sigan dominando las rentables econom\u00edas il\u00edcitas que los sostienen.<\/p>\n<p class=\"\">El pulso de los grupos criminales contra el Estado suele estar concentrado en determinadas zonas de Colombia, las m\u00e1s afectadas por el conflicto armado, donde la disputa por el territorio deja a decenas de miles de civiles entre los disparos. En esas zonas, adem\u00e1s, se concentran extensas zonas de cultivo de coca, marihuana y extracci\u00f3n ilegal de oro. Todos estos lugares han sufrido altibajos de violencia en los \u00faltimos a\u00f1os, encadenan episodios de violencia y vuelven a la calma. Colombia siempre est\u00e1 en alerta.<\/p>\n","protected":false},"excerpt":{"rendered":"<p>&nbsp; Un ataque devastador expone el pulso entre los grupos armados y el Estado, y golpea la estrategia de seguridad del gobierno colombiano &nbsp; Una&hellip;<\/p>\n","protected":false},"author":99,"featured_media":543599,"comment_status":"open","ping_status":"open","sticky":false,"template":"","format":"standard","meta":{"footnotes":""},"categories":[23],"tags":[],"class_list":["post-543606","post","type-post","status-publish","format-standard","has-post-thumbnail","hentry","category-latinoamerica"],"_links":{"self":[{"href":"https:\/\/diarioelpopular.com\/index.php\/wp-json\/wp\/v2\/posts\/543606","targetHints":{"allow":["GET"]}}],"collection":[{"href":"https:\/\/diarioelpopular.com\/index.php\/wp-json\/wp\/v2\/posts"}],"about":[{"href":"https:\/\/diarioelpopular.com\/index.php\/wp-json\/wp\/v2\/types\/post"}],"author":[{"embeddable":true,"href":"https:\/\/diarioelpopular.com\/index.php\/wp-json\/wp\/v2\/users\/99"}],"replies":[{"embeddable":true,"href":"https:\/\/diarioelpopular.com\/index.php\/wp-json\/wp\/v2\/comments?post=543606"}],"version-history":[{"count":1,"href":"https:\/\/diarioelpopular.com\/index.php\/wp-json\/wp\/v2\/posts\/543606\/revisions"}],"predecessor-version":[{"id":543608,"href":"https:\/\/diarioelpopular.com\/index.php\/wp-json\/wp\/v2\/posts\/543606\/revisions\/543608"}],"wp:featuredmedia":[{"embeddable":true,"href":"https:\/\/diarioelpopular.com\/index.php\/wp-json\/wp\/v2\/media\/543599"}],"wp:attachment":[{"href":"https:\/\/diarioelpopular.com\/index.php\/wp-json\/wp\/v2\/media?parent=543606"}],"wp:term":[{"taxonomy":"category","embeddable":true,"href":"https:\/\/diarioelpopular.com\/index.php\/wp-json\/wp\/v2\/categories?post=543606"},{"taxonomy":"post_tag","embeddable":true,"href":"https:\/\/diarioelpopular.com\/index.php\/wp-json\/wp\/v2\/tags?post=543606"}],"curies":[{"name":"wp","href":"https:\/\/api.w.org\/{rel}","templated":true}]}}