{"id":543630,"date":"2026-04-29T08:31:24","date_gmt":"2026-04-29T12:31:24","guid":{"rendered":"https:\/\/diarioelpopular.com\/?p=543630"},"modified":"2026-04-29T08:31:24","modified_gmt":"2026-04-29T12:31:24","slug":"el-abogado-y-dos-hermanas-de-maradona-van-a-juicio-por-lucro-indebido-de-sus-marcas","status":"publish","type":"post","link":"https:\/\/diarioelpopular.com\/index.php\/2026\/04\/29\/el-abogado-y-dos-hermanas-de-maradona-van-a-juicio-por-lucro-indebido-de-sus-marcas\/","title":{"rendered":"El abogado y dos hermanas de Maradona van a juicio por \u201clucro indebido\u201d de sus marcas"},"content":{"rendered":"<div id=\"attachment_543631\" style=\"width: 1210px\" class=\"wp-caption alignnone\"><img loading=\"lazy\" decoding=\"async\" aria-describedby=\"caption-attachment-543631\" class=\"wp-image-543631 size-custom-big-size\" src=\"https:\/\/diarioelpopular.com\/wp-content\/uploads\/2026\/04\/Screen-Shot-2026-04-29-at-8.30.37-AM-1200x812.png\" alt=\"\" width=\"1200\" height=\"812\" srcset=\"https:\/\/diarioelpopular.com\/wp-content\/uploads\/2026\/04\/Screen-Shot-2026-04-29-at-8.30.37-AM-1200x812.png 1200w, https:\/\/diarioelpopular.com\/wp-content\/uploads\/2026\/04\/Screen-Shot-2026-04-29-at-8.30.37-AM-300x203.png 300w, https:\/\/diarioelpopular.com\/wp-content\/uploads\/2026\/04\/Screen-Shot-2026-04-29-at-8.30.37-AM-768x520.png 768w, https:\/\/diarioelpopular.com\/wp-content\/uploads\/2026\/04\/Screen-Shot-2026-04-29-at-8.30.37-AM-636x430.png 636w, https:\/\/diarioelpopular.com\/wp-content\/uploads\/2026\/04\/Screen-Shot-2026-04-29-at-8.30.37-AM-80x55.png 80w, https:\/\/diarioelpopular.com\/wp-content\/uploads\/2026\/04\/Screen-Shot-2026-04-29-at-8.30.37-AM-108x73.png 108w, https:\/\/diarioelpopular.com\/wp-content\/uploads\/2026\/04\/Screen-Shot-2026-04-29-at-8.30.37-AM.png 1024w\" sizes=\"auto, (max-width: 1200px) 100vw, 1200px\" \/><p id=\"caption-attachment-543631\" class=\"wp-caption-text\">El juicio para exigir justicia por el &#8216;caso Maradona&#8217;, en Buenos Aires, el 14 de abril. Foto Cristina Sille (REUTERS)<\/p><\/div>\n<p>&nbsp;<\/p>\n<p>&nbsp;<\/p>\n<ul>\n<li><em><strong>La justicia argentina los acusa de haber defraudado los intereses de los herederos leg\u00edtimos del \u00eddolo a trav\u00e9s de una sociedad que administraba 246 marcas comerciales<\/strong><\/em><\/li>\n<\/ul>\n<p>&nbsp;<\/p>\n<p class=\"\">La Justicia argentina orden\u00f3 este martes la elevaci\u00f3n a juicio contra el \u00faltimo abogado y apoderado de Diego Armando Maradona, Mat\u00edas Morla, y contra sus hermanas Rita Mabel y Claudia Norma Maradona, acusados de haber defraudado a los herederos leg\u00edtimos del \u00eddolo deportivo en el usufructo de sus marcas comerciales. A m\u00e1s de cinco a\u00f1os de la muerte del astro, el Juzgado Nacional en lo Criminal y Correccional N\u00ba 43 decidi\u00f3 rechazar un pedido de sobreseimiento de los procesados y declarar clausurada la etapa de instrucci\u00f3n.<\/p>\n<p class=\"\">Adem\u00e1s de Morla y las hermanas Maradona, ser\u00e1n sometidos a juicio dos asistentes del exfutbolista, Maximiliano Pomargo y Sergio Garmendia, as\u00ed como la escribana Sandra Iampolsky. La Justicia acusa a todos ellos de \u201chaber defraudado los intereses de los herederos leg\u00edtimos de Diego Armando Maradona\u201d a trav\u00e9s de una sociedad que administraba un total de 246 marcas comerciales ligadas al deportista, fallecido el 25 de noviembre de 2020.<\/p>\n<p class=\"\">La resoluci\u00f3n explica que si bien la sociedad \u2014denominada Sattvica SA\u2014 se encontraba bajo la titularidad accionaria ficticia de Morla y Pomargo, sus movimientos comerciales se desarrollaban bajo las directivas de Maradona. Tras su muerte, como parte del tr\u00e1mite sucesorio, se intim\u00f3 a los due\u00f1os de Sattvica a ceder y transferir en forma inmediata la totalidad de las marcas a los herederos leg\u00edtimos de Maradona \u2014sus hijos Dalma, Gianinna, Jana, Diego Fernando y <a title=\"https:\/\/elpais.com\/gente\/2026-04-21\/el-primogenito-de-maradona-cuenta-como-fue-como-padre-la-gente-de-napoles-me-decia-que-tenia-fotos-con-el-y-yo-era-el-hijo-y-no-las-tenia.html\" href=\"https:\/\/elpais.com\/gente\/2026-04-21\/el-primogenito-de-maradona-cuenta-como-fue-como-padre-la-gente-de-napoles-me-decia-que-tenia-fotos-con-el-y-yo-era-el-hijo-y-no-las-tenia.html\" target=\"_self\" rel=\"\" data-link-track-dtm=\"\" data-mrf-link=\"https:\/\/elpais.com\/gente\/2026-04-21\/el-primogenito-de-maradona-cuenta-como-fue-como-padre-la-gente-de-napoles-me-decia-que-tenia-fotos-con-el-y-yo-era-el-hijo-y-no-las-tenia.html\">Diego Junior Maradona<\/a>\u2014, una disposici\u00f3n que Morla rechaz\u00f3. Tiempo despu\u00e9s, seg\u00fan la acusaci\u00f3n, la totalidad de las acciones de Sattvica fueron cedidas a Rita Mabel y Claudia Nora, aunque Morla mantuvo un rol central en las decisiones de la sociedad.<\/p>\n<p class=\"\">\u201cAs\u00ed se procuraron con dicho accionar un lucro indebido, violando los deberes y obligaciones a su cargo y perjudicando con ello los intereses que les fueran confiados\u201d, perjudicando as\u00ed a los herederos, seg\u00fan afirm\u00f3 la resoluci\u00f3n. A fines de 2025, la Justicia argentina hab\u00eda confirmado el procesamiento de Rita Mabel y Claudia Nora como part\u00edcipes necesarias del delito de defraudaci\u00f3n por administraci\u00f3n fraudulenta y, el pasado febrero, confirm\u00f3 adem\u00e1s la prohibici\u00f3n de utilizar la marca.<\/p>\n<p class=\"\">La decisi\u00f3n judicial de este martes se conoci\u00f3 mientras, en paralelo, se llevaba a cabo la quinta audiencia del\u00a0<a title=\"https:\/\/elpais.com\/argentina\/2026-04-19\/el-nuevo-juicio-por-la-muerte-de-maradona-asesinato-negligencia-o-un-desenlace-inevitable.html\" href=\"https:\/\/elpais.com\/argentina\/2026-04-19\/el-nuevo-juicio-por-la-muerte-de-maradona-asesinato-negligencia-o-un-desenlace-inevitable.html\" target=\"_self\" rel=\"\" data-link-track-dtm=\"\" data-mrf-link=\"https:\/\/elpais.com\/argentina\/2026-04-19\/el-nuevo-juicio-por-la-muerte-de-maradona-asesinato-negligencia-o-un-desenlace-inevitable.html\">nuevo juicio por la muerte de Maradona<\/a>, en el que siete trabajadores de la salud est\u00e1n acusados de homicidio simple con dolo eventual. En la audiencia declar\u00f3 precisamente Rita Mabel Maradona y, al igual que en el primer juicio \u2014anulado en mayo de 2025 cuando se descubri\u00f3 que una jueza lo filmaba para un documental que la ten\u00eda como protagonista\u2014,\u00a0<a title=\"https:\/\/elpais.com\/argentina\/2026-04-21\/una-de-las-hijas-de-maradona-acusa-a-los-medicos-juzgados-por-la-muerte-de-su-padre-la-manipulacion-fue-absoluta-y-horrible.html\" href=\"https:\/\/elpais.com\/argentina\/2026-04-21\/una-de-las-hijas-de-maradona-acusa-a-los-medicos-juzgados-por-la-muerte-de-su-padre-la-manipulacion-fue-absoluta-y-horrible.html\" target=\"_self\" rel=\"\" data-link-track-dtm=\"\" data-mrf-link=\"https:\/\/elpais.com\/argentina\/2026-04-21\/una-de-las-hijas-de-maradona-acusa-a-los-medicos-juzgados-por-la-muerte-de-su-padre-la-manipulacion-fue-absoluta-y-horrible.html\">apunt\u00f3 contra las hijas del fallecido exfutbolista<\/a>\u00a0y enfatiz\u00f3 que ellas \u201cdijeron que se iban a hacer responsables de su pap\u00e1\u201d.<\/p>\n<p class=\"\">Maradona muri\u00f3 a los 60 a\u00f1os, mientras recib\u00eda cuidados domiciliarios en una vivienda en las afueras de Buenos Aires. Antes de ser trasladado all\u00ed, el \u00eddolo hab\u00eda estado internado en una cl\u00ednica donde fue sometido a una intervenci\u00f3n quir\u00fargica. En aquel centro se celebr\u00f3 una reuni\u00f3n entre m\u00e9dicos, abogados y familiares en la que se decidi\u00f3 continuar con los cuidados bajo una modalidad domiciliaria, algo que, seg\u00fan varios testigos, result\u00f3 determinante en la muerte del astro.<\/p>\n<p class=\"\">Por eso, en este segundo juicio para determinar responsabilidades por la muerte del \u00eddolo argentino son juzgados el neurocirujano y m\u00e9dico de cabecera Leopoldo Luque, la psiquiatra Agustina Cosachov, el psic\u00f3logo Carlos D\u00edaz, la doctora y coordinadora de la empresa Swiss Medical Nancy Forlini, el m\u00e9dico Pedro Di Spagna, el coordinador de enfermeros Mariano Perroni y el enfermero Ricardo Almir\u00f3n.<\/p>\n<p class=\"\">Este martes declar\u00f3 tambi\u00e9n Ver\u00f3nica Ojeda, que fue pareja de Diego Armando Maradona y es madre de su hijo menor, y aport\u00f3 la grabaci\u00f3n completa de una reuni\u00f3n en la que se decidi\u00f3 bajo qu\u00e9 modalidad se tratar\u00eda al futbolista. Se trata de una prueba clave en el proceso, que se prolongar\u00e1 durante los pr\u00f3ximos meses.<\/p>\n","protected":false},"excerpt":{"rendered":"<p>&nbsp; &nbsp; La justicia argentina los acusa de haber defraudado los intereses de los herederos leg\u00edtimos del \u00eddolo a trav\u00e9s de una sociedad que administraba&hellip;<\/p>\n","protected":false},"author":99,"featured_media":543631,"comment_status":"open","ping_status":"open","sticky":false,"template":"","format":"standard","meta":{"footnotes":""},"categories":[23],"tags":[],"class_list":["post-543630","post","type-post","status-publish","format-standard","has-post-thumbnail","hentry","category-latinoamerica"],"_links":{"self":[{"href":"https:\/\/diarioelpopular.com\/index.php\/wp-json\/wp\/v2\/posts\/543630","targetHints":{"allow":["GET"]}}],"collection":[{"href":"https:\/\/diarioelpopular.com\/index.php\/wp-json\/wp\/v2\/posts"}],"about":[{"href":"https:\/\/diarioelpopular.com\/index.php\/wp-json\/wp\/v2\/types\/post"}],"author":[{"embeddable":true,"href":"https:\/\/diarioelpopular.com\/index.php\/wp-json\/wp\/v2\/users\/99"}],"replies":[{"embeddable":true,"href":"https:\/\/diarioelpopular.com\/index.php\/wp-json\/wp\/v2\/comments?post=543630"}],"version-history":[{"count":1,"href":"https:\/\/diarioelpopular.com\/index.php\/wp-json\/wp\/v2\/posts\/543630\/revisions"}],"predecessor-version":[{"id":543632,"href":"https:\/\/diarioelpopular.com\/index.php\/wp-json\/wp\/v2\/posts\/543630\/revisions\/543632"}],"wp:featuredmedia":[{"embeddable":true,"href":"https:\/\/diarioelpopular.com\/index.php\/wp-json\/wp\/v2\/media\/543631"}],"wp:attachment":[{"href":"https:\/\/diarioelpopular.com\/index.php\/wp-json\/wp\/v2\/media?parent=543630"}],"wp:term":[{"taxonomy":"category","embeddable":true,"href":"https:\/\/diarioelpopular.com\/index.php\/wp-json\/wp\/v2\/categories?post=543630"},{"taxonomy":"post_tag","embeddable":true,"href":"https:\/\/diarioelpopular.com\/index.php\/wp-json\/wp\/v2\/tags?post=543630"}],"curies":[{"name":"wp","href":"https:\/\/api.w.org\/{rel}","templated":true}]}}