{"id":543634,"date":"2026-04-29T08:47:26","date_gmt":"2026-04-29T12:47:26","guid":{"rendered":"https:\/\/diarioelpopular.com\/?p=543634"},"modified":"2026-04-29T08:47:26","modified_gmt":"2026-04-29T12:47:26","slug":"mi-padre-me-pedia-perdon-y-me-daba-un-alfajor-despues-de-abusar-de-mi-el-testimonio-de-sara-martinez-la-hermana-del-joven-uruguayo-condenado-por-matar-a-su-padre","status":"publish","type":"post","link":"https:\/\/diarioelpopular.com\/index.php\/2026\/04\/29\/mi-padre-me-pedia-perdon-y-me-daba-un-alfajor-despues-de-abusar-de-mi-el-testimonio-de-sara-martinez-la-hermana-del-joven-uruguayo-condenado-por-matar-a-su-padre\/","title":{"rendered":"&#8220;Mi padre me ped\u00eda perd\u00f3n y me daba un alfajor despu\u00e9s de abusar de m\u00ed&#8221;: el testimonio de Sara Mart\u00ednez, la hermana del joven uruguayo condenado por matar a su padre"},"content":{"rendered":"<div id=\"attachment_543635\" style=\"width: 646px\" class=\"wp-caption alignnone\"><img loading=\"lazy\" decoding=\"async\" aria-describedby=\"caption-attachment-543635\" class=\"wp-image-543635 size-custom-full-size\" src=\"https:\/\/diarioelpopular.com\/wp-content\/uploads\/2026\/04\/Screen-Shot-2026-04-29-at-8.46.42-AM-636x356.png\" alt=\"\" width=\"636\" height=\"356\" srcset=\"https:\/\/diarioelpopular.com\/wp-content\/uploads\/2026\/04\/Screen-Shot-2026-04-29-at-8.46.42-AM-636x356.png 636w, https:\/\/diarioelpopular.com\/wp-content\/uploads\/2026\/04\/Screen-Shot-2026-04-29-at-8.46.42-AM-300x168.png 300w, https:\/\/diarioelpopular.com\/wp-content\/uploads\/2026\/04\/Screen-Shot-2026-04-29-at-8.46.42-AM-768x430.png 768w, https:\/\/diarioelpopular.com\/wp-content\/uploads\/2026\/04\/Screen-Shot-2026-04-29-at-8.46.42-AM-130x73.png 130w, https:\/\/diarioelpopular.com\/wp-content\/uploads\/2026\/04\/Screen-Shot-2026-04-29-at-8.46.42-AM.png 860w\" sizes=\"auto, (max-width: 636px) 100vw, 636px\" \/><p id=\"caption-attachment-543635\" class=\"wp-caption-text\">Mois\u00e9s y Sara Mart\u00ednez fueron abusados y torturados por su padre durante a\u00f1os.<\/p><\/div>\n<p>&nbsp;<\/p>\n<div class=\"css-1k9op6x e17x9cvu0\" dir=\"ltr\">\n<ul>\n<li class=\"css-s4cjt0 eea635z0\" dir=\"ltr\"><em><b>Carlos Mart\u00ednez y Mercedes Pereira le dieron nombres b\u00edblicos a sus seis hijos: Ana, Mois\u00e9s, Sara, Zacar\u00edas, Joel y Ezequiel.<\/b><\/em><\/li>\n<\/ul>\n<\/div>\n<div class=\"css-1k9op6x e17x9cvu0\" dir=\"ltr\">\n<p dir=\"ltr\">\n<p class=\"css-s4cjt0 eea635z0\" dir=\"ltr\">Los tres mayores vivieron m\u00e1s tiempo con el padre y comparten m\u00e1s recuerdos que los menores, es decir, m\u00e1s insultos, m\u00e1s palizas, m\u00e1s caricias en lugares inapropiados.<\/p>\n<\/div>\n<div class=\"css-1k9op6x e17x9cvu0\" dir=\"ltr\">\n<p class=\"css-s4cjt0 eea635z0\" dir=\"ltr\">En medio de la noche, Carlos Mart\u00ednez met\u00eda a sus hijos en la regadera y los dejaba durante horas bajo el agua helada. O abusaba sexualmente de uno mientras los dem\u00e1s dorm\u00edan en la misma sala.<\/p>\n<\/div>\n<div class=\"css-1k9op6x e17x9cvu0\" dir=\"ltr\">\n<p class=\"css-s4cjt0 eea635z0\" dir=\"ltr\">Estos son algunos recuerdos de Sara, la \u00fanica que se atrevi\u00f3 a denunciar a su padre cuando ten\u00eda 12 a\u00f1os, a finales de 2010, despu\u00e9s de haberlo visto abusar de Ana, su hermana mayor.<\/p>\n<\/div>\n<div class=\"css-1k9op6x e17x9cvu0\" dir=\"ltr\">\n<p class=\"css-s4cjt0 eea635z0\" dir=\"ltr\">Carlos Mart\u00ednez acab\u00f3 en prisi\u00f3n con una condena de tres a\u00f1os, pero un a\u00f1o despu\u00e9s fue liberado.<\/p>\n<p dir=\"ltr\">\n<\/div>\n<figure class=\"css-1qn0xuy\">\n<div class=\"css-1jir9cx\">\n<div style=\"width: 461px\" class=\"wp-caption alignnone\"><img loading=\"lazy\" decoding=\"async\" class=\"css-1seqhu9\" src=\"https:\/\/ichef.bbci.co.uk\/ace\/ws\/640\/cpsprodpb\/6c7f\/live\/df76e7a0-4273-11f1-ac78-2112837ce2aa.jpg.webp\" alt=\"Carlos Mart\u00ednez\" width=\"451\" height=\"394\" \/><p class=\"wp-caption-text\">Fuente de la imagen, cortes\u00eda de Sara Mart\u00ednez. Carlos Mart\u00ednez era el padre de Sara y Mois\u00e9s.<\/p><\/div>\n<p class=\"css-by8ykd\" role=\"text\">\n<\/div>\n<\/figure>\n<div class=\"css-1k9op6x e17x9cvu0\" dir=\"ltr\">\n<p dir=\"ltr\">\n<p class=\"css-s4cjt0 eea635z0\" dir=\"ltr\">Aunque la madre de los ni\u00f1os se neg\u00f3 a aceptarlo de vuelta en casa, Sara recuerda que su padre se convirti\u00f3 en una sombra al acecho: se presentaba en la puerta del liceo cuando era adolescente y en la de su trabajo cuando era adulta.<\/p>\n<\/div>\n<div class=\"css-1k9op6x e17x9cvu0\" dir=\"ltr\">\n<p class=\"css-s4cjt0 eea635z0\" dir=\"ltr\">Pero no todos sab\u00edan plenamente lo que cada miembro de la familia hab\u00eda sufrido en manos de aquel hombre.<\/p>\n<\/div>\n<div class=\"css-1k9op6x e17x9cvu0\" dir=\"ltr\">\n<p class=\"css-s4cjt0 eea635z0\" dir=\"ltr\">En mayo del a\u00f1o pasado, la madre le confes\u00f3 a Mois\u00e9s que estaba aterrada porque su padre la estaba amenazando. Como prueba de los abusos, se sac\u00f3 la dentadura postiza para demostrarle que Mart\u00ednez le hab\u00eda volado los dientes a golpes.<\/p>\n<\/div>\n<div class=\"css-1k9op6x e17x9cvu0\" dir=\"ltr\">\n<p class=\"css-s4cjt0 eea635z0\" dir=\"ltr\">Mois\u00e9s fue de inmediato a buscar a sus hermanas para preguntarles m\u00e1s sobre el padre: Ana confirm\u00f3 que la hab\u00eda violado durante a\u00f1os, mientras que Sara le dijo que su padre le daba un alfajor despu\u00e9s de cada encuentro sexual forzado.<\/p>\n<\/div>\n<div class=\"css-1k9op6x e17x9cvu0\" dir=\"ltr\">\n<p class=\"css-s4cjt0 eea635z0\" dir=\"ltr\">Para entonces, los tres ya eran adultos: Ana ten\u00eda 31 a\u00f1os, Mois\u00e9s 28 y Sara 26.<\/p>\n<\/div>\n<div class=\"css-1k9op6x e17x9cvu0\" dir=\"ltr\">\n<p class=\"css-s4cjt0 eea635z0\" dir=\"ltr\">En medio del llanto, Sara recuerda que su hermano tambi\u00e9n le confes\u00f3 abusos que ella desconoc\u00eda. Aunque le pidi\u00f3 que no lo hiciera, Mois\u00e9s decidi\u00f3 hablar con su padre para exigirle que les pidiera perd\u00f3n y los dejara en paz.<\/p>\n<\/div>\n<div class=\"css-1k9op6x e17x9cvu0\" dir=\"ltr\">\n<p class=\"css-s4cjt0 eea635z0\" dir=\"ltr\">Un d\u00eda despu\u00e9s de su conversaci\u00f3n con Sara, el domingo 25 de mayo de 2025, Mois\u00e9s mat\u00f3 a su padre de 14 disparos.<\/p>\n<\/div>\n<div class=\"css-1k9op6x e17x9cvu0\" dir=\"ltr\">\n<p class=\"css-s4cjt0 eea635z0\" dir=\"ltr\">Se qued\u00f3 junto al cuerpo durante dos d\u00edas, hasta que llam\u00f3 a la polic\u00eda para reportar el homicidio y esperar la llegada de los uniformados para asumir su responsabilidad por el crimen.<\/p>\n<\/div>\n<div class=\"css-1k9op6x e17x9cvu0\" dir=\"ltr\">\n<p class=\"css-s4cjt0 eea635z0\" dir=\"ltr\">Casi un a\u00f1o m\u00e1s tarde, el viernes 10 de abril, la jueza Mar\u00eda Noel Odriozola conden\u00f3 a Mois\u00e9s Mart\u00ednez Pereira a 12 a\u00f1os de prisi\u00f3n, en una audiencia que los uruguayos siguieron en vivo a trav\u00e9s de una transmisi\u00f3n de Youtube.<\/p>\n<p dir=\"ltr\">\n<\/div>\n<figure class=\"css-1qn0xuy\">\n<div class=\"css-1jir9cx\">\n<div style=\"width: 968px\" class=\"wp-caption alignnone\"><img loading=\"lazy\" decoding=\"async\" class=\"css-1seqhu9\" src=\"https:\/\/ichef.bbci.co.uk\/ace\/ws\/640\/cpsprodpb\/0859\/live\/052cfcf0-4274-11f1-ac78-2112837ce2aa.png.webp\" alt=\"Mois\u00e9s Mart\u00ednez \" width=\"958\" height=\"681\" \/><p class=\"wp-caption-text\">Fuente de la imagen, Asociaci\u00f3n de la Prensa Uruguaya. Mois\u00e9s Mart\u00ednez fue condenado a 12 a\u00f1os de c\u00e1rcel.<\/p><\/div>\n<p class=\"css-by8ykd\" role=\"text\">\n<\/div>\n<\/figure>\n<div class=\"css-1k9op6x e17x9cvu0\" dir=\"ltr\">\n<p dir=\"ltr\">\n<p class=\"css-s4cjt0 eea635z0\" dir=\"ltr\">Al anunciar su decisi\u00f3n, Odriozola explic\u00f3 que hab\u00eda descartado concederle el perd\u00f3n judicial que estipula el art\u00edculo 36 del C\u00f3digo Penal uruguayo cuando un homicidio ocurre bajo &#8220;intensa conmoci\u00f3n provocada por el sufrimiento cr\u00f3nico producto de violencia intrafamiliar&#8221;.<\/p>\n<\/div>\n<div class=\"css-1k9op6x e17x9cvu0\" dir=\"ltr\">\n<p class=\"css-s4cjt0 eea635z0\" dir=\"ltr\">En vista de que nadie denunci\u00f3 a Carlos Mart\u00ednez durante 15 a\u00f1os, la jueza argument\u00f3 que la familia no acudi\u00f3 a &#8220;ning\u00fan mecanismo de protecci\u00f3n como soluci\u00f3n primaria&#8221;, explica Rodrigo Rey, abogado de Mois\u00e9s.<\/p>\n<\/div>\n<div class=\"css-1k9op6x e17x9cvu0\" dir=\"ltr\">\n<p class=\"css-s4cjt0 eea635z0\" dir=\"ltr\">Sin embargo, Sara advierte que cuando lo hizo siendo una ni\u00f1a, fue revictimizada por el perito que la entrevist\u00f3, su padre cumpli\u00f3 apenas un tercio de la breve condena que recibi\u00f3 y nunca hubo protecci\u00f3n para ella ni su familia posteriormente.<\/p>\n<\/div>\n<div class=\"css-1k9op6x e17x9cvu0\" dir=\"ltr\">\n<p class=\"css-s4cjt0 eea635z0\" dir=\"ltr\">La sentencia gener\u00f3 conmoci\u00f3n y las protestas organizadas por los hermanos de Mois\u00e9s desencadenaron un debate p\u00fablico en Uruguay sobre el rol del Estado en la violencia intrafamiliar.<\/p>\n<\/div>\n<div class=\"css-1k9op6x e17x9cvu0\" dir=\"ltr\">\n<p class=\"css-s4cjt0 eea635z0\" dir=\"ltr\">Incluso el presidente uruguayo, Yamand\u00fa Orsi, recibi\u00f3 a Ana y a Sara en una audiencia privada d\u00edas despu\u00e9s de la sentencia contra Mois\u00e9s.<\/p>\n<\/div>\n<div class=\"css-1k9op6x e17x9cvu0\" dir=\"ltr\">\n<p class=\"css-s4cjt0 eea635z0\" dir=\"ltr\">La defensa apel\u00f3 para que se suspenda la condena. Mientras tanto, la jueza admiti\u00f3 que Mois\u00e9s espere la decisi\u00f3n definitiva en prisi\u00f3n domiciliaria, monitoreado por las autoridades con una tobillera electr\u00f3nica.<\/p>\n<\/div>\n<div class=\"css-1k9op6x e17x9cvu0\" dir=\"ltr\">\n<p class=\"css-s4cjt0 eea635z0\" dir=\"ltr\">En este testimonio en primera persona, que fue editado para garantizar la claridad del relato, Sara Mart\u00ednez cuenta la historia de su familia.<\/p>\n<\/div>\n<figure class=\"css-1qn0xuy\">\n<div class=\"css-1jir9cx\"><img loading=\"lazy\" decoding=\"async\" class=\"css-1seqhu9\" src=\"https:\/\/ichef.bbci.co.uk\/ace\/ws\/640\/cpsprodpb\/68e5\/live\/40bc4350-4276-11f1-ac78-2112837ce2aa.png.webp\" sizes=\"auto, (min-width: 1008px) 760px, 100vw\" srcset=\"https:\/\/ichef.bbci.co.uk\/ace\/ws\/240\/cpsprodpb\/68e5\/live\/40bc4350-4276-11f1-ac78-2112837ce2aa.png.webp 240w, https:\/\/ichef.bbci.co.uk\/ace\/ws\/320\/cpsprodpb\/68e5\/live\/40bc4350-4276-11f1-ac78-2112837ce2aa.png.webp 320w, https:\/\/ichef.bbci.co.uk\/ace\/ws\/480\/cpsprodpb\/68e5\/live\/40bc4350-4276-11f1-ac78-2112837ce2aa.png.webp 480w, https:\/\/ichef.bbci.co.uk\/ace\/ws\/624\/cpsprodpb\/68e5\/live\/40bc4350-4276-11f1-ac78-2112837ce2aa.png.webp 624w, https:\/\/ichef.bbci.co.uk\/ace\/ws\/800\/cpsprodpb\/68e5\/live\/40bc4350-4276-11f1-ac78-2112837ce2aa.png.webp 800w\" alt=\"L\u00ednea gris\" width=\"800\" height=\"100\" \/><\/div>\n<\/figure>\n<div class=\"css-1k9op6x e17x9cvu0\" dir=\"ltr\">\n<h2 id=\"Sara\" class=\"css-jtxtr9 emoh99e1\" tabindex=\"-1\">Sara<\/h2>\n<\/div>\n<div class=\"css-1k9op6x e17x9cvu0\" dir=\"ltr\">\n<p class=\"css-s4cjt0 eea635z0\" dir=\"ltr\">&#8220;Recordaba haberle tenido mucho p\u00e1nico a pap\u00e1 en tercero de escuela. Pero cuando empec\u00e9 a caer en una depresi\u00f3n y comenc\u00e9 terapia, se desbloque\u00f3 un recuerdo de jard\u00edn de infantes, o sea que ten\u00eda 4 o 5 a\u00f1os.<\/p>\n<\/div>\n<div class=\"css-1k9op6x e17x9cvu0\" dir=\"ltr\">\n<p class=\"css-s4cjt0 eea635z0\" dir=\"ltr\">La casa era de madera y no ten\u00edamos habitaciones para nosotros, siempre dorm\u00edamos en cuchetas (literas) en una pieza de madera de dos por dos.<\/p>\n<\/div>\n<div class=\"css-1k9op6x e17x9cvu0\" dir=\"ltr\">\n<p class=\"css-s4cjt0 eea635z0\" dir=\"ltr\">La primera situaci\u00f3n de abuso que me pas\u00f3 en esa pieza de madera ocurri\u00f3 mientras mis hermanos estaban durmiendo. Mi padre estaba abusando de m\u00ed y ten\u00eda enfrente a mi hermano y al costado a mi hermana, con una impunidad tremenda.<\/p>\n<\/div>\n<div class=\"css-1k9op6x e17x9cvu0\" dir=\"ltr\">\n<p class=\"css-s4cjt0 eea635z0\" dir=\"ltr\">No era un cuarto en s\u00ed, sino como si fuera el\u00a0<i class=\"css-6whwaq ezrtjzf0\">living\u00a0<\/i>o el comedor, que tambi\u00e9n se usaba de cuarto. En el otro lado de la cocina dorm\u00edamos nosotros en cuchetas. \u00c9l me sacaba de la cucheta y me llevaba a la parte donde \u00e9l dorm\u00eda.<\/p>\n<\/div>\n<div class=\"css-1k9op6x e17x9cvu0\" dir=\"ltr\">\n<p class=\"css-s4cjt0 eea635z0\" dir=\"ltr\">Algo que me marca hasta el d\u00eda de hoy es que cada vez que mi padre abusaba de m\u00ed, me ped\u00eda perd\u00f3n llorando mucho. Al principio, yo intentaba creer que iba a cambiar. Pero llegu\u00e9 a contar hasta la vez 60 y dije: &#8216;Ya est\u00e1, este tipo no va a cambiar m\u00e1s&#8217;.<\/p>\n<\/div>\n<div class=\"css-1k9op6x e17x9cvu0\" dir=\"ltr\">\n<p class=\"css-s4cjt0 eea635z0\" dir=\"ltr\">La mayor\u00eda de los abusos se daban en la noche. Mi madre se iba de madrugada a trabajar en un supermercado y entraba muy temprano y yo ya sab\u00eda que iba a venir mi padre y era otra vez lo mismo.<\/p>\n<\/div>\n<div class=\"css-1k9op6x e17x9cvu0\" dir=\"ltr\">\n<p class=\"css-s4cjt0 eea635z0\" dir=\"ltr\">Yo los contaba porque me dec\u00eda que alguna vez me iba a animar a hablarlo.<\/p>\n<\/div>\n<div class=\"css-1k9op6x e17x9cvu0\" dir=\"ltr\">\n<p class=\"css-s4cjt0 eea635z0\" dir=\"ltr\">Adem\u00e1s de pedirme perd\u00f3n, aparec\u00eda con un alfajor que me encantaba, de man\u00ed, chocolate y dulce de leche, y que ahora no lo puedo ni comer. Me sent\u00eda culpable, sent\u00eda que yo permit\u00eda que me abusara para comerme el alfajor.<\/p>\n<\/div>\n<div class=\"css-1k9op6x e17x9cvu0\" dir=\"ltr\">\n<p class=\"css-s4cjt0 eea635z0\" dir=\"ltr\">Ahora me genera mucha bronca la palabra perd\u00f3n, porque siento que lo ten\u00e9s que utilizar cuando realmente ten\u00e9s intenciones de que te disculpen y no solamente como lo usaba mi padre, que era para manipularme y para que yo no hablara.<\/p>\n<p dir=\"ltr\">\n<\/div>\n<figure class=\"css-1qn0xuy\">\n<div class=\"css-1jir9cx\">\n<div style=\"width: 909px\" class=\"wp-caption alignnone\"><img loading=\"lazy\" decoding=\"async\" class=\"css-1seqhu9\" src=\"https:\/\/ichef.bbci.co.uk\/ace\/ws\/640\/cpsprodpb\/45c8\/live\/0d77f4b0-4278-11f1-bd52-e755d604ece4.jpg.webp\" alt=\"Ana, Mois\u00e9s y Sara\" width=\"899\" height=\"1599\" \/><p class=\"wp-caption-text\">Fuente de la imagen,Cortes\u00eda de Sara Mart\u00ednez. La ni\u00f1a m\u00e1s grande es Ana, en el centro est\u00e1 Mois\u00e9s y la beb\u00e9 es Sara.<\/p><\/div>\n<p class=\"css-by8ykd\" role=\"text\">\n<\/div>\n<\/figure>\n<div class=\"css-1k9op6x e17x9cvu0\" dir=\"ltr\">\n<p dir=\"ltr\">\n<p class=\"css-s4cjt0 eea635z0\" dir=\"ltr\">Y no s\u00f3lo tengo recuerdos de abusos sexuales, sino tambi\u00e9n de torturas.<\/p>\n<\/div>\n<div class=\"css-1k9op6x e17x9cvu0\" dir=\"ltr\">\n<p class=\"css-s4cjt0 eea635z0\" dir=\"ltr\">Yo no me olvido m\u00e1s de la primera vez que mi padre lleg\u00f3 del trabajo y yo no lo quer\u00eda saludar porque le ten\u00eda mucho miedo y me dej\u00f3 encerrada en el galp\u00f3n hasta la madrugada, solamente porque no lo quise saludar.<\/p>\n<\/div>\n<div class=\"css-1k9op6x e17x9cvu0\" dir=\"ltr\">\n<p class=\"css-s4cjt0 eea635z0\" dir=\"ltr\">De madrugada se levantaba y nos llevaba al ba\u00f1o, nos abr\u00eda la ducha y nos dejaba bajo agua fr\u00eda por horas o nos pon\u00eda pedregullos (grava o piedras peque\u00f1as de construcci\u00f3n) y nos hac\u00eda arrodillarnos y quedarnos ah\u00ed a modo de castigo.<\/p>\n<\/div>\n<div class=\"css-1k9op6x e17x9cvu0\" dir=\"ltr\">\n<p class=\"css-s4cjt0 eea635z0\" dir=\"ltr\">De eso tengo millones de recuerdos.<\/p>\n<\/div>\n<div class=\"css-1k9op6x e17x9cvu0\" dir=\"ltr\">\n<p class=\"css-s4cjt0 eea635z0\" dir=\"ltr\">Antes de pegarle a mis hermanos, yo ten\u00eda como un trabajo asignado: cada vez que \u00e9l llegaba de trabajar, yo ten\u00eda que limpiarle los pies y estar m\u00e1s de 40 minutos o una hora con sus pies apoyados encima de mis piernas.<\/p>\n<\/div>\n<div class=\"css-1k9op6x e17x9cvu0\" dir=\"ltr\">\n<p class=\"css-s4cjt0 eea635z0\" dir=\"ltr\">No recuerdo una situaci\u00f3n de abuso en la que estuviera mam\u00e1, \u00e9l siempre esperaba a que ella se fuera\u2026 Aunque ahora pens\u00e1ndolo bien, tambi\u00e9n ocurri\u00f3 una situaci\u00f3n de abuso mientras estaba mi madre.<\/p>\n<\/div>\n<div class=\"css-1k9op6x e17x9cvu0\" dir=\"ltr\">\n<p class=\"css-s4cjt0 eea635z0\" dir=\"ltr\">Cuando yo fui creciendo y \u00e9l me hac\u00eda limpiarle los pies, me empezaba a tocar la vulva con el pie. Aprovechaba cuando mi madre se daba vuelta o estaba cocinando y lo hac\u00eda y se re\u00eda. Mir\u00e1&#8230; estoy desbloqueando m\u00e1s recuerdos.<\/p>\n<\/div>\n<div class=\"css-1k9op6x e17x9cvu0\" dir=\"ltr\">\n<p class=\"css-s4cjt0 eea635z0\" dir=\"ltr\">Recuerdo hasta ir en moto y que mi padre agarrara mi mano para que yo le tocara el pene.<\/p>\n<\/div>\n<div class=\"css-1k9op6x e17x9cvu0\" dir=\"ltr\">\n<p class=\"css-s4cjt0 eea635z0\" dir=\"ltr\">Mi sue\u00f1o era vivir sin mi padre. Cuando yo era chiquita pensaba: &#8216;Guau, \u00bfc\u00f3mo ser\u00e1 estar sin \u00e9l?&#8217;. Y por otro lado ten\u00eda otra Sara dici\u00e9ndome: &#8216;No imagines eso porque nunca va a pasar&#8217;.<\/p>\n<\/div>\n<div class=\"css-1k9op6x e17x9cvu0\" dir=\"ltr\">\n<p class=\"css-s4cjt0 eea635z0\" dir=\"ltr\">Era ese contraste de luchar contra mis pensamientos y mis ganas de hablar sobre el miedo que ten\u00eda a todo lo que generaba pap\u00e1&#8221;.<\/p>\n<p dir=\"ltr\">\n<\/div>\n<figure class=\"css-1qn0xuy\">\n<div class=\"css-1jir9cx\"><img loading=\"lazy\" decoding=\"async\" class=\"css-1seqhu9\" src=\"https:\/\/ichef.bbci.co.uk\/ace\/ws\/640\/cpsprodpb\/68d8\/live\/2f24b6c0-4278-11f1-ac78-2112837ce2aa.jpg.webp\" sizes=\"auto, (min-width: 1008px) 760px, 100vw\" srcset=\"https:\/\/ichef.bbci.co.uk\/ace\/ws\/240\/cpsprodpb\/68d8\/live\/2f24b6c0-4278-11f1-ac78-2112837ce2aa.jpg.webp 240w, https:\/\/ichef.bbci.co.uk\/ace\/ws\/320\/cpsprodpb\/68d8\/live\/2f24b6c0-4278-11f1-ac78-2112837ce2aa.jpg.webp 320w, https:\/\/ichef.bbci.co.uk\/ace\/ws\/480\/cpsprodpb\/68d8\/live\/2f24b6c0-4278-11f1-ac78-2112837ce2aa.jpg.webp 480w, https:\/\/ichef.bbci.co.uk\/ace\/ws\/624\/cpsprodpb\/68d8\/live\/2f24b6c0-4278-11f1-ac78-2112837ce2aa.jpg.webp 624w, https:\/\/ichef.bbci.co.uk\/ace\/ws\/800\/cpsprodpb\/68d8\/live\/2f24b6c0-4278-11f1-ac78-2112837ce2aa.jpg.webp 800w\" alt=\"Ana, Mois\u00e9s y Sara\" width=\"1006\" height=\"1600\" \/><\/p>\n<p class=\"css-by8ykd\" role=\"text\"><span class=\"css-2ozlq5\">Fuente de la imagen,<\/span><span lang=\"en-GB\">Cortes\u00eda de Sara Mart\u00ednez. <\/span>Ana, Mois\u00e9s y Sara est\u00e1n sentados en la moto de un t\u00edo materno en Paysand\u00fa, en el norte de Uruguay.<\/p>\n<\/div>\n<\/figure>\n<div class=\"css-1k9op6x e17x9cvu0\" dir=\"ltr\">\n<h2 id=\"Ana\" class=\"css-jtxtr9 emoh99e1\" tabindex=\"-1\">Ana<\/h2>\n<\/div>\n<div class=\"css-1k9op6x e17x9cvu0\" dir=\"ltr\">\n<p class=\"css-s4cjt0 eea635z0\" dir=\"ltr\">&#8220;Ahora conecto algunas cosas. Nosotros sent\u00edamos diferencias con mi hermana. \u00c9l le compraba ropa o los championes (zapatillas) que ella quer\u00eda. Nosotros pod\u00edamos estar con los championes (zapatos tenis) rotos que a \u00e9l no le importaba.<\/p>\n<\/div>\n<div class=\"css-1k9op6x e17x9cvu0\" dir=\"ltr\">\n<p class=\"css-s4cjt0 eea635z0\" dir=\"ltr\">Ahora entiendo la manera de manipulaci\u00f3n y de violencia hacia ella, como silenci\u00e1ndola.<\/p>\n<\/div>\n<div class=\"css-1k9op6x e17x9cvu0\" dir=\"ltr\">\n<p class=\"css-s4cjt0 eea635z0\" dir=\"ltr\">De adolescente, a mi hermana le pasaba que cuando se iba al liceo, mi padre volv\u00eda y le dec\u00eda: &#8216;\u00bfPor qu\u00e9 estuviste en tal esquina? \u00bfQu\u00e9 estabas haciendo? \u00bfPor qu\u00e9 hiciste esto a tal hora?&#8217;. \u00c9l sab\u00eda todos los movimientos, lo mismo con mi madre.<\/p>\n<\/div>\n<div class=\"css-1k9op6x e17x9cvu0\" dir=\"ltr\">\n<p class=\"css-s4cjt0 eea635z0\" dir=\"ltr\">Era como un autoritarismo, no s\u00e9 c\u00f3mo hac\u00eda, la verdad. Era un control tremendo.<\/p>\n<\/div>\n<div class=\"css-1k9op6x e17x9cvu0\" dir=\"ltr\">\n<p class=\"css-s4cjt0 eea635z0\" dir=\"ltr\">Mi hermana, siendo adolescente, empieza a tener su primer novio y mi padre lleg\u00f3 un d\u00eda recontra enojado a mi casa porque hab\u00eda visto a mi hermana de la mano con su novio.<\/p>\n<\/div>\n<div class=\"css-1k9op6x e17x9cvu0\" dir=\"ltr\">\n<p class=\"css-s4cjt0 eea635z0\" dir=\"ltr\">Mi hermana entr\u00f3 a casa, mi padre la empuj\u00f3 a la cama, se le tir\u00f3 encima y la empez\u00f3 a ahorcar. Yo la vi violeta y en ese momento pens\u00e9: &#8216;Tengo que hacer algo porque se muere&#8217;. Le dije: &#8216;Basta, la vas a matar&#8217;.<\/p>\n<\/div>\n<div class=\"css-1k9op6x e17x9cvu0\" dir=\"ltr\">\n<p class=\"css-s4cjt0 eea635z0\" dir=\"ltr\">\u00c9l se dio vuelta y no me olvido m\u00e1s de su mirada de monstruo, como un ogro que me estuviera mirando. Me encaj\u00f3 tremenda patada, pero siento que gracias a eso hoy mi hermana est\u00e1 con vida porque \u00e9l literal ese d\u00eda la mataba&#8221;.<\/p>\n<p dir=\"ltr\">\n<\/div>\n<figure class=\"css-1qn0xuy\">\n<div class=\"css-1jir9cx\">\n<div style=\"width: 426px\" class=\"wp-caption alignnone\"><img loading=\"lazy\" decoding=\"async\" class=\"css-1seqhu9\" src=\"https:\/\/ichef.bbci.co.uk\/ace\/ws\/640\/cpsprodpb\/02d9\/live\/8c1c3190-4279-11f1-bd52-e755d604ece4.png.webp\" alt=\"Ana, Sara y Exequiel\" width=\"416\" height=\"472\" \/><p class=\"wp-caption-text\">Fuente de la imagen,Cortes\u00eda de Sara Mart\u00ednez. Ana, en el centro, junto con sus hermanos menores Sara y Ezequiel.<\/p><\/div>\n<p class=\"css-by8ykd\" role=\"text\">\n<\/div>\n<\/figure>\n<div class=\"css-1k9op6x e17x9cvu0\" dir=\"ltr\">\n<h2 id=\"La-directora-de-la-escuela\" class=\"css-jtxtr9 emoh99e1\" tabindex=\"-1\">La directora de la escuela<\/h2>\n<\/div>\n<div class=\"css-1k9op6x e17x9cvu0\" dir=\"ltr\">\n<p class=\"css-s4cjt0 eea635z0\" dir=\"ltr\">&#8220;Yo pens\u00e9 que solamente abusaba de m\u00ed, hasta que un d\u00eda vi c\u00f3mo abusaba de mi hermana y ah\u00ed fue cuando me anim\u00e9 a denunciar.<\/p>\n<\/div>\n<div class=\"css-1k9op6x e17x9cvu0\" dir=\"ltr\">\n<p class=\"css-s4cjt0 eea635z0\" dir=\"ltr\">Era el \u00faltimo per\u00edodo de la escuela, ya era noviembre o diciembre, y yo ya despu\u00e9s pasaba al liceo. Vi esa situaci\u00f3n de abuso y dije: &#8216;Algo tengo que hacer&#8217;.<\/p>\n<\/div>\n<div class=\"css-1k9op6x e17x9cvu0\" dir=\"ltr\">\n<p class=\"css-s4cjt0 eea635z0\" dir=\"ltr\">Entonces lo escrib\u00ed en un papel. Me acuerdo que puse: &#8216;abuso sexual&#8217; y se lo di a mi mejor amiga en ese momento. Ella tambi\u00e9n era chica y no entreg\u00f3 el papel, sino que otra compa\u00f1era lo agarr\u00f3 y se lo llev\u00f3 a la directora.<\/p>\n<\/div>\n<div class=\"css-1k9op6x e17x9cvu0\" dir=\"ltr\">\n<p class=\"css-s4cjt0 eea635z0\" dir=\"ltr\">All\u00ed es cuando empez\u00f3 todo.<\/p>\n<\/div>\n<div class=\"css-1k9op6x e17x9cvu0\" dir=\"ltr\">\n<p class=\"css-s4cjt0 eea635z0\" dir=\"ltr\">La directora me llam\u00f3. Yo en principio lo negu\u00e9, porque ten\u00eda mucho miedo. Yo quer\u00eda hablar, pero por otro lado no sab\u00eda lo que se me iba a venir.<\/p>\n<\/div>\n<div class=\"css-1k9op6x e17x9cvu0\" dir=\"ltr\">\n<p class=\"css-s4cjt0 eea635z0\" dir=\"ltr\">Al otro d\u00eda, cuando fui a la escuela, inici\u00f3 este proceso de declaraci\u00f3n con tres personas que no s\u00e9 muy bien qui\u00e9nes eran, profesionales, y empezaron a indagar sobre los abusos.<\/p>\n<\/div>\n<div class=\"css-1k9op6x e17x9cvu0\" dir=\"ltr\">\n<p class=\"css-s4cjt0 eea635z0\" dir=\"ltr\">Ellos ya hab\u00edan detectado que la situaci\u00f3n de abuso era intrafamiliar y en vez de sacarme enseguida, me dejaron volver a mi casa. Estuve tres d\u00edas as\u00ed, pensando un mont\u00f3n de cosas porque yo dec\u00eda: &#8216;Si mi padre se entera, me mata. \u00bfQu\u00e9 estoy haciendo?&#8217;.<\/p>\n<\/div>\n<div class=\"css-1k9op6x e17x9cvu0\" dir=\"ltr\">\n<p class=\"css-s4cjt0 eea635z0\" dir=\"ltr\">Cada vez que abusaba de m\u00ed, mi padre tambi\u00e9n me dec\u00eda que le iba a sacar un padre a mis hermanos (si hablaba). Entonces yo me sent\u00eda recontra culpable.<\/p>\n<\/div>\n<div class=\"css-1k9op6x e17x9cvu0\" dir=\"ltr\">\n<p class=\"css-s4cjt0 eea635z0\" dir=\"ltr\">Por otro lado, hab\u00eda una Sara m\u00e1s razonable que dec\u00eda: &#8216;No, esto que est\u00e1s haciendo est\u00e1 bien y est\u00e1s ayudando a tus hermanos a que no vivan m\u00e1s con este monstruo&#8217;.<\/p>\n<\/div>\n<div class=\"css-1k9op6x e17x9cvu0\" dir=\"ltr\">\n<p class=\"css-s4cjt0 eea635z0\" dir=\"ltr\">Era esa mezcla de sentimientos y de mucho miedo: alivio por un lado y miedo por el otro. Fue muy dif\u00edcil&#8221;.<\/p>\n<p dir=\"ltr\">\n<\/div>\n<figure class=\"css-1qn0xuy\">\n<div class=\"css-1jir9cx\">\n<div style=\"width: 2050px\" class=\"wp-caption alignnone\"><img loading=\"lazy\" decoding=\"async\" class=\"css-1seqhu9\" src=\"https:\/\/ichef.bbci.co.uk\/ace\/ws\/640\/cpsprodpb\/9954\/live\/f8a53a50-4279-11f1-bd52-e755d604ece4.jpg.webp\" alt=\"Mercedes Pereira y sus hijos\" width=\"2040\" height=\"1530\" \/><p class=\"wp-caption-text\">Fuente de la imagen,Cortes\u00eda de Sara Mart\u00ednez. Mercedes Pereira, madre de Sara y sus hermanos, celebrando el cumplea\u00f1os de su hijo menor despu\u00e9s de que su esposo fue detenido por la denuncia.<\/p><\/div>\n<p class=\"css-by8ykd\" role=\"text\">\n<\/div>\n<\/figure>\n<div class=\"css-1k9op6x e17x9cvu0\" dir=\"ltr\">\n<h2 id=\"El-perito\" class=\"css-jtxtr9 emoh99e1\" tabindex=\"-1\">El perito<\/h2>\n<\/div>\n<div class=\"css-1k9op6x e17x9cvu0\" dir=\"ltr\">\n<p class=\"css-s4cjt0 eea635z0\" dir=\"ltr\">&#8220;En la escuela llamaron a mi madre y le dijeron lo que hab\u00eda pasado. Me acuerdo que entr\u00e9 a una salita y ah\u00ed mam\u00e1 lloraba un mont\u00f3n y me trasladaron al hospital.<\/p>\n<\/div>\n<div class=\"css-1k9op6x e17x9cvu0\" dir=\"ltr\">\n<p class=\"css-s4cjt0 eea635z0\" dir=\"ltr\">Fue horrible. La segunda experiencia m\u00e1s traum\u00e1tica fue con el perito.<\/p>\n<\/div>\n<div class=\"css-1k9op6x e17x9cvu0\" dir=\"ltr\">\n<p class=\"css-s4cjt0 eea635z0\" dir=\"ltr\">Me hicieron pasar a una sala con mi hermana, que era menor, y yo quer\u00eda que se animara a hablar. El perito me puso una regla y me pidi\u00f3 que le marcase el tama\u00f1o del pene de mi padre.<\/p>\n<\/div>\n<div class=\"css-1k9op6x e17x9cvu0\" dir=\"ltr\">\n<p class=\"css-s4cjt0 eea635z0\" dir=\"ltr\">Yo me puse a llorar mucho, empec\u00e9 a llamar a mam\u00e1 y mi hermana me agarr\u00f3 la mano. Y \u00e9l me dec\u00eda ri\u00e9ndose: &#8216;Dale, decilo, que a las mujeres que est\u00e1n ac\u00e1 les encanta&#8217;, haciendo alusi\u00f3n a mi hermana y a otras dos mujeres que estaban ah\u00ed, que yo no s\u00e9 qu\u00e9 rol cumpl\u00edan.<\/p>\n<\/div>\n<div class=\"css-1k9op6x e17x9cvu0\" dir=\"ltr\">\n<p class=\"css-s4cjt0 eea635z0\" dir=\"ltr\">Tambi\u00e9n me pregunt\u00f3 c\u00f3mo era el semen de mi padre. Todo eso para saber si el abuso hab\u00eda sido real cuando yo ya ven\u00eda de tres d\u00edas en la escuela de hablar de las situaciones que pasaba con mi padre.<\/p>\n<\/div>\n<div class=\"css-1k9op6x e17x9cvu0\" dir=\"ltr\">\n<p class=\"css-s4cjt0 eea635z0\" dir=\"ltr\">No era la manera. Cuando una se anima a denunciar una situaci\u00f3n de violencia sexual, lo que menos tiene que hacer es ponerle un var\u00f3n. En ese momento, con 12 a\u00f1os, yo entend\u00eda que estaba mal que me pusieran un var\u00f3n.<\/p>\n<\/div>\n<div class=\"css-1k9op6x e17x9cvu0\" dir=\"ltr\">\n<p class=\"css-s4cjt0 eea635z0\" dir=\"ltr\">Tambi\u00e9n entend\u00eda que las preguntas que me estaban haciendo eran horribles.<\/p>\n<\/div>\n<div class=\"css-1k9op6x e17x9cvu0\" dir=\"ltr\">\n<p class=\"css-s4cjt0 eea635z0\" dir=\"ltr\">Vos no entend\u00e9s que eso que te est\u00e1 haciendo tu padre no est\u00e1 bien. Lo empez\u00e1s a comprender m\u00e1s de grande. Es exigirle a un ni\u00f1o o una ni\u00f1a que se anime a denunciar una situaci\u00f3n cuando ni siquiera sabe bien qu\u00e9 es lo que est\u00e1 pasando.<\/p>\n<\/div>\n<div class=\"css-1k9op6x e17x9cvu0\" dir=\"ltr\">\n<p class=\"css-s4cjt0 eea635z0\" dir=\"ltr\">Tu cabeza se desarma. Vos dec\u00eds: &#8216;\u00bfQu\u00e9 est\u00e1 haciendo mi padre? \u00bfMi propio padre me est\u00e1 tocando?&#8217;. Me marc\u00f3 mucho esto, me sigue costando hasta ahora.<\/p>\n<\/div>\n<div class=\"css-1k9op6x e17x9cvu0\" dir=\"ltr\">\n<p class=\"css-s4cjt0 eea635z0\" dir=\"ltr\">Encima del abuso, mi padre se sent\u00eda con la libertad de hacer comentarios todo el tiempo sobre mi cuerpo: que cuando fuera grande iba a tener unos senos lindos, de que me iban a crecer pelos como le crec\u00edan a \u00e9l.<\/p>\n<\/div>\n<div class=\"css-1k9op6x e17x9cvu0\" dir=\"ltr\">\n<p class=\"css-s4cjt0 eea635z0\" dir=\"ltr\">Todo eso mientras transcurr\u00edan las situaciones de abuso. Era aberrante&#8221;.<\/p>\n<p dir=\"ltr\">\n<\/div>\n<figure class=\"css-1qn0xuy\">\n<div class=\"css-1jir9cx\">\n<div style=\"width: 809px\" class=\"wp-caption alignnone\"><img loading=\"lazy\" decoding=\"async\" class=\"css-1seqhu9\" src=\"https:\/\/ichef.bbci.co.uk\/ace\/ws\/640\/cpsprodpb\/338e\/live\/5fa44dd0-427b-11f1-ac78-2112837ce2aa.png.webp\" alt=\"Sara de ni\u00f1a\" width=\"799\" height=\"678\" \/><p class=\"wp-caption-text\">Fuente de la imagen,Cortes\u00eda de Sara Mart\u00ednez. Sara, a la izquierda, como abanderada en su escuela el mismo a\u00f1o en que denunci\u00f3 a su padre.<\/p><\/div>\n<p class=\"css-by8ykd\" role=\"text\">\n<\/div>\n<\/figure>\n<div class=\"css-1k9op6x e17x9cvu0\" dir=\"ltr\">\n<h2 id=\"El-padre\" class=\"css-jtxtr9 emoh99e1\" tabindex=\"-1\">El padre<\/h2>\n<\/div>\n<div class=\"css-1k9op6x e17x9cvu0\" dir=\"ltr\">\n<p class=\"css-s4cjt0 eea635z0\" dir=\"ltr\">&#8220;Mi padre fue un monstruo. En su discurso para la escuela, \u00e9l era un pobre tipo desamparado que se hab\u00eda ido de su casa cuando era adolescente porque su propio padre hab\u00eda abusado de su hermana.<\/p>\n<\/div>\n<div class=\"css-1k9op6x e17x9cvu0\" dir=\"ltr\">\n<p class=\"css-s4cjt0 eea635z0\" dir=\"ltr\">Por eso nosotros nunca conocimos a nuestro abuelo paterno, porque \u00e9l nos dijo indignad\u00edsimo que se fue de la casa porque su padre abus\u00f3 de su hermana y \u00e9l termin\u00f3 haciendo lo mismo con nosotras.<\/p>\n<\/div>\n<div class=\"css-1k9op6x e17x9cvu0\" dir=\"ltr\">\n<p class=\"css-s4cjt0 eea635z0\" dir=\"ltr\">Una de las cosas que a m\u00ed tambi\u00e9n me lleva a denunciar es la bronca que le junt\u00e9 por esa indignaci\u00f3n que \u00e9l tra\u00eda cada vez que pasaba algo contra un ni\u00f1o o una ni\u00f1a.<\/p>\n<\/div>\n<div class=\"css-1k9op6x e17x9cvu0\" dir=\"ltr\">\n<p class=\"css-s4cjt0 eea635z0\" dir=\"ltr\">\u00cdbamos a la iglesia evang\u00e9lica y \u00e9l era como el mejor cristiano, el mejor hijo de Dios, el hijo perfecto, el que iba todos los domingos con sus hijos y lloraba arrepentido, nos abrazaba, ped\u00eda perd\u00f3n por sus pecados.<\/p>\n<\/div>\n<div class=\"css-1k9op6x e17x9cvu0\" dir=\"ltr\">\n<p class=\"css-s4cjt0 eea635z0\" dir=\"ltr\">Esa era la imagen de mi padre, el mejor padre del mundo.<\/p>\n<\/div>\n<div class=\"css-1k9op6x e17x9cvu0\" dir=\"ltr\">\n<p class=\"css-s4cjt0 eea635z0\" dir=\"ltr\">Cuando fueron a capturar a mi padre, se dio a la fuga y lo detuvieron al tercer d\u00eda.<\/p>\n<\/div>\n<div class=\"css-1k9op6x e17x9cvu0\" dir=\"ltr\">\n<p class=\"css-s4cjt0 eea635z0\" dir=\"ltr\">\u00c9l declar\u00f3 que hac\u00eda lo que hac\u00eda porque sab\u00eda que tocando a una de sus hijas era la manera de lastimar a mi madre. Ese fue su argumento.<\/p>\n<\/div>\n<div class=\"css-1k9op6x e17x9cvu0\" dir=\"ltr\">\n<p class=\"css-s4cjt0 eea635z0\" dir=\"ltr\">Y como lloraba arrepentido, le dieron tres a\u00f1os nada m\u00e1s. Para m\u00ed era muy poco porque yo era consciente de que mi padre hab\u00eda abusado de m\u00ed m\u00e1s de tres a\u00f1os. Y encima despu\u00e9s redujeron la pena.<\/p>\n<\/div>\n<div class=\"css-1k9op6x e17x9cvu0\" dir=\"ltr\">\n<p class=\"css-s4cjt0 eea635z0\" dir=\"ltr\">Para m\u00ed se ca\u00eda un poco de maduro que si hab\u00eda un padre que estaba abusando de una hija, seguramente estaba abusando del resto de sus hijos.<\/p>\n<\/div>\n<div class=\"css-1k9op6x e17x9cvu0\" dir=\"ltr\">\n<p class=\"css-s4cjt0 eea635z0\" dir=\"ltr\">Cuando estuvo en la c\u00e1rcel, s\u00e9 que mi padre llamaba a mi hermana para decirle que si hablaba, mi madre iba a aparecer muerta.<\/p>\n<\/div>\n<div class=\"css-1k9op6x e17x9cvu0\" dir=\"ltr\">\n<p class=\"css-s4cjt0 eea635z0\" dir=\"ltr\">Despu\u00e9s de que sali\u00f3 de la c\u00e1rcel, mi hermano (Mois\u00e9s) intent\u00f3 revincularse con \u00e9l. Es como esa necesidad de tener un pap\u00e1 y de pensar que \u00e9l hab\u00eda cambiado.<\/p>\n<\/div>\n<div class=\"css-1k9op6x e17x9cvu0\" dir=\"ltr\">\n<p class=\"css-s4cjt0 eea635z0\" dir=\"ltr\">Yo lo que hice fue alejarme. Le ped\u00ed a mis hermanos que si ellos iban a tener contacto con mi padre, no me lo nombraran m\u00e1s, porque para m\u00ed era una persona que representaba mucho dolor&#8221;.<\/p>\n<p dir=\"ltr\">\n<\/div>\n<figure class=\"css-1qn0xuy\">\n<div class=\"css-1jir9cx\">\n<div style=\"width: 712px\" class=\"wp-caption alignnone\"><img loading=\"lazy\" decoding=\"async\" class=\"css-1seqhu9\" src=\"https:\/\/ichef.bbci.co.uk\/ace\/ws\/640\/cpsprodpb\/730b\/live\/1c9cebe0-427c-11f1-ac78-2112837ce2aa.png.webp\" alt=\"Mois\u00e9s, Ana y Sara\" width=\"702\" height=\"639\" \/><p class=\"wp-caption-text\">Fuente de la imagen,Cortes\u00eda de Sara Mart\u00ednez. Mois\u00e9s, Ana y Sara ya m\u00e1s grandes.<\/p><\/div>\n<p class=\"css-by8ykd\" role=\"text\">\n<\/div>\n<\/figure>\n<div class=\"css-1k9op6x e17x9cvu0\" dir=\"ltr\">\n<h2 id=\"La-madre\" class=\"css-jtxtr9 emoh99e1\" tabindex=\"-1\">La madre<\/h2>\n<\/div>\n<div class=\"css-1k9op6x e17x9cvu0\" dir=\"ltr\">\n<p class=\"css-s4cjt0 eea635z0\" dir=\"ltr\">&#8220;La relaci\u00f3n con mam\u00e1 cambi\u00f3. Aunque nos qued\u00e1bamos casi todo el d\u00eda solos porque ella ten\u00eda que trabajar, compart\u00edamos un poco m\u00e1s cuando llegaba.<\/p>\n<\/div>\n<div class=\"css-1k9op6x e17x9cvu0\" dir=\"ltr\">\n<p class=\"css-s4cjt0 eea635z0\" dir=\"ltr\">No est\u00e1bamos con ese miedo de que sab\u00edamos que iba a llegar pap\u00e1.<\/p>\n<\/div>\n<div class=\"css-1k9op6x e17x9cvu0\" dir=\"ltr\">\n<p class=\"css-s4cjt0 eea635z0\" dir=\"ltr\">Empezamos a ir al parque; empezamos a tener nuestra primera Navidad, que con nuestro padre tampoco pod\u00edamos por la religi\u00f3n. Empezamos a tener D\u00eda de Reyes, a festejar nuestros cumplea\u00f1os.<\/p>\n<\/div>\n<div class=\"css-1k9op6x e17x9cvu0\" dir=\"ltr\">\n<p class=\"css-s4cjt0 eea635z0\" dir=\"ltr\">Empezamos a vivir porque los a\u00f1os anteriores estuvimos sobreviviendo.<\/p>\n<\/div>\n<div class=\"css-1k9op6x e17x9cvu0\" dir=\"ltr\">\n<p class=\"css-s4cjt0 eea635z0\" dir=\"ltr\">Recuerdo un d\u00eda que me marc\u00f3 mucho de chiquita. Entr\u00e9 a casa porque sent\u00ed llantos y mi madre estaba colgada. Mi padre la levant\u00f3 el cuello, me acuerdo patente de ver sus pies en el aire y yo sal\u00ed llorando porque pens\u00e9 que mam\u00e1 no iba a vivir m\u00e1s.<\/p>\n<\/div>\n<div class=\"css-1k9op6x e17x9cvu0\" dir=\"ltr\">\n<p class=\"css-s4cjt0 eea635z0\" dir=\"ltr\">Cuando volv\u00ed, en cuesti\u00f3n de minutos, mi padre estaba sentado con ella tomando mate. Yo no entend\u00eda nada, pero claro, mi madre no pod\u00eda escapar de ese c\u00edrculo de violencia.<\/p>\n<\/div>\n<div class=\"css-1k9op6x e17x9cvu0\" dir=\"ltr\">\n<p class=\"css-s4cjt0 eea635z0\" dir=\"ltr\">Ahora conecto muchas situaciones de ver a mi mam\u00e1 con la cara hinchada. Muchas veces ella se tapaba con una bufanda negra y nos dec\u00eda que se hab\u00eda sacado una muela, siempre nos buscaba alguna excusa.<\/p>\n<\/div>\n<div class=\"css-1k9op6x e17x9cvu0\" dir=\"ltr\">\n<p class=\"css-s4cjt0 eea635z0\" dir=\"ltr\">Pero \u00e9ramos conscientes del maltrato de mi padre hacia ella, no de todo lo dem\u00e1s, de las violaciones y de que una vez ella perdi\u00f3 un embarazo.<\/p>\n<\/div>\n<div class=\"css-1k9op6x e17x9cvu0\" dir=\"ltr\">\n<p class=\"css-s4cjt0 eea635z0\" dir=\"ltr\">Mi padre la hizo abortar. Le puso la rodilla encima de la panza y de noche mi madre perdi\u00f3 el embarazo. Ella siempre culp\u00f3 al m\u00e9dico porque \u00e9l le dec\u00eda que hab\u00eda sido culpa del m\u00e9dico y despu\u00e9s se acord\u00f3 de ese momento.<\/p>\n<\/div>\n<div class=\"css-1k9op6x e17x9cvu0\" dir=\"ltr\">\n<p class=\"css-s4cjt0 eea635z0\" dir=\"ltr\">Mam\u00e1 me contaba que iba a consulta y \u00e9l le dec\u00eda que ten\u00eda que abortarme. Ella le pidi\u00f3 al m\u00e9dico que le dijera a mi padre que el embarazo estaba muy avanzado y que no se pod\u00eda hacer&#8221;.<\/p>\n<p dir=\"ltr\">\n<\/div>\n<figure class=\"css-1qn0xuy\">\n<div class=\"css-1jir9cx\">\n<div style=\"width: 1994px\" class=\"wp-caption alignnone\"><img loading=\"lazy\" decoding=\"async\" class=\"css-1seqhu9\" src=\"https:\/\/ichef.bbci.co.uk\/ace\/ws\/640\/cpsprodpb\/4258\/live\/e2d1bc50-427c-11f1-bd52-e755d604ece4.jpg.webp\" alt=\"Mercedes Pereira y sus hijos.\" width=\"1984\" height=\"1488\" \/><p class=\"wp-caption-text\">Fuente de la imagen,Cortes\u00eda de Sara Mart\u00ednez. Mercedes Pereira en el centro, de negro, junto con sus hijos.<\/p><\/div>\n<p class=\"css-by8ykd\" role=\"text\">\n<\/div>\n<\/figure>\n<div class=\"css-1k9op6x e17x9cvu0\" dir=\"ltr\">\n<h2 id=\"El-pastor\" class=\"css-jtxtr9 emoh99e1\" tabindex=\"-1\">El pastor<\/h2>\n<\/div>\n<div class=\"css-1k9op6x e17x9cvu0\" dir=\"ltr\">\n<p class=\"css-s4cjt0 eea635z0\" dir=\"ltr\">&#8220;Cuando mi padre sali\u00f3 de la c\u00e1rcel, el propio pastor de la iglesia le prest\u00f3 un lugar para vivir.<\/p>\n<\/div>\n<div class=\"css-1k9op6x e17x9cvu0\" dir=\"ltr\">\n<p class=\"css-s4cjt0 eea635z0\" dir=\"ltr\">Lo primero que hizo fue ir a buscarme al liceo. Yo qued\u00e9 choqueada porque no sab\u00eda que mi padre pod\u00eda salir antes. Me acuerdo que tuve que mirar dos veces para ver que era real, que era \u00e9l el que estaba ah\u00ed.<\/p>\n<\/div>\n<div class=\"css-1k9op6x e17x9cvu0\" dir=\"ltr\">\n<p class=\"css-s4cjt0 eea635z0\" dir=\"ltr\">No lo pod\u00eda creer.<\/p>\n<\/div>\n<div class=\"css-1k9op6x e17x9cvu0\" dir=\"ltr\">\n<p class=\"css-s4cjt0 eea635z0\" dir=\"ltr\">\u00c9l de nuevo intent\u00f3 pedirme perd\u00f3n. \u00cdbamos a la iglesia y nos dec\u00edan que la \u00fanica manera de sanar era perdonar todo y que no era nuestro padre el que hab\u00eda abusado de m\u00ed, que era un demonio que se hab\u00eda metido en \u00e9l.<\/p>\n<\/div>\n<div class=\"css-1k9op6x e17x9cvu0\" dir=\"ltr\">\n<p class=\"css-s4cjt0 eea635z0\" dir=\"ltr\">El pastor de la iglesia dijo eso y ese discurso me termin\u00f3 comiendo en ese momento. Despu\u00e9s no quer\u00eda volver al liceo porque no me lo quer\u00eda encontrar.<\/p>\n<\/div>\n<div class=\"css-1k9op6x e17x9cvu0\" dir=\"ltr\">\n<p class=\"css-s4cjt0 eea635z0\" dir=\"ltr\">Se dio una situaci\u00f3n con \u00e9l donde yo lo termino viendo porque supuestamente hab\u00eda tenido un accidente por mi culpa y se estaba por morir.<\/p>\n<\/div>\n<div class=\"css-1k9op6x e17x9cvu0\" dir=\"ltr\">\n<p class=\"css-s4cjt0 eea635z0\" dir=\"ltr\">\u00c9l me pidi\u00f3 perd\u00f3n llorando otra vez y de nuevo intent\u00f3 abusar de m\u00ed. Ese fue mi l\u00edmite. Dije: &#8216;Nunca m\u00e1s&#8217;.<\/p>\n<\/div>\n<div class=\"css-1k9op6x e17x9cvu0\" dir=\"ltr\">\n<p class=\"css-s4cjt0 eea635z0\" dir=\"ltr\">No lo volv\u00ed a denunciar porque no quer\u00eda pasar otra vez por el proceso que hab\u00eda pasado&#8221;.<\/p>\n<p dir=\"ltr\">\n<\/div>\n<figure class=\"css-1qn0xuy\">\n<div class=\"css-1jir9cx\">\n<div style=\"width: 421px\" class=\"wp-caption alignnone\"><img loading=\"lazy\" decoding=\"async\" class=\"css-1seqhu9\" src=\"https:\/\/ichef.bbci.co.uk\/ace\/ws\/640\/cpsprodpb\/3ceb\/live\/495b78c0-427e-11f1-ac78-2112837ce2aa.png.webp\" alt=\"Sara y sus hermanos\" width=\"411\" height=\"217\" \/><p class=\"wp-caption-text\">Fuente de la imagen,Cortes\u00eda de Sara Mart\u00ednez. Sara junto con sus hermanos a\u00f1os despu\u00e9s de que su padre abandonara la casa.<\/p><\/div>\n<p class=\"css-by8ykd\" role=\"text\">\n<\/div>\n<\/figure>\n<div class=\"css-1k9op6x e17x9cvu0\" dir=\"ltr\">\n<h2 id=\"Mois\u00e9s\" class=\"css-jtxtr9 emoh99e1\" tabindex=\"-1\">Mois\u00e9s<\/h2>\n<\/div>\n<div class=\"css-1k9op6x e17x9cvu0\" dir=\"ltr\">\n<p class=\"css-s4cjt0 eea635z0\" dir=\"ltr\">&#8220;Con Moi hubo un ensa\u00f1amiento. Si a nosotras nos daba con un l\u00e1tigo cinco veces, a Moi le daba 20 veces con el l\u00e1tigo.<\/p>\n<\/div>\n<div class=\"css-1k9op6x e17x9cvu0\" dir=\"ltr\">\n<p class=\"css-s4cjt0 eea635z0\" dir=\"ltr\">Hay muchas cosas que nos fuimos enterando en el juicio. Hubo un psic\u00f3logo, que era un perito, que confirm\u00f3 que s\u00ed hubo situaciones de abuso hacia \u00e9l.<\/p>\n<\/div>\n<div class=\"css-1k9op6x e17x9cvu0\" dir=\"ltr\">\n<p class=\"css-s4cjt0 eea635z0\" dir=\"ltr\">Como era carpintero y alba\u00f1il, mi padre dejaba a mi hermano trabajando hasta horas de la madrugada en el galp\u00f3n.<\/p>\n<\/div>\n<div class=\"css-1k9op6x e17x9cvu0\" dir=\"ltr\">\n<p class=\"css-s4cjt0 eea635z0\" dir=\"ltr\">Moi tiene una cicatriz (en la cara), que es donde tiene un tatuaje de una cruz. Eso fue un martillazo que mi padre le peg\u00f3.<\/p>\n<\/div>\n<div class=\"css-1k9op6x e17x9cvu0\" dir=\"ltr\">\n<p class=\"css-s4cjt0 eea635z0\" dir=\"ltr\">Me acuerdo de un d\u00eda que llegu\u00e9 de la escuela y no encontraba a Moi. Me fui al galp\u00f3n y Moi estaba arrodillado, llorando.<\/p>\n<\/div>\n<div class=\"css-1k9op6x e17x9cvu0\" dir=\"ltr\">\n<p class=\"css-s4cjt0 eea635z0\" dir=\"ltr\">Ten\u00eda una remera blanca y cuando se la levant\u00f3, en la espalda ten\u00eda todas las marcas de los golpes que le hab\u00eda dado mi padre.<\/p>\n<\/div>\n<div class=\"css-1k9op6x e17x9cvu0\" dir=\"ltr\">\n<p class=\"css-s4cjt0 eea635z0\" dir=\"ltr\">Moi nunca se resisti\u00f3, le ten\u00eda mucho miedo a mi padre. Era como omnipresente, hasta cuando no estaba generaba terror.<\/p>\n<\/div>\n<div class=\"css-1k9op6x e17x9cvu0\" dir=\"ltr\">\n<p class=\"css-s4cjt0 eea635z0\" dir=\"ltr\">Yo no dimension\u00e9 las secuelas que quedaron en \u00e9l. Por ejemplo, le pasa que si ve unos zapatos de construcci\u00f3n, le genera mucho miedo porque le hacen acordar a mi padre.<\/p>\n<p dir=\"ltr\">\n<\/div>\n<figure class=\"css-1qn0xuy\">\n<div class=\"css-1jir9cx\">\n<div style=\"width: 561px\" class=\"wp-caption alignnone\"><img loading=\"lazy\" decoding=\"async\" class=\"css-1seqhu9\" src=\"https:\/\/ichef.bbci.co.uk\/ace\/ws\/640\/cpsprodpb\/c571\/live\/6bcbce60-427d-11f1-bd52-e755d604ece4.png.webp\" alt=\"Mois\u00e9s Mart\u00ednez\" width=\"551\" height=\"330\" \/><p class=\"wp-caption-text\">Fuente de la imagen,Cortes\u00eda de Sara Mart\u00ednez. Mois\u00e9s sufri\u00f3 severos castigos f\u00edsicos a manos de su padre cuando era ni\u00f1o.<\/p><\/div>\n<p class=\"css-by8ykd\" role=\"text\">\n<\/div>\n<\/figure>\n<div class=\"css-1k9op6x e17x9cvu0\" dir=\"ltr\">\n<p dir=\"ltr\">\n<p class=\"css-s4cjt0 eea635z0\" dir=\"ltr\">Lo que pas\u00f3 el a\u00f1o pasado es que mi madre viv\u00eda en Paysand\u00fa (en el norte del pa\u00eds). Mi hermano Moi fue de visita y la vio mal.<\/p>\n<\/div>\n<div class=\"css-1k9op6x e17x9cvu0\" dir=\"ltr\">\n<p class=\"css-s4cjt0 eea635z0\" dir=\"ltr\">Le pregunt\u00f3 qu\u00e9 le pasaba y mi madre le cont\u00f3 que mi padre le hab\u00eda dicho a mi hermana que ten\u00eda intenciones de mudarse a Paysand\u00fa y quer\u00eda reclamar la tenencia de mi hermano m\u00e1s chico, que tiene 15 a\u00f1os.<\/p>\n<\/div>\n<div class=\"css-1k9op6x e17x9cvu0\" dir=\"ltr\">\n<p class=\"css-s4cjt0 eea635z0\" dir=\"ltr\">Mi madre se puso a llorar mucho y se sac\u00f3 toda la dentadura. Nosotros no sab\u00edamos que era postiza y eso a Mois\u00e9s lo dej\u00f3 choqueado: la impresi\u00f3n de ver a su madre sin dientes y el p\u00e1nico que ten\u00eda de que mi padre se apareciera.<\/p>\n<\/div>\n<div class=\"css-1k9op6x e17x9cvu0\" dir=\"ltr\">\n<p class=\"css-s4cjt0 eea635z0\" dir=\"ltr\">Mi hermano volvi\u00f3 un viernes a Montevideo, habl\u00f3 conmigo y habl\u00f3 con mi hermana. Ella le confirm\u00f3 que los abusos hab\u00edan sido reales.<\/p>\n<\/div>\n<div class=\"css-1k9op6x e17x9cvu0\" dir=\"ltr\">\n<p class=\"css-s4cjt0 eea635z0\" dir=\"ltr\">Hab\u00eda muchas cosas que yo no las hab\u00eda hablado ni con mi terapeuta. Fue como poner a dos ni\u00f1os a contarse las situaciones de violencia que hab\u00edan vivido y las secuelas que quedaron.<\/p>\n<\/div>\n<div class=\"css-1k9op6x e17x9cvu0\" dir=\"ltr\">\n<p class=\"css-s4cjt0 eea635z0\" dir=\"ltr\">Yo nunca lo hab\u00eda visto llorar de esa manera. Me dec\u00eda: &#8216;Hermana, me duele mucho el pecho&#8217;. Esas 48 horas previas fueron como un\u00a0<i class=\"css-6whwaq ezrtjzf0\">boom\u00a0<\/i>de informaci\u00f3n para \u00e9l&#8221;.<\/p>\n<p dir=\"ltr\">\n<\/div>\n<figure class=\"css-1qn0xuy\">\n<div class=\"css-1jir9cx\">\n<div style=\"width: 2050px\" class=\"wp-caption alignnone\"><img loading=\"lazy\" decoding=\"async\" class=\"css-1seqhu9\" src=\"https:\/\/ichef.bbci.co.uk\/ace\/ws\/640\/cpsprodpb\/4789\/live\/d3040fc0-427d-11f1-b55d-0f258dce1735.jpg.webp\" alt=\"Sara y sus hermanos protestando \" width=\"2040\" height=\"1530\" \/><p class=\"wp-caption-text\">Fuente de la imagen,Cortes\u00eda de Sara Mart\u00ednez. Sara y sus hermanos hicieron pancartas y convocaron protestas en apoyo a Mois\u00e9s durante el juicio<\/p><\/div>\n<p class=\"css-by8ykd\" role=\"text\">\n<\/div>\n<\/figure>\n<div class=\"css-1k9op6x e17x9cvu0\" dir=\"ltr\">\n<p dir=\"ltr\">\n<p class=\"css-s4cjt0 eea635z0\" dir=\"ltr\">&#8220;Mi hermano estaba en una situaci\u00f3n de colapso. Lo \u00faltimo que me dijo ese s\u00e1bado fue: &#8216;Hermana, ll\u00e9vame al parque a jugar&#8217;.<\/p>\n<\/div>\n<div class=\"css-1k9op6x e17x9cvu0\" dir=\"ltr\">\n<p class=\"css-s4cjt0 eea635z0\" dir=\"ltr\">Cuando mi padre estaba preso, mi madre nos empez\u00f3 a llevar al parque.<\/p>\n<\/div>\n<div class=\"css-1k9op6x e17x9cvu0\" dir=\"ltr\">\n<p class=\"css-s4cjt0 eea635z0\" dir=\"ltr\">\u00c9l quer\u00eda ver a mi padre para que nos pidiera perd\u00f3n, que nos diera una explicaci\u00f3n y decirle que no se apareciera nunca m\u00e1s.<\/p>\n<\/div>\n<div class=\"css-1k9op6x e17x9cvu0\" dir=\"ltr\">\n<p class=\"css-s4cjt0 eea635z0\" dir=\"ltr\">Yo le cont\u00e9 muchas cosas a Moi ese d\u00eda, como para decirle de lo que mi padre era capaz. Mi intenci\u00f3n era que no fuera, pero termin\u00f3 yendo igual y ah\u00ed se dio el desenlace.<\/p>\n<\/div>\n<div class=\"css-1k9op6x e17x9cvu0\" dir=\"ltr\">\n<p class=\"css-s4cjt0 eea635z0\" dir=\"ltr\">Mi cu\u00f1ado me avis\u00f3 que Moi hab\u00eda matado a pap\u00e1 y ese d\u00eda yo saqu\u00e9 a esa ni\u00f1a interior que siempre quiso gritar la mierda que hab\u00eda sido mi padre.<\/p>\n<\/div>\n<div class=\"css-1k9op6x e17x9cvu0\" dir=\"ltr\">\n<p class=\"css-s4cjt0 eea635z0\" dir=\"ltr\">Mi hermana lleg\u00f3 antes. Si bien el cuerpo estaba cuando llegu\u00e9, no lo vi, no quer\u00eda verlo. A mi hermano ya se lo hab\u00edan llevado.<\/p>\n<\/div>\n<div class=\"css-1k9op6x e17x9cvu0\" dir=\"ltr\">\n<p class=\"css-s4cjt0 eea635z0\" dir=\"ltr\">Cuando nos llevaron a Homicidios a declarar, \u00e9l estaba en una celda donde no pudimos verlo, pero me mand\u00f3 a decir que ya me pod\u00eda comer el alfajor en paz&#8221;.<\/p>\n<\/div>\n","protected":false},"excerpt":{"rendered":"<p>&nbsp; Carlos Mart\u00ednez y Mercedes Pereira le dieron nombres b\u00edblicos a sus seis hijos: Ana, Mois\u00e9s, Sara, Zacar\u00edas, Joel y Ezequiel. Los tres mayores vivieron&hellip;<\/p>\n","protected":false},"author":99,"featured_media":543635,"comment_status":"open","ping_status":"open","sticky":false,"template":"","format":"standard","meta":{"footnotes":""},"categories":[11358,23],"tags":[],"class_list":["post-543634","post","type-post","status-publish","format-standard","has-post-thumbnail","hentry","category-especiales","category-latinoamerica"],"_links":{"self":[{"href":"https:\/\/diarioelpopular.com\/index.php\/wp-json\/wp\/v2\/posts\/543634","targetHints":{"allow":["GET"]}}],"collection":[{"href":"https:\/\/diarioelpopular.com\/index.php\/wp-json\/wp\/v2\/posts"}],"about":[{"href":"https:\/\/diarioelpopular.com\/index.php\/wp-json\/wp\/v2\/types\/post"}],"author":[{"embeddable":true,"href":"https:\/\/diarioelpopular.com\/index.php\/wp-json\/wp\/v2\/users\/99"}],"replies":[{"embeddable":true,"href":"https:\/\/diarioelpopular.com\/index.php\/wp-json\/wp\/v2\/comments?post=543634"}],"version-history":[{"count":1,"href":"https:\/\/diarioelpopular.com\/index.php\/wp-json\/wp\/v2\/posts\/543634\/revisions"}],"predecessor-version":[{"id":543636,"href":"https:\/\/diarioelpopular.com\/index.php\/wp-json\/wp\/v2\/posts\/543634\/revisions\/543636"}],"wp:featuredmedia":[{"embeddable":true,"href":"https:\/\/diarioelpopular.com\/index.php\/wp-json\/wp\/v2\/media\/543635"}],"wp:attachment":[{"href":"https:\/\/diarioelpopular.com\/index.php\/wp-json\/wp\/v2\/media?parent=543634"}],"wp:term":[{"taxonomy":"category","embeddable":true,"href":"https:\/\/diarioelpopular.com\/index.php\/wp-json\/wp\/v2\/categories?post=543634"},{"taxonomy":"post_tag","embeddable":true,"href":"https:\/\/diarioelpopular.com\/index.php\/wp-json\/wp\/v2\/tags?post=543634"}],"curies":[{"name":"wp","href":"https:\/\/api.w.org\/{rel}","templated":true}]}}