{"id":543645,"date":"2026-04-29T09:26:54","date_gmt":"2026-04-29T13:26:54","guid":{"rendered":"https:\/\/diarioelpopular.com\/?p=543645"},"modified":"2026-04-29T09:26:54","modified_gmt":"2026-04-29T13:26:54","slug":"la-corrupcion-que-rodea-al-gobierno-de-milei-llega-al-congreso-argentino","status":"publish","type":"post","link":"https:\/\/diarioelpopular.com\/index.php\/2026\/04\/29\/la-corrupcion-que-rodea-al-gobierno-de-milei-llega-al-congreso-argentino\/","title":{"rendered":"La corrupci\u00f3n que rodea al Gobierno de Milei llega al Congreso argentino"},"content":{"rendered":"<div id=\"attachment_543646\" style=\"width: 1210px\" class=\"wp-caption alignnone\"><img loading=\"lazy\" decoding=\"async\" aria-describedby=\"caption-attachment-543646\" class=\"wp-image-543646 size-custom-big-size\" src=\"https:\/\/diarioelpopular.com\/wp-content\/uploads\/2026\/04\/Screen-Shot-2026-04-29-at-9.26.04-AM-1200x863.png\" alt=\"\" width=\"1200\" height=\"863\" srcset=\"https:\/\/diarioelpopular.com\/wp-content\/uploads\/2026\/04\/Screen-Shot-2026-04-29-at-9.26.04-AM-1200x863.png 1200w, https:\/\/diarioelpopular.com\/wp-content\/uploads\/2026\/04\/Screen-Shot-2026-04-29-at-9.26.04-AM-300x216.png 300w, https:\/\/diarioelpopular.com\/wp-content\/uploads\/2026\/04\/Screen-Shot-2026-04-29-at-9.26.04-AM-768x552.png 768w, https:\/\/diarioelpopular.com\/wp-content\/uploads\/2026\/04\/Screen-Shot-2026-04-29-at-9.26.04-AM-636x457.png 636w, https:\/\/diarioelpopular.com\/wp-content\/uploads\/2026\/04\/Screen-Shot-2026-04-29-at-9.26.04-AM-101x73.png 101w, https:\/\/diarioelpopular.com\/wp-content\/uploads\/2026\/04\/Screen-Shot-2026-04-29-at-9.26.04-AM.png 1024w\" sizes=\"auto, (max-width: 1200px) 100vw, 1200px\" \/><p id=\"caption-attachment-543646\" class=\"wp-caption-text\">Javier Milei en el Congreso de Argentina, el 1 de marzo. Foto Agustin Marcarian (REUTERS)<\/p><\/div>\n<p>&nbsp;<\/p>\n<p>&nbsp;<\/p>\n<ul>\n<li><em><strong>El ahora desacreditado jefe de Gabinete, Manuel Adorni, deber\u00e1 responder sobre el enorme incremento de su patrimonio no declarado que ha sido descubierto y el rumbo de una econom\u00eda encallada<\/strong><\/em><\/li>\n<\/ul>\n<p>&nbsp;<\/p>\n<p class=\"\">El\u00a0<a title=\"https:\/\/elpais.com\/argentina\/2026-04-08\/manuel-adorni-el-portavoz-de-milei-enmudecido-por-los-escandalos-que-lo-acechan.html\" href=\"https:\/\/elpais.com\/argentina\/2026-04-08\/manuel-adorni-el-portavoz-de-milei-enmudecido-por-los-escandalos-que-lo-acechan.html\" target=\"_self\" rel=\"\" data-link-track-dtm=\"\" data-mrf-link=\"https:\/\/elpais.com\/argentina\/2026-04-08\/manuel-adorni-el-portavoz-de-milei-enmudecido-por-los-escandalos-que-lo-acechan.html\">jefe de Gabinete argentino, Manuel Adorni<\/a>, se ha convertido en un lastre para Javier Milei.<\/p>\n<p class=\"\">Los viajes de lujo que hizo con su familia y las propiedades compradas desde que entr\u00f3 al Gobierno est\u00e1n bajo investigaci\u00f3n judicial y han hundido su imagen, que es la peor de todos los ministros: lo desaprueban siete de cada diez argentinos.<\/p>\n<p class=\"\">Su continuidad en el cargo\u00a0<a title=\"https:\/\/elpais.com\/argentina\/2026-04-23\/milei-cierra-la-casa-rosada-a-la-prensa-acreditada-en-medio-de-escandalos-de-corrupcion.html\" href=\"https:\/\/elpais.com\/argentina\/2026-04-23\/milei-cierra-la-casa-rosada-a-la-prensa-acreditada-en-medio-de-escandalos-de-corrupcion.html\" target=\"_self\" rel=\"\" data-link-track-dtm=\"\" data-mrf-link=\"https:\/\/elpais.com\/argentina\/2026-04-23\/milei-cierra-la-casa-rosada-a-la-prensa-acreditada-en-medio-de-escandalos-de-corrupcion.html\">pese a las m\u00faltiples sospechas de enriquecimiento il\u00edcito<\/a>\u00a0arrastra a la baja tambi\u00e9n la popularidad del presidente, que ha ca\u00eddo un 12% en el \u00faltimo mes, seg\u00fan el\u00a0<a title=\"https:\/\/www.utdt.edu\/ver_contenido.php?id_contenido=1439&amp;id_item_menu=2964\" href=\"https:\/\/www.utdt.edu\/ver_contenido.php?id_contenido=1439&amp;id_item_menu=2964\" target=\"_blank\" rel=\"noopener\" data-link-track-dtm=\"\" data-mrf-link=\"https:\/\/www.utdt.edu\/ver_contenido.php?id_contenido=1439&amp;id_item_menu=2964\">\u00cdndice de confianza de la Universidad Torcuato di Tella<\/a>. Pero Milei ha dejado claro que no sacrificar\u00e1 a uno de sus hombres m\u00e1s cercanos y de los pocos que goza de la confianza del\u00a0<i>Jefe<\/i>, como el mandatario llama a\u00a0<a title=\"https:\/\/elpais.com\/argentina\/2025-08-31\/karina-milei-la-mano-que-teje-el-poder-en-argentina.html\" href=\"https:\/\/elpais.com\/argentina\/2025-08-31\/karina-milei-la-mano-que-teje-el-poder-en-argentina.html\" target=\"_self\" rel=\"\" data-link-track-dtm=\"\" data-mrf-link=\"https:\/\/elpais.com\/argentina\/2025-08-31\/karina-milei-la-mano-que-teje-el-poder-en-argentina.html\">su hermana, Karina Milei<\/a>. Lo demostrar\u00e1n de nuevo este mi\u00e9rcoles: ambos estar\u00e1n presentes en el Congreso cuando Adorni d\u00e9 su informe de gesti\u00f3n.<\/p>\n<p class=\"\">Ser\u00e1 una prueba de fuego. La oposici\u00f3n lo espera con el cuchillo entre los dientes para someterlo a una dura interpelaci\u00f3n. Le preguntar\u00e1n por su repentino crecimiento patrimonial, pero tambi\u00e9n por otros esc\u00e1ndalos de corrupci\u00f3n que golpean al Gobierno y sobre el rumbo de una econom\u00eda que da se\u00f1ales de haber encallado. El aumento sostenido de la inflaci\u00f3n en los \u00faltimos meses merma de nuevo los salarios, el desempleo est\u00e1 en su valor m\u00e1s alto desde finales de la pandemia y en febrero la econom\u00eda cay\u00f3 un 2,1% interanual y rompi\u00f3 una racha de crecimiento.<\/p>\n<p class=\"\">Adorni fue el portavoz presidencial del Gobierno en la primera mitad del mandato de Milei y <a title=\"https:\/\/elpais.com\/argentina\/2024-07-01\/manuel-adorni-el-domador-de-periodistas-de-milei.html\" href=\"https:\/\/elpais.com\/argentina\/2024-07-01\/manuel-adorni-el-domador-de-periodistas-de-milei.html\" target=\"_self\" rel=\"\" data-link-track-dtm=\"\" data-mrf-link=\"https:\/\/elpais.com\/argentina\/2024-07-01\/manuel-adorni-el-domador-de-periodistas-de-milei.html\">se gan\u00f3 el apodo de \u201cdomador de periodistas\u201d<\/a> por las respuestas punzantes que daba en las ruedas de prensa en la Casa Rosada. Su reacci\u00f3n p\u00fablica ha sido mucho m\u00e1s torpe desde que sali\u00f3 a la luz que su mujer, Betina Angeletti, hab\u00eda viajado con la comitiva presidencial a Estados Unidos en marzo, sin tener nada que ver.<\/p>\n<p class=\"\">\u201cYo ven\u00eda una semana a Nueva York a deslomarme\u201d, fueron las primeras palabras que us\u00f3 para justificar la compa\u00f1\u00eda de su esposa en el viaje. Esa expresi\u00f3n corri\u00f3 como la p\u00f3lvora. \u201cDeslomado\u201d se hizo meme en las redes, pintada en las calles e incluso canci\u00f3n improvisada en el metro de Buenos Aires por los raperos que piden palabras a quienes viajan.<\/p>\n<p class=\"\">Desde entonces, Adorni ha quedado atrapado en un torbellino de revelaciones period\u00edsticas e investigaciones judiciales que no cesa. Tampoco le sali\u00f3 nada bien <a title=\"https:\/\/elpais.com\/argentina\/2026-03-25\/el-jefe-de-gabinete-de-milei-intenta-dejar-atras-el-escandalo-por-su-patrimonio-no-tengo-nada-que-esconder.html\" href=\"https:\/\/elpais.com\/argentina\/2026-03-25\/el-jefe-de-gabinete-de-milei-intenta-dejar-atras-el-escandalo-por-su-patrimonio-no-tengo-nada-que-esconder.html\" target=\"_self\" rel=\"\" data-link-track-dtm=\"\" data-mrf-link=\"https:\/\/elpais.com\/argentina\/2026-03-25\/el-jefe-de-gabinete-de-milei-intenta-dejar-atras-el-escandalo-por-su-patrimonio-no-tengo-nada-que-esconder.html\">la rueda de prensa que dio hace un mes<\/a>. Se fue de forma apresurada tras haberse negado a dar explicaciones sobre qui\u00e9n pag\u00f3 el viaje con avi\u00f3n privado que hizo a Uruguay y las inconsistencias entre su elevado nivel de vida y sus ingresos y volvi\u00f3 a ser motivo de cr\u00edticas y burlas generalizadas. La aparici\u00f3n de nuevos gastos y <a title=\"https:\/\/elpais.com\/argentina\/2026-04-23\/milei-la-corrupcion-y-el-fin-de-la-inocencia-libertaria.html\" href=\"https:\/\/elpais.com\/argentina\/2026-04-23\/milei-la-corrupcion-y-el-fin-de-la-inocencia-libertaria.html\" target=\"_self\" rel=\"\" data-link-track-dtm=\"\" data-mrf-link=\"https:\/\/elpais.com\/argentina\/2026-04-23\/milei-la-corrupcion-y-el-fin-de-la-inocencia-libertaria.html\">la declaraci\u00f3n de testigos que lo complican<\/a> lo han mantenido casi a diario en la portada de los medios.<\/p>\n<p class=\"\">Adorni ha preparado a fondo la comparecencia ante el Congreso. Brindar\u00e1 un discurso inicial y despu\u00e9s responder\u00e1 preguntas. La oposici\u00f3n busca exponerlo sin caer en provocaciones que justifiquen una retirada prematura del recinto. Con Milei entre el p\u00fablico, pedir\u00e1n explicaciones por la \u201cmoral como pol\u00edtica de Estado\u201d que pregon\u00f3 el presidente en su discurso de apertura del a\u00f1o legislativo, el pasado 1 de marzo.\u00a0<a title=\"https:\/\/elpais.com\/argentina\/2023-10-23\/javier-milei-el-candidato-del-caos.html\" href=\"https:\/\/elpais.com\/argentina\/2023-10-23\/javier-milei-el-candidato-del-caos.html\" target=\"_self\" rel=\"\" data-link-track-dtm=\"\" data-mrf-link=\"https:\/\/elpais.com\/argentina\/2023-10-23\/javier-milei-el-candidato-del-caos.html\">Al presidente, que fue portero en su adolescencia<\/a>, le faltan manos para parar todos los esc\u00e1ndalos de corrupci\u00f3n que le llegan casi. diario.<\/p>\n<p class=\"\">Las causas judiciales que investigan a Adorni son las que m\u00e1s han calado entre la sociedad argentina. Es f\u00e1cil sospechar que algo no cuadra cuando una persona que en 2023 pagaba un traje de poco m\u00e1s de 500 d\u00f3lares en 12 plazos \u2014<a title=\"https:\/\/www.clarin.com\/politica\/sospechas-paralisis-pedidos-javier-milei-decida-hacer-cambios-urgentes-gobierno_0_j0fg3NJGnK.html\" href=\"https:\/\/www.clarin.com\/politica\/sospechas-paralisis-pedidos-javier-milei-decida-hacer-cambios-urgentes-gobierno_0_j0fg3NJGnK.html\" target=\"_blank\" rel=\"noopener\" data-link-track-dtm=\"\" data-mrf-link=\"https:\/\/www.clarin.com\/politica\/sospechas-paralisis-pedidos-javier-milei-decida-hacer-cambios-urgentes-gobierno_0_j0fg3NJGnK.html\">como cuenta\u00a0<i>Clar\u00edn<\/i><\/a>\u2014 al a\u00f1o siguiente, con un sueldo estatal de 2.500 d\u00f3lares mensuales, paga en efectivo casi 15.000 d\u00f3lares en billetes de avi\u00f3n y alojamiento de primera para viajar con la familia a la isla caribe\u00f1a de Aruba. Las dudas se amontonan al saber que, desde que lleg\u00f3 al Gobierno, Adorni se ha comprado dos propiedades \u2014un departamento de 200 metros cuadrados en Buenos Aires y una casa en un barrio cerrado a 80 kil\u00f3metros de la ciudad\u2014 <a title=\"https:\/\/elpais.com\/argentina\/2026-04-23\/milei-la-corrupcion-y-el-fin-de-la-inocencia-libertaria.html\" href=\"https:\/\/elpais.com\/argentina\/2026-04-23\/milei-la-corrupcion-y-el-fin-de-la-inocencia-libertaria.html\" target=\"_self\" rel=\"\" data-link-track-dtm=\"\" data-mrf-link=\"https:\/\/elpais.com\/argentina\/2026-04-23\/milei-la-corrupcion-y-el-fin-de-la-inocencia-libertaria.html\">con generosos pr\u00e9stamos concedidos por jubiladas y polic\u00edas<\/a>.<\/p>\n<p class=\"\">Son causas llamativas, pero no las \u00fanicas ni las m\u00e1s graves relacionadas con el Gobierno. La justicia mantiene abierta\u00a0<a title=\"https:\/\/elpais.com\/argentina\/2026-02-14\/la-mancha-de-libra-no-se-va.html\" href=\"https:\/\/elpais.com\/argentina\/2026-02-14\/la-mancha-de-libra-no-se-va.html\" target=\"_self\" rel=\"\" data-link-track-dtm=\"\" data-mrf-link=\"https:\/\/elpais.com\/argentina\/2026-02-14\/la-mancha-de-libra-no-se-va.html\">la investigaci\u00f3n por la criptomoneda $Libra<\/a>\u00a0que Milei difundi\u00f3 en sus redes el 14 de febrero de 2025 y que dej\u00f3 un tendal de damnificados cuando su precio se desplom\u00f3 en cuesti\u00f3n de minutos. Tambi\u00e9n avanza la causa que intenta esclarecer si se pagaron sobornos y sobreprecios\u00a0<a title=\"https:\/\/elpais.com\/argentina\/2026-02-10\/seis-ex-altos-cargos-de-milei-y-13-empresarios-procesados-por-sobornos-y-sobreprecios-en-la-agencia-de-discapacidad.html\" href=\"https:\/\/elpais.com\/argentina\/2026-02-10\/seis-ex-altos-cargos-de-milei-y-13-empresarios-procesados-por-sobornos-y-sobreprecios-en-la-agencia-de-discapacidad.html\" target=\"_self\" rel=\"\" data-link-track-dtm=\"\" data-mrf-link=\"https:\/\/elpais.com\/argentina\/2026-02-10\/seis-ex-altos-cargos-de-milei-y-13-empresarios-procesados-por-sobornos-y-sobreprecios-en-la-agencia-de-discapacidad.html\">en las compras de medicamentos para la Agencia nacional de discapacidad (Andis)<\/a>.<\/p>\n<p class=\"\">En la \u00faltima semana, Milei despidi\u00f3 al secretario de Coordinaci\u00f3n de Infraestructura del Ministerio de Econom\u00eda, Carlos Frugoni, tras conocerse que\u00a0<a title=\"https:\/\/elpais.com\/argentina\/2026-04-23\/milei-la-corrupcion-y-el-fin-de-la-inocencia-libertaria.html\" href=\"https:\/\/elpais.com\/argentina\/2026-04-23\/milei-la-corrupcion-y-el-fin-de-la-inocencia-libertaria.html\" target=\"_self\" rel=\"\" data-link-track-dtm=\"\" data-mrf-link=\"https:\/\/elpais.com\/argentina\/2026-04-23\/milei-la-corrupcion-y-el-fin-de-la-inocencia-libertaria.html\">ten\u00eda no menos de siete propiedades<\/a> y dos sociedades comerciales en Estados Unidos sin declarar. El responsable del fisco argentino, Andr\u00e9s V\u00e1zquez, tambi\u00e9n est\u00e1 en la cuerda floja. La justicia investiga la \u201comisi\u00f3n maliciosa\u201d en su declaraci\u00f3n jurada de tres lujosas residencias en Miami valoradas en m\u00e1s de 2,1 millones de d\u00f3lares.<\/p>\n<p class=\"\">Las hip\u00f3tesis sobre por qu\u00e9 Milei sostiene a su jefe de Gabinete cuando ha echado a otros por sospechas similares son m\u00faltiples por lo inusual del caso. Adorni ocupa un cargo considerado un pararrayos presidencial. Si estalla una crisis, suele volar. Milei lo hizo tambi\u00e9n:\u00a0<a title=\"https:\/\/elpais.com\/argentina\/2024-05-28\/milei-fulmina-a-su-jefe-de-ministros-por-diferencias-de-criterios-tras-menos-de-seis-meses-de-gobierno.html\" href=\"https:\/\/elpais.com\/argentina\/2024-05-28\/milei-fulmina-a-su-jefe-de-ministros-por-diferencias-de-criterios-tras-menos-de-seis-meses-de-gobierno.html\" target=\"_self\" rel=\"\" data-link-track-dtm=\"\" data-mrf-link=\"https:\/\/elpais.com\/argentina\/2024-05-28\/milei-fulmina-a-su-jefe-de-ministros-por-diferencias-de-criterios-tras-menos-de-seis-meses-de-gobierno.html\">despidi\u00f3 a Nicol\u00e1s Posse a los cinco meses<\/a>\u00a0y a su sucesor, Guillermo Francos, cuando se acercaba al ecuador de su mandato. La diferencia, arriesgan quienes han pasado tiempo cerca del mandatario, es menos racional que emocional.<\/p>\n<p class=\"\">Adorni es una de las personas que lo acompa\u00f1\u00f3 desde el primer d\u00eda y de las pocas en las que los hermanos Milei tienen una confianza sin fisuras. El presidente se niega a entregar a Adorni porque cree que ser\u00eda un trofeo para una prensa a la que desprecia y a la que <a title=\"https:\/\/elpais.com\/argentina\/2026-04-23\/milei-cierra-la-casa-rosada-a-la-prensa-acreditada-en-medio-de-escandalos-de-corrupcion.html\" href=\"https:\/\/elpais.com\/argentina\/2026-04-23\/milei-cierra-la-casa-rosada-a-la-prensa-acreditada-en-medio-de-escandalos-de-corrupcion.html\" target=\"_self\" rel=\"\" data-link-track-dtm=\"\" data-mrf-link=\"https:\/\/elpais.com\/argentina\/2026-04-23\/milei-cierra-la-casa-rosada-a-la-prensa-acreditada-en-medio-de-escandalos-de-corrupcion.html\">acaba de cerrar las puertas de la Casa Rosada<\/a>. No tiene figuras propias de peso con las que reemplazarlo. Y piensa que, si cae su jefe de Gabinete, ser\u00e1 una se\u00f1al de debilidad tanto interna como externa y despu\u00e9s ir\u00e1n a por \u00e9l.<\/p>\n<p class=\"\">Conf\u00eda, por el contrario, en que Adorni salga airoso de la prueba en el Congreso. De m\u00ednima, le permitir\u00eda ganar tiempo. Si en los pr\u00f3ximos meses la econom\u00eda se reactiva, es probable que baje el enorme descontento social y las causas por corrupci\u00f3n pierdan relevancia. De lo contrario, mantener a su jefe de Gabinete ser\u00e1 cada vez m\u00e1s arriesgado.<\/p>\n","protected":false},"excerpt":{"rendered":"<p>&nbsp; &nbsp; El ahora desacreditado jefe de Gabinete, Manuel Adorni, deber\u00e1 responder sobre el enorme incremento de su patrimonio no declarado que ha sido descubierto&hellip;<\/p>\n","protected":false},"author":99,"featured_media":543646,"comment_status":"open","ping_status":"open","sticky":false,"template":"","format":"standard","meta":{"footnotes":""},"categories":[23],"tags":[],"class_list":["post-543645","post","type-post","status-publish","format-standard","has-post-thumbnail","hentry","category-latinoamerica"],"_links":{"self":[{"href":"https:\/\/diarioelpopular.com\/index.php\/wp-json\/wp\/v2\/posts\/543645","targetHints":{"allow":["GET"]}}],"collection":[{"href":"https:\/\/diarioelpopular.com\/index.php\/wp-json\/wp\/v2\/posts"}],"about":[{"href":"https:\/\/diarioelpopular.com\/index.php\/wp-json\/wp\/v2\/types\/post"}],"author":[{"embeddable":true,"href":"https:\/\/diarioelpopular.com\/index.php\/wp-json\/wp\/v2\/users\/99"}],"replies":[{"embeddable":true,"href":"https:\/\/diarioelpopular.com\/index.php\/wp-json\/wp\/v2\/comments?post=543645"}],"version-history":[{"count":1,"href":"https:\/\/diarioelpopular.com\/index.php\/wp-json\/wp\/v2\/posts\/543645\/revisions"}],"predecessor-version":[{"id":543647,"href":"https:\/\/diarioelpopular.com\/index.php\/wp-json\/wp\/v2\/posts\/543645\/revisions\/543647"}],"wp:featuredmedia":[{"embeddable":true,"href":"https:\/\/diarioelpopular.com\/index.php\/wp-json\/wp\/v2\/media\/543646"}],"wp:attachment":[{"href":"https:\/\/diarioelpopular.com\/index.php\/wp-json\/wp\/v2\/media?parent=543645"}],"wp:term":[{"taxonomy":"category","embeddable":true,"href":"https:\/\/diarioelpopular.com\/index.php\/wp-json\/wp\/v2\/categories?post=543645"},{"taxonomy":"post_tag","embeddable":true,"href":"https:\/\/diarioelpopular.com\/index.php\/wp-json\/wp\/v2\/tags?post=543645"}],"curies":[{"name":"wp","href":"https:\/\/api.w.org\/{rel}","templated":true}]}}