{"id":543663,"date":"2026-04-30T09:10:01","date_gmt":"2026-04-30T13:10:01","guid":{"rendered":"https:\/\/diarioelpopular.com\/?p=543663"},"modified":"2026-04-30T09:10:01","modified_gmt":"2026-04-30T13:10:01","slug":"otra-grua-fue-incendiada-en-brampton-crece-ola-de-incendios","status":"publish","type":"post","link":"https:\/\/diarioelpopular.com\/index.php\/2026\/04\/30\/otra-grua-fue-incendiada-en-brampton-crece-ola-de-incendios\/","title":{"rendered":"Otra gr\u00faa fue incendiada en Brampton, crece ola de incendios"},"content":{"rendered":"<p>&nbsp;<\/p>\n<p><img loading=\"lazy\" decoding=\"async\" class=\"alignnone size-custom-full-size wp-image-543664\" src=\"https:\/\/diarioelpopular.com\/wp-content\/uploads\/2026\/04\/Screen-Shot-2026-04-30-at-9.07.11-AM-636x352.png\" alt=\"\" width=\"636\" height=\"352\" srcset=\"https:\/\/diarioelpopular.com\/wp-content\/uploads\/2026\/04\/Screen-Shot-2026-04-30-at-9.07.11-AM-636x352.png 636w, https:\/\/diarioelpopular.com\/wp-content\/uploads\/2026\/04\/Screen-Shot-2026-04-30-at-9.07.11-AM-300x166.png 300w, https:\/\/diarioelpopular.com\/wp-content\/uploads\/2026\/04\/Screen-Shot-2026-04-30-at-9.07.11-AM-768x425.png 768w, https:\/\/diarioelpopular.com\/wp-content\/uploads\/2026\/04\/Screen-Shot-2026-04-30-at-9.07.11-AM-132x73.png 132w, https:\/\/diarioelpopular.com\/wp-content\/uploads\/2026\/04\/Screen-Shot-2026-04-30-at-9.07.11-AM.png 864w\" sizes=\"auto, (max-width: 636px) 100vw, 636px\" \/><\/p>\n<ul>\n<li><em><strong>La Polic\u00eda Regional de Peel a\u00fan no ha confirmado si el incendio se considera provocado.<\/strong><\/em><\/li>\n<\/ul>\n<p>&nbsp;<\/p>\n<p>Los servicios de emergencia fueron alertados alrededor de las 2:50 a. m. sobre un veh\u00edculo en llamas en la entrada de una vivienda, en el n\u00famero 216 de Kingknoll Drive, cerca de Steeles Avenue West y Mavis Road. Los bomberos sofocaron r\u00e1pidamente el incendio. No se reportaron heridos.<\/p>\n<p>A principios de esta semana, en Ascot Avenue, un incendio que la Oficina del Jefe de Bomberos declar\u00f3 oficialmente provocado, se encontr\u00f3 una gr\u00faa ardiendo frente a una casa en Brampton alrededor de las 3 a. m. del martes. Hab\u00eda personas dentro de la vivienda en ese momento, pero no se reportaron heridos.<\/p>\n<p>La polic\u00eda no ha divulgado informaci\u00f3n sobre los sospechosos relacionados con este \u00faltimo incidente. La investigaci\u00f3n contin\u00faa.<\/p>\n","protected":false},"excerpt":{"rendered":"<p>&nbsp; La Polic\u00eda Regional de Peel a\u00fan no ha confirmado si el incendio se considera provocado. &nbsp; Los servicios de emergencia fueron alertados alrededor de&hellip;<\/p>\n","protected":false},"author":99,"featured_media":543664,"comment_status":"open","ping_status":"open","sticky":false,"template":"","format":"standard","meta":{"footnotes":""},"categories":[11364],"tags":[],"class_list":["post-543663","post","type-post","status-publish","format-standard","has-post-thumbnail","hentry","category-toronto-gta"],"_links":{"self":[{"href":"https:\/\/diarioelpopular.com\/index.php\/wp-json\/wp\/v2\/posts\/543663","targetHints":{"allow":["GET"]}}],"collection":[{"href":"https:\/\/diarioelpopular.com\/index.php\/wp-json\/wp\/v2\/posts"}],"about":[{"href":"https:\/\/diarioelpopular.com\/index.php\/wp-json\/wp\/v2\/types\/post"}],"author":[{"embeddable":true,"href":"https:\/\/diarioelpopular.com\/index.php\/wp-json\/wp\/v2\/users\/99"}],"replies":[{"embeddable":true,"href":"https:\/\/diarioelpopular.com\/index.php\/wp-json\/wp\/v2\/comments?post=543663"}],"version-history":[{"count":1,"href":"https:\/\/diarioelpopular.com\/index.php\/wp-json\/wp\/v2\/posts\/543663\/revisions"}],"predecessor-version":[{"id":543665,"href":"https:\/\/diarioelpopular.com\/index.php\/wp-json\/wp\/v2\/posts\/543663\/revisions\/543665"}],"wp:featuredmedia":[{"embeddable":true,"href":"https:\/\/diarioelpopular.com\/index.php\/wp-json\/wp\/v2\/media\/543664"}],"wp:attachment":[{"href":"https:\/\/diarioelpopular.com\/index.php\/wp-json\/wp\/v2\/media?parent=543663"}],"wp:term":[{"taxonomy":"category","embeddable":true,"href":"https:\/\/diarioelpopular.com\/index.php\/wp-json\/wp\/v2\/categories?post=543663"},{"taxonomy":"post_tag","embeddable":true,"href":"https:\/\/diarioelpopular.com\/index.php\/wp-json\/wp\/v2\/tags?post=543663"}],"curies":[{"name":"wp","href":"https:\/\/api.w.org\/{rel}","templated":true}]}}