{"id":543667,"date":"2026-04-30T09:17:49","date_gmt":"2026-04-30T13:17:49","guid":{"rendered":"https:\/\/diarioelpopular.com\/?p=543667"},"modified":"2026-04-30T09:17:49","modified_gmt":"2026-04-30T13:17:49","slug":"nueva-encuesta-revela-que-los-conservadores-de-ford-estan-por-detras-de-los-liberales-por-primera-vez-en-casi-una-decada","status":"publish","type":"post","link":"https:\/\/diarioelpopular.com\/index.php\/2026\/04\/30\/nueva-encuesta-revela-que-los-conservadores-de-ford-estan-por-detras-de-los-liberales-por-primera-vez-en-casi-una-decada\/","title":{"rendered":"Nueva encuesta revela que los conservadores de Ford est\u00e1n por detr\u00e1s de los liberales por primera vez en casi una d\u00e9cada."},"content":{"rendered":"<p><img loading=\"lazy\" decoding=\"async\" class=\"alignnone size-custom-full-size wp-image-543668\" src=\"https:\/\/diarioelpopular.com\/wp-content\/uploads\/2026\/04\/Screen-Shot-2026-04-30-at-9.17.07-AM-636x483.png\" alt=\"\" width=\"636\" height=\"483\" srcset=\"https:\/\/diarioelpopular.com\/wp-content\/uploads\/2026\/04\/Screen-Shot-2026-04-30-at-9.17.07-AM-636x483.png 636w, https:\/\/diarioelpopular.com\/wp-content\/uploads\/2026\/04\/Screen-Shot-2026-04-30-at-9.17.07-AM-300x228.png 300w, https:\/\/diarioelpopular.com\/wp-content\/uploads\/2026\/04\/Screen-Shot-2026-04-30-at-9.17.07-AM-768x583.png 768w, https:\/\/diarioelpopular.com\/wp-content\/uploads\/2026\/04\/Screen-Shot-2026-04-30-at-9.17.07-AM-96x73.png 96w, https:\/\/diarioelpopular.com\/wp-content\/uploads\/2026\/04\/Screen-Shot-2026-04-30-at-9.17.07-AM.png 838w\" sizes=\"auto, (max-width: 636px) 100vw, 636px\" \/><\/p>\n<p>&nbsp;<\/p>\n<ul>\n<li><em><strong>Como era de esperarse, Doug Ford y su Partido Conservador ya no son la opci\u00f3n preferida de la mayor\u00eda de los habitantes de Ontario, seg\u00fan la \u00faltima encuesta de opini\u00f3n p\u00fablica.<\/strong><\/em><\/li>\n<\/ul>\n<p>&nbsp;<\/p>\n<p>De acuerdo con un nuevo sondeo de Liaison Strategies, los liberales de Ontario, que se encuentran en plena b\u00fasqueda de un nuevo l\u00edder, cuentan ya con un 38% de apoyo, dos puntos por encima de los conservadores en el gobierno.<\/p>\n<p>La encuesta muestra que los liberales lideran en Toronto con un 44% y en la regi\u00f3n 905, con un 43% de apoyo. Los conservadores tambi\u00e9n se encuentran por detr\u00e1s del NDP en el centro-sur de Ontario, Hamilton y Ni\u00e1gara.<\/p>\n<p>Ford sigue gozando de un escaso apoyo en el suroeste de Ontario, mientras que el este de la provincia contin\u00faa siendo un basti\u00f3n con un 45% de apoyo.<\/p>\n<p>David Valentin, director de Liaison Strategies, afirma que, si bien una tendencia siempre es m\u00e1s importante que una instant\u00e1nea, los conservadores han estado perdiendo apoyo desde octubre, y el esc\u00e1ndalo, entre otros, del jet privado claramente los ha perjudicado. \u201cMucha gente est\u00e1 sufriendo con los precios de los alimentos y la electricidad, y ver al premier tan despreocupado al gastar todo este dinero no me pareci\u00f3 bien\u201d, declar\u00f3 Valentin a 680 NewsRadio.<\/p>\n<p>A principios de este mes, el gobierno de Ford revel\u00f3 que hab\u00eda comprado un jet Challenger 650 usado por casi 30 millones de d\u00f3lares para financiar los viajes del premier por la provincia, Canad\u00e1 y Estados Unidos. Tras la airada pol\u00e9mica generada por lo que se conoci\u00f3 como \u201cel avi\u00f3n de la salsa\u201d, Ford anunci\u00f3 la venta del jet, afirmando haber escuchado \u201calto y claro\u201d a la gente de Ontario: que no era el momento adecuado para comprar un avi\u00f3n.<\/p>\n<p>La encuesta revela que el 62% de los habitantes de Ontario cree que Ford vendi\u00f3 el avi\u00f3n por estar envuelto en una controversia pol\u00edtica, mientras que menos del 30% cree que lo hizo con algo de sinceridad.<\/p>\n<p>El l\u00edder interino del Partido Liberal, John Fraser, admite que Ford tambi\u00e9n est\u00e1 contribuyendo a la causa liberal.<\/p>\n<p>\u201cEl hombre del pueblo que compra un jet privado cuando las familias est\u00e1n pasando apuros\u201d, afirm\u00f3. \u201cMe entero de que el jet privado pasa a pasear a mi perro en el parque; la gente me lo comenta espont\u00e1neamente\u201d.<\/p>\n<p>Valent\u00edn afirma que, m\u00e1s all\u00e1 de la controversia del jet privado, Ford est\u00e1 teniendo serios problemas de aprobaci\u00f3n. Si bien la mayor\u00eda coincide en que su estilo de liderazgo es \u201cfuerte y decisivo\u201d, m\u00e1s de seis de cada diez desaprueban su gesti\u00f3n, mientras que dos tercios creen que la provincia va por mal camino.<\/p>\n<p>\u201cCuando se analiza m\u00e1s all\u00e1 de los resultados electorales y se considera la opini\u00f3n real de la gente sobre Doug Ford, el panorama empeora, no mejora\u201d, dice Valent\u00edn.<\/p>\n<p>\u201cLa pregunta ahora es si esta tendencia se mantendr\u00e1 o si el Partido Conservador podr\u00e1 frenar esta p\u00e9rdida. Cuando los votantes le dan la espalda a un pol\u00edtico, no suelen volver a apoyarlo\u201d.<\/p>\n<p>Las pr\u00f3ximas elecciones generales de Ontario no est\u00e1n programadas hasta abril de 2030, a menos que el premier decida convocar elecciones anticipadas, como hizo el pasado febrero.<\/p>\n","protected":false},"excerpt":{"rendered":"<p>&nbsp; Como era de esperarse, Doug Ford y su Partido Conservador ya no son la opci\u00f3n preferida de la mayor\u00eda de los habitantes de Ontario,&hellip;<\/p>\n","protected":false},"author":99,"featured_media":543668,"comment_status":"open","ping_status":"open","sticky":false,"template":"","format":"standard","meta":{"footnotes":""},"categories":[21],"tags":[],"class_list":["post-543667","post","type-post","status-publish","format-standard","has-post-thumbnail","hentry","category-canada"],"_links":{"self":[{"href":"https:\/\/diarioelpopular.com\/index.php\/wp-json\/wp\/v2\/posts\/543667","targetHints":{"allow":["GET"]}}],"collection":[{"href":"https:\/\/diarioelpopular.com\/index.php\/wp-json\/wp\/v2\/posts"}],"about":[{"href":"https:\/\/diarioelpopular.com\/index.php\/wp-json\/wp\/v2\/types\/post"}],"author":[{"embeddable":true,"href":"https:\/\/diarioelpopular.com\/index.php\/wp-json\/wp\/v2\/users\/99"}],"replies":[{"embeddable":true,"href":"https:\/\/diarioelpopular.com\/index.php\/wp-json\/wp\/v2\/comments?post=543667"}],"version-history":[{"count":1,"href":"https:\/\/diarioelpopular.com\/index.php\/wp-json\/wp\/v2\/posts\/543667\/revisions"}],"predecessor-version":[{"id":543669,"href":"https:\/\/diarioelpopular.com\/index.php\/wp-json\/wp\/v2\/posts\/543667\/revisions\/543669"}],"wp:featuredmedia":[{"embeddable":true,"href":"https:\/\/diarioelpopular.com\/index.php\/wp-json\/wp\/v2\/media\/543668"}],"wp:attachment":[{"href":"https:\/\/diarioelpopular.com\/index.php\/wp-json\/wp\/v2\/media?parent=543667"}],"wp:term":[{"taxonomy":"category","embeddable":true,"href":"https:\/\/diarioelpopular.com\/index.php\/wp-json\/wp\/v2\/categories?post=543667"},{"taxonomy":"post_tag","embeddable":true,"href":"https:\/\/diarioelpopular.com\/index.php\/wp-json\/wp\/v2\/tags?post=543667"}],"curies":[{"name":"wp","href":"https:\/\/api.w.org\/{rel}","templated":true}]}}