{"id":543670,"date":"2026-04-30T09:29:29","date_gmt":"2026-04-30T13:29:29","guid":{"rendered":"https:\/\/diarioelpopular.com\/?p=543670"},"modified":"2026-04-30T09:29:29","modified_gmt":"2026-04-30T13:29:29","slug":"la-acusacion-al-gobernador-de-sinaloa-de-vinculos-con-el-narco-lleva-al-limite-la-relacion-entre-mexico-y-estados-unidos","status":"publish","type":"post","link":"https:\/\/diarioelpopular.com\/index.php\/2026\/04\/30\/la-acusacion-al-gobernador-de-sinaloa-de-vinculos-con-el-narco-lleva-al-limite-la-relacion-entre-mexico-y-estados-unidos\/","title":{"rendered":"La acusaci\u00f3n al gobernador de Sinaloa de v\u00ednculos con el narco lleva al l\u00edmite la relaci\u00f3n entre M\u00e9xico y Estados Unidos"},"content":{"rendered":"<div id=\"attachment_543671\" style=\"width: 1210px\" class=\"wp-caption alignnone\"><img loading=\"lazy\" decoding=\"async\" aria-describedby=\"caption-attachment-543671\" class=\"wp-image-543671 size-custom-big-size\" src=\"https:\/\/diarioelpopular.com\/wp-content\/uploads\/2026\/04\/Screen-Shot-2026-04-30-at-9.28.41-AM-1200x692.png\" alt=\"\" width=\"1200\" height=\"692\" srcset=\"https:\/\/diarioelpopular.com\/wp-content\/uploads\/2026\/04\/Screen-Shot-2026-04-30-at-9.28.41-AM-1200x692.png 1200w, https:\/\/diarioelpopular.com\/wp-content\/uploads\/2026\/04\/Screen-Shot-2026-04-30-at-9.28.41-AM-300x173.png 300w, https:\/\/diarioelpopular.com\/wp-content\/uploads\/2026\/04\/Screen-Shot-2026-04-30-at-9.28.41-AM-768x443.png 768w, https:\/\/diarioelpopular.com\/wp-content\/uploads\/2026\/04\/Screen-Shot-2026-04-30-at-9.28.41-AM-636x367.png 636w, https:\/\/diarioelpopular.com\/wp-content\/uploads\/2026\/04\/Screen-Shot-2026-04-30-at-9.28.41-AM-127x73.png 127w, https:\/\/diarioelpopular.com\/wp-content\/uploads\/2026\/04\/Screen-Shot-2026-04-30-at-9.28.41-AM.png 1024w\" sizes=\"auto, (max-width: 1200px) 100vw, 1200px\" \/><p id=\"caption-attachment-543671\" class=\"wp-caption-text\">Ra\u00fal Rocha Moya en Ciudad de M\u00e9xico, el 3 de abril de 2025. Foto: Gobierno de Sinaloa<\/p><\/div>\n<p>&nbsp;<\/p>\n<ul>\n<li><em><strong>La Fiscal\u00eda del Distrito Sur de Nueva York provoca una tormenta pol\u00edtica en M\u00e9xico al acusar a Rub\u00e9n Rocha, de Morena, un senador y ocho funcionarios estatales de v\u00ednculos con el poderoso Cartel de Sinaloa. El Gobierno mexicano rechaza los se\u00f1alamientos al decir que fueron formulados sin pruebas suficientes<\/strong><\/em><\/li>\n<\/ul>\n<p>&nbsp;<\/p>\n<p class=\"\">La\u00a0<a title=\"https:\/\/elpais.com\/mexico\/2026-04-29\/estados-unidos-asesta-el-mayor-golpe-contra-la-narcopolitica-en-mexico.html\" href=\"https:\/\/elpais.com\/mexico\/2026-04-29\/estados-unidos-asesta-el-mayor-golpe-contra-la-narcopolitica-en-mexico.html\" target=\"_self\" rel=\"\" data-link-track-dtm=\"\" data-mrf-link=\"https:\/\/elpais.com\/mexico\/2026-04-29\/estados-unidos-asesta-el-mayor-golpe-contra-la-narcopolitica-en-mexico.html\">acusaci\u00f3n de complicidad con el narcotr\u00e1fico<\/a> formulada por Estados Unidos el mi\u00e9rcoles contra el gobernador de Sinaloa, Rub\u00e9n Rocha Moya, un senador y otros ocho altos cargos de ese Estado del norte ha detonado una descomunal crisis pol\u00edtica en M\u00e9xico. Los se\u00f1alamientos contra uno de los gobernantes del oficialista Morena han llevado al l\u00edmite la relaci\u00f3n entre la Administraci\u00f3n de Claudia Sheinbaum y el Gobierno de Donald Trump, quien lleva meses apretando a M\u00e9xico por la huella que el crimen organizado tiene en el pa\u00eds. La acusaci\u00f3n de los fiscales de Nueva York coloca a la mandataria ante una disyuntiva explosiva: defender a un gobernador de su partido y dar la espalda a Trump o entregar al gobernador de un Estado que lleva m\u00e1s de un a\u00f1o <a title=\"https:\/\/elpais.com\/mexico\/2026-03-25\/sinaloa-camina-al-primer-mes-con-menos-de-100-asesinatos-en-el-ano-y-medio-de-guerra-entre-chapitos-y-la-mayiza.html\" href=\"https:\/\/elpais.com\/mexico\/2026-03-25\/sinaloa-camina-al-primer-mes-con-menos-de-100-asesinatos-en-el-ano-y-medio-de-guerra-entre-chapitos-y-la-mayiza.html\" target=\"_self\" rel=\"\" data-link-track-dtm=\"\" data-mrf-link=\"https:\/\/elpais.com\/mexico\/2026-03-25\/sinaloa-camina-al-primer-mes-con-menos-de-100-asesinatos-en-el-ano-y-medio-de-guerra-entre-chapitos-y-la-mayiza.html\">sumido en la violencia por la pugna entre facciones del poderoso c\u00e1rtel de Sinaloa.<\/a><\/p>\n<p class=\"\">Con la petici\u00f3n para detener al gobernador de Sinaloa, Estados Unidos pone en la mira a la narcopol\u00edtica en M\u00e9xico. El golpe llega despu\u00e9s de meses de indirectas y algunas acciones, como la cancelaci\u00f3n de visados de autoridades locales y la presi\u00f3n desde Washington de aceptar ayuda militar para combatir a los c\u00e1rteles. Pero ninguna de estas medidas es comparable a la petici\u00f3n de extradici\u00f3n de un mandatario local en activo y autoridades estatales y municipales del partido gobernante.<\/p>\n<p class=\"\">Jay Clayton, el fiscal neoyorquino, el mismo que construy\u00f3 la acusaci\u00f3n por narcoterrorismo contra Nicol\u00e1s Maduro, afirma que Los Chapitos, la facci\u00f3n del Cartel de Sinaloa encabezada por los hijos de Joaqu\u00edn\u00a0<i>El Chapo<\/i>\u00a0Guzm\u00e1n, encarcelado en Estados Unidos, habr\u00eda ayudado a ganar las elecciones a Rub\u00e9n Rocha en 2021. El escrito habla de c\u00f3mo la campa\u00f1a de Morena se dedic\u00f3 a robar urnas y a \u201csecuestrar e intimidar a candidatos de la oposici\u00f3n\u201d a cambio de que les facilitara sus actividades criminales una vez en el poder.<\/p>\n<p class=\"\">El Gobierno de Sheinbaum reaccion\u00f3 este mi\u00e9rcoles<a title=\"https:\/\/elpais.com\/mexico\/2026-04-29\/el-gobierno-responde-ante-la-peticion-de-estados-unidos-de-detener-a-ruben-rocha-no-han-entregado-las-pruebas.html\" href=\"https:\/\/elpais.com\/mexico\/2026-04-29\/el-gobierno-responde-ante-la-peticion-de-estados-unidos-de-detener-a-ruben-rocha-no-han-entregado-las-pruebas.html\" target=\"_self\" rel=\"\" data-link-track-dtm=\"\" data-mrf-link=\"https:\/\/elpais.com\/mexico\/2026-04-29\/el-gobierno-responde-ante-la-peticion-de-estados-unidos-de-detener-a-ruben-rocha-no-han-entregado-las-pruebas.html\">\u00a0diciendo que el escrito de acusaci\u00f3n no lleva las pruebas adjuntas y que va a estudiar el documento<\/a>. El gobernador, quien ya fue se\u00f1alado de presuntos v\u00ednculos con el crimen organizado en 2024, niega los cargos y dice estar \u201ctranquilo\u201d: \u201cno va a pasar nada\u201d, asegur\u00f3, mientras la oposici\u00f3n se<a title=\"https:\/\/elpais.com\/mexico\/2026-04-29\/el-pan-pide-la-desaparicion-de-poderes-en-sinaloa-por-la-acusacion-de-narcotrafico-de-estados-unidos-contra-ruben-rocha.html\" href=\"https:\/\/elpais.com\/mexico\/2026-04-29\/el-pan-pide-la-desaparicion-de-poderes-en-sinaloa-por-la-acusacion-de-narcotrafico-de-estados-unidos-contra-ruben-rocha.html\" target=\"_self\" rel=\"\" data-link-track-dtm=\"\" data-mrf-link=\"https:\/\/elpais.com\/mexico\/2026-04-29\/el-pan-pide-la-desaparicion-de-poderes-en-sinaloa-por-la-acusacion-de-narcotrafico-de-estados-unidos-contra-ruben-rocha.html\">\u00a0lanzaba a pedir la disoluci\u00f3n de los poderes de ese Estado.<\/a><\/p>\n<p class=\"\">Las dos opciones que tiene la mandataria mexicana ante s\u00ed tienen costes pol\u00edticos inmensos para ella, y ambas pueden abrir brechas en la relaci\u00f3n bilateral. \u201cSi Sheinbaum acepta extraditar al gobernador, estar\u00e1 aceptando extraditar a alguien respaldado por su partido\u201d, explica Ernesto L\u00f3pez Portillo, coordinador del Programa de Seguridad Ciudadana de la Universidad Iberoamericana. \u201cSi no lo acepta, estar\u00e1 dando una respuesta muy delicada que tensar\u00e1 m\u00e1s a\u00fan las relaciones con Estados Unidos, que seguir\u00e1 operando por su cuenta, obteniendo informaci\u00f3n en M\u00e9xico\u201d.<\/p>\n<p>&nbsp;<\/p>\n<figure class=\"a_m a_m-h \">\n<p><div style=\"width: 424px\" class=\"wp-caption alignnone\"><img loading=\"lazy\" decoding=\"async\" class=\"_re lazyload a_m-h\" src=\"https:\/\/imagenes.elpais.com\/resizer\/v2\/5U27TCKECVBEBAKLMNQYUC446E.jpg?auth=dc827f76b91a57aa6be346263c1fc1b3cdee84d9d37b70825a23e86269ae94a6&amp;width=414\" sizes=\"auto, (min-width:1199px) 760px,(min-width:1001px) calc((100vw - 44px-11*31px)\/12*8+217), (min-width:767px) 767px, 100vw\" srcset=\"https:\/\/imagenes.elpais.com\/resizer\/v2\/5U27TCKECVBEBAKLMNQYUC446E.jpg?auth=dc827f76b91a57aa6be346263c1fc1b3cdee84d9d37b70825a23e86269ae94a6&amp;width=414 414w,https:\/\/imagenes.elpais.com\/resizer\/v2\/5U27TCKECVBEBAKLMNQYUC446E.jpg?auth=dc827f76b91a57aa6be346263c1fc1b3cdee84d9d37b70825a23e86269ae94a6&amp;width=828 640w,https:\/\/imagenes.elpais.com\/resizer\/v2\/5U27TCKECVBEBAKLMNQYUC446E.jpg?auth=dc827f76b91a57aa6be346263c1fc1b3cdee84d9d37b70825a23e86269ae94a6&amp;width=980 1000w,https:\/\/imagenes.elpais.com\/resizer\/v2\/5U27TCKECVBEBAKLMNQYUC446E.jpg?auth=dc827f76b91a57aa6be346263c1fc1b3cdee84d9d37b70825a23e86269ae94a6&amp;width=1960 1960w\" alt=\"\" width=\"414\" height=\"277\" \/><p class=\"wp-caption-text\">Claudia Sheinbaum y Rub\u00e9n Rocha en Ciudad de M\u00e9xico, el 27 de febrero. Foto Gobierno de Sinaloa<\/p><\/div><figcaption class=\"a_m_p\" aria-hidden=\"true\"><\/figcaption><\/figure>\n<p>&nbsp;<\/p>\n<p class=\"\">No es la primera vez que Estados Unidos acusa a un alto cargo mexicano de colaborar con el narcotr\u00e1fico. En 2020, durante el primer mandato de Trump,\u00a0<a title=\"https:\/\/elpais.com\/mexico\/2021-01-24\/el-caso-cienfuegos-alimenta-la-larga-historia-de-desencuentros-entre-la-dea-y-mexico.html\" href=\"https:\/\/elpais.com\/mexico\/2021-01-24\/el-caso-cienfuegos-alimenta-la-larga-historia-de-desencuentros-entre-la-dea-y-mexico.html\" target=\"_self\" rel=\"\" data-link-track-dtm=\"\" data-mrf-link=\"https:\/\/elpais.com\/mexico\/2021-01-24\/el-caso-cienfuegos-alimenta-la-larga-historia-de-desencuentros-entre-la-dea-y-mexico.html\">el exsecretario de Defensa Salvador Cienfuegos<\/a>, un militar respetado en el Ej\u00e9rcito, fue detenido cuando aterrizaba en Los \u00c1ngeles en un viaje con su familia a petici\u00f3n de la DEA, la agencia antinarc\u00f3ticos estadounidense. El asunto se zanj\u00f3 con su repatriaci\u00f3n despu\u00e9s de una intensa batalla diplom\u00e1tica encabezada por el Gobierno de Andr\u00e9s Manuel L\u00f3pez Obrador, el predecesor de Sheinbaum y fundador de Morena. La condici\u00f3n fue que Cienfuegos fuera investigado y juzgado en M\u00e9xico, pero el general fue exonerado dos meses despu\u00e9s.<\/p>\n<p class=\"\">La acusaci\u00f3n de la Fiscal\u00eda estadounidense pide penas que van desde los 40 a\u00f1os de c\u00e1rcel hasta la cadena perpetua, y est\u00e1 cimentada sobre \u201cinformaci\u00f3n de alta calidad\u201d, dice L\u00f3pez Portillo. Es decir, la que han podido proporcionarle, de primera mano, algunos de\u00a0<a title=\"https:\/\/elpais.com\/mexico\/2026-01-20\/mexico-traslada-a-estados-unidos-a-37-presos-por-delincuencia-organizada.html\" href=\"https:\/\/elpais.com\/mexico\/2026-01-20\/mexico-traslada-a-estados-unidos-a-37-presos-por-delincuencia-organizada.html\" target=\"_self\" rel=\"\" data-link-track-dtm=\"\" data-mrf-link=\"https:\/\/elpais.com\/mexico\/2026-01-20\/mexico-traslada-a-estados-unidos-a-37-presos-por-delincuencia-organizada.html\">los 92 presos por pertenecer a organizaciones criminales<\/a>\u00a0que este Gobierno le ha enviado a Estados Unidos.<\/p>\n<p class=\"\">La petici\u00f3n de extradici\u00f3n del Departamento de Justicia estadounidense llega cuando ambos pa\u00edses negocian, junto a Canad\u00e1, el TMEC, un tratado comercial vital para M\u00e9xico en el que Washington presiona con dureza con su pol\u00edtica de aranceles, y despu\u00e9s de meses de ret\u00f3rica injerencista de Donald Trump, que repite la idea de que\u00a0<a title=\"https:\/\/elpais.com\/mexico\/2025-10-24\/trump-vuelva-a-cargar-contra-mexico-esta-gobernado-por-los-carteles-pero-sheinbaum-es-valiente.html\" href=\"https:\/\/elpais.com\/mexico\/2025-10-24\/trump-vuelva-a-cargar-contra-mexico-esta-gobernado-por-los-carteles-pero-sheinbaum-es-valiente.html\" target=\"_self\" rel=\"\" data-link-track-dtm=\"\" data-mrf-link=\"https:\/\/elpais.com\/mexico\/2025-10-24\/trump-vuelva-a-cargar-contra-mexico-esta-gobernado-por-los-carteles-pero-sheinbaum-es-valiente.html\">M\u00e9xico \u201cest\u00e1 controlado por los c\u00e1rteles\u201d<\/a>, ante lo cual el Gobierno mexicano ha tratado de demostrar, con operativos contundentes, que es\u00a0<a title=\"https:\/\/elpais.com\/mexico\/2026-04-29\/mexico-lanza-a-trump-un-mensaje-de-eficacia-con-la-detencion-del-jardinero.html\" href=\"https:\/\/elpais.com\/mexico\/2026-04-29\/mexico-lanza-a-trump-un-mensaje-de-eficacia-con-la-detencion-del-jardinero.html\" target=\"_self\" rel=\"\" data-link-track-dtm=\"\" data-mrf-link=\"https:\/\/elpais.com\/mexico\/2026-04-29\/mexico-lanza-a-trump-un-mensaje-de-eficacia-con-la-detencion-del-jardinero.html\">capaz de controlar la situaci\u00f3n en su territorio<\/a>.<\/p>\n<p class=\"\">Con la acusaci\u00f3n, Estados Unidos \u201cobliga a Sheinbaum a definirse, a escoger la bala con la que se va a disparar\u201d, plantea el analista pol\u00edtico Carlos Bravo Regidor. \u201cSi se pelea con su coalici\u00f3n, hay que ver c\u00f3mo va a gobernar y c\u00f3mo va a llegar a las elecciones de medio mandato\u201d, expone. \u201cSi se pelea con Trump, \u00bfqu\u00e9 va a pasar con la negociaci\u00f3n del TMEC y con toda la cooperaci\u00f3n en seguridad?\u201d.<\/p>\n<p class=\"\">El gran riesgo de negarle la petici\u00f3n a Trump es que, en vez de seguir un procedimiento judicial, el presidente decida usar m\u00e9todos m\u00e1s expeditivos en el pa\u00eds vecino, el gran temor de M\u00e9xico, que Sheinbaum ha intentado frenar durante meses. \u201cTrump es insaciable, \u00e9l no se va a contener para imponer las condiciones en la relaci\u00f3n bilateral, y [ante una negativa] probablemente va a venir a por gente\u201d, afirma L\u00f3pez Portillo.<\/p>\n<p class=\"\">La propia Sheinbaum cont\u00f3 hace una semana que en las conversaciones que tiene con Trump emergen sus ofrecimientos para actuar en territorio mexicano contra los c\u00e1rteles. \u201cTrump nos ha sugerido darnos mayor apoyo, incluso que hubiera presencia de miembros del Ej\u00e9rcito de los Estados Unidos, a la cual hemos dicho \u2018no es necesario\u2019 (&#8230;) Somos muy estrictos con nuestra soberan\u00eda nacional\u201d, dijo en su conferencia de prensa matutina.<\/p>\n<p class=\"\">La mandataria hablaba en el marco del \u00faltimo roce con Washington, la presencia de dos agentes de la CIA en un operativo antidroga en el Estado de Chihuahua que entraron sin la autorizaci\u00f3n ni el conocimiento del Gobierno federal. <a title=\"https:\/\/elpais.com\/mexico\/2026-04-23\/la-muerte-de-dos-agentes-de-la-cia-en-mexico-enciende-la-alarma-sobre-la-injerencia-de-estados-unidos.html\" href=\"https:\/\/elpais.com\/mexico\/2026-04-23\/la-muerte-de-dos-agentes-de-la-cia-en-mexico-enciende-la-alarma-sobre-la-injerencia-de-estados-unidos.html\" target=\"_self\" rel=\"\" data-link-track-dtm=\"\" data-mrf-link=\"https:\/\/elpais.com\/mexico\/2026-04-23\/la-muerte-de-dos-agentes-de-la-cia-en-mexico-enciende-la-alarma-sobre-la-injerencia-de-estados-unidos.html\">Qu\u00e9 estaban haciendo all\u00ed con otros agentes mexicanos\u00a0<\/a>es algo que determinar\u00e1 la Fiscal\u00eda General, que ha empezado a investigar el caso.<\/p>\n<p>&nbsp;<\/p>\n<figure class=\"a_m a_m-h \">\n<p><div style=\"width: 424px\" class=\"wp-caption alignnone\"><img loading=\"lazy\" decoding=\"async\" class=\"_re lazyload a_m-h\" src=\"https:\/\/imagenes.elpais.com\/resizer\/v2\/MKHITGMPEVAI7MYE2NKHB323YI.jpg?auth=574848527fe9000af7ba4a47fb205b8830982ee106183382e9e7d1e0ae144ee1&amp;width=414\" sizes=\"auto, (min-width:1199px) 760px,(min-width:1001px) calc((100vw - 44px-11*31px)\/12*8+217), (min-width:767px) 767px, 100vw\" srcset=\"https:\/\/imagenes.elpais.com\/resizer\/v2\/MKHITGMPEVAI7MYE2NKHB323YI.jpg?auth=574848527fe9000af7ba4a47fb205b8830982ee106183382e9e7d1e0ae144ee1&amp;width=414 414w,https:\/\/imagenes.elpais.com\/resizer\/v2\/MKHITGMPEVAI7MYE2NKHB323YI.jpg?auth=574848527fe9000af7ba4a47fb205b8830982ee106183382e9e7d1e0ae144ee1&amp;width=828 640w,https:\/\/imagenes.elpais.com\/resizer\/v2\/MKHITGMPEVAI7MYE2NKHB323YI.jpg?auth=574848527fe9000af7ba4a47fb205b8830982ee106183382e9e7d1e0ae144ee1&amp;width=980 1000w,https:\/\/imagenes.elpais.com\/resizer\/v2\/MKHITGMPEVAI7MYE2NKHB323YI.jpg?auth=574848527fe9000af7ba4a47fb205b8830982ee106183382e9e7d1e0ae144ee1&amp;width=1960 1960w\" alt=\"US-Mexico relationship\" width=\"414\" height=\"277\" \/><p class=\"wp-caption-text\">Desmantelamiento del laboratorio de metanfetamina en Chihuahua. Foto Gobierno de Chihuahua<\/p><\/div><figcaption class=\"a_m_p\" aria-hidden=\"true\"><\/figcaption><\/figure>\n<p>&nbsp;<\/p>\n<p class=\"\">En el \u00faltimo a\u00f1o, con Trump en el poder, la presi\u00f3n intervencionista en todos los \u00e1mbitos hacia M\u00e9xico y otros pa\u00edses de Am\u00e9rica Latina se ha intensificado bajo la idea de cruzada contra el narcotr\u00e1fico. El presidente de Estados Unidos considera la regi\u00f3n su \u00e1mbito de influencia hegem\u00f3nica, en una renovada versi\u00f3n de la llamada<i>\u00a0doctrina Monroe.\u00a0<\/i>La lucha contra el narcotr\u00e1fico, el freno a la migraci\u00f3n y el l\u00edmite a la influencia de China en la zona\u00a0<a href=\"https:\/\/elpais.com\/us\/2026-03-07\/video-en-vivo-escudo-de-las-americas-trump-recibe-en-miami-a-12-presidentes-de-la-derecha-latinoamericana.html\" rel=\"\" data-link-track-dtm=\"\" data-mrf-link=\"https:\/\/elpais.com\/us\/2026-03-07\/video-en-vivo-escudo-de-las-americas-trump-recibe-en-miami-a-12-presidentes-de-la-derecha-latinoamericana.html\">son los pilares de su Escudo de las Am\u00e9ricas,<\/a>\u00a0la alianza que present\u00f3 hace un mes rodeado de una docena de mandatarios seguidores de esas pol\u00edticas.<\/p>\n<p class=\"\">La estrategia de M\u00e9xico para resistir el embate est\u00e1 ahora en peligro. Hasta ahora ha consistido en recurrir a\u00a0<a title=\"https:\/\/elpais.com\/mexico\/2026-04-29\/mexico-lanza-a-trump-un-mensaje-de-eficacia-con-la-detencion-del-jardinero.html\" href=\"https:\/\/elpais.com\/mexico\/2026-04-29\/mexico-lanza-a-trump-un-mensaje-de-eficacia-con-la-detencion-del-jardinero.html\" target=\"_self\" rel=\"\" data-link-track-dtm=\"\" data-mrf-link=\"https:\/\/elpais.com\/mexico\/2026-04-29\/mexico-lanza-a-trump-un-mensaje-de-eficacia-con-la-detencion-del-jardinero.html\">la idea de soberan\u00eda y en acumular resultados<\/a>\u00a0con operativos de amplio alcance contra el narco. Los dos m\u00e1s importantes en lo que va de a\u00f1o son\u00a0<a title=\"https:\/\/elpais.com\/mexico\/2026-02-22\/cae-nemesio-oseguera-el-mencho-el-narco-mas-buscado-en-un-operativo-de-seguridad.html\" href=\"https:\/\/elpais.com\/mexico\/2026-02-22\/cae-nemesio-oseguera-el-mencho-el-narco-mas-buscado-en-un-operativo-de-seguridad.html\" target=\"_self\" rel=\"\" data-link-track-dtm=\"\" data-mrf-link=\"https:\/\/elpais.com\/mexico\/2026-02-22\/cae-nemesio-oseguera-el-mencho-el-narco-mas-buscado-en-un-operativo-de-seguridad.html\">el que acab\u00f3 en febrero con El Mencho<\/a>, el sanguinario l\u00edder del C\u00e1rtel Jalisco Nueva Generaci\u00f3n, y el de este lunes, en el que se detuvo a tres presuntos narcotraficantes, entre ellos al Jardinero, un aspirante a encabezar la organizaci\u00f3n criminal de Jalisco. Las detenciones se hicieron con ayuda de inteligencia proporcionada por Estados Unidos.<\/p>\n<p class=\"\">Una de las preguntas m\u00e1s inc\u00f3modas para Sheinbaum es si no sab\u00eda nada de lo que suced\u00eda en uno de los Estados que gobierna su partido, pese a que la oposici\u00f3n hab\u00eda aireado sospechas de que el gobernador ten\u00eda v\u00ednculos con el narco en 2024. Entonces, todos los gobernadores morenistas lo arroparon y firmaron un manifiesto de apoyo. Ahora la justicia de Estados Unidos ha reunido pruebas que apuntan a la narcopol\u00edtica, aunque el Gobierno de Sheinbaum dice que no se las han mostrado todav\u00eda. \u201cM\u00e1s all\u00e1 de la presi\u00f3n de Trump, M\u00e9xico est\u00e1 en una crisis descomunal de violencia y criminalidad que se alimenta de la impunidad\u201d, sostiene L\u00f3pez Portillo. \u201cSi no se hacen grandes cambios, seguiremos siendo vulnerables a la presi\u00f3n de Estados Unidos\u201d, afirma sobre una relaci\u00f3n, ya muy desigual, puesta ahora en una situaci\u00f3n explosiva.<\/p>\n","protected":false},"excerpt":{"rendered":"<p>&nbsp; La Fiscal\u00eda del Distrito Sur de Nueva York provoca una tormenta pol\u00edtica en M\u00e9xico al acusar a Rub\u00e9n Rocha, de Morena, un senador y&hellip;<\/p>\n","protected":false},"author":99,"featured_media":543671,"comment_status":"open","ping_status":"open","sticky":false,"template":"","format":"standard","meta":{"footnotes":""},"categories":[23],"tags":[],"class_list":["post-543670","post","type-post","status-publish","format-standard","has-post-thumbnail","hentry","category-latinoamerica"],"_links":{"self":[{"href":"https:\/\/diarioelpopular.com\/index.php\/wp-json\/wp\/v2\/posts\/543670","targetHints":{"allow":["GET"]}}],"collection":[{"href":"https:\/\/diarioelpopular.com\/index.php\/wp-json\/wp\/v2\/posts"}],"about":[{"href":"https:\/\/diarioelpopular.com\/index.php\/wp-json\/wp\/v2\/types\/post"}],"author":[{"embeddable":true,"href":"https:\/\/diarioelpopular.com\/index.php\/wp-json\/wp\/v2\/users\/99"}],"replies":[{"embeddable":true,"href":"https:\/\/diarioelpopular.com\/index.php\/wp-json\/wp\/v2\/comments?post=543670"}],"version-history":[{"count":1,"href":"https:\/\/diarioelpopular.com\/index.php\/wp-json\/wp\/v2\/posts\/543670\/revisions"}],"predecessor-version":[{"id":543672,"href":"https:\/\/diarioelpopular.com\/index.php\/wp-json\/wp\/v2\/posts\/543670\/revisions\/543672"}],"wp:featuredmedia":[{"embeddable":true,"href":"https:\/\/diarioelpopular.com\/index.php\/wp-json\/wp\/v2\/media\/543671"}],"wp:attachment":[{"href":"https:\/\/diarioelpopular.com\/index.php\/wp-json\/wp\/v2\/media?parent=543670"}],"wp:term":[{"taxonomy":"category","embeddable":true,"href":"https:\/\/diarioelpopular.com\/index.php\/wp-json\/wp\/v2\/categories?post=543670"},{"taxonomy":"post_tag","embeddable":true,"href":"https:\/\/diarioelpopular.com\/index.php\/wp-json\/wp\/v2\/tags?post=543670"}],"curies":[{"name":"wp","href":"https:\/\/api.w.org\/{rel}","templated":true}]}}