{"id":543678,"date":"2026-04-30T09:49:25","date_gmt":"2026-04-30T13:49:25","guid":{"rendered":"https:\/\/diarioelpopular.com\/?p=543678"},"modified":"2026-04-30T09:49:25","modified_gmt":"2026-04-30T13:49:25","slug":"el-viaje-de-un-pueblo-indigena-a-roma-desata-la-furia-de-la-industria-del-cuero","status":"publish","type":"post","link":"https:\/\/diarioelpopular.com\/index.php\/2026\/04\/30\/el-viaje-de-un-pueblo-indigena-a-roma-desata-la-furia-de-la-industria-del-cuero\/","title":{"rendered":"El viaje de un pueblo ind\u00edgena a Roma desata la furia de la industria del cuero"},"content":{"rendered":"<div id=\"attachment_543679\" style=\"width: 1210px\" class=\"wp-caption alignnone\"><img loading=\"lazy\" decoding=\"async\" aria-describedby=\"caption-attachment-543679\" class=\"wp-image-543679 size-custom-big-size\" src=\"https:\/\/diarioelpopular.com\/wp-content\/uploads\/2026\/04\/Screen-Shot-2026-04-30-at-9.48.23-AM-1200x815.png\" alt=\"\" width=\"1200\" height=\"815\" srcset=\"https:\/\/diarioelpopular.com\/wp-content\/uploads\/2026\/04\/Screen-Shot-2026-04-30-at-9.48.23-AM-1200x815.png 1200w, https:\/\/diarioelpopular.com\/wp-content\/uploads\/2026\/04\/Screen-Shot-2026-04-30-at-9.48.23-AM-300x204.png 300w, https:\/\/diarioelpopular.com\/wp-content\/uploads\/2026\/04\/Screen-Shot-2026-04-30-at-9.48.23-AM-768x522.png 768w, https:\/\/diarioelpopular.com\/wp-content\/uploads\/2026\/04\/Screen-Shot-2026-04-30-at-9.48.23-AM-636x432.png 636w, https:\/\/diarioelpopular.com\/wp-content\/uploads\/2026\/04\/Screen-Shot-2026-04-30-at-9.48.23-AM-80x55.png 80w, https:\/\/diarioelpopular.com\/wp-content\/uploads\/2026\/04\/Screen-Shot-2026-04-30-at-9.48.23-AM-107x73.png 107w, https:\/\/diarioelpopular.com\/wp-content\/uploads\/2026\/04\/Screen-Shot-2026-04-30-at-9.48.23-AM.png 1024w\" sizes=\"auto, (max-width: 1200px) 100vw, 1200px\" \/><p id=\"caption-attachment-543679\" class=\"wp-caption-text\">L\u00edderes ind\u00edgenas ayoreo en Roma, el 24 de abril. Foto Survival<\/p><\/div>\n<p>&nbsp;<\/p>\n<p>&nbsp;<\/p>\n<ul>\n<li><em><strong>L\u00edderes ind\u00edgenas ayoreo del Gran Chaco paraguayo viajan a Italia para alertar sobre el cuero en los autos de lujo<\/strong><\/em><\/li>\n<\/ul>\n<p>&nbsp;<\/p>\n<p class=\"\">Roma ha recibido esta semana una visita in\u00e9dita que ha provocado un inesperado efecto mariposa a trav\u00e9s del oc\u00e9ano Atl\u00e1ntico.<\/p>\n<p class=\"\">Dos\u00a0<a title=\"https:\/\/elpais.com\/internacional\/2023-07-04\/la-promesa-de-gas-y-petroleo-amenaza-bosques-y-pueblos-indigenas-del-gran-chaco-paraguayo.html\" href=\"https:\/\/elpais.com\/internacional\/2023-07-04\/la-promesa-de-gas-y-petroleo-amenaza-bosques-y-pueblos-indigenas-del-gran-chaco-paraguayo.html\" target=\"_self\" rel=\"\" data-link-track-dtm=\"\" data-mrf-link=\"https:\/\/elpais.com\/internacional\/2023-07-04\/la-promesa-de-gas-y-petroleo-amenaza-bosques-y-pueblos-indigenas-del-gran-chaco-paraguayo.html\">l\u00edderes ind\u00edgenas ayoreo<\/a> han viajado desde el Gran Chaco, su bosque y el segundo m\u00e1s extenso de Am\u00e9rica del Sur, para denunciar ante el Gobierno, el Congreso y el Vaticano que lo est\u00e1n talando ilegalmente con m\u00e1quinas topadoras. Y que su pueblo, que vive dentro de este bosque paraguayo, est\u00e1 siendo desplazado. Todo por un motivo que les parece de lo m\u00e1s absurdo: fabricar cuero para marcas de autos de lujo.<\/p>\n<p class=\"\">Hace a\u00f1os que ganaderos destruyen su bosque virgen, milenario, donde viven sus familiares en aislamiento voluntario, para producir cuero. Cuero que despu\u00e9s exportaban en su mayor\u00eda a empresas italianas, que a su vez lo convierten en los cinturones, volantes y asientos de los coches de lujo de BMW, Porsche o Land Rover, denuncian los ayoreo, presentando pruebas documentadas que indican los puntos exactos donde se est\u00e1 produciendo la tala ilegal.<\/p>\n<p class=\"\">Mientras Porai Picanerai y Rosalino Darajidi Picanerai se reun\u00edan con autoridades del Vaticano, con representantes del Ministerio de Relaciones Exteriores del Gobierno italiano y con el Comit\u00e9 de Derechos Humanos de la C\u00e1mara de Diputados el efecto inesperado de su viaje estallaba r\u00e1pidamente en Paraguay.<\/p>\n<p>&nbsp;<\/p>\n<figure class=\"a_m a_m-h \">\n<p><div style=\"width: 424px\" class=\"wp-caption alignnone\"><img loading=\"lazy\" decoding=\"async\" class=\"_re lazyload a_m-h\" src=\"https:\/\/imagenes.elpais.com\/resizer\/v2\/4GV4JYIKVBEOPLY4QHO3FTMZ34.jpeg?auth=f2650238c24416fe0766872cef203f2cdc3721241e5696f2c7d165748bc231a8&amp;width=414\" sizes=\"auto, (min-width:1199px) 760px,(min-width:1001px) calc((100vw - 44px-11*31px)\/12*8+217), (min-width:767px) 767px, 100vw\" srcset=\"https:\/\/imagenes.elpais.com\/resizer\/v2\/4GV4JYIKVBEOPLY4QHO3FTMZ34.jpeg?auth=f2650238c24416fe0766872cef203f2cdc3721241e5696f2c7d165748bc231a8&amp;width=414 414w,https:\/\/imagenes.elpais.com\/resizer\/v2\/4GV4JYIKVBEOPLY4QHO3FTMZ34.jpeg?auth=f2650238c24416fe0766872cef203f2cdc3721241e5696f2c7d165748bc231a8&amp;width=828 640w,https:\/\/imagenes.elpais.com\/resizer\/v2\/4GV4JYIKVBEOPLY4QHO3FTMZ34.jpeg?auth=f2650238c24416fe0766872cef203f2cdc3721241e5696f2c7d165748bc231a8&amp;width=980 1000w,https:\/\/imagenes.elpais.com\/resizer\/v2\/4GV4JYIKVBEOPLY4QHO3FTMZ34.jpeg?auth=f2650238c24416fe0766872cef203f2cdc3721241e5696f2c7d165748bc231a8&amp;width=1960 1960w\" alt=\"\" width=\"414\" height=\"311\" \/><p class=\"wp-caption-text\">Porai Picanerai en Roma, Italia. Foto Survival<\/p><\/div><figcaption class=\"a_m_p\" aria-hidden=\"true\"><\/figcaption><\/figure>\n<p>&nbsp;<\/p>\n<p class=\"\">\u201cVinimos para defender a nuestra gente que est\u00e1 en la comunidad, en el territorio. Necesitamos ayuda de cualquier pa\u00eds que quiera ayudarnos para defender el derecho a tener tierra \u201c, declararon los l\u00edderes a su llegada a Italia, donde permanecieron desde el lunes 20 hasta el viernes 24 de abril. Una foto de ambos en la Plaza del Vaticano lleg\u00f3 a los principales diarios digitales de Paraguay junto a su versi\u00f3n de los hechos. Un peque\u00f1o aleteo de mariposa que desat\u00f3 un gran rechazo en la Administraci\u00f3n.<\/p>\n<p class=\"\">Porai Picanerai viv\u00eda en el bosque con su familia donde tej\u00edan su ropa y moldeaban sus propias ollas de barro. Cazaban jabal\u00edes, asaban tortugas y sembraban calabazas. Recorr\u00edan cientos de kil\u00f3metros a pie cada mes. A veces, buscando sal o una laguna de agua dulce, atravesaban la frontera entre Paraguay y Bolivia sin siquiera saberlo. Pero en 1986, misioneros cat\u00f3licos y evang\u00e9licos entraron en el bosque para sacarle a \u00e9l y a toda su familia a la fuerza. El secuestro fue tan violento que cuatro personas murieron en el forcejeo. Despu\u00e9s el bosque comenz\u00f3 a ser talado.<\/p>\n<p class=\"\">Como l\u00edder comunitario, Porai lleva denunciando la situaci\u00f3n y acudiendo a reuniones con el Gobierno , el Congreso y otras instituciones desde hace tres d\u00e9cadas, pero es la primera vez que lo hace en un pa\u00eds extranjero. Un gran viaje para \u00e9l que podr\u00eda haber pasado desapercibido, si no fuera por la virulenta respuesta que vino despu\u00e9s.<\/p>\n<p>&nbsp;<\/p>\n<figure class=\"a_m a_m-h \">\n<p><div style=\"width: 424px\" class=\"wp-caption alignnone\"><img loading=\"lazy\" decoding=\"async\" class=\"_re lazyload a_m-h\" src=\"https:\/\/imagenes.elpais.com\/resizer\/v2\/XWO4IFQQ3FBMFAZDALAD2APLGY.jpg?auth=0ab483efc9c39cb2ca1013d113bc62d2f9a75ffedac1c49c76780a9b83ec342a&amp;width=414\" sizes=\"auto, (min-width:1199px) 760px,(min-width:1001px) calc((100vw - 44px-11*31px)\/12*8+217), (min-width:767px) 767px, 100vw\" srcset=\"https:\/\/imagenes.elpais.com\/resizer\/v2\/XWO4IFQQ3FBMFAZDALAD2APLGY.jpg?auth=0ab483efc9c39cb2ca1013d113bc62d2f9a75ffedac1c49c76780a9b83ec342a&amp;width=414 414w,https:\/\/imagenes.elpais.com\/resizer\/v2\/XWO4IFQQ3FBMFAZDALAD2APLGY.jpg?auth=0ab483efc9c39cb2ca1013d113bc62d2f9a75ffedac1c49c76780a9b83ec342a&amp;width=828 640w,https:\/\/imagenes.elpais.com\/resizer\/v2\/XWO4IFQQ3FBMFAZDALAD2APLGY.jpg?auth=0ab483efc9c39cb2ca1013d113bc62d2f9a75ffedac1c49c76780a9b83ec342a&amp;width=980 1000w,https:\/\/imagenes.elpais.com\/resizer\/v2\/XWO4IFQQ3FBMFAZDALAD2APLGY.jpg?auth=0ab483efc9c39cb2ca1013d113bc62d2f9a75ffedac1c49c76780a9b83ec342a&amp;width=1960 1960w\" alt=\"\" width=\"414\" height=\"277\" \/><p class=\"wp-caption-text\">Miembros del pueblo ind\u00edgena ayoreo en Paraguay, en septiembre de 2014. Foto Santi Carneri<\/p><\/div><figcaption class=\"a_m_p\" aria-hidden=\"true\"><\/figcaption><\/figure>\n<p>&nbsp;<\/p>\n<p class=\"\">Primero, la embajada paraguaya en Roma rechaz\u00f3 recibirles; segundo, la C\u00e1mara Paraguaya del Cuero llam\u00f3 a los principales medios de comunicaci\u00f3n locales para atacar a los ind\u00edgenas y a las organizaciones que les apoyan con asesoramiento t\u00e9cnico y legal. Neg\u00e1ndolo todo y despreciando a sus compatriotas ind\u00edgenas a los que acusan de mentir.<\/p>\n<p class=\"\">Tercero, y pese a que la tala en territorio ayoreo totobiegosode va en contra de la ley y de una medida cautelar de la Comisi\u00f3n Interamericana de Derechos Humanos, el Gobierno dedic\u00f3 su tiempo a defender a las empresas, desconociendo las negligencias del Ministerio del Medio Ambiente y el Instituto Forestal de Paraguay, que ha otorgado licencias en tierras de los ayoreo, como han comprobado organizaciones de su propio pa\u00eds como Iniciativa Amotocodie.<\/p>\n<p class=\"\">La lucha pol\u00edtica y judicial de este pueblo ind\u00edgena integrado por unas 7.000 personas entre Paraguay y Bolivia ha logrado preservar cientos de miles de hect\u00e1reas de bosques en las \u00faltimas d\u00e9cadas. Pero sus l\u00edderes, abogados y decenas de organizaciones nacionales e internacionales denuncian que la invasi\u00f3n ilegal por parte de ganaderos contin\u00faa impunemente ante la corrupci\u00f3n rampante de las autoridades locales.<\/p>\n<p>&nbsp;<\/p>\n<figure class=\"a_m a_m-h \">\n<p><div style=\"width: 424px\" class=\"wp-caption alignnone\"><img loading=\"lazy\" decoding=\"async\" class=\"_re lazyload a_m-h\" src=\"https:\/\/imagenes.elpais.com\/resizer\/v2\/CUYNP4PUI5CBPMXOM5JFJ3GADA.JPG?auth=92bc53f59a847c525404af3a08d2d371d5f88014789a8bdb8e8534ebe0d5b619&amp;width=414\" sizes=\"auto, (min-width:1199px) 760px,(min-width:1001px) calc((100vw - 44px-11*31px)\/12*8+217), (min-width:767px) 767px, 100vw\" srcset=\"https:\/\/imagenes.elpais.com\/resizer\/v2\/CUYNP4PUI5CBPMXOM5JFJ3GADA.JPG?auth=92bc53f59a847c525404af3a08d2d371d5f88014789a8bdb8e8534ebe0d5b619&amp;width=414 414w,https:\/\/imagenes.elpais.com\/resizer\/v2\/CUYNP4PUI5CBPMXOM5JFJ3GADA.JPG?auth=92bc53f59a847c525404af3a08d2d371d5f88014789a8bdb8e8534ebe0d5b619&amp;width=828 640w,https:\/\/imagenes.elpais.com\/resizer\/v2\/CUYNP4PUI5CBPMXOM5JFJ3GADA.JPG?auth=92bc53f59a847c525404af3a08d2d371d5f88014789a8bdb8e8534ebe0d5b619&amp;width=980 1000w,https:\/\/imagenes.elpais.com\/resizer\/v2\/CUYNP4PUI5CBPMXOM5JFJ3GADA.JPG?auth=92bc53f59a847c525404af3a08d2d371d5f88014789a8bdb8e8534ebe0d5b619&amp;width=1960 1960w\" alt=\"\" width=\"414\" height=\"276\" \/><p class=\"wp-caption-text\">Pieles de animales producidas en Santa Elisa (Paraguay).\u00a0 \u00a0 \u00a0 \u00a0 \u00a0 \u00a0Foto Santi Carneri<\/p><\/div><figcaption class=\"a_m_p\" aria-hidden=\"true\"><\/figcaption><\/figure>\n<h2 class=\"\">\u00bfDe d\u00f3nde viene el cuero de los autos de lujo?<\/h2>\n<p class=\"\">El v\u00ednculo entre el cuero utilizado en la industria automovil\u00edstica y la destrucci\u00f3n ilegal del bosque de los ayoreo fue demostrado en 2021, en una investigaci\u00f3n de la ONG Earthsight y llevado en forma de denuncia formal ante la OCDE por la ong inglesa Survival.<\/p>\n<p class=\"\">En dos informes, Grand Theft Chaco I y Grand Theft Chaco II, Earthsight revel\u00f3 que casi dos tercios de las pieles exportadas desde Paraguay van a parar a empresas italianas, principalmente a la curtidur\u00eda italiana Pasubio, cuyos ingresos anuales de 313 millones de euros dependen en un 90% de la industria del autom\u00f3vil.<\/p>\n<p class=\"\">Tras las denuncias, en 2023, Pasubio, una de las empresas l\u00edderes de su sector, anunci\u00f3 la decisi\u00f3n de abstenerse de comprar cuero \u201ca proveedores cuyas actividades amenacen directa o indirectamente los bosques habitados por ind\u00edgenas no contactados del Pueblo Ayoreo en Paraguay\u201d.<\/p>\n<p class=\"\">Adem\u00e1s, la visita a Italia de los Picanerai se produce en un momento especialmente delicado. Antes de que finalice abril, la Comisi\u00f3n Europea revisar\u00e1 el\u00a0<a title=\"https:\/\/elpais.com\/america-futura\/2024-03-20\/la-ue-llega-a-sudamerica-para-calmar-los-animos-ante-la-controvertida-ley-antideforestacion.html\" href=\"https:\/\/elpais.com\/america-futura\/2024-03-20\/la-ue-llega-a-sudamerica-para-calmar-los-animos-ante-la-controvertida-ley-antideforestacion.html\" target=\"_blank\" rel=\"noopener noreferrer\" data-link-track-dtm=\"\" data-mrf-link=\"https:\/\/elpais.com\/america-futura\/2024-03-20\/la-ue-llega-a-sudamerica-para-calmar-los-animos-ante-la-controvertida-ley-antideforestacion.html\">Reglamento de la UE sobre deforestaci\u00f3n (EUDR)<\/a>, una normativa que exige un seguimiento exhaustivo de las materias primas vinculadas al riesgo de deforestaci\u00f3n a lo largo de toda la cadena de suministro. En este contexto, la industria del cuero italiana ha intensificado sus esfuerzos para lograr que el cuero quede fuera de la lista de productos sujetos a estas exigencias.<\/p>\n<p class=\"\">\u201cEs una pena lo que est\u00e1 sucediendo, es una distorsi\u00f3n total de la realidad que vivimos ac\u00e1 en Paraguay. Estas ONG se pasan escribiendo art\u00edculos como si fuera que ellos conocen el Chaco paraguayo, la forma de trabajo del Paraguay\u201d, declar\u00f3 Marco Riquelme, ministro de Industria y Comercio en una radio local.<\/p>\n<p class=\"\">Su Gobierno y la C\u00e1mara Paraguaya del Cuero defienden que s\u00ed existe un sistema de trazabilidad, aunque reconoce que hace poco tiempo. El\u00a0<i>lobby\u00a0<\/i>ganadero asegura que recientemente lanzaron el sistema RETSA, la red de trazabilidad socioambiental donde los establecimientos ganaderos podr\u00e1n vincular su establecimiento en el futuro.<\/p>\n<p>&nbsp;<\/p>\n<figure class=\"a_m a_m-h \">\n<p><div style=\"width: 424px\" class=\"wp-caption alignnone\"><img loading=\"lazy\" decoding=\"async\" class=\"_re lazyload a_m-h\" src=\"https:\/\/imagenes.elpais.com\/resizer\/v2\/LIEZRESGZ5HBVOZ7PNAPFIZUFM.jpeg?auth=f5c026dcb0ec8af37daec2b79e676c4208d5ee4f3aeba0f651e2a18c8396eb58&amp;width=414\" sizes=\"auto, (min-width:1199px) 760px,(min-width:1001px) calc((100vw - 44px-11*31px)\/12*8+217), (min-width:767px) 767px, 100vw\" srcset=\"https:\/\/imagenes.elpais.com\/resizer\/v2\/LIEZRESGZ5HBVOZ7PNAPFIZUFM.jpeg?auth=f5c026dcb0ec8af37daec2b79e676c4208d5ee4f3aeba0f651e2a18c8396eb58&amp;width=414 414w,https:\/\/imagenes.elpais.com\/resizer\/v2\/LIEZRESGZ5HBVOZ7PNAPFIZUFM.jpeg?auth=f5c026dcb0ec8af37daec2b79e676c4208d5ee4f3aeba0f651e2a18c8396eb58&amp;width=828 640w,https:\/\/imagenes.elpais.com\/resizer\/v2\/LIEZRESGZ5HBVOZ7PNAPFIZUFM.jpeg?auth=f5c026dcb0ec8af37daec2b79e676c4208d5ee4f3aeba0f651e2a18c8396eb58&amp;width=980 1000w,https:\/\/imagenes.elpais.com\/resizer\/v2\/LIEZRESGZ5HBVOZ7PNAPFIZUFM.jpeg?auth=f5c026dcb0ec8af37daec2b79e676c4208d5ee4f3aeba0f651e2a18c8396eb58&amp;width=1960 1960w\" alt=\"\" width=\"414\" height=\"311\" \/><p class=\"wp-caption-text\">Porai Picanerai ofrece una entrevista a los medios de comunicaci\u00f3n en Roma, Italia. Foto Survival<\/p><\/div><figcaption class=\"a_m_p\" aria-hidden=\"true\"><\/figcaption><\/figure>\n<p>&nbsp;<\/p>\n<p class=\"\">\u201cLo que estamos pidiendo a Italia es que se aseguren de que el cuero que compran de Paraguay no\u00a0<a title=\"https:\/\/elpais.com\/america\/2026-03-14\/los-pueblos-indigenas-de-paraguay-denuncian-abandono-mientras-el-gobierno-recibe-a-inversores-extranjeros.html\" href=\"https:\/\/elpais.com\/america\/2026-03-14\/los-pueblos-indigenas-de-paraguay-denuncian-abandono-mientras-el-gobierno-recibe-a-inversores-extranjeros.html\" target=\"_blank\" rel=\"noopener noreferrer\" data-link-track-dtm=\"\" data-mrf-link=\"https:\/\/elpais.com\/america\/2026-03-14\/los-pueblos-indigenas-de-paraguay-denuncian-abandono-mientras-el-gobierno-recibe-a-inversores-extranjeros.html\">est\u00e9 vinculado a la deforestaci\u00f3n del territorio ayoreo<\/a>. Actualmente no existe en el pa\u00eds un sistema fiable de trazabilidad por geolocalizaci\u00f3n de las vacas desde su origen hasta el matadero, ni despu\u00e9s hasta los destinos de exportaci\u00f3n. Esto quiere decir que actualmente los compradores de cuero y carne de vaca local no pueden estar seguros de si su cuero est\u00e1 libre de deforestaci\u00f3n y sufrimiento de los ayoreo\u201d, declar\u00f3 a Am\u00e9rica Futura la investigadora de la ONG Survival, Teresa Mayo.<\/p>\n<p class=\"\">Seg\u00fan Mayo, el pedido de Survival \u201cno es contra el cuero, es contra la deforestaci\u00f3n flagrante del Chaco, de los territorios ind\u00edgenas, de su bosque ind\u00edgena, del que ellos y sus familiares en aislamiento dependen para sobrevivir\u201d.<\/p>\n<p class=\"\">Aproximadamente el 2,5% de la poblaci\u00f3n de Paraguay tiene el 85% de la superficie cultivable del pa\u00eds y, en el Chaco, esa desigualdad se hace m\u00e1s expl\u00edcita. La mayor\u00eda de esos latifundistas de Paraguay son funcionarios y militares de la dictadura m\u00e1s larga de Am\u00e9rica del Sur, la de Alfredo Stroessner (1954-1989), que robaron y se repartieron en esa \u00e9poca entre 8 y 22 millones de hect\u00e1reas (tres veces el tama\u00f1o de Panam\u00e1) que pertenec\u00edan a pueblos ind\u00edgenas, a cooperativas campesinas y a opositores. De aquellos barros, estos lodos. Refr\u00e1n perfecto para ilustrar el Chaco, sus fuertes lluvias y su falta de infraestructura.<\/p>\n<p>&nbsp;<\/p>\n<figure class=\"a_m a_m-h \">\n<p><div style=\"width: 424px\" class=\"wp-caption alignnone\"><img loading=\"lazy\" decoding=\"async\" class=\"_re lazyload a_m-h\" src=\"https:\/\/imagenes.elpais.com\/resizer\/v2\/2KDAO4GG2NEOJEIKNUTIBXDLOM.JPG?auth=cab1141efd33e4437bc2dbebcce62c6e46e76239516a73c4f87be7af3bea50d0&amp;width=414\" sizes=\"auto, (min-width:1199px) 760px,(min-width:1001px) calc((100vw - 44px-11*31px)\/12*8+217), (min-width:767px) 767px, 100vw\" srcset=\"https:\/\/imagenes.elpais.com\/resizer\/v2\/2KDAO4GG2NEOJEIKNUTIBXDLOM.JPG?auth=cab1141efd33e4437bc2dbebcce62c6e46e76239516a73c4f87be7af3bea50d0&amp;width=414 414w,https:\/\/imagenes.elpais.com\/resizer\/v2\/2KDAO4GG2NEOJEIKNUTIBXDLOM.JPG?auth=cab1141efd33e4437bc2dbebcce62c6e46e76239516a73c4f87be7af3bea50d0&amp;width=828 640w,https:\/\/imagenes.elpais.com\/resizer\/v2\/2KDAO4GG2NEOJEIKNUTIBXDLOM.JPG?auth=cab1141efd33e4437bc2dbebcce62c6e46e76239516a73c4f87be7af3bea50d0&amp;width=980 1000w,https:\/\/imagenes.elpais.com\/resizer\/v2\/2KDAO4GG2NEOJEIKNUTIBXDLOM.JPG?auth=cab1141efd33e4437bc2dbebcce62c6e46e76239516a73c4f87be7af3bea50d0&amp;width=1960 1960w\" alt=\"\" width=\"414\" height=\"277\" \/><p class=\"wp-caption-text\">Deforestaci\u00f3n en el Chaco paraguayo. Foto Santi Carneri<\/p><\/div><figcaption class=\"a_m_p\" aria-hidden=\"true\"><\/figcaption><\/figure>\n<p>&nbsp;<\/p>\n<p class=\"\">Entre 2022 y 2025, seis empresas han sido registradas deforestando en territorio ayoreo de Paraguay, seg\u00fan el monitoreo de la organizaci\u00f3n paraguaya Iniciativa Amotocodie. Un total de 4.948 hect\u00e1reas. El tama\u00f1o de ciudades como Cambridge o Bilbao.<\/p>\n<p class=\"\">Todas las superficies fueron invadidas y deforestadas dentro del Patrimonio Natural y Cultural Ayoreo Totobiegosode, uno de los \u00faltimos pulmones verdes que le quedan a Paraguay.<\/p>\n","protected":false},"excerpt":{"rendered":"<p>&nbsp; &nbsp; L\u00edderes ind\u00edgenas ayoreo del Gran Chaco paraguayo viajan a Italia para alertar sobre el cuero en los autos de lujo &nbsp; Roma ha&hellip;<\/p>\n","protected":false},"author":99,"featured_media":543679,"comment_status":"open","ping_status":"open","sticky":false,"template":"","format":"standard","meta":{"footnotes":""},"categories":[23,11354],"tags":[],"class_list":["post-543678","post","type-post","status-publish","format-standard","has-post-thumbnail","hentry","category-latinoamerica","category-sucesos"],"_links":{"self":[{"href":"https:\/\/diarioelpopular.com\/index.php\/wp-json\/wp\/v2\/posts\/543678","targetHints":{"allow":["GET"]}}],"collection":[{"href":"https:\/\/diarioelpopular.com\/index.php\/wp-json\/wp\/v2\/posts"}],"about":[{"href":"https:\/\/diarioelpopular.com\/index.php\/wp-json\/wp\/v2\/types\/post"}],"author":[{"embeddable":true,"href":"https:\/\/diarioelpopular.com\/index.php\/wp-json\/wp\/v2\/users\/99"}],"replies":[{"embeddable":true,"href":"https:\/\/diarioelpopular.com\/index.php\/wp-json\/wp\/v2\/comments?post=543678"}],"version-history":[{"count":1,"href":"https:\/\/diarioelpopular.com\/index.php\/wp-json\/wp\/v2\/posts\/543678\/revisions"}],"predecessor-version":[{"id":543680,"href":"https:\/\/diarioelpopular.com\/index.php\/wp-json\/wp\/v2\/posts\/543678\/revisions\/543680"}],"wp:featuredmedia":[{"embeddable":true,"href":"https:\/\/diarioelpopular.com\/index.php\/wp-json\/wp\/v2\/media\/543679"}],"wp:attachment":[{"href":"https:\/\/diarioelpopular.com\/index.php\/wp-json\/wp\/v2\/media?parent=543678"}],"wp:term":[{"taxonomy":"category","embeddable":true,"href":"https:\/\/diarioelpopular.com\/index.php\/wp-json\/wp\/v2\/categories?post=543678"},{"taxonomy":"post_tag","embeddable":true,"href":"https:\/\/diarioelpopular.com\/index.php\/wp-json\/wp\/v2\/tags?post=543678"}],"curies":[{"name":"wp","href":"https:\/\/api.w.org\/{rel}","templated":true}]}}