{"id":543682,"date":"2026-04-30T10:01:55","date_gmt":"2026-04-30T14:01:55","guid":{"rendered":"https:\/\/diarioelpopular.com\/?p=543682"},"modified":"2026-04-30T10:01:55","modified_gmt":"2026-04-30T14:01:55","slug":"iran-abandono-el-congreso-de-la-fifa-tras-recibir-insultos-en-el-aeropuerto-de-toronto","status":"publish","type":"post","link":"https:\/\/diarioelpopular.com\/index.php\/2026\/04\/30\/iran-abandono-el-congreso-de-la-fifa-tras-recibir-insultos-en-el-aeropuerto-de-toronto\/","title":{"rendered":"Ir\u00e1n abandon\u00f3 el Congreso de la Fifa tras recibir \u201cinsultos\u201d en el aeropuerto de Toronto"},"content":{"rendered":"<p><img loading=\"lazy\" decoding=\"async\" class=\"alignnone size-custom-big-size wp-image-543683\" src=\"https:\/\/diarioelpopular.com\/wp-content\/uploads\/2026\/04\/Screen-Shot-2026-04-30-at-9.56.40-AM-1200x874.png\" alt=\"\" width=\"1200\" height=\"874\" srcset=\"https:\/\/diarioelpopular.com\/wp-content\/uploads\/2026\/04\/Screen-Shot-2026-04-30-at-9.56.40-AM-1200x874.png 1200w, https:\/\/diarioelpopular.com\/wp-content\/uploads\/2026\/04\/Screen-Shot-2026-04-30-at-9.56.40-AM-300x219.png 300w, https:\/\/diarioelpopular.com\/wp-content\/uploads\/2026\/04\/Screen-Shot-2026-04-30-at-9.56.40-AM-768x559.png 768w, https:\/\/diarioelpopular.com\/wp-content\/uploads\/2026\/04\/Screen-Shot-2026-04-30-at-9.56.40-AM-636x463.png 636w, https:\/\/diarioelpopular.com\/wp-content\/uploads\/2026\/04\/Screen-Shot-2026-04-30-at-9.56.40-AM-100x73.png 100w, https:\/\/diarioelpopular.com\/wp-content\/uploads\/2026\/04\/Screen-Shot-2026-04-30-at-9.56.40-AM.png 1024w\" sizes=\"auto, (max-width: 1200px) 100vw, 1200px\" \/><\/p>\n<p>&nbsp;<\/p>\n<p>&nbsp;<\/p>\n<div id=\"\" class=\"portlet-boundary portlet-static-end content-viewer-portlet last full-access norestricted\">\n<div class=\"ecr_articulo_titulo_multimedia art_36010412\" data-gtm-vis-recent-on-screen1871931_550=\"35\" data-gtm-vis-first-on-screen1871931_550=\"35\" data-gtm-vis-total-visible-time1871931_550=\"100\" data-gtm-vis-has-fired1871931_550=\"1\">\n<div class=\"block-headline\">\n<ul>\n<li class=\"lead cita\" data-mrf-recirculation=\"Article - enlaces p\u00e1rrafos\"><em><strong>La delegaci\u00f3n iran\u00ed abandon\u00f3 Canad\u00e1 denunciando diferentes \u201cinsultos\u201d en migraci\u00f3n, reviviendo la tensi\u00f3n por la designaci\u00f3n de los Guardianes de la Revoluci\u00f3n como grupo terrorista en suelo canadiense<\/strong><\/em><\/li>\n<\/ul>\n<p>&nbsp;<\/p>\n<ul>\n<li class=\"lead cita\" data-mrf-recirculation=\"Article - enlaces p\u00e1rrafos\">Los dirigentes de la Federaci\u00f3n Iran\u00ed de F\u00fatbol cancelaron este mi\u00e9rcoles 29 de abril su participaci\u00f3n en el Congreso de la Fifa en Vancouver, el \u00faltimo antes del comienzo del Mundial de Norteam\u00e9rica 2026, por unos \u201cinsultos\u201d proferidos por un polic\u00eda de inmigraci\u00f3n en el aeropuerto de Toronto.<br \/>\n<figure class=\"imagen-noticia\"><\/figure>\n<\/li>\n<\/ul>\n<\/div>\n<div class=\"block-image\">\n<div class=\"multimediaMacroWrapper\">\n<div class=\"slick-list draggable\">\n<div class=\"slick-track\">\n<div class=\"slick-slide slick-cloned\" tabindex=\"-1\" data-slick-index=\"-1\" aria-hidden=\"true\">\n<div><\/div>\n<\/div>\n<\/div>\n<\/div>\n<\/div>\n<\/div>\n<\/div>\n<\/div>\n<div id=\"\" class=\"portlet-boundary portlet-static-end htmlcontainer-portlet\">\n<div id=\"powerbeans-widget\" class=\"pb-tw light\" data-current-content=\"https:\/\/www.elcolombiano.com\/deportes\/futbol\/escandalo-canada-iran-abandona-congreso-fifa-insultos-aeropuerto-toronto-HE36010412\" data-should-refetch=\"false\" data-refetching=\"false\" data-mounted=\"true\" data-fetched=\"true\">\n<div class=\"App !beans-px-[16px] !beans-pt-[12px] !beans-pb-[8px] beans-bg-primary beans-relative beans-flex beans-justify-around beans-flex-row beans-items-center beans-rounded-xl beans-py-1 beans-px-3 beans-drop-shadow-md\">\n<div id=\"powerbeans-player-container\" class=\"beans-w-full beans-h-[auto] beans-z-[6] beans-bottom-0 beans-left-0 beans-relative\" role=\"region\" aria-label=\"Escuchar el resumen del articulo\">\n<div class=\"beans-flex beans-flex-col !beans-w-full\">\n<div class=\"beans-flex beans-flex-col\">\n<div class=\"beans-flex beans-grow\">\n<div class=\"beans-relative beans-flex beans-mr-[12px]\">\n<div>\n<p data-mrf-recirculation=\"Article - enlaces p\u00e1rrafos\">El presunto incidente es el m\u00e1s reciente hecho que ensombrece el camino de la selecci\u00f3n iran\u00ed hacia la Copa del Mundo, que se jugar\u00e1 del 11 de junio al 19 de julio, tras la guerra en Oriente Medio que ha enfrentado principalmente a Ir\u00e1n con Estados Unidos e Israel desde finales de febrero.<\/p>\n<p data-mrf-recirculation=\"Article - enlaces p\u00e1rrafos\">El presidente y el secretario general de la Federaci\u00f3n Iran\u00ed viajaron al Congreso de la Fifa en Canad\u00e1 con \u201cvisados oficiales\u201d, seg\u00fan un comunicado de la organizaci\u00f3n recogido por las agencias de prensa de la naci\u00f3n asi\u00e1tica.<\/p>\n<p data-mrf-recirculation=\"Article - enlaces p\u00e1rrafos\">Decidieron \u201cvolver a Turqu\u00eda en el primer vuelo disponible por el comportamiento inapropiado de los agentes de inmigraci\u00f3n en el aeropuerto y el insulto a uno de los \u00f3rganos m\u00e1s honorables de las fuerzas armadas iran\u00edes\u201d, reza la nota, que no da m\u00e1s precisiones.<\/p>\n<p data-mrf-recirculation=\"Article - enlaces p\u00e1rrafos\">En 2024, Canad\u00e1 clasific\u00f3 a los Guardianes de la Revoluci\u00f3n isl\u00e1mica de Ir\u00e1n como grupo terrorista, una designaci\u00f3n que proh\u00edbe a sus miembros la entrada en su territorio. El pa\u00eds es una de las tres sedes de la cita m\u00e1xima del f\u00fatbol junto a Estados Unidos y M\u00e9xico.<\/p>\n<p data-mrf-recirculation=\"Article - enlaces p\u00e1rrafos\">El presidente de la Federaci\u00f3n Iran\u00ed de F\u00fatbol, Mehdi Taj, es un antiguo miembro de los Guardianes de la Revoluci\u00f3n. En diciembre no hab\u00eda obtenido visado por parte de Estados Unidos para estar presente en el sorteo del Mundial 2026, que se realiz\u00f3 en Washington con la presencia de Donald Trump.<\/p>\n<p data-mrf-recirculation=\"Article - enlaces p\u00e1rrafos\">\u201cLos funcionarios de los Guardianes de la Revoluci\u00f3n isl\u00e1mica iran\u00ed no tienen cabida en Canad\u00e1\u201d, dijo este mi\u00e9rcoles la oficina de Inmigraci\u00f3n, Refugiados y Ciudadan\u00eda de Canad\u00e1, que no obstante se\u00f1al\u00f3 que no pod\u00eda comentar casos concretos debido a la privacidad.<\/p>\n<h4 class=\"Entretitulo\"><em>La Fifa da por hecho la presencia de Ir\u00e1n en la cita orbital, pero existe una \u201cduda mundialista\u201d, \u00bfcu\u00e1l es?<\/em><\/h4>\n<div class=\"paragraph\">\n<p data-mrf-recirculation=\"Article - enlaces p\u00e1rrafos\">El comunicado de la Federaci\u00f3n Iran\u00ed de F\u00fatbol se\u00f1al\u00f3 igualmente que despu\u00e9s del supuesto incidente en el aeropuerto de Toronto estuvo en contacto con responsables de la Fifa, que habr\u00edan lamentado lo ocurrido.<\/p>\n<p data-mrf-recirculation=\"Article - enlaces p\u00e1rrafos\">El organismo rector del balompi\u00e9 no se ha pronunciado p\u00fablicamente sobre las denuncias de la delegaci\u00f3n iran\u00ed. La Fifa no respondi\u00f3 a una consulta\u00a0sobre el tema.<\/p>\n<p data-mrf-recirculation=\"Article - enlaces p\u00e1rrafos\">Vancouver recibe este jueves 30 de abril el Congreso de la Fifa, que se centra en los preparativos finales para la realizaci\u00f3n del evento futbol\u00edstico en Norteam\u00e9rica.<\/p>\n<p data-mrf-recirculation=\"Article - enlaces p\u00e1rrafos\">Tras el comienzo del conflicto b\u00e9lico en Oriente Medio, la presencia de Ir\u00e1n en el Mundial 2026 ha estado en entredicho, especialmente porque su selecci\u00f3n disputar\u00e1 los tres partidos de la fase de grupos en territorio estadounidense.<\/p>\n<p data-mrf-recirculation=\"Article - enlaces p\u00e1rrafos\">Estados Unidos ha dicho que no pretende excluir a los jugadores iran\u00edes del certamen, seg\u00fan dijo recientemente su secretario de Estado, Marco Rubio.<\/p>\n<p data-mrf-recirculation=\"Article - enlaces p\u00e1rrafos\">Sin embargo, expres\u00f3 sus reservas sobre las personas susceptibles de acompa\u00f1ar al equipo, \u201calgunas de ellas con lazos con los Guardianes de la Revoluci\u00f3n isl\u00e1mica\u201d. La Fifa da por hecho la presencia del combinado iran\u00ed en la Copa del Mundo, la primera que se jugar\u00e1 en tres pa\u00edses y con 48 selecciones.<\/p>\n<p data-mrf-recirculation=\"Article - enlaces p\u00e1rrafos\">\u201cIr\u00e1n vendr\u00e1, sin duda\u201d, afirm\u00f3 el presidente de la Fifa, Gianni Infantino, durante un foro organizado por el canal de televisi\u00f3n\u00a0<i>CNBC<\/i>\u00a0en Washington en abril. \u201cEsperamos que en ese momento (el inicio del Mundial), la situaci\u00f3n sea una situaci\u00f3n pac\u00edfica, lo que realmente ayudar\u00eda\u201d.<\/p>\n<p data-mrf-recirculation=\"Article - enlaces p\u00e1rrafos\">Ir\u00e1n debe disputar dos de sus partidos del Grupo G del Mundial en Los \u00c1ngeles, contra Nueva Zelanda el 15 de junio y ante B\u00e9lgica el 21 del mismo mes. Luego viajar\u00e1 a Seattle para chocar con Egipto el 26 de junio. Se prev\u00e9 que su campamento base est\u00e9 ubicado en Tucson, Arizona.<\/p>\n<\/div>\n<\/div>\n<\/div>\n<\/div>\n<\/div>\n<\/div>\n<\/div>\n<\/div>\n<\/div>\n<\/div>\n","protected":false},"excerpt":{"rendered":"<p>&nbsp; &nbsp; La delegaci\u00f3n iran\u00ed abandon\u00f3 Canad\u00e1 denunciando diferentes \u201cinsultos\u201d en migraci\u00f3n, reviviendo la tensi\u00f3n por la designaci\u00f3n de los Guardianes de la Revoluci\u00f3n como&hellip;<\/p>\n","protected":false},"author":99,"featured_media":543683,"comment_status":"open","ping_status":"open","sticky":false,"template":"","format":"standard","meta":{"footnotes":""},"categories":[21],"tags":[],"class_list":["post-543682","post","type-post","status-publish","format-standard","has-post-thumbnail","hentry","category-canada"],"_links":{"self":[{"href":"https:\/\/diarioelpopular.com\/index.php\/wp-json\/wp\/v2\/posts\/543682","targetHints":{"allow":["GET"]}}],"collection":[{"href":"https:\/\/diarioelpopular.com\/index.php\/wp-json\/wp\/v2\/posts"}],"about":[{"href":"https:\/\/diarioelpopular.com\/index.php\/wp-json\/wp\/v2\/types\/post"}],"author":[{"embeddable":true,"href":"https:\/\/diarioelpopular.com\/index.php\/wp-json\/wp\/v2\/users\/99"}],"replies":[{"embeddable":true,"href":"https:\/\/diarioelpopular.com\/index.php\/wp-json\/wp\/v2\/comments?post=543682"}],"version-history":[{"count":1,"href":"https:\/\/diarioelpopular.com\/index.php\/wp-json\/wp\/v2\/posts\/543682\/revisions"}],"predecessor-version":[{"id":543684,"href":"https:\/\/diarioelpopular.com\/index.php\/wp-json\/wp\/v2\/posts\/543682\/revisions\/543684"}],"wp:featuredmedia":[{"embeddable":true,"href":"https:\/\/diarioelpopular.com\/index.php\/wp-json\/wp\/v2\/media\/543683"}],"wp:attachment":[{"href":"https:\/\/diarioelpopular.com\/index.php\/wp-json\/wp\/v2\/media?parent=543682"}],"wp:term":[{"taxonomy":"category","embeddable":true,"href":"https:\/\/diarioelpopular.com\/index.php\/wp-json\/wp\/v2\/categories?post=543682"},{"taxonomy":"post_tag","embeddable":true,"href":"https:\/\/diarioelpopular.com\/index.php\/wp-json\/wp\/v2\/tags?post=543682"}],"curies":[{"name":"wp","href":"https:\/\/api.w.org\/{rel}","templated":true}]}}