{"id":543688,"date":"2026-05-01T07:57:32","date_gmt":"2026-05-01T11:57:32","guid":{"rendered":"https:\/\/diarioelpopular.com\/?p=543688"},"modified":"2026-05-01T07:57:32","modified_gmt":"2026-05-01T11:57:32","slug":"los-refugiados-ahora-deben-pagar-de-su-bolsillo-parte-de-sus-gastos-medicos","status":"publish","type":"post","link":"https:\/\/diarioelpopular.com\/index.php\/2026\/05\/01\/los-refugiados-ahora-deben-pagar-de-su-bolsillo-parte-de-sus-gastos-medicos\/","title":{"rendered":"Los refugiados ahora deben pagar de su bolsillo parte de sus gastos m\u00e9dicos"},"content":{"rendered":"<p><img loading=\"lazy\" decoding=\"async\" class=\"alignnone size-custom-full-size wp-image-543689\" src=\"https:\/\/diarioelpopular.com\/wp-content\/uploads\/2026\/05\/Screen-Shot-2026-05-01-at-7.56.56-AM-636x592.png\" alt=\"\" width=\"636\" height=\"592\" srcset=\"https:\/\/diarioelpopular.com\/wp-content\/uploads\/2026\/05\/Screen-Shot-2026-05-01-at-7.56.56-AM-636x592.png 636w, https:\/\/diarioelpopular.com\/wp-content\/uploads\/2026\/05\/Screen-Shot-2026-05-01-at-7.56.56-AM-300x279.png 300w, https:\/\/diarioelpopular.com\/wp-content\/uploads\/2026\/05\/Screen-Shot-2026-05-01-at-7.56.56-AM-78x73.png 78w, https:\/\/diarioelpopular.com\/wp-content\/uploads\/2026\/05\/Screen-Shot-2026-05-01-at-7.56.56-AM.png 758w\" sizes=\"auto, (max-width: 636px) 100vw, 636px\" \/><\/p>\n<p>&nbsp;<\/p>\n<ul>\n<li><em><strong>Los refugiados ahora deben pagar de su bolsillo parte de sus recetas de medicamentos, terapia psicol\u00f3gica, servicios dentales, atenci\u00f3n oftalmol\u00f3gica y equipos m\u00e9dicos, incluidas sillas de ruedas, debido a los cambios en un programa federal que entran en vigor.<\/strong><\/em><\/li>\n<\/ul>\n<p>&nbsp;<\/p>\n<p>Durante d\u00e9cadas, el Programa Federal Provisional de Salud de Canad\u00e1 ha brindado cobertura m\u00e9dica completa a refugiados y solicitantes de asilo hasta que cumplen con los requisitos para los planes y beneficios de salud provinciales.<\/p>\n<p>Pero a partir de este viernes, deber\u00e1n pagar $4 por cada receta y el 30% del costo de los productos y servicios de salud complementarios.<\/p>\n<p>M\u00e1s de una docena de organizaciones m\u00e9dicas, de enfermer\u00eda, de trabajo social y de refugiados, incluidas la Asociaci\u00f3n M\u00e9dica Canadiense, la Sociedad Canadiense de Pediatr\u00eda, la Asociaci\u00f3n Canadiense de Psiquiatr\u00eda y la Asociaci\u00f3n Canadiense de Enfermeras, han advertido que los refugiados no pueden afrontar estos copagos y que su salud f\u00edsica y mental se ver\u00e1 afectada.<\/p>\n<p>Tambi\u00e9n afirman que los cambios terminar\u00e1n costando caro al sistema de salud, ya que las personas que no puedan costear sus medicamentos o servicios de salud mental empeorar\u00e1n y terminar\u00e1n en urgencias.<\/p>\n<p>El Programa Federal Provisional de Salud seguir\u00e1 cubriendo el costo total de las consultas m\u00e9dicas y las visitas hospitalarias para refugiados y solicitantes de asilo.<\/p>\n<p>La Dra. Vanessa Redditt, doctora de familia en la cl\u00ednica para refugiados del Women\u2019s College Hospital en Toronto, se\u00f1al\u00f3 que los refugiados ya viven en la pobreza y que para muchos ser\u00e1 imposible realizar los copagos.<\/p>\n<p>\u00abEs una negaci\u00f3n de atenci\u00f3n m\u00e9dica\u00bb, declar\u00f3 Redditt, quien tambi\u00e9n es miembro de la Red Canadiense de Salud para Refugiados.<\/p>\n<p>\u00abConozco pacientes que luchan contra el suicidio debido a la tortura o la violencia sexual que han sufrido y a su precaria situaci\u00f3n migratoria\u00bb, a\u00f1adi\u00f3.<\/p>\n<p>\u00abSiguen viviendo en albergues y no se sienten seguros; ahora tampoco recibir\u00e1n la terapia para el trauma que necesitan para estar a salvo\u00bb.<\/p>\n<p>La Dra. Parisa Rezaiefar, doctora responsable del Centro de Salud para Reci\u00e9n Llegados de Ottawa, afirm\u00f3 que invertir en la salud de los refugiados \u2014muchos de los cuales llegan a Canad\u00e1 enfermos o heridos\u2014 les permitir\u00e1 integrarse en la comunidad y contribuir a la econom\u00eda.<\/p>\n<p>\u00abCuanto antes atendamos sus problemas de salud, antes podremos inscribirlos en cursos de idiomas y formaci\u00f3n profesional, y antes dejar\u00e1n de depender de la atenci\u00f3n m\u00e9dica complementaria\u00bb, declar\u00f3 Rezaiefar, quien lleg\u00f3 a Canad\u00e1 como refugiada de Ir\u00e1n en la d\u00e9cada de 1990.<\/p>\n<p>El gobierno federal anunci\u00f3 la introducci\u00f3n de los copagos en su presupuesto del a\u00f1o pasado y afirm\u00f3 que se trata de una medida necesaria para ahorrar costes.<\/p>\n","protected":false},"excerpt":{"rendered":"<p>&nbsp; Los refugiados ahora deben pagar de su bolsillo parte de sus recetas de medicamentos, terapia psicol\u00f3gica, servicios dentales, atenci\u00f3n oftalmol\u00f3gica y equipos m\u00e9dicos, incluidas&hellip;<\/p>\n","protected":false},"author":99,"featured_media":543689,"comment_status":"open","ping_status":"open","sticky":false,"template":"","format":"standard","meta":{"footnotes":""},"categories":[21,11357,11191],"tags":[],"class_list":["post-543688","post","type-post","status-publish","format-standard","has-post-thumbnail","hentry","category-canada","category-salud","category-top-news"],"_links":{"self":[{"href":"https:\/\/diarioelpopular.com\/index.php\/wp-json\/wp\/v2\/posts\/543688","targetHints":{"allow":["GET"]}}],"collection":[{"href":"https:\/\/diarioelpopular.com\/index.php\/wp-json\/wp\/v2\/posts"}],"about":[{"href":"https:\/\/diarioelpopular.com\/index.php\/wp-json\/wp\/v2\/types\/post"}],"author":[{"embeddable":true,"href":"https:\/\/diarioelpopular.com\/index.php\/wp-json\/wp\/v2\/users\/99"}],"replies":[{"embeddable":true,"href":"https:\/\/diarioelpopular.com\/index.php\/wp-json\/wp\/v2\/comments?post=543688"}],"version-history":[{"count":1,"href":"https:\/\/diarioelpopular.com\/index.php\/wp-json\/wp\/v2\/posts\/543688\/revisions"}],"predecessor-version":[{"id":543690,"href":"https:\/\/diarioelpopular.com\/index.php\/wp-json\/wp\/v2\/posts\/543688\/revisions\/543690"}],"wp:featuredmedia":[{"embeddable":true,"href":"https:\/\/diarioelpopular.com\/index.php\/wp-json\/wp\/v2\/media\/543689"}],"wp:attachment":[{"href":"https:\/\/diarioelpopular.com\/index.php\/wp-json\/wp\/v2\/media?parent=543688"}],"wp:term":[{"taxonomy":"category","embeddable":true,"href":"https:\/\/diarioelpopular.com\/index.php\/wp-json\/wp\/v2\/categories?post=543688"},{"taxonomy":"post_tag","embeddable":true,"href":"https:\/\/diarioelpopular.com\/index.php\/wp-json\/wp\/v2\/tags?post=543688"}],"curies":[{"name":"wp","href":"https:\/\/api.w.org\/{rel}","templated":true}]}}