{"id":543692,"date":"2026-05-01T08:05:17","date_gmt":"2026-05-01T12:05:17","guid":{"rendered":"https:\/\/diarioelpopular.com\/?p=543692"},"modified":"2026-05-01T08:05:17","modified_gmt":"2026-05-01T12:05:17","slug":"la-mayoria-de-los-canadienses-cree-que-la-economia-nacional-va-por-mal-camino-encuesta","status":"publish","type":"post","link":"https:\/\/diarioelpopular.com\/index.php\/2026\/05\/01\/la-mayoria-de-los-canadienses-cree-que-la-economia-nacional-va-por-mal-camino-encuesta\/","title":{"rendered":"La mayor\u00eda de los canadienses cree que la econom\u00eda nacional va por mal camino: encuesta"},"content":{"rendered":"<p><img loading=\"lazy\" decoding=\"async\" class=\"alignnone size-custom-full-size wp-image-543693\" src=\"https:\/\/diarioelpopular.com\/wp-content\/uploads\/2026\/05\/Screen-Shot-2026-05-01-at-8.04.39-AM-636x477.png\" alt=\"\" width=\"636\" height=\"477\" srcset=\"https:\/\/diarioelpopular.com\/wp-content\/uploads\/2026\/05\/Screen-Shot-2026-05-01-at-8.04.39-AM-636x477.png 636w, https:\/\/diarioelpopular.com\/wp-content\/uploads\/2026\/05\/Screen-Shot-2026-05-01-at-8.04.39-AM-300x225.png 300w, https:\/\/diarioelpopular.com\/wp-content\/uploads\/2026\/05\/Screen-Shot-2026-05-01-at-8.04.39-AM-97x73.png 97w, https:\/\/diarioelpopular.com\/wp-content\/uploads\/2026\/05\/Screen-Shot-2026-05-01-at-8.04.39-AM.png 638w\" sizes=\"auto, (max-width: 636px) 100vw, 636px\" \/><\/p>\n<p>&nbsp;<\/p>\n<ul>\n<li><em><strong>Seg\u00fan una nueva encuesta, dos tercios de los canadienses creen que la econom\u00eda nacional va por mal camino y no creen que vaya a mejorar a corto plazo.<\/strong><\/em><\/li>\n<\/ul>\n<p>&nbsp;<\/p>\n<p>La encuesta, realizada por Canada Pulse Insights para CityNews, revel\u00f3 que solo el 33% cree que la econom\u00eda va por buen camino.<\/p>\n<p>Solo tres de cada diez cre\u00edan que la econom\u00eda nacional o la local mejorar\u00eda en los pr\u00f3ximos 60 d\u00edas.<\/p>\n<p>La encuesta se realiz\u00f3 antes de la actualizaci\u00f3n econ\u00f3mica de primavera, que proyect\u00f3 un d\u00e9ficit de 66.900 millones de d\u00f3lares para 2025\/2026, inferior al proyectado en el presupuesto de 2025, e incluye 54.500 millones de d\u00f3lares en nuevos gastos.<\/p>\n<p>El encuestador John Wright dijo que el pa\u00eds es pesimista debido a la incertidumbre y a que la gente no percibe un avance econ\u00f3mico.<\/p>\n<p>\u00abLa actitud de los canadienses es contraria a la que el gobierno present\u00f3 en su informe econ\u00f3mico el otro d\u00eda\u00bb, afirm\u00f3 Wright.<\/p>\n<p>\u201cEl panorama era optimista: nos va bien, la econom\u00eda avanza, tenemos un crecimiento moderado y un d\u00e9ficit menor. Pero eso no ayuda a los canadienses cuando ven d\u00eda a d\u00eda los altos precios de la gasolina en las gasolineras y lo que gastan ahora en el supermercado. Es un problema fundamental&#8221;.<\/p>\n<p>\u201cEstamos en medio de una ola de inflaci\u00f3n que podr\u00eda extenderse por todo el pa\u00eds y que pondr\u00e1 a prueba al Sr. Carney y al gobierno\u201d, a\u00f1adi\u00f3 Wright.<\/p>\n<p>Los canadienses m\u00e1s j\u00f3venes, de 18 a 34 a\u00f1os, y los de mediana edad, de 35 a 54 a\u00f1os, son m\u00e1s propensos a creer que la econom\u00eda va por mal camino que los mayores de 55 a\u00f1os, mientras que las opiniones eran bastante consistentes en todos los niveles de ingresos.<\/p>\n<p>Mientras tanto, en Alberta, el 73% cree que la econom\u00eda va por mal camino, en comparaci\u00f3n con el 69% en las Praderas y el Atl\u00e1ntico canadiense.<\/p>\n<p>En Ontario, el 68% opin\u00f3 que la econom\u00eda iba por mal camino. El 65% de los encuestados en British Columbia y el 64% en Quebec compart\u00edan esta opini\u00f3n.<\/p>\n<p>Las expectativas de mejora fueron m\u00e1s altas en Ontario, donde el 31% cre\u00eda que la econom\u00eda nacional mejorar\u00eda en los pr\u00f3ximos 60 d\u00edas, seguido de Alberta con un 29% y Saskatchewan\/Manitoba con un 28%.<\/p>\n<p>Las expectativas de mejora en los pr\u00f3ximos 60 d\u00edas fueron m\u00e1s bajas en British Columbia (22%), Quebec (25%) y la regi\u00f3n atl\u00e1ntica de Canad\u00e1 (26%).<\/p>\n<p>Las perspectivas econ\u00f3micas locales fueron peores en la regi\u00f3n atl\u00e1ntica de Canad\u00e1, donde solo el 21% cre\u00eda que la econom\u00eda mejorar\u00eda, mientras que en Alberta la cifra se situ\u00f3 en el 34%.<\/p>\n<p>\u00abA menudo, en encuestas como esta, se encuentran discrepancias entre diferentes grupos demogr\u00e1ficos y regiones, con grandes diferencias en la percepci\u00f3n. Esto se debe a alg\u00fan factor. Este no es el caso\u00bb. \u201cSe trata de un malestar generalizado, una perspectiva indirecta que afecta a todo el pa\u00eds y a todos los grupos demogr\u00e1ficos de todas las regiones\u201d, comparti\u00f3 Wright.<\/p>\n","protected":false},"excerpt":{"rendered":"<p>&nbsp; Seg\u00fan una nueva encuesta, dos tercios de los canadienses creen que la econom\u00eda nacional va por mal camino y no creen que vaya a&hellip;<\/p>\n","protected":false},"author":99,"featured_media":543693,"comment_status":"open","ping_status":"open","sticky":false,"template":"","format":"standard","meta":{"footnotes":""},"categories":[21,11365],"tags":[],"class_list":["post-543692","post","type-post","status-publish","format-standard","has-post-thumbnail","hentry","category-canada","category-economia"],"_links":{"self":[{"href":"https:\/\/diarioelpopular.com\/index.php\/wp-json\/wp\/v2\/posts\/543692","targetHints":{"allow":["GET"]}}],"collection":[{"href":"https:\/\/diarioelpopular.com\/index.php\/wp-json\/wp\/v2\/posts"}],"about":[{"href":"https:\/\/diarioelpopular.com\/index.php\/wp-json\/wp\/v2\/types\/post"}],"author":[{"embeddable":true,"href":"https:\/\/diarioelpopular.com\/index.php\/wp-json\/wp\/v2\/users\/99"}],"replies":[{"embeddable":true,"href":"https:\/\/diarioelpopular.com\/index.php\/wp-json\/wp\/v2\/comments?post=543692"}],"version-history":[{"count":1,"href":"https:\/\/diarioelpopular.com\/index.php\/wp-json\/wp\/v2\/posts\/543692\/revisions"}],"predecessor-version":[{"id":543694,"href":"https:\/\/diarioelpopular.com\/index.php\/wp-json\/wp\/v2\/posts\/543692\/revisions\/543694"}],"wp:featuredmedia":[{"embeddable":true,"href":"https:\/\/diarioelpopular.com\/index.php\/wp-json\/wp\/v2\/media\/543693"}],"wp:attachment":[{"href":"https:\/\/diarioelpopular.com\/index.php\/wp-json\/wp\/v2\/media?parent=543692"}],"wp:term":[{"taxonomy":"category","embeddable":true,"href":"https:\/\/diarioelpopular.com\/index.php\/wp-json\/wp\/v2\/categories?post=543692"},{"taxonomy":"post_tag","embeddable":true,"href":"https:\/\/diarioelpopular.com\/index.php\/wp-json\/wp\/v2\/tags?post=543692"}],"curies":[{"name":"wp","href":"https:\/\/api.w.org\/{rel}","templated":true}]}}