{"id":543709,"date":"2026-05-01T08:52:41","date_gmt":"2026-05-01T12:52:41","guid":{"rendered":"https:\/\/diarioelpopular.com\/?p=543709"},"modified":"2026-05-01T08:52:41","modified_gmt":"2026-05-01T12:52:41","slug":"israel-desembarca-en-grecia-a-168-detenidos-de-la-flotilla-con-ayuda-a-gaza-y-retiene-a-dos-para-interrogarlos-en-su-territorio","status":"publish","type":"post","link":"https:\/\/diarioelpopular.com\/index.php\/2026\/05\/01\/israel-desembarca-en-grecia-a-168-detenidos-de-la-flotilla-con-ayuda-a-gaza-y-retiene-a-dos-para-interrogarlos-en-su-territorio\/","title":{"rendered":"Israel desembarca en Grecia a 168 detenidos de la flotilla con ayuda a Gaza y retiene a dos para interrogarlos en su territorio"},"content":{"rendered":"<div id=\"attachment_543710\" style=\"width: 1210px\" class=\"wp-caption alignnone\"><img loading=\"lazy\" decoding=\"async\" aria-describedby=\"caption-attachment-543710\" class=\"wp-image-543710 size-custom-big-size\" src=\"https:\/\/diarioelpopular.com\/wp-content\/uploads\/2026\/05\/Screen-Shot-2026-05-01-at-8.51.22-AM-1200x787.png\" alt=\"\" width=\"1200\" height=\"787\" srcset=\"https:\/\/diarioelpopular.com\/wp-content\/uploads\/2026\/05\/Screen-Shot-2026-05-01-at-8.51.22-AM-1200x787.png 1200w, https:\/\/diarioelpopular.com\/wp-content\/uploads\/2026\/05\/Screen-Shot-2026-05-01-at-8.51.22-AM-300x197.png 300w, https:\/\/diarioelpopular.com\/wp-content\/uploads\/2026\/05\/Screen-Shot-2026-05-01-at-8.51.22-AM-768x504.png 768w, https:\/\/diarioelpopular.com\/wp-content\/uploads\/2026\/05\/Screen-Shot-2026-05-01-at-8.51.22-AM-85x55.png 85w, https:\/\/diarioelpopular.com\/wp-content\/uploads\/2026\/05\/Screen-Shot-2026-05-01-at-8.51.22-AM-1536x1007.png 1536w, https:\/\/diarioelpopular.com\/wp-content\/uploads\/2026\/05\/Screen-Shot-2026-05-01-at-8.51.22-AM-636x417.png 636w, https:\/\/diarioelpopular.com\/wp-content\/uploads\/2026\/05\/Screen-Shot-2026-05-01-at-8.51.22-AM-111x73.png 111w, https:\/\/diarioelpopular.com\/wp-content\/uploads\/2026\/05\/Screen-Shot-2026-05-01-at-8.51.22-AM.png 1024w\" sizes=\"auto, (max-width: 1200px) 100vw, 1200px\" \/><p id=\"caption-attachment-543710\" class=\"wp-caption-text\">Una embarcaci\u00f3n de la Guardia Costera griega traslada a activistas de la Flotilla Global Sumud en la isla de Creta, este viernes. Foto Stefanos Rapanis (REUTERS)<\/p><\/div>\n<p>&nbsp;<\/p>\n<ul>\n<li><em><strong>Los dos detenidos son el hispano-palestino Saif Abu Keshek y el brasile\u00f1o Thiago \u00c1vila. Las autoridades israel\u00edes consideran al primero \u201csospechoso de afiliaci\u00f3n a organizaci\u00f3n terrorista\u201d y al segundo, de \u201cactividad ilegal\u201d.<\/strong><\/em><\/li>\n<\/ul>\n<p>&nbsp;<\/p>\n<p class=\"\">El ej\u00e9rcito israel\u00ed\u00a0<a title=\"https:\/\/elpais.com\/internacional\/2026-05-01\/ultima-hora-de-la-guerra-de-estados-unidos-e-israel-contra-iran-en-directo.html\" href=\"https:\/\/elpais.com\/internacional\/2026-05-01\/ultima-hora-de-la-guerra-de-estados-unidos-e-israel-contra-iran-en-directo.html\" target=\"_self\" rel=\"\" data-link-track-dtm=\"\" data-mrf-link=\"https:\/\/elpais.com\/internacional\/2026-05-01\/ultima-hora-de-la-guerra-de-estados-unidos-e-israel-contra-iran-en-directo.html\">ha desembarcado en Grecia este viernes<\/a>\u00a0a 168 de los activistas que manten\u00eda retenidos desde que abord\u00f3 parte de la flotilla a Gaza en la v\u00edspera en aguas internacionales. Son todos, menos dos: el hispano-palestino Saif Abu Keshek y el brasile\u00f1o Thiago \u00c1vila. El Ministerio israel\u00ed de Exteriores ha anunciado por sorpresa que los trasladar\u00e1 por mar hasta su territorio para interrogarlos. Considera al primero \u201csospechoso de afiliaci\u00f3n a organizaci\u00f3n terrorista\u201d y al segundo, de \u201cactividad ilegal\u201d.<\/p>\n<p class=\"\">Nacido en Askar, un campamento de refugiados de Nablus, en el norte de Cisjordania, Abu Keshek lleva m\u00e1s de 20 a\u00f1os viviendo en Espa\u00f1a y reside actualmente en Barcelona. El Gobierno de Espa\u00f1a \u201ccondena esta retenci\u00f3n y exige su inmediata liberaci\u00f3n\u201d y el ministro de Exteriores de Espa\u00f1a, Jos\u00e9 Manuel Albares, \u201cest\u00e1 en contacto permanente con sus hom\u00f3logos de Israel y Grecia para recabar toda la informaci\u00f3n y exigir que se respete la legalidad internacional y sus derechos, seg\u00fan fuentes de Exteriores, informa Miguel Gonz\u00e1lez. Tambi\u00e9n el ministro de Cultura, Ernest Urtasun, se ha pronunciado sobre la situaci\u00f3n de Abu Keshek: \u201cEstamos ante un secuestro y no lo vamos a permitir\u201d.<\/p>\n<p class=\"\">\u00c1vila,\u00a0<a title=\"https:\/\/elpais.com\/internacional\/2025-06-12\/el-activista-thiago-avila-tras-ser-deportado-por-israel-planeo-volver-con-la-flotilla-de-la-libertad-para-llevar-ayuda-a-gaza.html\" href=\"https:\/\/elpais.com\/internacional\/2025-06-12\/el-activista-thiago-avila-tras-ser-deportado-por-israel-planeo-volver-con-la-flotilla-de-la-libertad-para-llevar-ayuda-a-gaza.html\" target=\"_self\" rel=\"\" data-link-track-dtm=\"\" data-mrf-link=\"https:\/\/elpais.com\/internacional\/2025-06-12\/el-activista-thiago-avila-tras-ser-deportado-por-israel-planeo-volver-con-la-flotilla-de-la-libertad-para-llevar-ayuda-a-gaza.html\">que hab\u00eda participado en anteriores flotillas a Gaza<\/a>, estuvo retenido en abril en el aeropuerto de Buenos Aires tras denegarle Argentina (el presidente Javier Milei es un\u00a0<a title=\"https:\/\/elpais.com\/internacional\/2024-02-06\/milei-confirma-en-israel-que-trasladara-la-embajada-argentina-a-jerusalen.html\" href=\"https:\/\/elpais.com\/internacional\/2024-02-06\/milei-confirma-en-israel-que-trasladara-la-embajada-argentina-a-jerusalen.html\" target=\"_self\" rel=\"\" data-link-track-dtm=\"\" data-mrf-link=\"https:\/\/elpais.com\/internacional\/2024-02-06\/milei-confirma-en-israel-que-trasladara-la-embajada-argentina-a-jerusalen.html\">ferviente defensor<\/a>\u00a0de Benjam\u00edn Netanyahu) el ingreso para anunciar la delegaci\u00f3n local de la flotilla.<\/p>\n<p class=\"\">La Flotilla Global Sumud ha iniciado un llamamiento en redes sociales para la liberaci\u00f3n de sus compa\u00f1eros. \u201cExigimos que todos los gobiernos presionen al r\u00e9gimen israel\u00ed para que libere a todos los secuestrados ilegalmente\u201d, se\u00f1ala el colectivo. El resto de activistas han sido desembarcados esta ma\u00f1ana en la isla griega de Creta por un buque. All\u00ed los esperaban autobuses y una ambulancia, seg\u00fan se puede ver en las im\u00e1genes difundidas.<\/p>\n<p class=\"\">Son los que viajaban en\u00a0<a title=\"https:\/\/elpais.com\/internacional\/2026-04-29\/israel-intercepta-temporalmente-a-la-global-sumud-flotilla-en-aguas-internacionales.html\" href=\"https:\/\/elpais.com\/internacional\/2026-04-29\/israel-intercepta-temporalmente-a-la-global-sumud-flotilla-en-aguas-internacionales.html\" target=\"_self\" rel=\"\" data-link-track-dtm=\"\" data-mrf-link=\"https:\/\/elpais.com\/internacional\/2026-04-29\/israel-intercepta-temporalmente-a-la-global-sumud-flotilla-en-aguas-internacionales.html\">las 22 embarcaciones que intercept\u00f3 la Armada de Israel<\/a>\u00a0a cientos de kil\u00f3metros de Gaza, en aguas internacionales cerca de Grecia. Otras 47 integran la flotilla que zarp\u00f3 del puerto de Barcelona el 12 de abril cargada de ayuda humanitaria, con el objetivo de romper el bloqueo israel\u00ed a la Franja. Tras aquel abordaje, se desplazaron a aguas territoriales griegas.<\/p>\n<p class=\"\">Frente a la costa de Ierapetra, en Creta, 26 permanecen a la espera de la liberaci\u00f3n de sus compa\u00f1eros interceptados. Las tripulaciones debaten si llegar a tierra o mantenerse en aguas costeras ante el riesgo de un bloqueo por parte del Gobierno griego, al que responsabilizan de colaborar con Israel para frenar la flotilla.<\/p>\n<p class=\"\">En una asamblea general celebrada el martes, los participantes acordaron decidir a lo largo de la semana si contin\u00faan la misi\u00f3n. El \u00e1nimo se mantiene alto y el objetivo sigue siendo el mismo: llegar a Gaza.<\/p>\n<h2 class=\"\">Reagrupaci\u00f3n<\/h2>\n<p class=\"\">En los pr\u00f3ximos tres d\u00edas, se prev\u00e9 una reagrupaci\u00f3n en el sur de Creta de las 33 embarcaciones no interceptadas por Israel junto con otras siete recuperadas en alta mar que la Armada Israel\u00ed intento invalidar. Desde Grecia, podr\u00e1n reabastecerse y<a title=\"https:\/\/elpais.com\/internacional\/2026-04-05\/gaza-sufre-sin-futuro-y-a-la-sombra-de-otra-guerra-en-oriente-proximo.html\" href=\"https:\/\/elpais.com\/internacional\/2026-04-05\/gaza-sufre-sin-futuro-y-a-la-sombra-de-otra-guerra-en-oriente-proximo.html\" target=\"_self\" rel=\"\" data-link-track-dtm=\"\" data-mrf-link=\"https:\/\/elpais.com\/internacional\/2026-04-05\/gaza-sufre-sin-futuro-y-a-la-sombra-de-otra-guerra-en-oriente-proximo.html\">\u00a0retomar rumbo hacia Palestina.<\/a><\/p>\n<p class=\"\">Mientras, el asalto israel\u00ed de los barcos con ayuda humanitaria sigue recibiendo condenas internacionales. Los Ministerios de Exteriores de Alemania e Italia han emitido un comunicado conjunto en el que afirman seguir los acontecimientos con \u201cprofunda preocupaci\u00f3n\u201d.<\/p>\n<p class=\"\">El presidente del Gobierno, Pedro S\u00e1nchez, se\u00f1al\u00f3 en la v\u00edspera que \u201cIsrael vuelve a violar la legalidad internacional al asaltar una flotilla civil en aguas que no le pertenecen\u201d y reiterado su petici\u00f3n a la UE de suspender inmediatamente el acuerdo de asociaci\u00f3n con Israel. El Ministerio de Exteriores convoc\u00f3 adem\u00e1s de manera urgente a la encargada de negocios de la Embajada de Israel en Madrid para trasladarle su \u201cm\u00e1s en\u00e9rgica condena\u201d.<\/p>\n","protected":false},"excerpt":{"rendered":"<p>&nbsp; Los dos detenidos son el hispano-palestino Saif Abu Keshek y el brasile\u00f1o Thiago \u00c1vila. Las autoridades israel\u00edes consideran al primero \u201csospechoso de afiliaci\u00f3n a&hellip;<\/p>\n","protected":false},"author":99,"featured_media":543710,"comment_status":"open","ping_status":"open","sticky":false,"template":"","format":"standard","meta":{"footnotes":""},"categories":[24],"tags":[],"class_list":["post-543709","post","type-post","status-publish","format-standard","has-post-thumbnail","hentry","category-mundo"],"_links":{"self":[{"href":"https:\/\/diarioelpopular.com\/index.php\/wp-json\/wp\/v2\/posts\/543709","targetHints":{"allow":["GET"]}}],"collection":[{"href":"https:\/\/diarioelpopular.com\/index.php\/wp-json\/wp\/v2\/posts"}],"about":[{"href":"https:\/\/diarioelpopular.com\/index.php\/wp-json\/wp\/v2\/types\/post"}],"author":[{"embeddable":true,"href":"https:\/\/diarioelpopular.com\/index.php\/wp-json\/wp\/v2\/users\/99"}],"replies":[{"embeddable":true,"href":"https:\/\/diarioelpopular.com\/index.php\/wp-json\/wp\/v2\/comments?post=543709"}],"version-history":[{"count":1,"href":"https:\/\/diarioelpopular.com\/index.php\/wp-json\/wp\/v2\/posts\/543709\/revisions"}],"predecessor-version":[{"id":543711,"href":"https:\/\/diarioelpopular.com\/index.php\/wp-json\/wp\/v2\/posts\/543709\/revisions\/543711"}],"wp:featuredmedia":[{"embeddable":true,"href":"https:\/\/diarioelpopular.com\/index.php\/wp-json\/wp\/v2\/media\/543710"}],"wp:attachment":[{"href":"https:\/\/diarioelpopular.com\/index.php\/wp-json\/wp\/v2\/media?parent=543709"}],"wp:term":[{"taxonomy":"category","embeddable":true,"href":"https:\/\/diarioelpopular.com\/index.php\/wp-json\/wp\/v2\/categories?post=543709"},{"taxonomy":"post_tag","embeddable":true,"href":"https:\/\/diarioelpopular.com\/index.php\/wp-json\/wp\/v2\/tags?post=543709"}],"curies":[{"name":"wp","href":"https:\/\/api.w.org\/{rel}","templated":true}]}}