{"id":543713,"date":"2026-05-01T08:57:27","date_gmt":"2026-05-01T12:57:27","guid":{"rendered":"https:\/\/diarioelpopular.com\/?p=543713"},"modified":"2026-05-01T08:57:27","modified_gmt":"2026-05-01T12:57:27","slug":"una-expareja-de-maradona-declara-contra-los-medicos-que-lo-cuidaron-mataron-al-padre-de-mi-hijo","status":"publish","type":"post","link":"https:\/\/diarioelpopular.com\/index.php\/2026\/05\/01\/una-expareja-de-maradona-declara-contra-los-medicos-que-lo-cuidaron-mataron-al-padre-de-mi-hijo\/","title":{"rendered":"Una expareja de Maradona declara contra los m\u00e9dicos que lo cuidaron: \u201cMataron al padre de mi hijo\u201d"},"content":{"rendered":"<div id=\"attachment_543714\" style=\"width: 1210px\" class=\"wp-caption alignnone\"><img loading=\"lazy\" decoding=\"async\" aria-describedby=\"caption-attachment-543714\" class=\"wp-image-543714 size-custom-big-size\" src=\"https:\/\/diarioelpopular.com\/wp-content\/uploads\/2026\/05\/Screen-Shot-2026-05-01-at-8.56.31-AM-1200x802.png\" alt=\"\" width=\"1200\" height=\"802\" srcset=\"https:\/\/diarioelpopular.com\/wp-content\/uploads\/2026\/05\/Screen-Shot-2026-05-01-at-8.56.31-AM-1200x802.png 1200w, https:\/\/diarioelpopular.com\/wp-content\/uploads\/2026\/05\/Screen-Shot-2026-05-01-at-8.56.31-AM-300x201.png 300w, https:\/\/diarioelpopular.com\/wp-content\/uploads\/2026\/05\/Screen-Shot-2026-05-01-at-8.56.31-AM-768x513.png 768w, https:\/\/diarioelpopular.com\/wp-content\/uploads\/2026\/05\/Screen-Shot-2026-05-01-at-8.56.31-AM-636x425.png 636w, https:\/\/diarioelpopular.com\/wp-content\/uploads\/2026\/05\/Screen-Shot-2026-05-01-at-8.56.31-AM-109x73.png 109w, https:\/\/diarioelpopular.com\/wp-content\/uploads\/2026\/05\/Screen-Shot-2026-05-01-at-8.56.31-AM.png 1024w\" sizes=\"auto, (max-width: 1200px) 100vw, 1200px\" \/><p id=\"caption-attachment-543714\" class=\"wp-caption-text\">Ver\u00f3nica Ojeda en la corte de San Isidro, en Buenos Aires, en mayo de 2025.\u00a0 \u00a0 \u00a0 \u00a0 \u00a0 \u00a0 \u00a0 \u00a0 \u00a0 \u00a0 \u00a0 \u00a0 \u00a0 \u00a0 \u00a0 \u00a0 \u00a0 \u00a0 \u00a0 \u00a0 \u00a0 \u00a0 \u00a0 \u00a0 \u00a0 \u00a0 \u00a0 \u00a0 \u00a0 \u00a0 \u00a0 \u00a0 \u00a0 \u00a0 \u00a0 \u00a0 \u00a0 Foto Luciano Adan Gonz\u00e1lez (NurPhoto v\u00eda Getty Images)<\/p><\/div>\n<p>&nbsp;<\/p>\n<p>&nbsp;<\/p>\n<ul>\n<li><em><strong>En el juicio que se desarrolla en Buenos Aires, Ver\u00f3nica Ojeda define como \u201casesinos\u201d a los imputados<\/strong><\/em><\/li>\n<\/ul>\n<p>&nbsp;<\/p>\n<p class=\"\">En el juicio por\u00a0<a title=\"https:\/\/elpais.com\/argentina\/2026-04-19\/el-nuevo-juicio-por-la-muerte-de-maradona-asesinato-negligencia-o-un-desenlace-inevitable.html\" href=\"https:\/\/elpais.com\/argentina\/2026-04-19\/el-nuevo-juicio-por-la-muerte-de-maradona-asesinato-negligencia-o-un-desenlace-inevitable.html\" target=\"_self\" rel=\"\" data-link-track-dtm=\"\" data-mrf-link=\"https:\/\/elpais.com\/argentina\/2026-04-19\/el-nuevo-juicio-por-la-muerte-de-maradona-asesinato-negligencia-o-un-desenlace-inevitable.html\">la muerte de Diego Maradona<\/a>\u00a0(1960-2020), los testigos que declararon este jueves avalaron las hip\u00f3tesis que sostienen la acusaci\u00f3n contra siete profesionales de la salud. \u201cEllos mataron al padre de mi hijo\u201d, asegur\u00f3 ante el tribunal Ver\u00f3nica Ojeda, expareja del Pelusa y madre de su hijo menor. Tambi\u00e9n dio testimonio un m\u00e9dico del barrio donde Maradona cumpl\u00eda\u00a0<a title=\"https:\/\/elpais.com\/argentina\/2026-04-21\/una-de-las-hijas-de-maradona-acusa-a-los-medicos-juzgados-por-la-muerte-de-su-padre-la-manipulacion-fue-absoluta-y-horrible.html\" href=\"https:\/\/elpais.com\/argentina\/2026-04-21\/una-de-las-hijas-de-maradona-acusa-a-los-medicos-juzgados-por-la-muerte-de-su-padre-la-manipulacion-fue-absoluta-y-horrible.html\" target=\"_self\" rel=\"\" data-link-track-dtm=\"\" data-mrf-link=\"https:\/\/elpais.com\/argentina\/2026-04-21\/una-de-las-hijas-de-maradona-acusa-a-los-medicos-juzgados-por-la-muerte-de-su-padre-la-manipulacion-fue-absoluta-y-horrible.html\">internaci\u00f3n domiciliaria<\/a>: \u201cLa habitaci\u00f3n estaba muy desordenada, dejada, sucia [&#8230;] Menos elementos m\u00e9dicos hab\u00eda cualquier cosa\u201d, describi\u00f3 Colin Campbell la situaci\u00f3n que encontr\u00f3 cuando, aquel 25 de noviembre de 2020, fue convocado de urgencia para intentar reanimar al Diez.<\/p>\n<p class=\"\">El proceso oral y p\u00fablico que se desarrolla en los tribunales de San Isidro, en las afueras de Buenos Aires, intenta determinar si el \u00eddolo del f\u00fatbol argentino muri\u00f3 a causa del abandono y la desatenci\u00f3n de quienes deb\u00edan cuidarlo, mientras se recuperaba de una cirug\u00eda craneal.\u00a0<a title=\"https:\/\/elpais.com\/argentina\/2026-04-14\/inicia-el-nuevo-juicio-por-el-caso-maradona-no-hicieron-nada-para-evitar-que-muriera.html\" href=\"https:\/\/elpais.com\/argentina\/2026-04-14\/inicia-el-nuevo-juicio-por-el-caso-maradona-no-hicieron-nada-para-evitar-que-muriera.html\" target=\"_self\" rel=\"\" data-link-track-dtm=\"\" data-mrf-link=\"https:\/\/elpais.com\/argentina\/2026-04-14\/inicia-el-nuevo-juicio-por-el-caso-maradona-no-hicieron-nada-para-evitar-que-muriera.html\">Los principales acusados de homicidio<\/a>\u00a0con dolo eventual son el neurocirujano Leopoldo Luque, la psiquiatra Agustina Cosachov, el psic\u00f3logo Carlos D\u00edaz y el enfermero Ricardo Almir\u00f3n. Tambi\u00e9n est\u00e1n imputados los m\u00e9dicos Pedro Di Spagna y Nancy Forlini, y el enfermero Mariano Perroni, designados por dos empresas de salud para supervisar la atenci\u00f3n de Maradona.<\/p>\n<p class=\"\">La audiencia del jueves comenz\u00f3 con la declaraci\u00f3n de Ojeda, quien fue pareja de Maradona entre 2005 y 2014. Interrumpido por el llanto y la bronca, su testimonio record\u00f3 el estado de la casa en que el exentrenador de la selecci\u00f3n argentina permaneci\u00f3 sus \u00faltimas dos semanas de vida. \u201cLa casa no estaba en condiciones para una internaci\u00f3n domiciliaria\u201d, dijo, \u201chab\u00eda mucha suciedad, la habitaci\u00f3n de Diego estaba en muy mal estado. Hab\u00eda un olor terrible, no se pod\u00eda estar\u201d.<\/p>\n<p class=\"\">Despu\u00e9s de escuchar mensajes y di\u00e1logos que constan en la causa, intercambiados por los acusados en aquel momento, y donde parec\u00edan menospreciar a la familia del paciente, se\u00f1al\u00f3: \u201cTodas las cosas que nos hacen estos asesinos hijos de puta. Toda la manipulaci\u00f3n a la familia, porque a m\u00ed me dec\u00edan una cosa y a las hijas otra para que nosotros nunca estemos unidos [&#8230;] Toda gente podrida que quer\u00eda sacarle cosas a Diego\u201d.<\/p>\n<p class=\"\">\u201cEllos mataron al padre de mi hijo, que perdi\u00f3 a su pap\u00e1. Mi hijo necesitaba estar con su pap\u00e1 m\u00e1s que nada. \u00c9l lo sigue padeciendo, llorando\u201d, dijo sobre Diego Fernando, hoy de 13 a\u00f1os. Ojeda cont\u00f3 que, a una semana de su muerte, vio a Maradona en mal estado y les avis\u00f3 a los m\u00e9dicos Luque y Cosachov. Seg\u00fan relat\u00f3, volvi\u00f3 a verlo 48 horas antes del deceso. \u201cDiego estaba en la habitaci\u00f3n a oscuras, todo hinchado como una pelota, barbudo y con mucho olor\u201d.<\/p>\n<p class=\"\">El segundo testigo de la jornada fue el cirujano pl\u00e1stico Colin Campbell, vecino del barrio San Andr\u00e9s. Ante los jueces relat\u00f3 que, cuando fue convocado de urgencia, encontr\u00f3 a Maradona ya muerto y que las maniobras de reanimaci\u00f3n no dieron resultado. \u201cEstaba muy fr\u00edo y con un edema muy importante\u201d, dijo. \u201cPregunt\u00e9 si hab\u00eda otros elementos en la habitaci\u00f3n, pero solamente pude usar mi estetoscopio y tensi\u00f3metro\u201d, asegur\u00f3. \u201cLa habitaci\u00f3n estaba muy desordenada, dejada, sucia. Hab\u00eda un ba\u00f1o qu\u00edmico a la derecha y un sill\u00f3n de masajes en la izquierda. Menos elementos m\u00e9dicos, hab\u00eda cualquier cosa. No hab\u00eda botiqu\u00edn, tubo de ox\u00edgeno, elementos de ning\u00fan tipo\u201d, record\u00f3.<\/p>\n<p class=\"\">Despu\u00e9s de los testigos, habl\u00f3 por primera vez en el juicio el acusado Carlos D\u00edaz. El psic\u00f3logo declar\u00f3 que conoci\u00f3 a Maradona \u201c29 d\u00edas antes de su muerte\u201d y que fue convocado para tratar sus adicciones por el abogado Mat\u00edas Morla, quien oficiaba como apoderado del exfutbolista. \u201cLa primera imagen que vi me impact\u00f3 porque me record\u00f3 a mi padre alcoh\u00f3lico\u201d, dijo D\u00edaz. Asegur\u00f3 que Maradona padec\u00eda \u201cun trastorno bipolar\u201d y que inicialmente lo encontr\u00f3 bien, con deseos de recuperarse. \u201cEl 18 de noviembre fue un d\u00eda bisagra porque Maradona ech\u00f3 a todos de la casa\u201d, a\u00f1adi\u00f3 luego, reforzando un argumento reiterado por las defensas, seg\u00fan el cual el paciente no se dejaba atender. \u201cYo no cobr\u00e9 un centavo por todo esto. Yo quer\u00eda ayudar a Diego\u201d, afirm\u00f3 D\u00edaz y resalt\u00f3 los resultados del examen toxicol\u00f3gico: \u201cMaradona termin\u00f3 limpio con 23 d\u00edas sin consumir. Me parte el alma eso. Estoy convencido de que se pod\u00eda lograr, es lo que me da m\u00e1s bronca\u201d.<\/p>\n<p class=\"\">La jornada termin\u00f3 con una nueva declaraci\u00f3n de Luque, otro de los acusados. En el juicio iniciado el a\u00f1o pasado, luego\u00a0<a href=\"https:\/\/elpais.com\/argentina\/2025-11-18\/destituida-la-jueza-que-protagonizaba-un-documental-mientras-juzgaba-la-muerte-de-maradona.html\" rel=\"\" data-link-track-dtm=\"\" data-mrf-link=\"https:\/\/elpais.com\/argentina\/2025-11-18\/destituida-la-jueza-que-protagonizaba-un-documental-mientras-juzgaba-la-muerte-de-maradona.html\">suspendido y anulado<\/a>, el neurocirujano se hab\u00eda mantenido en silencio. En este segundo proceso, su estrategia cambi\u00f3 y no perdi\u00f3 oportunidad de hablar en las audiencias. \u201cYo no quiero responsabilizar a nadie penalmente porque mi teor\u00eda es que Diego muere durmiendo y lo voy a probar\u201d, dijo el imputado a los jueces. De acuerdo con su hip\u00f3tesis, la salud de Maradona no se estaba deteriorando desde los d\u00edas previos, sino que el desenlace fue imprevisto. \u201cNo desconozco ser m\u00e9dico de Maradona, yo aclaro mi incumbencia\u201d, se\u00f1al\u00f3 y precis\u00f3 que no es \u201cm\u00e9dico cl\u00ednico, psic\u00f3logo y tampoco psiquiatra\u201d. Luque asegur\u00f3 \u201centender el dolor de los familiares\u201d, pero puso en duda los dichos de Ver\u00f3nica Ojeda y responsabiliz\u00f3 a la familia del Pelusa por facilitarle alcohol. Presente en la sala, Ojeda le respondi\u00f3 con un insulto y la audiencia pas\u00f3 a un cuarto intermedio, hasta el pr\u00f3ximo martes.<\/p>\n","protected":false},"excerpt":{"rendered":"<p>&nbsp; &nbsp; En el juicio que se desarrolla en Buenos Aires, Ver\u00f3nica Ojeda define como \u201casesinos\u201d a los imputados &nbsp; En el juicio por\u00a0la muerte&hellip;<\/p>\n","protected":false},"author":99,"featured_media":543714,"comment_status":"open","ping_status":"open","sticky":false,"template":"","format":"standard","meta":{"footnotes":""},"categories":[23],"tags":[],"class_list":["post-543713","post","type-post","status-publish","format-standard","has-post-thumbnail","hentry","category-latinoamerica"],"_links":{"self":[{"href":"https:\/\/diarioelpopular.com\/index.php\/wp-json\/wp\/v2\/posts\/543713","targetHints":{"allow":["GET"]}}],"collection":[{"href":"https:\/\/diarioelpopular.com\/index.php\/wp-json\/wp\/v2\/posts"}],"about":[{"href":"https:\/\/diarioelpopular.com\/index.php\/wp-json\/wp\/v2\/types\/post"}],"author":[{"embeddable":true,"href":"https:\/\/diarioelpopular.com\/index.php\/wp-json\/wp\/v2\/users\/99"}],"replies":[{"embeddable":true,"href":"https:\/\/diarioelpopular.com\/index.php\/wp-json\/wp\/v2\/comments?post=543713"}],"version-history":[{"count":1,"href":"https:\/\/diarioelpopular.com\/index.php\/wp-json\/wp\/v2\/posts\/543713\/revisions"}],"predecessor-version":[{"id":543715,"href":"https:\/\/diarioelpopular.com\/index.php\/wp-json\/wp\/v2\/posts\/543713\/revisions\/543715"}],"wp:featuredmedia":[{"embeddable":true,"href":"https:\/\/diarioelpopular.com\/index.php\/wp-json\/wp\/v2\/media\/543714"}],"wp:attachment":[{"href":"https:\/\/diarioelpopular.com\/index.php\/wp-json\/wp\/v2\/media?parent=543713"}],"wp:term":[{"taxonomy":"category","embeddable":true,"href":"https:\/\/diarioelpopular.com\/index.php\/wp-json\/wp\/v2\/categories?post=543713"},{"taxonomy":"post_tag","embeddable":true,"href":"https:\/\/diarioelpopular.com\/index.php\/wp-json\/wp\/v2\/tags?post=543713"}],"curies":[{"name":"wp","href":"https:\/\/api.w.org\/{rel}","templated":true}]}}