{"id":543729,"date":"2026-05-02T08:43:22","date_gmt":"2026-05-02T12:43:22","guid":{"rendered":"https:\/\/diarioelpopular.com\/?p=543729"},"modified":"2026-05-02T08:43:22","modified_gmt":"2026-05-02T12:43:22","slug":"ahora-cuesta-mas-solicitar-la-residencia-permanente-en-canada","status":"publish","type":"post","link":"https:\/\/diarioelpopular.com\/index.php\/2026\/05\/02\/ahora-cuesta-mas-solicitar-la-residencia-permanente-en-canada\/","title":{"rendered":"Ahora cuesta m\u00e1s solicitar la residencia permanente en Canad\u00e1"},"content":{"rendered":"<p><img loading=\"lazy\" decoding=\"async\" class=\"alignnone size-custom-big-size wp-image-543730\" src=\"https:\/\/diarioelpopular.com\/wp-content\/uploads\/2026\/05\/Screen-Shot-2026-05-02-at-8.42.42-AM-1200x718.png\" alt=\"\" width=\"1200\" height=\"718\" srcset=\"https:\/\/diarioelpopular.com\/wp-content\/uploads\/2026\/05\/Screen-Shot-2026-05-02-at-8.42.42-AM-1200x718.png 1200w, https:\/\/diarioelpopular.com\/wp-content\/uploads\/2026\/05\/Screen-Shot-2026-05-02-at-8.42.42-AM-300x179.png 300w, https:\/\/diarioelpopular.com\/wp-content\/uploads\/2026\/05\/Screen-Shot-2026-05-02-at-8.42.42-AM-768x459.png 768w, https:\/\/diarioelpopular.com\/wp-content\/uploads\/2026\/05\/Screen-Shot-2026-05-02-at-8.42.42-AM-636x380.png 636w, https:\/\/diarioelpopular.com\/wp-content\/uploads\/2026\/05\/Screen-Shot-2026-05-02-at-8.42.42-AM-122x73.png 122w, https:\/\/diarioelpopular.com\/wp-content\/uploads\/2026\/05\/Screen-Shot-2026-05-02-at-8.42.42-AM.png 1024w\" sizes=\"auto, (max-width: 1200px) 100vw, 1200px\" \/><\/p>\n<p>&nbsp;<\/p>\n<ul>\n<li><em><strong>El proceso se ha encarecido un poco. A partir de hace dos d\u00edas, varias tarifas de solicitud de residencia permanente aumentaron<\/strong><\/em><\/li>\n<\/ul>\n<p>&nbsp;<\/p>\n<p>Inmigraci\u00f3n, Refugiados y Ciudadan\u00eda de Canad\u00e1 (IRCC) anunci\u00f3 el aumento en marzo. La agencia afirma que el incremento de las tarifas busca &#8220;seguir ofreciendo servicios oportunos y confiables, y mantener el ritmo de la inflaci\u00f3n&#8221;.<\/p>\n<p>Estas son las tarifas de residencia permanente que aumentaron:<\/p>\n<p>Tarifa por derecho de residencia permanente: aumenta $25, de $575 a $600.<br \/>\nPrograma de Nominaci\u00f3n Provincial: aumenta $40, de $950 a $990.<br \/>\nEmpresas: aumenta $85, de $1,810 a $1,895.<br \/>\nReuni\u00f3n familiar: aumenta $25, de $545 a $570.<br \/>\nPersonas protegidas: aumenta $25, de $635 a $660.<br \/>\nMotivos humanitarios y de compasi\u00f3n o medidas de pol\u00edtica p\u00fablica: aumenta $25, de $635 a $660.<br \/>\nTitulares de permisos: aumenta $15, de $375 a $390.<br \/>\nDeber\u00e1 pagar las nuevas tarifas si present\u00f3 su solicitud a partir del 30 de abril.<\/p>\n<p>Seg\u00fan el IRCC, de acuerdo con el Reglamento de Inmigraci\u00f3n y Protecci\u00f3n de Refugiados, las tarifas de residencia permanente se ajustan cada dos a\u00f1os para compensar el costo de operaci\u00f3n del programa y responder a la creciente demanda.<\/p>\n<p>En marzo, Canad\u00e1 habr\u00eda comenzado a implementar una medida que ofrece la residencia permanente a decenas de miles de trabajadores extranjeros durante 2026 y 2027.<\/p>\n<p>En una entrevista exclusiva con el Toronto Star, la ministra de Inmigraci\u00f3n, Lena Metlege Diab, revel\u00f3 que el gobierno federal hab\u00eda lanzado de forma preliminar un programa que ofrece la residencia permanente a 33.000 trabajadores extranjeros temporales calificados. El plan se anunci\u00f3 por primera vez en noviembre, en el Presupuesto 2025.<\/p>\n<p>No revel\u00f3 cu\u00e1ntos trabajadores extranjeros han recibido la oferta de residencia permanente, pero afirm\u00f3 que Ottawa compartir\u00eda m\u00e1s detalles.<\/p>\n<p>El portavoz de IRCC, Matthew Krupovich, no confirm\u00f3 si la implementaci\u00f3n de la residencia permanente hab\u00eda comenzado, pero tampoco lo neg\u00f3. Aclar\u00f3 que esta medida era &#8220;una acci\u00f3n puntual, que no debe confundirse con un programa&#8221; que acelerar\u00e1 la transici\u00f3n de hasta 33.000 titulares de permisos de trabajo a la residencia permanente en 2026 y 2027.<\/p>\n<p>&#8220;Esta iniciativa se dirigir\u00e1 a personas que ya contribuyen a la econom\u00eda canadiense en una amplia gama de sectores con alta demanda, incluyendo zonas rurales y \u00e1reas con escasez de mano de obra, reconociendo sus s\u00f3lidas ra\u00edces en sus comunidades y sus contribuciones a la econom\u00eda de Canad\u00e1&#8221;, declar\u00f3 Krupovich.<\/p>\n<p>El presupuesto del gobierno liberal para 2025 hizo hincapi\u00e9 en el retorno de la inmigraci\u00f3n a niveles sostenibles y la reducci\u00f3n de la poblaci\u00f3n de residentes no permanentes. El plan de inmigraci\u00f3n 2026-2028 tiene como objetivo mantener la llegada de residentes permanentes por debajo del uno por ciento de la poblaci\u00f3n despu\u00e9s de 2027 y reducir la poblaci\u00f3n temporal a menos del cinco por ciento de la poblaci\u00f3n de Canad\u00e1 para finales de 2027.<\/p>\n<p>En 2026, el gobierno federal se propuso ofrecer la residencia permanente a 109.000 trabajadores extranjeros altamente cualificados. Estas cifras aumentar\u00edan ligeramente en 2027 y 2028 hasta alcanzar los 111.000.<\/p>\n","protected":false},"excerpt":{"rendered":"<p>&nbsp; El proceso se ha encarecido un poco. A partir de hace dos d\u00edas, varias tarifas de solicitud de residencia permanente aumentaron &nbsp; Inmigraci\u00f3n, Refugiados&hellip;<\/p>\n","protected":false},"author":99,"featured_media":543730,"comment_status":"open","ping_status":"open","sticky":false,"template":"","format":"standard","meta":{"footnotes":""},"categories":[21,11191],"tags":[],"class_list":["post-543729","post","type-post","status-publish","format-standard","has-post-thumbnail","hentry","category-canada","category-top-news"],"_links":{"self":[{"href":"https:\/\/diarioelpopular.com\/index.php\/wp-json\/wp\/v2\/posts\/543729","targetHints":{"allow":["GET"]}}],"collection":[{"href":"https:\/\/diarioelpopular.com\/index.php\/wp-json\/wp\/v2\/posts"}],"about":[{"href":"https:\/\/diarioelpopular.com\/index.php\/wp-json\/wp\/v2\/types\/post"}],"author":[{"embeddable":true,"href":"https:\/\/diarioelpopular.com\/index.php\/wp-json\/wp\/v2\/users\/99"}],"replies":[{"embeddable":true,"href":"https:\/\/diarioelpopular.com\/index.php\/wp-json\/wp\/v2\/comments?post=543729"}],"version-history":[{"count":1,"href":"https:\/\/diarioelpopular.com\/index.php\/wp-json\/wp\/v2\/posts\/543729\/revisions"}],"predecessor-version":[{"id":543731,"href":"https:\/\/diarioelpopular.com\/index.php\/wp-json\/wp\/v2\/posts\/543729\/revisions\/543731"}],"wp:featuredmedia":[{"embeddable":true,"href":"https:\/\/diarioelpopular.com\/index.php\/wp-json\/wp\/v2\/media\/543730"}],"wp:attachment":[{"href":"https:\/\/diarioelpopular.com\/index.php\/wp-json\/wp\/v2\/media?parent=543729"}],"wp:term":[{"taxonomy":"category","embeddable":true,"href":"https:\/\/diarioelpopular.com\/index.php\/wp-json\/wp\/v2\/categories?post=543729"},{"taxonomy":"post_tag","embeddable":true,"href":"https:\/\/diarioelpopular.com\/index.php\/wp-json\/wp\/v2\/tags?post=543729"}],"curies":[{"name":"wp","href":"https:\/\/api.w.org\/{rel}","templated":true}]}}