{"id":543748,"date":"2026-05-02T09:43:37","date_gmt":"2026-05-02T13:43:37","guid":{"rendered":"https:\/\/diarioelpopular.com\/?p=543748"},"modified":"2026-05-02T09:43:37","modified_gmt":"2026-05-02T13:43:37","slug":"el-que-no-sabe-de-amores-llorona-no-sabe-lo-que-es-martirio-el-misterio-que-rodea-uno-de-los-himnos-de-mexico-que-chavela-vargas-hizo-suyo","status":"publish","type":"post","link":"https:\/\/diarioelpopular.com\/index.php\/2026\/05\/02\/el-que-no-sabe-de-amores-llorona-no-sabe-lo-que-es-martirio-el-misterio-que-rodea-uno-de-los-himnos-de-mexico-que-chavela-vargas-hizo-suyo\/","title":{"rendered":"&#8220;El que no sabe de amores, llorona, no sabe lo que es martirio&#8221;: el misterio que rodea uno de los himnos de M\u00e9xico que Chavela Vargas hizo suyo"},"content":{"rendered":"<div id=\"attachment_543749\" style=\"width: 646px\" class=\"wp-caption alignnone\"><img loading=\"lazy\" decoding=\"async\" aria-describedby=\"caption-attachment-543749\" class=\"wp-image-543749 size-custom-full-size\" src=\"https:\/\/diarioelpopular.com\/wp-content\/uploads\/2026\/05\/Screen-Shot-2026-05-02-at-9.42.42-AM-636x363.png\" alt=\"\" width=\"636\" height=\"363\" srcset=\"https:\/\/diarioelpopular.com\/wp-content\/uploads\/2026\/05\/Screen-Shot-2026-05-02-at-9.42.42-AM-636x363.png 636w, https:\/\/diarioelpopular.com\/wp-content\/uploads\/2026\/05\/Screen-Shot-2026-05-02-at-9.42.42-AM-300x171.png 300w, https:\/\/diarioelpopular.com\/wp-content\/uploads\/2026\/05\/Screen-Shot-2026-05-02-at-9.42.42-AM-768x438.png 768w, https:\/\/diarioelpopular.com\/wp-content\/uploads\/2026\/05\/Screen-Shot-2026-05-02-at-9.42.42-AM-128x73.png 128w, https:\/\/diarioelpopular.com\/wp-content\/uploads\/2026\/05\/Screen-Shot-2026-05-02-at-9.42.42-AM.png 856w\" sizes=\"auto, (max-width: 636px) 100vw, 636px\" \/><p id=\"caption-attachment-543749\" class=\"wp-caption-text\">Chavela Vargas en un concierto en Buenos Aires en 2004.<\/p><\/div>\n<p>&nbsp;<\/p>\n<p>&nbsp;<\/p>\n<div class=\"css-1k9op6x e17x9cvu0\" dir=\"ltr\">\n<ul>\n<li class=\"css-s4cjt0 eea635z0\" dir=\"ltr\"><em><b>&#8220;La canci\u00f3n me atrap\u00f3, era &#8216;conocida&#8217; para m\u00ed, como si formara parte del ADN de la m\u00fasica que soy&#8221;, cuenta la cantante mexicana Ely Guerra sobre &#8220;La Llorona&#8221;.<\/b><\/em><\/li>\n<\/ul>\n<\/div>\n<div class=\"css-1k9op6x e17x9cvu0\" dir=\"ltr\">\n<p dir=\"ltr\">\n<p class=\"css-s4cjt0 eea635z0\" dir=\"ltr\">&#8220;Sus formas hicieron \u2013y contin\u00faan haci\u00e9ndolo\u2013 cuestionarme acerca de la vida de quien, en el mero principio, la ha escrito&#8221;, indica la compositora.<\/p>\n<\/div>\n<div class=\"css-1k9op6x e17x9cvu0\" dir=\"ltr\">\n<p class=\"css-s4cjt0 eea635z0\" dir=\"ltr\">En 2010, en un concierto para conmemorar los 200 a\u00f1os de la independencia de M\u00e9xico, Guerra ofreci\u00f3 una interpretaci\u00f3n poderosa de &#8220;La Llorona&#8221; junto a Alondra de la Parra, que dirig\u00eda la Orquesta Filarm\u00f3nica de las Am\u00e9ricas.<\/p>\n<\/div>\n<div class=\"css-1k9op6x e17x9cvu0\" dir=\"ltr\">\n<p class=\"css-s4cjt0 eea635z0\" dir=\"ltr\">La canci\u00f3n naci\u00f3 en Oaxaca, en el sur de M\u00e9xico, como tambi\u00e9n lo hizo Lila Downs, quien recuerda que cuando era una veintea\u00f1era y empez\u00f3 a cantar en un restaurante en su tierra natal, le pidieron que la interpretara.<\/p>\n<\/div>\n<div class=\"css-1k9op6x e17x9cvu0\" dir=\"ltr\">\n<p class=\"css-s4cjt0 eea635z0\" dir=\"ltr\">&#8220;La lecci\u00f3n m\u00e1s fuerte para m\u00ed fue el fondo espiritual de la canci\u00f3n&#8221;, le cuenta la cantautora a BBC Mundo.<\/p>\n<\/div>\n<div class=\"css-1k9op6x e17x9cvu0\" dir=\"ltr\">\n<p class=\"css-s4cjt0 eea635z0\" dir=\"ltr\">&#8220;Me empec\u00e9 a dar cuenta de que la gente esperaba algo de m\u00ed que no era yo, que era m\u00e1s bien algo que iba hacia atr\u00e1s en el tiempo, en la identidad, a una parte m\u00e1s m\u00edstica y eso me emocion\u00f3 mucho y me hizo conectar con el p\u00fablico de otra forma&#8221;.<\/p>\n<\/div>\n<div class=\"css-1k9op6x e17x9cvu0\" dir=\"ltr\">\n<p class=\"css-s4cjt0 eea635z0\" dir=\"ltr\">Downs no ha dejado de cantarla y sus versiones han sido aclamadas. Por ejemplo, la interpret\u00f3 como una ranchera en la pel\u00edcula &#8220;Frida&#8221;, que protagoniz\u00f3 Salma Hayek.<\/p>\n<\/div>\n<div class=\"css-1k9op6x e17x9cvu0\" dir=\"ltr\">\n<p class=\"css-s4cjt0 eea635z0\" dir=\"ltr\">En otra parte del filme, el mismo tema lo cant\u00f3 la legendaria Chavela Vargas, quien, de hecho, llam\u00f3 a Downs su &#8220;sucesora&#8221;.<\/p>\n<\/div>\n<div class=\"css-1k9op6x e17x9cvu0\" dir=\"ltr\">\n<p class=\"css-s4cjt0 eea635z0\" dir=\"ltr\">&#8220;Para Chavela Vargas, &#8216;La Llorona&#8217; era su himno&#8221;, dice el destacado compositor y cantante mexicano Mart\u00edn Urieta.<\/p>\n<\/div>\n<div class=\"css-1k9op6x e17x9cvu0\" dir=\"ltr\">\n<p class=\"css-s4cjt0 eea635z0\" dir=\"ltr\">Y, aunque Vargas le dio un impulso impresionante a esa canci\u00f3n a nivel internacional, lo cierto es que ese tema viene cautivando desde hace siglos.<\/p>\n<\/div>\n<figure class=\"css-1qn0xuy\">\n<div class=\"css-1jir9cx\"><img loading=\"lazy\" decoding=\"async\" class=\"css-1seqhu9\" src=\"https:\/\/ichef.bbci.co.uk\/ace\/ws\/640\/cpsprodpb\/79ac\/live\/cc044940-3ee2-11f1-bd52-e755d604ece4.png.webp\" sizes=\"auto, (min-width: 1008px) 760px, 100vw\" srcset=\"https:\/\/ichef.bbci.co.uk\/ace\/ws\/240\/cpsprodpb\/79ac\/live\/cc044940-3ee2-11f1-bd52-e755d604ece4.png.webp 240w, https:\/\/ichef.bbci.co.uk\/ace\/ws\/320\/cpsprodpb\/79ac\/live\/cc044940-3ee2-11f1-bd52-e755d604ece4.png.webp 320w, https:\/\/ichef.bbci.co.uk\/ace\/ws\/480\/cpsprodpb\/79ac\/live\/cc044940-3ee2-11f1-bd52-e755d604ece4.png.webp 480w, https:\/\/ichef.bbci.co.uk\/ace\/ws\/624\/cpsprodpb\/79ac\/live\/cc044940-3ee2-11f1-bd52-e755d604ece4.png.webp 624w, https:\/\/ichef.bbci.co.uk\/ace\/ws\/800\/cpsprodpb\/79ac\/live\/cc044940-3ee2-11f1-bd52-e755d604ece4.png.webp 800w\" alt=\"Raya gris\" width=\"800\" height=\"100\" \/><\/div>\n<\/figure>\n<div class=\"css-1k9op6x e17x9cvu0\" dir=\"ltr\">\n<p class=\"css-s4cjt0 eea635z0\" dir=\"ltr\"><i class=\"css-6whwaq ezrtjzf0\">&#8220;No s\u00e9 qu\u00e9 tienen las flores, llorona<\/i><\/p>\n<\/div>\n<div class=\"css-1k9op6x e17x9cvu0\" dir=\"ltr\">\n<p class=\"css-s4cjt0 eea635z0\" dir=\"ltr\"><i class=\"css-6whwaq ezrtjzf0\">Las flores del campo santo<\/i><\/p>\n<\/div>\n<div class=\"css-1k9op6x e17x9cvu0\" dir=\"ltr\">\n<p class=\"css-s4cjt0 eea635z0\" dir=\"ltr\"><i class=\"css-6whwaq ezrtjzf0\">Que cuando las mueve el viento, llorona<\/i><\/p>\n<\/div>\n<div class=\"css-1k9op6x e17x9cvu0\" dir=\"ltr\">\n<p class=\"css-s4cjt0 eea635z0\" dir=\"ltr\"><i class=\"css-6whwaq ezrtjzf0\">Parece que est\u00e1n llorando&#8221;<\/i><\/p>\n<\/div>\n<figure class=\"css-1qn0xuy\">\n<div class=\"css-1jir9cx\"><img loading=\"lazy\" decoding=\"async\" class=\"css-1seqhu9\" src=\"https:\/\/ichef.bbci.co.uk\/ace\/ws\/640\/cpsprodpb\/7350\/live\/e52b57b0-3ee2-11f1-ac78-2112837ce2aa.png.webp\" sizes=\"auto, (min-width: 1008px) 760px, 100vw\" srcset=\"https:\/\/ichef.bbci.co.uk\/ace\/ws\/240\/cpsprodpb\/7350\/live\/e52b57b0-3ee2-11f1-ac78-2112837ce2aa.png.webp 240w, https:\/\/ichef.bbci.co.uk\/ace\/ws\/320\/cpsprodpb\/7350\/live\/e52b57b0-3ee2-11f1-ac78-2112837ce2aa.png.webp 320w, https:\/\/ichef.bbci.co.uk\/ace\/ws\/480\/cpsprodpb\/7350\/live\/e52b57b0-3ee2-11f1-ac78-2112837ce2aa.png.webp 480w, https:\/\/ichef.bbci.co.uk\/ace\/ws\/624\/cpsprodpb\/7350\/live\/e52b57b0-3ee2-11f1-ac78-2112837ce2aa.png.webp 624w, https:\/\/ichef.bbci.co.uk\/ace\/ws\/800\/cpsprodpb\/7350\/live\/e52b57b0-3ee2-11f1-ac78-2112837ce2aa.png.webp 800w\" alt=\"Raya gris\" width=\"800\" height=\"100\" \/><\/div>\n<\/figure>\n<div class=\"css-1k9op6x e17x9cvu0\" dir=\"ltr\">\n<h2 id=\"Una-m\u00fasica-muy-dulce\" class=\"css-jtxtr9 emoh99e1\" tabindex=\"-1\">&#8220;Una m\u00fasica muy dulce&#8221;<\/h2>\n<\/div>\n<div class=\"css-1k9op6x e17x9cvu0\" dir=\"ltr\">\n<p class=\"css-s4cjt0 eea635z0\" dir=\"ltr\">&#8220;La Llorona&#8221; es una canci\u00f3n que surgi\u00f3 en el istmo de Tehuantepec, en el sur de M\u00e9xico.<\/p>\n<\/div>\n<div class=\"css-1k9op6x e17x9cvu0\" dir=\"ltr\">\n<p class=\"css-s4cjt0 eea635z0\" dir=\"ltr\">&#8220;Nuestra geograf\u00eda oaxaque\u00f1a es muy variada y desde peque\u00f1os aprendemos que tenemos 16 idiomas diferentes y &#8216;La Llorona&#8217; se arraiga principalmente en la naci\u00f3n zapoteca&#8221;, indica Downs, quien naci\u00f3 en Tlaxiaco.<\/p>\n<p dir=\"ltr\">\n<\/div>\n<figure class=\"css-1qn0xuy\">\n<div class=\"css-1jir9cx\">\n<div style=\"width: 1473px\" class=\"wp-caption alignnone\"><img loading=\"lazy\" decoding=\"async\" class=\"css-1seqhu9\" src=\"https:\/\/ichef.bbci.co.uk\/ace\/ws\/640\/cpsprodpb\/1a0b\/live\/5adab8b0-3ca5-11f1-9d5c-8ba507d7dbde.png.webp\" alt=\"Chavela Vargas, con lentes oscuros y una sonrisa, est\u00e1 sentada con un micr\u00f3fono al frente. Ve a Lila Downs quien canta con un micr\u00f3fono y sube uno de sus brazos\" width=\"1463\" height=\"976\" \/><p class=\"wp-caption-text\">Fuente de la imagen,Juan Villa\/JAM MEDIA\/LatinContent via Getty Images. Chavela Vargas viendo a Lila Downs, quien cantaba en un concierto que se organiz\u00f3 en su honor, en abril de 2009, cuando cumpli\u00f3 90 a\u00f1os.<\/p><\/div>\n<p class=\"css-by8ykd\" role=\"text\">\n<\/div>\n<\/figure>\n<div class=\"css-13c4x68 emizsvy0\" dir=\"ltr\" data-e2e=\"podcast-promo\">\n<section class=\"emizsvy1 css-12e4ke4 e1hfaau0\" role=\"region\" aria-labelledby=\"podcast-promo\">\n<div class=\"css-79elbk e92pi9o0\"><\/div>\n<\/section>\n<\/div>\n<div class=\"css-1k9op6x e17x9cvu0\" dir=\"ltr\">\n<p class=\"css-s4cjt0 eea635z0\" dir=\"ltr\">Lo que hace esa canci\u00f3n &#8220;muy oaxaque\u00f1a&#8221; es la forma de versificar y de musicalizar, se\u00f1ala Urieta, quien es presidente del Consejo Directivo de la Sociedad de Autores y Compositores de M\u00e9xico.<\/p>\n<\/div>\n<div class=\"css-1k9op6x e17x9cvu0\" dir=\"ltr\">\n<p class=\"css-s4cjt0 eea635z0\" dir=\"ltr\">&#8220;Es una m\u00fasica muy dulce&#8221;, dice. &#8220;Y cuando la cantan en idioma zapoteca es algo hermos\u00edsimo&#8221;.<\/p>\n<\/div>\n<div class=\"css-1k9op6x e17x9cvu0\" dir=\"ltr\">\n<p class=\"css-s4cjt0 eea635z0\" dir=\"ltr\">No existe una idea lo suficientemente clara sobre cu\u00e1ndo naci\u00f3 la canci\u00f3n y tampoco se sabe realmente cu\u00e1l fue &#8220;La Llorona&#8221; original.<\/p>\n<\/div>\n<div class=\"css-1k9op6x e17x9cvu0\" dir=\"ltr\">\n<p class=\"css-s4cjt0 eea635z0\" dir=\"ltr\">Es un tema que no tiene un due\u00f1o, pero al mismo tiempo es de todo el mundo.<\/p>\n<\/div>\n<div class=\"css-1k9op6x e17x9cvu0\" dir=\"ltr\">\n<p class=\"css-s4cjt0 eea635z0\" dir=\"ltr\">Y es que, al ser una canci\u00f3n tradicional y no tener un texto fijo, a lo largo de los siglos se le han ido a\u00f1adiendo coplas.<\/p>\n<\/div>\n<div class=\"css-1k9op6x e17x9cvu0\" dir=\"ltr\">\n<p class=\"css-s4cjt0 eea635z0\" dir=\"ltr\">De acuerdo con Rodrigo Baz\u00e1n, profesor e investigador de la Facultad de Humanidades de la Universidad Aut\u00f3noma del Estado de Morelos (UAEM), en el Cancionero Folkl\u00f3rico de M\u00e9xico se reportan 134 coplas relacionadas con &#8220;La Llorona&#8221;.<\/p>\n<\/div>\n<div class=\"css-1k9op6x e17x9cvu0\" dir=\"ltr\">\n<p class=\"css-s4cjt0 eea635z0\" dir=\"ltr\">En los a\u00f1os 40, el destacado historiador oaxaque\u00f1o Andr\u00e9s Henestrosa se dedic\u00f3 a recopilar la tradici\u00f3n de esa pieza.<\/p>\n<\/div>\n<div class=\"css-1k9op6x e17x9cvu0\" dir=\"ltr\">\n<p class=\"css-s4cjt0 eea635z0\" dir=\"ltr\">&#8220;El primer gran corpus de coplas que tenemos de la canci\u00f3n lo genera \u00e9l&#8221;, le dice Baz\u00e1n a BBC Mundo.<\/p>\n<\/div>\n<div class=\"css-1k9op6x e17x9cvu0\" dir=\"ltr\">\n<h2 id=\"Entre-hip\u00f3tesis\" class=\"css-jtxtr9 emoh99e1\" tabindex=\"-1\">Entre hip\u00f3tesis<\/h2>\n<\/div>\n<div class=\"css-1k9op6x e17x9cvu0\" dir=\"ltr\">\n<p class=\"css-s4cjt0 eea635z0\" dir=\"ltr\">De acuerdo con Urieta, hay infinidad de versiones sobre qui\u00e9n es la Llorona de la canci\u00f3n y a qu\u00e9 se refiere su letra.<\/p>\n<\/div>\n<div class=\"css-1k9op6x e17x9cvu0\" dir=\"ltr\">\n<p class=\"css-s4cjt0 eea635z0\" dir=\"ltr\">Para muchos, &#8220;es un himno indispensable en el D\u00eda de Muertos&#8221;.<\/p>\n<\/div>\n<div class=\"css-1k9op6x e17x9cvu0\" dir=\"ltr\">\n<p class=\"css-s4cjt0 eea635z0\" dir=\"ltr\">&#8220;Hay quienes la asocian con la\u00a0<a class=\"focusIndicatorReducedWidth css-n8oauk e1h2ur550\" href=\"https:\/\/www.bbc.com\/mundo\/noticias-47503433\">Malinche<\/a>&#8220;, indica, en referencia a la hija de un cacique que naci\u00f3 al final del siglo XV y se convirti\u00f3 en una de las figuras m\u00e1s pol\u00e9micas de la historia de M\u00e9xico por sus v\u00ednculos con Hern\u00e1n Cortez.<\/p>\n<\/div>\n<div class=\"css-1k9op6x e17x9cvu0\" dir=\"ltr\">\n<p class=\"css-s4cjt0 eea635z0\" dir=\"ltr\">Baz\u00e1n descarta cualquier v\u00ednculo de la canci\u00f3n con la leyenda de &#8220;La Llorona&#8221;, que cuenta la historia de una mujer despechada que mat\u00f3 a los hijos y, tras arrepentirse, qued\u00f3 condenada a vagar en busca de ellos.<\/p>\n<p dir=\"ltr\">\n<\/div>\n<figure class=\"css-1qn0xuy\">\n<div class=\"css-1jir9cx\">\n<div style=\"width: 635px\" class=\"wp-caption alignnone\"><img loading=\"lazy\" decoding=\"async\" class=\"css-1seqhu9\" src=\"https:\/\/ichef.bbci.co.uk\/ace\/ws\/640\/cpsprodpb\/6712\/live\/d0626b10-3ca4-11f1-9d5c-8ba507d7dbde.png.webp\" alt=\"Chavela Vargas cantando frente a un micr\u00f3fono \" width=\"625\" height=\"976\" \/><p class=\"wp-caption-text\">Fuente de la imagen,Gianni Ferrari\/Cover\/Getty Images. Chavela Vargas, quien llev\u00f3 &#8220;La Llorona&#8221; a muchas audiencias fuera de M\u00e9xico, en una presentaci\u00f3n en Madrid en 1973.<\/p><\/div>\n<p class=\"css-by8ykd\" role=\"text\">\n<\/div>\n<\/figure>\n<div class=\"css-1k9op6x e17x9cvu0\" dir=\"ltr\">\n<p dir=\"ltr\">\n<p class=\"css-s4cjt0 eea635z0\" dir=\"ltr\">&#8220;Es muy tentador, pero cuesta mucho trabajo establecer la relaci\u00f3n&#8221;, dice el profesor. &#8220;Habr\u00eda que hacer un salto de interpretaci\u00f3n muy rocambolesco para poder decir que la canci\u00f3n viene de la leyenda&#8221;.<\/p>\n<\/div>\n<div class=\"css-1k9op6x e17x9cvu0\" dir=\"ltr\">\n<p class=\"css-s4cjt0 eea635z0\" dir=\"ltr\">Otra hip\u00f3tesis apunta a que la canci\u00f3n se origin\u00f3 durante la Revoluci\u00f3n mexicana, que comenz\u00f3 en 1910.<\/p>\n<\/div>\n<div class=\"css-1k9op6x e17x9cvu0\" dir=\"ltr\">\n<p class=\"css-s4cjt0 eea635z0\" dir=\"ltr\">Seg\u00fan esa teor\u00eda, un istme\u00f1o se enamor\u00f3 de una mujer en otro pueblo de Tehuantepec, pero la revoluci\u00f3n los separar\u00eda.<\/p>\n<\/div>\n<div class=\"css-1k9op6x e17x9cvu0\" dir=\"ltr\">\n<p class=\"css-s4cjt0 eea635z0\" dir=\"ltr\">Antes de partir a la guerra, el joven habr\u00eda llamado a su entristecida amada &#8220;mi llorona&#8221;. Ella, tras la muerte de su enamorado en el conflicto, lo llorar\u00eda inconsolablemente.<\/p>\n<\/div>\n<div class=\"css-1k9op6x e17x9cvu0\" dir=\"ltr\">\n<p class=\"css-s4cjt0 eea635z0\" dir=\"ltr\">Pero esa hip\u00f3tesis tampoco convence a investigadores como Baz\u00e1n.<\/p>\n<\/div>\n<div class=\"css-1k9op6x e17x9cvu0\" dir=\"ltr\">\n<p class=\"css-s4cjt0 eea635z0\" dir=\"ltr\">&#8220;No hay manera de generar 134 coplas que se incorporen a la tradici\u00f3n de un pa\u00eds en 100 a\u00f1os, no da tiempo&#8221;, dice.<\/p>\n<\/div>\n<div class=\"css-1k9op6x e17x9cvu0\" dir=\"ltr\">\n<p class=\"css-s4cjt0 eea635z0\" dir=\"ltr\">&#8220;Tendr\u00eda que haberse dedicado todo el mundo a escribir coplas de &#8216;La Llorona&#8217;. Eso cancela la idea de que sea una canci\u00f3n de la \u00e9poca de la Revoluci\u00f3n mexicana&#8221;.<\/p>\n<\/div>\n<div class=\"css-1k9op6x e17x9cvu0\" dir=\"ltr\">\n<p class=\"css-s4cjt0 eea635z0\" dir=\"ltr\">El profesor cree que hay que asumir que es una canci\u00f3n de la \u00e9poca colonial, que surgi\u00f3 antes de la independencia de M\u00e9xico y cuya fecha exacta no se puede precisar.<\/p>\n<\/div>\n<div class=\"css-1k9op6x e17x9cvu0\" dir=\"ltr\">\n<p class=\"css-s4cjt0 eea635z0\" dir=\"ltr\">De acuerdo con Downs, musicalmente el tema tuvo influencia del jaleo andaluz.<\/p>\n<\/div>\n<div class=\"css-1k9op6x e17x9cvu0\" dir=\"ltr\">\n<h2 id=\"Lo-que-dice-una-copla\" class=\"css-jtxtr9 emoh99e1\" tabindex=\"-1\">Lo que dice una copla<\/h2>\n<\/div>\n<div class=\"css-1k9op6x e17x9cvu0\" dir=\"ltr\">\n<p class=\"css-s4cjt0 eea635z0\" dir=\"ltr\">En favor de la idea de que es un canto que se remonta a la \u00e9poca colonial, indica Baz\u00e1n, hay quienes apuntan a una copla:<\/p>\n<\/div>\n<div class=\"css-1k9op6x e17x9cvu0\" dir=\"ltr\">\n<p class=\"css-s4cjt0 eea635z0\" dir=\"ltr\"><i class=\"css-6whwaq ezrtjzf0\">&#8220;Ayer maravilla fui, llorona<\/i><\/p>\n<\/div>\n<div class=\"css-1k9op6x e17x9cvu0\" dir=\"ltr\">\n<p class=\"css-s4cjt0 eea635z0\" dir=\"ltr\"><i class=\"css-6whwaq ezrtjzf0\">Y ahora ni sombra soy&#8221;<\/i><\/p>\n<\/div>\n<div class=\"css-1k9op6x e17x9cvu0\" dir=\"ltr\">\n<p class=\"css-s4cjt0 eea635z0\" dir=\"ltr\">Unas l\u00edneas muy similares est\u00e1n en el poema &#8220;Aprended, Flores, en m\u00ed&#8221; del poeta espa\u00f1ol Luis de G\u00f3ngora, quien naci\u00f3 en 1561.<\/p>\n<\/div>\n<div class=\"css-1k9op6x e17x9cvu0\" dir=\"ltr\">\n<p class=\"css-s4cjt0 eea635z0\" dir=\"ltr\"><i class=\"css-6whwaq ezrtjzf0\">&#8220;lo que va de ayer a hoy<\/i><\/p>\n<\/div>\n<div class=\"css-1k9op6x e17x9cvu0\" dir=\"ltr\">\n<p class=\"css-s4cjt0 eea635z0\" dir=\"ltr\"><i class=\"css-6whwaq ezrtjzf0\">que ayer maravilla fui<\/i><\/p>\n<\/div>\n<div class=\"css-1k9op6x e17x9cvu0\" dir=\"ltr\">\n<p class=\"css-s4cjt0 eea635z0\" dir=\"ltr\"><i class=\"css-6whwaq ezrtjzf0\">y hoy sombra m\u00eda no soy&#8221;<\/i><\/p>\n<\/div>\n<div class=\"css-1k9op6x e17x9cvu0\" dir=\"ltr\">\n<p class=\"css-s4cjt0 eea635z0\" dir=\"ltr\">De acuerdo con el acad\u00e9mico, hay incluso fuentes que se\u00f1alan que ambos textos coincidieron en alg\u00fan momento de la historia, pero hace una advertencia:<\/p>\n<\/div>\n<div class=\"css-1k9op6x e17x9cvu0\" dir=\"ltr\">\n<p class=\"css-s4cjt0 eea635z0\" dir=\"ltr\">&#8220;En l\u00edrica tradicional, en general, nos cuidamos mucho de decir, por ejemplo, &#8216;el autor la tom\u00f3 de G\u00f3ngora&#8217;, es una afirmaci\u00f3n muy contundente que nadie va a decir&#8221;.<\/p>\n<\/div>\n<div class=\"css-1k9op6x e17x9cvu0\" dir=\"ltr\">\n<p class=\"css-s4cjt0 eea635z0\" dir=\"ltr\">Sin embargo, ese roce con &#8220;algo del siglo XVII&#8221; podr\u00eda ser suficiente para creer que la canci\u00f3n ha estado sonando &#8220;desde ese siglo, por lo menos&#8221;.<\/p>\n<\/div>\n<div class=\"css-1k9op6x e17x9cvu0\" dir=\"ltr\">\n<h2 id=\"Como-un-collar\" class=\"css-jtxtr9 emoh99e1\" tabindex=\"-1\">Como un collar<\/h2>\n<\/div>\n<div class=\"css-1k9op6x e17x9cvu0\" dir=\"ltr\">\n<p class=\"css-s4cjt0 eea635z0\" dir=\"ltr\">Baz\u00e1n nos invita a ver la canci\u00f3n &#8220;La Llorona&#8221; como si fuera un collar.<\/p>\n<\/div>\n<div class=\"css-1k9op6x e17x9cvu0\" dir=\"ltr\">\n<p class=\"css-s4cjt0 eea635z0\" dir=\"ltr\">Imagina que tienes una caja con varios adornos para decorarla. Por ejemplo, bolitas, tri\u00e1ngulos, rect\u00e1ngulos, corazones, entre muchos otros.<\/p>\n<\/div>\n<div class=\"css-1k9op6x e17x9cvu0\" dir=\"ltr\">\n<p class=\"css-s4cjt0 eea635z0\" dir=\"ltr\">Y empiezas a meterlos en el hilo combin\u00e1ndolos como t\u00fa quieras: bolita, tri\u00e1ngulo, bolita, tri\u00e1ngulo o bolita, rect\u00e1ngulo, hex\u00e1gono, bolita, rect\u00e1ngulo, hex\u00e1gono y as\u00ed hasta terminarlo.<\/p>\n<p dir=\"ltr\">\n<\/div>\n<figure class=\"css-1qn0xuy\">\n<div class=\"css-1jir9cx\">\n<div style=\"width: 1388px\" class=\"wp-caption alignnone\"><img loading=\"lazy\" decoding=\"async\" class=\"css-1seqhu9\" src=\"https:\/\/ichef.bbci.co.uk\/ace\/ws\/640\/cpsprodpb\/998b\/live\/4d2d62d0-3ca0-11f1-879d-1b2f5c3919b8.png.webp\" alt=\"Ely Guerra, vestida con un vestido amarillo, y un micr\u00f3fono en la mano\" width=\"1378\" height=\"976\" \/><p class=\"wp-caption-text\">Fuente de la imagen,Angel Delgado\/Clasos.com\/LatinContent via Getty Images. Ely Guerra junto a la Orquesta Filarm\u00f3nica de las Am\u00e9ricas, dirigida por Alondra de la Parra, cant\u00f3 &#8220;La Llorona&#8221;, en el concierto celebrado en el El \u00c1ngel, Ciudad de M\u00e9xico, para conmemorar los 200 a\u00f1os de la independencia.<\/p><\/div>\n<p class=\"css-by8ykd\" role=\"text\">\n<\/div>\n<\/figure>\n<div class=\"css-1k9op6x e17x9cvu0\" dir=\"ltr\">\n<p dir=\"ltr\">\n<p class=\"css-s4cjt0 eea635z0\" dir=\"ltr\">Ahora piensa que cada adorno es una copla: imagina la riqueza de posibilidades que te ofrece una canci\u00f3n de 134 coplas, es un arsenal de combinaciones.<\/p>\n<\/div>\n<div class=\"css-1k9op6x e17x9cvu0\" dir=\"ltr\">\n<p class=\"css-s4cjt0 eea635z0\" dir=\"ltr\">&#8220;Asumamos que la canci\u00f3n viene del siglo XVII y que tiene 400 a\u00f1os dando vueltas, no sabemos qui\u00e9nes fueron esos cantantes que metieron, en la caja de &#8216;La Llorona&#8217;, coplas para usar como usted quiera&#8221;.<\/p>\n<\/div>\n<div class=\"css-1k9op6x e17x9cvu0\" dir=\"ltr\">\n<p class=\"css-s4cjt0 eea635z0\" dir=\"ltr\">No sabemos qui\u00e9n a\u00f1adi\u00f3 dos coplas y, luego, qui\u00e9n le agreg\u00f3 otras m\u00e1s. Por eso la canci\u00f3n no tiene una autor\u00eda, &#8220;no hay a quien se\u00f1alar como el origen&#8221;, explica el experto.<\/p>\n<\/div>\n<div class=\"css-1k9op6x e17x9cvu0\" dir=\"ltr\">\n<p class=\"css-s4cjt0 eea635z0\" dir=\"ltr\">&#8220;Por el camino qui\u00e9n sabe cu\u00e1ntas formas de cantar la canci\u00f3n se nos perdieron porque no est\u00e1n grabadas, porque la gente las cantaba en su casa y ah\u00ed se quedaron&#8221;.<\/p>\n<\/div>\n<div class=\"css-1k9op6x e17x9cvu0\" dir=\"ltr\">\n<h2 id=\"Un-tesoro-camale\u00f3nico\" class=\"css-jtxtr9 emoh99e1\" tabindex=\"-1\">Un tesoro camale\u00f3nico<\/h2>\n<\/div>\n<div class=\"css-1k9op6x e17x9cvu0\" dir=\"ltr\">\n<p class=\"css-s4cjt0 eea635z0\" dir=\"ltr\">Aunque en muchos hogares mexicanos &#8220;La Llorona&#8221; fue una canci\u00f3n que mantuvieron vivas las abuelas, lo cierto es que muchos la conocen gracias a las grabaciones hechas por quienes se dedicaron profesionalmente al canto.<\/p>\n<\/div>\n<div class=\"css-1k9op6x e17x9cvu0\" dir=\"ltr\">\n<p class=\"css-s4cjt0 eea635z0\" dir=\"ltr\">As\u00ed, el profesor nos recuerda que Cuco S\u00e1nchez la cant\u00f3, en 1943, de una forma; que unos 15 a\u00f1os despu\u00e9s, Chavela Vargas la interpretar\u00eda de otro modo y que, en los a\u00f1os 70, \u00d3scar Ch\u00e1vez la grabar\u00eda con otro estilo.<\/p>\n<p dir=\"ltr\">\n<\/div>\n<figure class=\"css-1qn0xuy\">\n<div class=\"css-1jir9cx\">\n<div style=\"width: 1585px\" class=\"wp-caption alignnone\"><img loading=\"lazy\" decoding=\"async\" class=\"css-1seqhu9\" src=\"https:\/\/ichef.bbci.co.uk\/ace\/ws\/640\/cpsprodpb\/84bc\/live\/2c9412f0-3ca8-11f1-8606-05fe34b06e1b.png.webp\" alt=\"A la izquierda, Aida Cuevas, vestida con una traje de mariachi blanco, con un sombrero en la mano y en la otra, un micr\u00f3fono mientras canta. En el centro est\u00e1 Natalia Lafourcade, con un vestido blanco, tambi\u00e9n canta con un micr\u00f3fono en la mano, y a la derecha, \u00c1ngela Aguilar, con un vestido negro adornado con flores de colores y un chal verde\" width=\"1575\" height=\"976\" \/><p class=\"wp-caption-text\">Fuente de la imagen,Jeff Kravitz\/FilmMagic. En la ceremonia de los premios Grammy, en 2019, Aida Cuevas, Natalia Lafourcade y \u00c1ngela Aguilar cantaron &#8220;La Llorona&#8221;.<\/p><\/div>\n<p class=\"css-by8ykd\" role=\"text\">\n<\/div>\n<\/figure>\n<div class=\"css-1k9op6x e17x9cvu0\" dir=\"ltr\">\n<p dir=\"ltr\">\n<p class=\"css-s4cjt0 eea635z0\" dir=\"ltr\">Muchos en Am\u00e9rica Latina y en otras partes del mundo la oir\u00edan por primera vez en la voz de Vargas, la cantante nacida en Costa Rica que am\u00f3 a M\u00e9xico desde ni\u00f1a y que, como dec\u00eda su amigo, el escritor Carlos Monsiv\u00e1is, le extra\u00eda &#8220;fervores y rencores&#8221; a las canciones.<\/p>\n<\/div>\n<div class=\"css-1k9op6x e17x9cvu0\" dir=\"ltr\">\n<p class=\"css-s4cjt0 eea635z0\" dir=\"ltr\">En 1993, Canal+ Espa\u00f1a hizo el reportaje &#8220;Chavela Vargas&#8221; en el que la artista habl\u00f3 sobre la canci\u00f3n y cont\u00f3 que la Llorona era una de las diosas de la mitolog\u00eda mexica, &#8220;la diosa de la vida y de la muerte&#8221;.<\/p>\n<\/div>\n<div class=\"css-1k9op6x e17x9cvu0\" dir=\"ltr\">\n<p class=\"css-s4cjt0 eea635z0\" dir=\"ltr\">&#8220;Por eso est\u00e1 all\u00e1 arriba, en el cielo, nunca tuvo amores con nadie y, a veces, se dice que el Sol de Espa\u00f1a anda que lame los montes porque la Luna lo enga\u00f1a. La Luna es una mujer, llorona&#8221;.<\/p>\n<\/div>\n<div class=\"css-1k9op6x e17x9cvu0\" dir=\"ltr\">\n<p class=\"css-s4cjt0 eea635z0\" dir=\"ltr\">El programa incluy\u00f3 temas que la artista interpret\u00f3 ese a\u00f1o en un concierto en Barcelona. Entre ellas, su desgarradora &#8220;La Llorona&#8221;.<\/p>\n<\/div>\n<div class=\"css-1k9op6x e17x9cvu0\" dir=\"ltr\">\n<p class=\"css-s4cjt0 eea635z0\" dir=\"ltr\">En un conmovedor texto en honor a Vargas, publicado en\u00a0<a class=\"focusIndicatorReducedWidth css-n8oauk e1h2ur550\" href=\"https:\/\/www.pagina12.com.ar\/diario\/suplementos\/radar\/9-8144-2012-08-12.html\" aria-label=\"P\u00e1gina 12, externo\">P\u00e1gina 12<\/a>\u00a0el 12 de agosto de 2012, Pedro Almod\u00f3var contaba que con el paso del tiempo la voz al cantar de la artista se volvi\u00f3 &#8220;m\u00e1s \u00edntima&#8221;.<\/p>\n<\/div>\n<div class=\"css-1k9op6x e17x9cvu0\" dir=\"ltr\">\n<p class=\"css-s4cjt0 eea635z0\" dir=\"ltr\">&#8220;Las mejores versiones de &#8216;La Llorona&#8217; las interpret\u00f3 en sus \u00faltimos conciertos. Abordaba la canci\u00f3n con un murmullo, y en ese tono continuaba, recitando palabra por palabra, hasta llegar al \u00e9pico final. Cantar, lo que se dice cantar, s\u00f3lo cantaba la \u00faltima estrofa, de un modo ascendente hasta gritar su \u00faltima y breve palabra&#8221;.<\/p>\n<\/div>\n<figure class=\"css-1qn0xuy\">\n<div class=\"css-1jir9cx\"><img loading=\"lazy\" decoding=\"async\" class=\"css-1seqhu9\" src=\"https:\/\/ichef.bbci.co.uk\/ace\/ws\/640\/cpsprodpb\/93f0\/live\/6398ac70-3eec-11f1-b55d-0f258dce1735.png.webp\" sizes=\"auto, (min-width: 1008px) 760px, 100vw\" srcset=\"https:\/\/ichef.bbci.co.uk\/ace\/ws\/240\/cpsprodpb\/93f0\/live\/6398ac70-3eec-11f1-b55d-0f258dce1735.png.webp 240w, https:\/\/ichef.bbci.co.uk\/ace\/ws\/320\/cpsprodpb\/93f0\/live\/6398ac70-3eec-11f1-b55d-0f258dce1735.png.webp 320w, https:\/\/ichef.bbci.co.uk\/ace\/ws\/480\/cpsprodpb\/93f0\/live\/6398ac70-3eec-11f1-b55d-0f258dce1735.png.webp 480w, https:\/\/ichef.bbci.co.uk\/ace\/ws\/624\/cpsprodpb\/93f0\/live\/6398ac70-3eec-11f1-b55d-0f258dce1735.png.webp 624w, https:\/\/ichef.bbci.co.uk\/ace\/ws\/800\/cpsprodpb\/93f0\/live\/6398ac70-3eec-11f1-b55d-0f258dce1735.png.webp 800w\" alt=\"Raya gris\" width=\"800\" height=\"100\" \/><\/div>\n<\/figure>\n<div class=\"css-1k9op6x e17x9cvu0\" dir=\"ltr\">\n<p class=\"css-s4cjt0 eea635z0\" dir=\"ltr\"><i class=\"css-6whwaq ezrtjzf0\">&#8220;S\u00ed porque te quiero quieres, llorona<\/i><\/p>\n<\/div>\n<div class=\"css-1k9op6x e17x9cvu0\" dir=\"ltr\">\n<p class=\"css-s4cjt0 eea635z0\" dir=\"ltr\"><i class=\"css-6whwaq ezrtjzf0\">Quieres que te quieres m\u00e1s<\/i><\/p>\n<\/div>\n<div class=\"css-1k9op6x e17x9cvu0\" dir=\"ltr\">\n<p class=\"css-s4cjt0 eea635z0\" dir=\"ltr\"><i class=\"css-6whwaq ezrtjzf0\">Si ya te he dado la vida, llorona<\/i><\/p>\n<\/div>\n<div class=\"css-1k9op6x e17x9cvu0\" dir=\"ltr\">\n<p class=\"css-s4cjt0 eea635z0\" dir=\"ltr\"><i class=\"css-6whwaq ezrtjzf0\">\u00bfQu\u00e9 m\u00e1s quieres?<\/i><\/p>\n<\/div>\n<div class=\"css-1k9op6x e17x9cvu0\" dir=\"ltr\">\n<p class=\"css-s4cjt0 eea635z0\" dir=\"ltr\"><i class=\"css-6whwaq ezrtjzf0\">\u00bfQuieres m\u00e1s?&#8221;<\/i><\/p>\n<\/div>\n<figure class=\"css-1qn0xuy\">\n<div class=\"css-1jir9cx\"><img loading=\"lazy\" decoding=\"async\" class=\"css-1seqhu9\" src=\"https:\/\/ichef.bbci.co.uk\/ace\/ws\/640\/cpsprodpb\/9e3a\/live\/298349f0-3eec-11f1-ac78-2112837ce2aa.png.webp\" sizes=\"auto, (min-width: 1008px) 760px, 100vw\" srcset=\"https:\/\/ichef.bbci.co.uk\/ace\/ws\/240\/cpsprodpb\/9e3a\/live\/298349f0-3eec-11f1-ac78-2112837ce2aa.png.webp 240w, https:\/\/ichef.bbci.co.uk\/ace\/ws\/320\/cpsprodpb\/9e3a\/live\/298349f0-3eec-11f1-ac78-2112837ce2aa.png.webp 320w, https:\/\/ichef.bbci.co.uk\/ace\/ws\/480\/cpsprodpb\/9e3a\/live\/298349f0-3eec-11f1-ac78-2112837ce2aa.png.webp 480w, https:\/\/ichef.bbci.co.uk\/ace\/ws\/624\/cpsprodpb\/9e3a\/live\/298349f0-3eec-11f1-ac78-2112837ce2aa.png.webp 624w, https:\/\/ichef.bbci.co.uk\/ace\/ws\/800\/cpsprodpb\/9e3a\/live\/298349f0-3eec-11f1-ac78-2112837ce2aa.png.webp 800w\" alt=\"Raya gris\" width=\"800\" height=\"100\" \/><\/div>\n<\/figure>\n<div class=\"css-1k9op6x e17x9cvu0\" dir=\"ltr\">\n<p class=\"css-s4cjt0 eea635z0\" dir=\"ltr\">Artistas como Lila Downs, Ely Guerra, Natalia Lafourcade, \u00c1ngela Aguilar, Rosal\u00eda, han llevado la canci\u00f3n a otras generaciones.<\/p>\n<\/div>\n<div class=\"css-1k9op6x e17x9cvu0\" dir=\"ltr\">\n<p class=\"css-s4cjt0 eea635z0\" dir=\"ltr\">&#8220;Los invito a que busquen en diferentes plataformas de cu\u00e1ntas maneras se puede cantar una misma canci\u00f3n porque se le abre a uno un mundo, es de una riqueza verdaderamente encantadora&#8221;, dice Baz\u00e1n.<\/p>\n<p dir=\"ltr\">\n<\/div>\n<figure class=\"css-1qn0xuy\">\n<div class=\"css-1jir9cx\">\n<div style=\"width: 1467px\" class=\"wp-caption alignnone\"><img loading=\"lazy\" decoding=\"async\" class=\"css-1seqhu9\" src=\"https:\/\/ichef.bbci.co.uk\/ace\/ws\/640\/cpsprodpb\/8b55\/live\/2524a6f0-3ccc-11f1-8606-05fe34b06e1b.png.webp\" alt=\"Alanna Ubach con un vestido rojo, con un hombro descubierto. Detr\u00e1s tiene una pared que dice &quot;Coco&quot;\" width=\"1457\" height=\"976\" \/><p class=\"wp-caption-text\">Fuente de la imagen,Jason LaVeris\/FilmMagic. Alanna Ubach (en la foto) canta &#8220;La Llorona&#8221;, junto a Antonio Sol, en la versi\u00f3n en ingl\u00e9s de la pel\u00edcula animada &#8220;Coco&#8221;. En la versi\u00f3n en espa\u00f1ol del filme, la interpretan Ang\u00e9lica Vale y Marco Antonio Sol\u00eds.<\/p><\/div>\n<p class=\"css-by8ykd\" role=\"text\">\n<\/div>\n<\/figure>\n<div class=\"css-1k9op6x e17x9cvu0\" dir=\"ltr\">\n<p dir=\"ltr\">\n<p class=\"css-s4cjt0 eea635z0\" dir=\"ltr\">Para el investigador, &#8220;no hay una versi\u00f3n que sea m\u00e1s v\u00e1lida que otra, todas deben tener el mismo peso&#8221;.<\/p>\n<\/div>\n<div class=\"css-1k9op6x e17x9cvu0\" dir=\"ltr\">\n<p class=\"css-s4cjt0 eea635z0\" dir=\"ltr\">La canci\u00f3n es un &#8220;tesoro nacional&#8221; con una cualidad &#8220;camale\u00f3nica&#8221; para hacerse inmortal.<\/p>\n<\/div>\n<div class=\"css-1k9op6x e17x9cvu0\" dir=\"ltr\">\n<h2 id=\"El-amor-complicado\" class=\"css-jtxtr9 emoh99e1\" tabindex=\"-1\">El amor complicado<\/h2>\n<\/div>\n<div class=\"css-1k9op6x e17x9cvu0\" dir=\"ltr\">\n<p class=\"css-s4cjt0 eea635z0\" dir=\"ltr\">Pese al misterio que la rodea, la mayor\u00eda de los an\u00e1lisis sobre la canci\u00f3n coinciden en que retrata una historia de amor.<\/p>\n<\/div>\n<figure class=\"css-1qn0xuy\">\n<div class=\"css-1jir9cx\"><img loading=\"lazy\" decoding=\"async\" class=\"css-1seqhu9\" src=\"https:\/\/ichef.bbci.co.uk\/ace\/ws\/640\/cpsprodpb\/160f\/live\/fcb3e340-3ee0-11f1-bd52-e755d604ece4.png.webp\" sizes=\"auto, (min-width: 1008px) 760px, 100vw\" srcset=\"https:\/\/ichef.bbci.co.uk\/ace\/ws\/240\/cpsprodpb\/160f\/live\/fcb3e340-3ee0-11f1-bd52-e755d604ece4.png.webp 240w, https:\/\/ichef.bbci.co.uk\/ace\/ws\/320\/cpsprodpb\/160f\/live\/fcb3e340-3ee0-11f1-bd52-e755d604ece4.png.webp 320w, https:\/\/ichef.bbci.co.uk\/ace\/ws\/480\/cpsprodpb\/160f\/live\/fcb3e340-3ee0-11f1-bd52-e755d604ece4.png.webp 480w, https:\/\/ichef.bbci.co.uk\/ace\/ws\/624\/cpsprodpb\/160f\/live\/fcb3e340-3ee0-11f1-bd52-e755d604ece4.png.webp 624w, https:\/\/ichef.bbci.co.uk\/ace\/ws\/800\/cpsprodpb\/160f\/live\/fcb3e340-3ee0-11f1-bd52-e755d604ece4.png.webp 800w\" alt=\"Raya gris\" width=\"800\" height=\"100\" \/><\/div>\n<\/figure>\n<div class=\"css-1k9op6x e17x9cvu0\" dir=\"ltr\">\n<p class=\"css-s4cjt0 eea635z0\" dir=\"ltr\"><i class=\"css-6whwaq ezrtjzf0\">&#8220;Me quitar\u00e1n de quererte, llorona<\/i><\/p>\n<\/div>\n<div class=\"css-1k9op6x e17x9cvu0\" dir=\"ltr\">\n<p class=\"css-s4cjt0 eea635z0\" dir=\"ltr\"><i class=\"css-6whwaq ezrtjzf0\">Pero de olvidarte, nunca&#8221;<\/i><\/p>\n<\/div>\n<figure class=\"css-1qn0xuy\">\n<div class=\"css-1jir9cx\"><img loading=\"lazy\" decoding=\"async\" class=\"css-1seqhu9\" src=\"https:\/\/ichef.bbci.co.uk\/ace\/ws\/640\/cpsprodpb\/52fe\/live\/222611c0-3ee1-11f1-ac78-2112837ce2aa.png.webp\" sizes=\"auto, (min-width: 1008px) 760px, 100vw\" srcset=\"https:\/\/ichef.bbci.co.uk\/ace\/ws\/240\/cpsprodpb\/52fe\/live\/222611c0-3ee1-11f1-ac78-2112837ce2aa.png.webp 240w, https:\/\/ichef.bbci.co.uk\/ace\/ws\/320\/cpsprodpb\/52fe\/live\/222611c0-3ee1-11f1-ac78-2112837ce2aa.png.webp 320w, https:\/\/ichef.bbci.co.uk\/ace\/ws\/480\/cpsprodpb\/52fe\/live\/222611c0-3ee1-11f1-ac78-2112837ce2aa.png.webp 480w, https:\/\/ichef.bbci.co.uk\/ace\/ws\/624\/cpsprodpb\/52fe\/live\/222611c0-3ee1-11f1-ac78-2112837ce2aa.png.webp 624w, https:\/\/ichef.bbci.co.uk\/ace\/ws\/800\/cpsprodpb\/52fe\/live\/222611c0-3ee1-11f1-ac78-2112837ce2aa.png.webp 800w\" alt=\"Raya gris\" width=\"800\" height=\"100\" \/><\/div>\n<\/figure>\n<div class=\"css-1k9op6x e17x9cvu0\" dir=\"ltr\">\n<p class=\"css-s4cjt0 eea635z0\" dir=\"ltr\">&#8220;En Am\u00e9rica Latina nos gusta cantar sobre amores complicados. Es una marca cultural&#8221;, a\u00f1ade Baz\u00e1n.<\/p>\n<\/div>\n<div class=\"css-1k9op6x e17x9cvu0\" dir=\"ltr\">\n<p class=\"css-s4cjt0 eea635z0\" dir=\"ltr\">&#8220;La Llorona&#8221; tiene ese potencial de &#8220;tragedia amorosa&#8221; y la forma en que est\u00e1n hechas sus coplas permite que se hagan peque\u00f1os bosquejos de una historia sin necesidad de que se cuente en su totalidad.<\/p>\n<\/div>\n<div class=\"css-1k9op6x e17x9cvu0\" dir=\"ltr\">\n<p class=\"css-s4cjt0 eea635z0\" dir=\"ltr\">&#8220;As\u00ed, el que canta no me va a dar un final: &#8216;Y fueron felices para siempre&#8217;, pero me deja con toda la sutileza&#8221;.<\/p>\n<\/div>\n<div class=\"css-1k9op6x e17x9cvu0\" dir=\"ltr\">\n<h2 id=\"Un-llorar-que-fortalece\" class=\"css-jtxtr9 emoh99e1\" tabindex=\"-1\">&#8220;Un llorar que fortalece&#8221;<\/h2>\n<\/div>\n<div class=\"css-1k9op6x e17x9cvu0\" dir=\"ltr\">\n<p class=\"css-s4cjt0 eea635z0\" dir=\"ltr\">Cuando a sus 25 a\u00f1os, a Downs le pidieron, en el restaurante en el que cantaba, que interpretara &#8220;La Llorona&#8221;, se sinti\u00f3 feliz.<\/p>\n<\/div>\n<div class=\"css-1k9op6x e17x9cvu0\" dir=\"ltr\">\n<p class=\"css-s4cjt0 eea635z0\" dir=\"ltr\">&#8220;Me pareci\u00f3 importante hacerlo porque mi misi\u00f3n era buscar temas que tuvieran que ver con los ancestros&#8221;, cuenta, &#8220;canciones que fueran nuestra herencia&#8221;.<\/p>\n<\/div>\n<div class=\"css-1k9op6x e17x9cvu0\" dir=\"ltr\">\n<p class=\"css-s4cjt0 eea635z0\" dir=\"ltr\">Pero sent\u00eda que su generaci\u00f3n ve\u00eda ese tema como &#8220;algo aburrido&#8221;.<\/p>\n<p dir=\"ltr\">\n<\/div>\n<figure class=\"css-1qn0xuy\">\n<div class=\"css-1jir9cx\">\n<div style=\"width: 737px\" class=\"wp-caption alignnone\"><img loading=\"lazy\" decoding=\"async\" class=\"css-1seqhu9\" src=\"https:\/\/ichef.bbci.co.uk\/ace\/ws\/640\/cpsprodpb\/9d99\/live\/7c46a200-3ee6-11f1-b55d-0f258dce1735.png.webp\" alt=\"Lila Downs y Salma Hayek posan sonrientes frente a las c\u00e1maras en la alfombra roja. Downs lleva un vestido tradicional de M\u00e9xico de colores amarillo, azul, negro y rojo. Hayek lleva un vestido largo de colores blanco y negro\" width=\"727\" height=\"976\" \/><p class=\"wp-caption-text\">Fuente de la imagen,JOHN G. MABANGLO\/AFP v\u00eda Getty Images. Lila Downs junto a Salma Hayek a su llegada a la ceremonia de los Oscar en 2003.<\/p><\/div>\n<p class=\"css-by8ykd\" role=\"text\">\n<\/div>\n<\/figure>\n<div class=\"css-1k9op6x e17x9cvu0\" dir=\"ltr\">\n<p dir=\"ltr\">\n<p class=\"css-s4cjt0 eea635z0\" dir=\"ltr\">As\u00ed que asumi\u00f3 el desaf\u00edo de buscar otra manera de interpretarlo y, para eso, le dio un toque oper\u00edstico y jazzista.<\/p>\n<\/div>\n<div class=\"css-1k9op6x e17x9cvu0\" dir=\"ltr\">\n<p class=\"css-s4cjt0 eea635z0\" dir=\"ltr\">Recuerda que &#8220;la gente se empez\u00f3 a emocionar&#8221; y esa reacci\u00f3n la atrap\u00f3.<\/p>\n<\/div>\n<div class=\"css-1k9op6x e17x9cvu0\" dir=\"ltr\">\n<p class=\"css-s4cjt0 eea635z0\" dir=\"ltr\">&#8220;Para m\u00ed significaba una reinvenci\u00f3n de m\u00ed como mujer cantante y creo que me dio mucho poder&#8221;.<\/p>\n<\/div>\n<div class=\"css-1k9op6x e17x9cvu0\" dir=\"ltr\">\n<p class=\"css-s4cjt0 eea635z0\" dir=\"ltr\">Se refiere a que esa canci\u00f3n, as\u00ed como sus propias creaciones, le permitieron comunicarse con p\u00fablicos que &#8220;quiz\u00e1s estaban cerrados al mensaje que yo ten\u00eda que era sobre los grupos ind\u00edgenas, las madres, las mujeres que muelen el chile y el chocolate&#8221;.<\/p>\n<\/div>\n<div class=\"css-1k9op6x e17x9cvu0\" dir=\"ltr\">\n<p class=\"css-s4cjt0 eea635z0\" dir=\"ltr\">Downs, quien adem\u00e1s de canto, \u00f3pera y m\u00fasica estudi\u00f3 antropolog\u00eda social, cree que &#8220;La Llorona&#8221; ha logrado traspasar los siglos gracias a la profundidad de sus versos.<\/p>\n<\/div>\n<div class=\"css-1k9op6x e17x9cvu0\" dir=\"ltr\">\n<p class=\"css-s4cjt0 eea635z0\" dir=\"ltr\">&#8220;Habla de la conquista y de nuestra historia dolorosa en Latinoam\u00e9rica, habla de las mujeres y de nuestra sensibilidad&#8221;.<\/p>\n<p dir=\"ltr\">\n<\/div>\n<figure class=\"css-1qn0xuy\">\n<div class=\"css-1jir9cx\">\n<div style=\"width: 1474px\" class=\"wp-caption alignnone\"><img loading=\"lazy\" decoding=\"async\" class=\"css-1seqhu9\" src=\"https:\/\/ichef.bbci.co.uk\/ace\/ws\/640\/cpsprodpb\/6f70\/live\/46831730-3ca6-11f1-8606-05fe34b06e1b.png.webp\" alt=\"Lila Downs en el escenario frente a un micr\u00f3fono. Lleva un poncho rosado, trenzas, collares de colores y en una mano tiene un pa\u00f1uelo amarillo. Sonr\u00ede y tiene los brazos abiertos\" width=\"1464\" height=\"976\" \/><p class=\"wp-caption-text\">Fuente de la imagen,Erika Goldring\/Getty Images. Downs, de madre mixteca y padre escoc\u00e9s-estadounidense, naci\u00f3 en Oaxaca, y creci\u00f3 entre M\u00e9xico y EE.UU.<\/p><\/div>\n<p class=\"css-by8ykd\" role=\"text\">\n<\/div>\n<\/figure>\n<div class=\"css-1k9op6x e17x9cvu0\" dir=\"ltr\">\n<p dir=\"ltr\">\n<p class=\"css-s4cjt0 eea635z0\" dir=\"ltr\">&#8220;Ese llorar que nos fortalece, ese llorar que es un ciclo de vida&#8221;.<\/p>\n<\/div>\n<div class=\"css-1k9op6x e17x9cvu0\" dir=\"ltr\">\n<p class=\"css-s4cjt0 eea635z0\" dir=\"ltr\">&#8220;En una etapa de mi vida pens\u00e9 que &#8216;La Llorona&#8217; se quejaba de s\u00ed misma, de su vida, de sus problemas, de sus penas, pero ahora, en esta etapa, veo la fortaleza de la mujer, la manera de expresar nuestras emociones&#8221;.<\/p>\n<\/div>\n<div class=\"css-1k9op6x e17x9cvu0\" dir=\"ltr\">\n<p class=\"css-s4cjt0 eea635z0\" dir=\"ltr\">Para la ganadora de siete Grammys, esa canci\u00f3n es una oportunidad de hablar honestamente sobre nuestras necesidades.<\/p>\n<\/div>\n<div class=\"css-1k9op6x e17x9cvu0\" dir=\"ltr\">\n<p class=\"css-s4cjt0 eea635z0\" dir=\"ltr\">&#8220;Por eso sobrevive, por eso es tan universal&#8221;.<\/p>\n<\/div>\n<div class=\"css-1k9op6x e17x9cvu0\" dir=\"ltr\">\n<h2 id=\"El-llanto-tambi\u00e9n-es-libertad\" class=\"css-jtxtr9 emoh99e1\" tabindex=\"-1\">&#8220;El llanto tambi\u00e9n es libertad&#8221;<\/h2>\n<\/div>\n<div class=\"css-1k9op6x e17x9cvu0\" dir=\"ltr\">\n<p class=\"css-s4cjt0 eea635z0\" dir=\"ltr\">Ely Guerra cuenta que la primera vez que escuch\u00f3 &#8220;La Llorona&#8221;, &#8220;la p\u00e9rdida&#8221; all\u00ed expresada la &#8220;atrap\u00f3&#8221; y la hizo sentirse &#8220;unida a otros tiempos&#8221;<\/p>\n<\/div>\n<div class=\"css-1k9op6x e17x9cvu0\" dir=\"ltr\">\n<p class=\"css-s4cjt0 eea635z0\" dir=\"ltr\">Ahora, cuando la escucha, evoca la vida en el campo.<\/p>\n<\/div>\n<div class=\"css-1k9op6x e17x9cvu0\" dir=\"ltr\">\n<p class=\"css-s4cjt0 eea635z0\" dir=\"ltr\">&#8220;Veo los surcos que se le han formado en la piel a aquel que trabajaba la tierra bajo el sol y, veo a la sombra de un arbusto, ah\u00ed, debajo, al que canta sentado, solo. \u00bfSer\u00e1 que as\u00ed se tararearon sus coplas?&#8221;.<\/p>\n<\/div>\n<div class=\"css-1k9op6x e17x9cvu0\" dir=\"ltr\">\n<p class=\"css-s4cjt0 eea635z0\" dir=\"ltr\">&#8220;Yo me estremezco profundamente cuando trato de imaginar lo que pensaba quien la escrib\u00eda, para escribir as\u00ed, pues, simplemente, se ha sufrido mucho&#8221;.<\/p>\n<\/div>\n<figure class=\"css-1qn0xuy\">\n<div class=\"css-1jir9cx\"><img loading=\"lazy\" decoding=\"async\" class=\"css-1seqhu9\" src=\"https:\/\/ichef.bbci.co.uk\/ace\/ws\/640\/cpsprodpb\/04a1\/live\/53077f40-3ee1-11f1-bd52-e755d604ece4.png.webp\" sizes=\"auto, (min-width: 1008px) 760px, 100vw\" srcset=\"https:\/\/ichef.bbci.co.uk\/ace\/ws\/240\/cpsprodpb\/04a1\/live\/53077f40-3ee1-11f1-bd52-e755d604ece4.png.webp 240w, https:\/\/ichef.bbci.co.uk\/ace\/ws\/320\/cpsprodpb\/04a1\/live\/53077f40-3ee1-11f1-bd52-e755d604ece4.png.webp 320w, https:\/\/ichef.bbci.co.uk\/ace\/ws\/480\/cpsprodpb\/04a1\/live\/53077f40-3ee1-11f1-bd52-e755d604ece4.png.webp 480w, https:\/\/ichef.bbci.co.uk\/ace\/ws\/624\/cpsprodpb\/04a1\/live\/53077f40-3ee1-11f1-bd52-e755d604ece4.png.webp 624w, https:\/\/ichef.bbci.co.uk\/ace\/ws\/800\/cpsprodpb\/04a1\/live\/53077f40-3ee1-11f1-bd52-e755d604ece4.png.webp 800w\" alt=\"Raya gris\" width=\"800\" height=\"100\" \/><\/div>\n<\/figure>\n<div class=\"css-1k9op6x e17x9cvu0\" dir=\"ltr\">\n<p class=\"css-s4cjt0 eea635z0\" dir=\"ltr\"><i class=\"css-6whwaq ezrtjzf0\">&#8220;A un Santo Cristo de fierro, llorona<\/i><\/p>\n<\/div>\n<div class=\"css-1k9op6x e17x9cvu0\" dir=\"ltr\">\n<p class=\"css-s4cjt0 eea635z0\" dir=\"ltr\"><i class=\"css-6whwaq ezrtjzf0\">Mis penas le cont\u00e9 yo<\/i><\/p>\n<\/div>\n<div class=\"css-1k9op6x e17x9cvu0\" dir=\"ltr\">\n<p class=\"css-s4cjt0 eea635z0\" dir=\"ltr\"><i class=\"css-6whwaq ezrtjzf0\">Cu\u00e1les no ser\u00edan mis penas, llorona<\/i><\/p>\n<\/div>\n<div class=\"css-1k9op6x e17x9cvu0\" dir=\"ltr\">\n<p class=\"css-s4cjt0 eea635z0\" dir=\"ltr\"><i class=\"css-6whwaq ezrtjzf0\">Que el Santo Cristo llor\u00f3&#8221;<\/i><\/p>\n<\/div>\n<figure class=\"css-1qn0xuy\">\n<div class=\"css-1jir9cx\"><img loading=\"lazy\" decoding=\"async\" class=\"css-1seqhu9\" src=\"https:\/\/ichef.bbci.co.uk\/ace\/ws\/640\/cpsprodpb\/9ea8\/live\/6c205ce0-3ee1-11f1-ac78-2112837ce2aa.png.webp\" sizes=\"auto, (min-width: 1008px) 760px, 100vw\" srcset=\"https:\/\/ichef.bbci.co.uk\/ace\/ws\/240\/cpsprodpb\/9ea8\/live\/6c205ce0-3ee1-11f1-ac78-2112837ce2aa.png.webp 240w, https:\/\/ichef.bbci.co.uk\/ace\/ws\/320\/cpsprodpb\/9ea8\/live\/6c205ce0-3ee1-11f1-ac78-2112837ce2aa.png.webp 320w, https:\/\/ichef.bbci.co.uk\/ace\/ws\/480\/cpsprodpb\/9ea8\/live\/6c205ce0-3ee1-11f1-ac78-2112837ce2aa.png.webp 480w, https:\/\/ichef.bbci.co.uk\/ace\/ws\/624\/cpsprodpb\/9ea8\/live\/6c205ce0-3ee1-11f1-ac78-2112837ce2aa.png.webp 624w, https:\/\/ichef.bbci.co.uk\/ace\/ws\/800\/cpsprodpb\/9ea8\/live\/6c205ce0-3ee1-11f1-ac78-2112837ce2aa.png.webp 800w\" alt=\"Raya gris\" width=\"800\" height=\"100\" \/><\/div>\n<\/figure>\n<div class=\"css-1k9op6x e17x9cvu0\" dir=\"ltr\">\n<p class=\"css-s4cjt0 eea635z0\" dir=\"ltr\">En 2010, la cantautora particip\u00f3 en el disco &#8220;Bimexicano, Nuestros Cl\u00e1sicos Hechos Rock&#8221;, en el que interpret\u00f3 &#8220;La Llorona&#8221;.<\/p>\n<\/div>\n<div class=\"css-1k9op6x e17x9cvu0\" dir=\"ltr\">\n<p class=\"css-s4cjt0 eea635z0\" dir=\"ltr\">Sinti\u00f3 que acercarse a esa canci\u00f3n, que es un homenaje a la m\u00fasica de su pa\u00eds, desde su voz, era un compromiso muy grande.<\/p>\n<\/div>\n<div class=\"css-1k9op6x e17x9cvu0\" dir=\"ltr\">\n<p class=\"css-s4cjt0 eea635z0\" dir=\"ltr\">&#8220;\u00bfC\u00f3mo podr\u00eda yo, con mi canto y expresi\u00f3n musical, honrar y enunciar mi m\u00e1s sentido p\u00e9same a aquel que la escribi\u00f3? \u00bfC\u00f3mo hacerlo desde mi propia emoci\u00f3n y perspectiva siendo algo tan \u00fanico y valioso?&#8221;.<\/p>\n<p dir=\"ltr\">\n<\/div>\n<figure class=\"css-1qn0xuy\">\n<div class=\"css-1jir9cx\">\n<div style=\"width: 660px\" class=\"wp-caption alignnone\"><img loading=\"lazy\" decoding=\"async\" class=\"css-1seqhu9\" src=\"https:\/\/ichef.bbci.co.uk\/ace\/ws\/640\/cpsprodpb\/c4c8\/live\/de211790-3e81-11f1-ac78-2112837ce2aa.png.webp\" alt=\"Ely Guerra, con una camisa blanca, est\u00e1 sentada con la mano en la barbilla. Detr\u00e1s tiene la portada del \u00e1lbum que dice \u201cBimexicano, Nuestros Cl\u00e1sicos Hechos Rock\u201d.\" width=\"650\" height=\"976\" \/><p class=\"wp-caption-text\">Fuente de la imagen,Edgar Negrete\/Clasos.com\/LatinContent via Getty Images. Ely Guerra en la presentaci\u00f3n del \u00e1lbum &#8220;Bimexicano, Nuestros Cl\u00e1sicos Hechos Rock&#8221;, en 2010.<\/p><\/div>\n<\/div>\n<\/figure>\n<div class=\"css-1k9op6x e17x9cvu0\" dir=\"ltr\">\n<p dir=\"ltr\">\n<p class=\"css-s4cjt0 eea635z0\" dir=\"ltr\">Dio el paso e hizo su versi\u00f3n musical que est\u00e1 escrita en comp\u00e1s de 5\/4.<\/p>\n<\/div>\n<div class=\"css-1k9op6x e17x9cvu0\" dir=\"ltr\">\n<p class=\"css-s4cjt0 eea635z0\" dir=\"ltr\">&#8220;Entonces sent\u00ed que nos pertenec\u00edamos. Que ella me pertenec\u00eda y que yo le pertenec\u00eda tambi\u00e9n&#8221;.<\/p>\n<\/div>\n<div class=\"css-1k9op6x e17x9cvu0\" dir=\"ltr\">\n<p class=\"css-s4cjt0 eea635z0\" dir=\"ltr\">Guerra gan\u00f3 en 2010 un Grammy por su disco &#8220;Hombre Invisible&#8221; y, en 2019, su \u00e1lbum &#8220;Lotofire&#8221; fue incluido en los &#8220;10 \u00e1lbumes esenciales del rock en espa\u00f1ol desde 1999&#8221; de la revista Rolling Stones.<\/p>\n<\/div>\n<div class=\"css-1k9op6x e17x9cvu0\" dir=\"ltr\">\n<p class=\"css-s4cjt0 eea635z0\" dir=\"ltr\">Cuando le pregunto por qu\u00e9 cree que &#8220;La Llorona&#8221; ha logrado traspasar los siglos y mantenerse como uno de los himnos de M\u00e9xico, responde porque tarde o temprano lloraremos.<\/p>\n<\/div>\n<div class=\"css-1k9op6x e17x9cvu0\" dir=\"ltr\">\n<p class=\"css-s4cjt0 eea635z0\" dir=\"ltr\">&#8220;Todos lloramos o lloraremos la p\u00e9rdida de los que amamos y esos, tambi\u00e9n son surcos, surcos profundos del alma&#8221;.<\/p>\n<\/div>\n<div class=\"css-1k9op6x e17x9cvu0\" dir=\"ltr\">\n<p class=\"css-s4cjt0 eea635z0\" dir=\"ltr\">&#8220;Esta pieza musical es un himno a la vida y es una celebraci\u00f3n de nuestra cultura frente al concepto de la muerte. Es el llanto, pero tambi\u00e9n es libertad&#8221;.<\/p>\n<\/div>\n","protected":false},"excerpt":{"rendered":"<p>&nbsp; &nbsp; &#8220;La canci\u00f3n me atrap\u00f3, era &#8216;conocida&#8217; para m\u00ed, como si formara parte del ADN de la m\u00fasica que soy&#8221;, cuenta la cantante mexicana&hellip;<\/p>\n","protected":false},"author":99,"featured_media":543749,"comment_status":"open","ping_status":"open","sticky":false,"template":"","format":"standard","meta":{"footnotes":""},"categories":[11358,23],"tags":[],"class_list":["post-543748","post","type-post","status-publish","format-standard","has-post-thumbnail","hentry","category-especiales","category-latinoamerica"],"_links":{"self":[{"href":"https:\/\/diarioelpopular.com\/index.php\/wp-json\/wp\/v2\/posts\/543748","targetHints":{"allow":["GET"]}}],"collection":[{"href":"https:\/\/diarioelpopular.com\/index.php\/wp-json\/wp\/v2\/posts"}],"about":[{"href":"https:\/\/diarioelpopular.com\/index.php\/wp-json\/wp\/v2\/types\/post"}],"author":[{"embeddable":true,"href":"https:\/\/diarioelpopular.com\/index.php\/wp-json\/wp\/v2\/users\/99"}],"replies":[{"embeddable":true,"href":"https:\/\/diarioelpopular.com\/index.php\/wp-json\/wp\/v2\/comments?post=543748"}],"version-history":[{"count":1,"href":"https:\/\/diarioelpopular.com\/index.php\/wp-json\/wp\/v2\/posts\/543748\/revisions"}],"predecessor-version":[{"id":543750,"href":"https:\/\/diarioelpopular.com\/index.php\/wp-json\/wp\/v2\/posts\/543748\/revisions\/543750"}],"wp:featuredmedia":[{"embeddable":true,"href":"https:\/\/diarioelpopular.com\/index.php\/wp-json\/wp\/v2\/media\/543749"}],"wp:attachment":[{"href":"https:\/\/diarioelpopular.com\/index.php\/wp-json\/wp\/v2\/media?parent=543748"}],"wp:term":[{"taxonomy":"category","embeddable":true,"href":"https:\/\/diarioelpopular.com\/index.php\/wp-json\/wp\/v2\/categories?post=543748"},{"taxonomy":"post_tag","embeddable":true,"href":"https:\/\/diarioelpopular.com\/index.php\/wp-json\/wp\/v2\/tags?post=543748"}],"curies":[{"name":"wp","href":"https:\/\/api.w.org\/{rel}","templated":true}]}}