{"id":543752,"date":"2026-05-02T09:48:33","date_gmt":"2026-05-02T13:48:33","guid":{"rendered":"https:\/\/diarioelpopular.com\/?p=543752"},"modified":"2026-05-02T09:48:33","modified_gmt":"2026-05-02T13:48:33","slug":"cuando-la-noche-se-vuelve-silenciosa","status":"publish","type":"post","link":"https:\/\/diarioelpopular.com\/index.php\/2026\/05\/02\/cuando-la-noche-se-vuelve-silenciosa\/","title":{"rendered":"Cuando la noche se vuelve silenciosa"},"content":{"rendered":"<div id=\"attachment_543753\" style=\"width: 646px\" class=\"wp-caption alignnone\"><img loading=\"lazy\" decoding=\"async\" aria-describedby=\"caption-attachment-543753\" class=\"wp-image-543753 size-custom-full-size\" src=\"https:\/\/diarioelpopular.com\/wp-content\/uploads\/2026\/05\/Screen-Shot-2026-05-02-at-9.47.37-AM-636x430.png\" alt=\"\" width=\"636\" height=\"430\" srcset=\"https:\/\/diarioelpopular.com\/wp-content\/uploads\/2026\/05\/Screen-Shot-2026-05-02-at-9.47.37-AM-636x430.png 636w, https:\/\/diarioelpopular.com\/wp-content\/uploads\/2026\/05\/Screen-Shot-2026-05-02-at-9.47.37-AM-300x203.png 300w, https:\/\/diarioelpopular.com\/wp-content\/uploads\/2026\/05\/Screen-Shot-2026-05-02-at-9.47.37-AM-768x519.png 768w, https:\/\/diarioelpopular.com\/wp-content\/uploads\/2026\/05\/Screen-Shot-2026-05-02-at-9.47.37-AM-80x55.png 80w, https:\/\/diarioelpopular.com\/wp-content\/uploads\/2026\/05\/Screen-Shot-2026-05-02-at-9.47.37-AM-108x73.png 108w, https:\/\/diarioelpopular.com\/wp-content\/uploads\/2026\/05\/Screen-Shot-2026-05-02-at-9.47.37-AM.png 876w\" sizes=\"auto, (max-width: 636px) 100vw, 636px\" \/><p id=\"caption-attachment-543753\" class=\"wp-caption-text\">Inundaciones en C\u00f3rdoba, Colombia, el pasado 11 de febrero. Foto NATHALIA ANGARITA<\/p><\/div>\n<p>&nbsp;<\/p>\n<ul>\n<li><em><strong>La muerte de los ecosistemas est\u00e1 apagando los sonidos de la tierra. En el pasado, solo los huracanes o tsunamis lograban callar fugazmente las huellas auditivas de la naturaleza. Hoy, el silencio se extiende por el mundo<\/strong><\/em><\/li>\n<\/ul>\n<p>&nbsp;<\/p>\n<p>En tiempos turbulentos, el miedo viaja y la urgencia por construir futuros seguros se contagia; las soluciones r\u00e1pidas aparecen como flores tentadoras en la oscuridad.<\/p>\n<p>Corine Pelluchon les llama\u00a0<a title=\"https:\/\/elpais.com\/ideas\/2026-03-29\/abandonemos-a-los-lideres-fuertes-abracemos-el-poder-de-lo-femenino.html\" href=\"https:\/\/elpais.com\/ideas\/2026-03-29\/abandonemos-a-los-lideres-fuertes-abracemos-el-poder-de-lo-femenino.html\" target=\"_self\" rel=\"\" data-link-track-dtm=\"\" data-mrf-link=\"https:\/\/elpais.com\/ideas\/2026-03-29\/abandonemos-a-los-lideres-fuertes-abracemos-el-poder-de-lo-femenino.html\">profetas del enga\u00f1o<\/a>\u00a0que buscan aliviar la ansiedad e intercambian la libertad por una ilusi\u00f3n de protecci\u00f3n. En esa misma l\u00ednea, Donna Haraway titul\u00f3 uno de sus libros: seguir con el problema. Sostiene que la crisis ambiental est\u00e1 tan enraizada en nuestros sistemas que las soluciones reactivas no hacen m\u00e1s que imposibilitar el futuro. Haraway aboga por enfocarse en ese presente denso donde a\u00fan podemos generar cascadas de preguntas \u2013y alguna que otra respuesta- que activen nuevas sensibilidades para poder ir al fondo del problema. Porque por m\u00e1s que haya urgencia, la prisa nunca ha sido una gran aliada.<\/p>\n<p class=\"\">En las \u00faltimas semanas, en Latinoam\u00e9rica, nos han llegado noticias de cat\u00e1strofes ambientales, contaminaciones masivas, retrocesos legislativos que amenazan (a\u00fan m\u00e1s) la permanencia de valiosos ecosistemas en la regi\u00f3n. No busco relatarlos a detalle, ni siquiera enumerarlos: mis colegas de Am\u00e9rica Futura ya lo han hecho muy bien. Pero me interesa rescatar algunos sucesos porque nos dan indicios sobre el valor que le ponemos a la vida. Hablan de esa superioridad que parece otorgarnos el derecho a decidir qu\u00e9 seres y ecosistemas estamos dispuestos a sacrificar.<\/p>\n<p class=\"\">El 8 de abril se logr\u00f3 la suspensi\u00f3n de un\u00a0<a href=\"https:\/\/elpais.com\/mexico\/2025-04-30\/ballenas-o-gas-en-mexico.html\" rel=\"\" data-link-track-dtm=\"\" data-mrf-link=\"https:\/\/elpais.com\/mexico\/2025-04-30\/ballenas-o-gas-en-mexico.html\">megaproyecto de inversi\u00f3n de gas licuado en el Golfo de California<\/a>, que busca transformar las aguas f\u00e9rtiles del \u00e1rea natural protegida m\u00e1s importante del norte de M\u00e9xico en un corredor industrial mar\u00edtimo para transporte de hidrocarburos. Este proyecto, que podr\u00eda apagar la vida marina en la regi\u00f3n, se frena temporalmente en espera de un juicio definitivo. En su momento, el gobernador de Sonora dio luz verde al proyecto justificando que no hab\u00eda ballenas en su estado, que estaban \u201cen otro lado\u201d. Esa simplificaci\u00f3n brutal evidencia c\u00f3mo funciona la conservaci\u00f3n: hay que ver para proteger. Si son especies carism\u00e1ticas, es decir, que generan en nosotros alg\u00fan tipo de emoci\u00f3n, las probabilidades de salvarse son mayores.\u00a0<a title=\"https:\/\/www.sciencedirect.com\/science\/article\/abs\/pii\/S0921800924003707\" href=\"https:\/\/www.sciencedirect.com\/science\/article\/abs\/pii\/S0921800924003707\" target=\"_blank\" rel=\"noopener\" data-link-track-dtm=\"\" data-mrf-link=\"https:\/\/www.sciencedirect.com\/science\/article\/abs\/pii\/S0921800924003707\">Un estudio reciente<\/a>\u00a0mostr\u00f3 que el 83% del financiamiento para protecci\u00f3n de especies se va a vertebrados, como los rinocerontes y elefantes; tan solo el 0,2% se destina a algas y hongos. Los fondos terminan por no llegar a donde se necesitan: el 94% de las especies m\u00e1s amenazadas nunca recibir\u00e1n protecci\u00f3n.<\/p>\n<p class=\"\">Esa concepci\u00f3n desde la utilidad y el control, el mirar al mundo como un objeto a nuestra disposici\u00f3n, es lo que sigue justificando su destrucci\u00f3n. No deber\u00edamos de conocer, ni siquiera entender, a\u00fan menos ver para poder cuidar. Y a veces, cuidar es no intervenir. Es simplemente dejar existir.<\/p>\n<p class=\"\">Sobre todo cuando la vida se sostiene desde lo diminuto: las simbiosis bacterianas en nuestros cuerpos, los microorganismos que gu\u00edan a las tortugas en los oc\u00e9anos, las algas que sostienen corales, los hongos que crean bosques. Abandonarse a la superficialidad de nuestra mirada nos lleva a ignorar las cadenas de dependencias que hacen posible que la vida surja.<\/p>\n<p class=\"\">Lucrecia Martel se pregunta c\u00f3mo esa obsesi\u00f3n por ver ha hecho que se nos atrofien los otros sentidos. \u00bfQu\u00e9 pasa cuando a nuestra vida se le van yendo los sonidos?, \u00bfc\u00f3mo impacta eso en las historias que contamos?, \u00bfqu\u00e9 riesgo hay en simplificar tanto nuestras maneras de habitarnos en este mundo? El mirar impone y domina, abrirse a otros sentidos m\u00e1s pasivos permite que el mundo se infiltre en su diversidad. Nos obliga a moverse con m\u00e1s cautela, a dudar desde nuestra vulnerabilidad y a observar la sutileza de lo que nos rodea. Porque lo extraordinario de la vida est\u00e1 en los detalles. Martel apunta: mientras que la mirada es fugaz, el sonido obliga al tiempo.<\/p>\n<p class=\"\">Nos empuja a explorar tambi\u00e9n una manera m\u00e1s animal de estar en la tierra: en la naturaleza, la vista es rara vez la mejor estrategia para sobrevivir. Ursula K. Le Guin habla de esa revoluci\u00f3n que no ser\u00e1 escandalosa, ser\u00e1 m\u00e1s bien h\u00fameda, oscura, silenciosa, insidiosa y participativa. Surgir\u00e1 de esas grietas de la vida donde se deshecha todo lo que parece no servir. Surgir\u00e1 de atreverse a imaginar distintas maneras de vivir, en donde el poder no se utilice para humillar.<\/p>\n<p class=\"\">El 9 de abril, Argentina\u00a0<a title=\"https:\/\/elpais.com\/argentina\/2026-04-09\/milei-logra-que-el-congreso-reforme-la-ley-de-glaciares-para-aumentar-la-actividad-minera-en-los-andes.html\" href=\"https:\/\/elpais.com\/argentina\/2026-04-09\/milei-logra-que-el-congreso-reforme-la-ley-de-glaciares-para-aumentar-la-actividad-minera-en-los-andes.html\" target=\"_self\" rel=\"\" data-link-track-dtm=\"\" data-mrf-link=\"https:\/\/elpais.com\/argentina\/2026-04-09\/milei-logra-que-el-congreso-reforme-la-ley-de-glaciares-para-aumentar-la-actividad-minera-en-los-andes.html\">reform\u00f3 la Ley de Glaciares<\/a> que deja a estos ecosistemas sin la protecci\u00f3n autom\u00e1tica por ley. En su lugar, se delega a las provincias el decidir si se protegen o no los glaciares en funci\u00f3n de \u201csu funci\u00f3n h\u00eddrica efectiva\u201d. Si se juzga que el ecosistema es\u00a0<i>in\u00fatil<\/i>, el glaciar se abrir\u00e1 a actividades extractivistas como la miner\u00eda a cielo abierto.<\/p>\n<p class=\"\">Nunca me he adentrado en un glaciar, pero fui a una exposici\u00f3n que narraba su colapso sonoro por el calentamiento global. Los arcos met\u00e1licos por los que ten\u00eda que pasar me contaban su muerte: los crujidos de esas inmensas masas de hielo que se comprimen por la presi\u00f3n, el goteo insistente que adopta los ritmos temporales de deshielo y acumulaci\u00f3n de nieve, los gemidos del viento que se cuela entre los intersticios del glaciar, los ruidos secos de los bloques de hielo que se desprenden y se estrellan contra el mar, las masas que se fracasan, el susurro de ese hielo que se rasga. Y de pronto, la cascada que no parece agotarse nunca. Y de pronto, el goteo arr\u00edtmico. Y de pronto, nada. Silencio.<\/p>\n<p class=\"\"><a title=\"https:\/\/elpais.com\/america-futura\/2026-04-21\/america-latina-despidio-tres-especies-en-2025.html\" href=\"https:\/\/elpais.com\/america-futura\/2026-04-21\/america-latina-despidio-tres-especies-en-2025.html\" target=\"_blank\" rel=\"noopener noreferrer\" data-link-track-dtm=\"\" data-mrf-link=\"https:\/\/elpais.com\/america-futura\/2026-04-21\/america-latina-despidio-tres-especies-en-2025.html\">La muerte de los ecosistemas est\u00e1 apagando los sonidos de la tierra<\/a>. En el pasado, solo los huracanes, tsunamis o incendios profundos lograban callar fugazmente las huellas auditivas de la naturaleza. Hoy, el silencio se extiende por el mundo y el eco de esa sinfon\u00eda animal perdida se difumina entre ruinas.<\/p>\n<p class=\"\"><a title=\"https:\/\/elpais.com\/america-futura\/2026-04-17\/lo-que-no-se-conoce-desaparece-en-silencio-recuerdos-del-fotografo-de-un-glaciar-extinto-en-colombia.html\" href=\"https:\/\/elpais.com\/america-futura\/2026-04-17\/lo-que-no-se-conoce-desaparece-en-silencio-recuerdos-del-fotografo-de-un-glaciar-extinto-en-colombia.html\" target=\"_blank\" rel=\"noopener noreferrer\" data-link-track-dtm=\"\" data-mrf-link=\"https:\/\/elpais.com\/america-futura\/2026-04-17\/lo-que-no-se-conoce-desaparece-en-silencio-recuerdos-del-fotografo-de-un-glaciar-extinto-en-colombia.html\">M\u00e1s all\u00e1 de\u00a0<i>la utilidad<\/i>\u00a0de los glaciares<\/a>, la desaparici\u00f3n de esos cuerpos tambi\u00e9n est\u00e1 borrando las memorias del origen de la tierra: los n\u00facleos de hielo nos cuentan historias sobre qu\u00e9 fue de la vida hace millones de a\u00f1os.<\/p>\n<p class=\"\">Pero entre las ruinas, escuchamos la vida resistir y el futuro del mundo revelarse a quien no ha perdido la capacidad de sentir.<\/p>\n","protected":false},"excerpt":{"rendered":"<p>&nbsp; La muerte de los ecosistemas est\u00e1 apagando los sonidos de la tierra. En el pasado, solo los huracanes o tsunamis lograban callar fugazmente las&hellip;<\/p>\n","protected":false},"author":99,"featured_media":543753,"comment_status":"open","ping_status":"open","sticky":false,"template":"","format":"standard","meta":{"footnotes":""},"categories":[23],"tags":[],"class_list":["post-543752","post","type-post","status-publish","format-standard","has-post-thumbnail","hentry","category-latinoamerica"],"_links":{"self":[{"href":"https:\/\/diarioelpopular.com\/index.php\/wp-json\/wp\/v2\/posts\/543752","targetHints":{"allow":["GET"]}}],"collection":[{"href":"https:\/\/diarioelpopular.com\/index.php\/wp-json\/wp\/v2\/posts"}],"about":[{"href":"https:\/\/diarioelpopular.com\/index.php\/wp-json\/wp\/v2\/types\/post"}],"author":[{"embeddable":true,"href":"https:\/\/diarioelpopular.com\/index.php\/wp-json\/wp\/v2\/users\/99"}],"replies":[{"embeddable":true,"href":"https:\/\/diarioelpopular.com\/index.php\/wp-json\/wp\/v2\/comments?post=543752"}],"version-history":[{"count":1,"href":"https:\/\/diarioelpopular.com\/index.php\/wp-json\/wp\/v2\/posts\/543752\/revisions"}],"predecessor-version":[{"id":543754,"href":"https:\/\/diarioelpopular.com\/index.php\/wp-json\/wp\/v2\/posts\/543752\/revisions\/543754"}],"wp:featuredmedia":[{"embeddable":true,"href":"https:\/\/diarioelpopular.com\/index.php\/wp-json\/wp\/v2\/media\/543753"}],"wp:attachment":[{"href":"https:\/\/diarioelpopular.com\/index.php\/wp-json\/wp\/v2\/media?parent=543752"}],"wp:term":[{"taxonomy":"category","embeddable":true,"href":"https:\/\/diarioelpopular.com\/index.php\/wp-json\/wp\/v2\/categories?post=543752"},{"taxonomy":"post_tag","embeddable":true,"href":"https:\/\/diarioelpopular.com\/index.php\/wp-json\/wp\/v2\/tags?post=543752"}],"curies":[{"name":"wp","href":"https:\/\/api.w.org\/{rel}","templated":true}]}}