{"id":547643,"date":"2026-08-30T07:55:15","date_gmt":"2026-08-30T11:55:15","guid":{"rendered":"https:\/\/diarioelpopular.com\/?p=547643"},"modified":"2026-08-30T07:55:15","modified_gmt":"2026-08-30T11:55:15","slug":"el-pecado-original-de-meta-asi-acabo-la-mayor-red-social-del-mundo-acorralada-en-los-tribunales","status":"publish","type":"post","link":"https:\/\/diarioelpopular.com\/index.php\/2026\/08\/30\/el-pecado-original-de-meta-asi-acabo-la-mayor-red-social-del-mundo-acorralada-en-los-tribunales\/","title":{"rendered":"El pecado original de Meta: as\u00ed acab\u00f3 la mayor red social del mundo acorralada en los tribunales"},"content":{"rendered":"<div id=\"attachment_547644\" style=\"width: 646px\" class=\"wp-caption alignnone\"><img loading=\"lazy\" decoding=\"async\" aria-describedby=\"caption-attachment-547644\" class=\"wp-image-547644 size-custom-full-size\" src=\"https:\/\/diarioelpopular.com\/wp-content\/uploads\/2026\/08\/Screen-Shot-2026-08-30-at-7.54.09-AM-636x441.png\" alt=\"\" width=\"636\" height=\"441\" srcset=\"https:\/\/diarioelpopular.com\/wp-content\/uploads\/2026\/08\/Screen-Shot-2026-08-30-at-7.54.09-AM-636x441.png 636w, https:\/\/diarioelpopular.com\/wp-content\/uploads\/2026\/08\/Screen-Shot-2026-08-30-at-7.54.09-AM-300x208.png 300w, https:\/\/diarioelpopular.com\/wp-content\/uploads\/2026\/08\/Screen-Shot-2026-08-30-at-7.54.09-AM-768x532.png 768w, https:\/\/diarioelpopular.com\/wp-content\/uploads\/2026\/08\/Screen-Shot-2026-08-30-at-7.54.09-AM-1536x1065.png 1536w, https:\/\/diarioelpopular.com\/wp-content\/uploads\/2026\/08\/Screen-Shot-2026-08-30-at-7.54.09-AM-1200x832.png 1200w, https:\/\/diarioelpopular.com\/wp-content\/uploads\/2026\/08\/Screen-Shot-2026-08-30-at-7.54.09-AM-80x55.png 80w, https:\/\/diarioelpopular.com\/wp-content\/uploads\/2026\/08\/Screen-Shot-2026-08-30-at-7.54.09-AM-105x73.png 105w, https:\/\/diarioelpopular.com\/wp-content\/uploads\/2026\/08\/Screen-Shot-2026-08-30-at-7.54.09-AM.png 1024w\" sizes=\"auto, (max-width: 636px) 100vw, 636px\" \/><p id=\"caption-attachment-547644\" class=\"wp-caption-text\">Mark Zuckerberg en el evento UFC Freedom 250 en la Casa Blanca el 14 de junio de 2026. Louis Grasse (Zuma Press\/Europa Press)<\/p><\/div>\n<p>&nbsp;<\/p>\n<ul>\n<li><em><strong>La obsesi\u00f3n por recabar cada vez m\u00e1s datos de los usuarios para monetizarlos, y la falta de l\u00edmites en ese proceso, han llevado a la tecnol\u00f3gica a un infierno judicial de dif\u00edcil salida<\/strong><\/em><\/li>\n<\/ul>\n<p>&nbsp;<\/p>\n<p class=\"\">Meta ha ca\u00eddo finalmente por el precipicio legal al que se asomaba.\u00a0<a href=\"https:\/\/elpais.com\/tecnologia\/2026-08-27\/el-momento-tabacaleras-las-claves-de-un-acuerdo-historico-que-marcara-el-futuro-de-las-redes-sociales.html\" rel=\"\" data-link-track-dtm=\"\" data-mrf-link=\"https:\/\/elpais.com\/tecnologia\/2026-08-27\/el-momento-tabacaleras-las-claves-de-un-acuerdo-historico-que-marcara-el-futuro-de-las-redes-sociales.html\">El acuerdo al que lleg\u00f3 esta semana con 52 fiscales generales<\/a>\u00a0de EE UU a cambio de que retiren su pleito contra la compa\u00f1\u00eda, a la que acusan de desarrollar una red social adictiva para los menores, muestra que no las ten\u00eda todas consigo. Meta pagar\u00e1 hasta 18.000 millones de d\u00f3lares e introducir\u00e1 cambios significativos en el dise\u00f1o de sus plataformas. Ha claudicado. \u00bfC\u00f3mo ha llegado hasta aqu\u00ed?<\/p>\n<p class=\"\">Facebook no fue la primera red social, pero tard\u00f3 poco en convertirse en la mayor del mundo. Lleg\u00f3 a las pantallas en 2004, cuatro a\u00f1os antes de que los iPhone inauguraran la era de los tel\u00e9fonos m\u00f3viles. La popularidad de la plataforma ideada por Mark Zuckerberg, ese jovenc\u00edsimo ingeniero que siempre vest\u00eda vaqueros y la misma camiseta gris, se extendi\u00f3 por todo el planeta. Facebook era el lugar en el que hablar con amigos que viv\u00edan lejos, donde compartir las fotos de tu \u00faltimo viaje o incluso un sitio para conocer a gente. Era f\u00e1cil de usar, funcionaba bien y permit\u00eda estar al d\u00eda de tus amistades.<\/p>\n<p class=\"\">Esa era la parte visible. \u201cTengo m\u00e1s de 4.000 correos electr\u00f3nicos, fotos, direcciones, redes sociales&#8230; La gente simplemente lo envi\u00f3. Putos idiotas\u201d. Este es un fragmento de la conversaci\u00f3n que mantuvo Zuckerberg con un amigo en 2004, tal y como revelar\u00edan m\u00e1s tarde\u00a0<i>The New Yorker<\/i>\u00a0y\u00a0<i>Business Insider<\/i>. Ten\u00eda 19 a\u00f1os y acababa de lanzar TheFacebook desde su habitaci\u00f3n de la residencia Kirkland House de la Universidad de Harvard.<\/p>\n<p class=\"\">Zuckerberg sab\u00eda que esos datos eran relevantes. En un primer momento se concentr\u00f3 en que su red social fuera agradable, en mejorar el producto para que a la gente le gustara (y siguiera volcando en ella su vida). Los fondos de inversi\u00f3n se peleaban por inyectarle dinero, no ten\u00eda que preocuparse por la financiaci\u00f3n. Era la\u00a0<i>startup<\/i>\u00a0del momento.<\/p>\n<figure class=\"a_m a_m-h \">\n<p><div style=\"width: 424px\" class=\"wp-caption alignnone\"><img loading=\"lazy\" decoding=\"async\" class=\"_re lazyload a_m-h\" src=\"https:\/\/imagenes.elpais.com\/resizer\/v2\/GMXKZWL3KBGFNBGRKIBLLFQYSU.jpg?auth=f09568974543e7924deec8509b3416eb37a90272adb6f481cbde7c38d96e1035&amp;width=414\" sizes=\"auto, (min-width:1199px) 760px,(min-width:1001px) calc((100vw - 44px-11*31px)\/12*8+217), (min-width:767px) 767px, 100vw\" srcset=\"https:\/\/imagenes.elpais.com\/resizer\/v2\/GMXKZWL3KBGFNBGRKIBLLFQYSU.jpg?auth=f09568974543e7924deec8509b3416eb37a90272adb6f481cbde7c38d96e1035&amp;width=414 414w,https:\/\/imagenes.elpais.com\/resizer\/v2\/GMXKZWL3KBGFNBGRKIBLLFQYSU.jpg?auth=f09568974543e7924deec8509b3416eb37a90272adb6f481cbde7c38d96e1035&amp;width=828 640w,https:\/\/imagenes.elpais.com\/resizer\/v2\/GMXKZWL3KBGFNBGRKIBLLFQYSU.jpg?auth=f09568974543e7924deec8509b3416eb37a90272adb6f481cbde7c38d96e1035&amp;width=980 1000w,https:\/\/imagenes.elpais.com\/resizer\/v2\/GMXKZWL3KBGFNBGRKIBLLFQYSU.jpg?auth=f09568974543e7924deec8509b3416eb37a90272adb6f481cbde7c38d96e1035&amp;width=1960 1960w\" alt=\"\" width=\"414\" height=\"276\" \/><p class=\"wp-caption-text\">El director general de Meta, Mark Zuckerberg, llega al Senado para testificar en una sesi\u00f3n sobre protecci\u00f3n de ni\u00f1os de explotaci\u00f3n sexula online.Foto TASOS KATOPODIS (EFE)<\/p><\/div><figcaption class=\"a_m_p\" aria-hidden=\"true\"><\/figcaption><\/figure>\n<p>&nbsp;<\/p>\n<p class=\"\">Cuando gan\u00f3 masa cr\u00edtica de usuarios, empez\u00f3 la segunda fase: transformar sus datos en ingresos. \u00bfC\u00f3mo conseguirlo? Para poder seguir fij\u00e1ndose en la parte t\u00e9cnica del negocio, que es la que m\u00e1s disfruta, Zuckerberg fich\u00f3 en 2008 a Sheryl Sandberg como directora de operaciones. Ven\u00eda de Google, donde hab\u00eda puesto en marcha su mecanismo de monetizaci\u00f3n de publicidad. Facebook no tard\u00f3 en empezar a poner anuncios.<\/p>\n<h2 class=\"\">Todo por la pasta<\/h2>\n<p class=\"\">En pocos a\u00f1os, Facebook y Google pasaron a dominar el mercado publicitario digital. Los datos de los usuarios amasados por la red social serv\u00edan para que los anunciantes pudieran segmentar sus audiencias con un nivel de detalle escandaloso. Por ejemplo, a hombres blancos divorciados con alto poder adquisitivo de entre 40 y 42 a\u00f1os que vivan en un radio de 10 kil\u00f3metros de Barcelona, que sean aficionados a la pintura, viajen a menudo y les guste la comida japonesa, hagan deporte al menos dos d\u00edas a la semana y est\u00e9n pensando en comprarse un coche. Incluso se puede perfilar por ideolog\u00eda y afinidades pol\u00edticas, tal y como supo ver la consultora brit\u00e1nica Cambridge Analytica, que us\u00f3 datos de 87 millones de usuarios de Facebook sin su permiso para favorecer campa\u00f1as electorales, como la del Brexit y las presidenciales de 2016 que llevaron a Donald Trump a la Casa Blanca.<\/p>\n<p class=\"\">Esa maquinararia de precisi\u00f3n resulta irresistible para los anunciantes. Facebook empez\u00f3 a ganar dinero a espuertas. As\u00ed se convirti\u00f3 en el gigante que es hoy. En 2025, la compa\u00f1\u00eda factur\u00f3 m\u00e1s de 200.000 millones de d\u00f3lares. El 98% de esa cantidad procede de la publicidad. Amasar esa barbaridad de dinero es posible gracias a los datos que recoge.<\/p>\n<p class=\"\">Pero, para cosechar datos, primero hay que cultivarlos. Cuanto m\u00e1s tiempo pasen los usuarios navegando en sus aplicaciones, como Facebook o Instagram, que compr\u00f3 en 2012, mucho mejor. Por ello, Zuckerberg y sus ejecutivos deciden transformar sus aplicaciones para optimizar el tiempo de navegaci\u00f3n. As\u00ed llegan innovaciones como el\u00a0<i>feed\u00a0<\/i>infinito, que muestra un contenido tras otro sin parar; los sistemas de recompensa, o efecto tragaperras, que se acciona al deslizar hacia abajo para desbloquear nuevos contenidos, liberando dopamina (por la emoci\u00f3n de ver qu\u00e9 vendr\u00e1 a continuaci\u00f3n); o las notificaciones acumuladas, que se mandan en bloque al usuario cuando lleva tiempo sin manejar la aplicaci\u00f3n precisamente para hacer que vuelva a ella.<\/p>\n<p class=\"\">Estas t\u00e9cnicas se han refinado en los \u00faltimos a\u00f1os de la mano de la inteligencia artificial. El\u00a0<i>feed<\/i>, o los contenidos que ve cada usuario, ya no son \u00fanicamente los que proceden de las cuentas que cada uno sigue. Ahora se ve lo que decide el algoritmo. Y el algoritmo quiere tenerte ah\u00ed enganchado, por lo que te muestra cosas que sabe que te gustan o que seguramente te llamar\u00e1n la atenci\u00f3n: los contenidos m\u00e1s extremos y polarizantes suelen tener m\u00e1s \u00e9xito que el resto.<\/p>\n<p class=\"\">Quienes ya eran adultos en 2004 han visto c\u00f3mo se desplegaba paso a paso toda esta maquinaria, aunque ahora cueste recordar los tiempos de las primeras redes sociales. Pero los nacidos a partir de ese a\u00f1o no conocen otra realidad. Han vivido entre\u00a0<i>likes<\/i>,\u00a0<i>scrolls\u00a0<\/i>infinitos y contenidos que buscan retener al usuario a toda costa. Los efectos de la adicci\u00f3n no son los mismos en un cerebro maduro que en el de un ni\u00f1o.<\/p>\n<h2 class=\"\">Llegan las demandas<\/h2>\n<p class=\"\">La ansiedad, la depresi\u00f3n, los des\u00f3rdenes alimenticios, las autolesiones o incluso el suicidio han aumentado en los \u00faltimos a\u00f1os entre los j\u00f3venes. Casi un tercio de las adolescentes estadounidenses tuvieron pensamientos suicidas en 2021, un 60% m\u00e1s que la d\u00e9cada anterior, seg\u00fan el\u00a0<a href=\"https:\/\/www.cdc.gov\/nchhstp\/newsroom\/2023\/increased-sadness-and-violence-press-release.html\" rel=\"\" data-link-track-dtm=\"\" data-mrf-link=\"https:\/\/www.cdc.gov\/nchhstp\/newsroom\/2023\/increased-sadness-and-violence-press-release.html\">Centro de Control y Prevenci\u00f3n de Enfermedades<\/a>. La sospecha de muchos padres de que lo que les pasaba a sus hijos pod\u00eda tener algo que ver con su alta exposici\u00f3n a las redes sociales siempre estuvo ah\u00ed. Pero, \u00bfc\u00f3mo demostrar que las plataformas son adictivas por dise\u00f1o? \u00bfQui\u00e9n iba a litigar contra las mayores empresas del mundo si hasta las autoridades miraban hacia otro lado?<\/p>\n<p>&nbsp;<\/p>\n<figure class=\"a_m a_m-h \">\n<p><div style=\"width: 424px\" class=\"wp-caption alignnone\"><img loading=\"lazy\" decoding=\"async\" class=\"_re lazyload a_m-h\" src=\"https:\/\/imagenes.elpais.com\/resizer\/v2\/QV2CB6XDTFF5RPVDP4XTBCDIMQ.jpg?auth=52fab67188d6848a9b5d61bc4f64690e8cfb7577deb703919f59f24eae936e98&amp;width=414\" sizes=\"auto, (min-width:1199px) 760px,(min-width:1001px) calc((100vw - 44px-11*31px)\/12*8+217), (min-width:767px) 767px, 100vw\" srcset=\"https:\/\/imagenes.elpais.com\/resizer\/v2\/QV2CB6XDTFF5RPVDP4XTBCDIMQ.jpg?auth=52fab67188d6848a9b5d61bc4f64690e8cfb7577deb703919f59f24eae936e98&amp;width=414 414w,https:\/\/imagenes.elpais.com\/resizer\/v2\/QV2CB6XDTFF5RPVDP4XTBCDIMQ.jpg?auth=52fab67188d6848a9b5d61bc4f64690e8cfb7577deb703919f59f24eae936e98&amp;width=828 640w,https:\/\/imagenes.elpais.com\/resizer\/v2\/QV2CB6XDTFF5RPVDP4XTBCDIMQ.jpg?auth=52fab67188d6848a9b5d61bc4f64690e8cfb7577deb703919f59f24eae936e98&amp;width=980 1000w,https:\/\/imagenes.elpais.com\/resizer\/v2\/QV2CB6XDTFF5RPVDP4XTBCDIMQ.jpg?auth=52fab67188d6848a9b5d61bc4f64690e8cfb7577deb703919f59f24eae936e98&amp;width=1960 1960w\" alt=\"\" width=\"414\" height=\"276\" \/><p class=\"wp-caption-text\">La ingeniera Frances Haugen, en mayo en Barcelona tras ser entrevistada por el diario EL PA\u00cdS. Foto Albert Garcia<\/p><\/div><figcaption class=\"a_m_p\" aria-hidden=\"true\"><\/figcaption><\/figure>\n<p>&nbsp;<\/p>\n<p class=\"\">La respuesta lleg\u00f3 en septiembre de 2021.\u00a0<i>The Wall Street Journal<\/i>\u00a0public\u00f3\u00a0<a href=\"https:\/\/www.wsj.com\/articles\/the-facebook-files-11631713039\" rel=\"\" data-link-track-dtm=\"\" data-mrf-link=\"https:\/\/www.wsj.com\/articles\/the-facebook-files-11631713039\">una demoledora serie de reportajes, los llamados\u00a0<i>Facebook Files<\/i><\/a>, basados en centenares de documentos oficiales filtrados por una exempleada de la compa\u00f1\u00eda, la ingeniera\u00a0<a href=\"https:\/\/elpais.com\/tecnologia\/2026-05-31\/frances-haugen-estamos-peor-que-cuando-filtre-los-documentos-de-facebook.html\" rel=\"\" data-link-track-dtm=\"\" data-mrf-link=\"https:\/\/elpais.com\/tecnologia\/2026-05-31\/frances-haugen-estamos-peor-que-cuando-filtre-los-documentos-de-facebook.html\">Frances Haugen<\/a>. Los papeles demostraban que los ejecutivos de la tecnol\u00f3gica eran conscientes de que los algoritmos de Facebook e Instagram difund\u00edan entre los adolescentes, especialmente entre las chicas, las bondades de la anorexia o incluso pensamientos suicidas. Y lo hac\u00edan porque esos contenidos funcionaban bien, manten\u00edan a los usuarios con la aplicaci\u00f3n encendida durante m\u00e1s tiempo, lo que a su vez repercut\u00eda en mayores ingresos para la compa\u00f1\u00eda.<\/p>\n<p class=\"\">Tambi\u00e9n se revel\u00f3 que, de acuerdo con una investigaci\u00f3n propia de la tecnol\u00f3gica, el 6% de los adolescentes estadounidenses y el 13% de los brit\u00e1nicos que dec\u00edan haber sopesado la idea de suicidarse lo hab\u00edan hecho impulsados por Instagram. Y que, pese a tener esa informaci\u00f3n, los directivos de la compa\u00f1\u00eda no hicieron nada al respecto.<\/p>\n<p class=\"\">El golpe fue demoledor. Tanto, que la empresa\u00a0<a href=\"https:\/\/elpais.com\/tecnologia\/2021-10-28\/meta-el-nuevo-nombre-de-la-compania-de-facebook.html\" rel=\"\" data-link-track-dtm=\"\" data-mrf-link=\"https:\/\/elpais.com\/tecnologia\/2021-10-28\/meta-el-nuevo-nombre-de-la-compania-de-facebook.html\">fue rebautizada pocas semanas despu\u00e9s como Meta<\/a>, lo que se interpret\u00f3 como un intento de alejar la marca de los problemas asociados a las redes sociales para centrar su imagen en el\u00a0<a href=\"https:\/\/elpais.com\/tecnologia\/2025-12-22\/el-metaverso-cuatro-anos-despues-un-proyecto-acabado-o-solo-en-punto-muerto.html\" rel=\"\" data-link-track-dtm=\"\" data-mrf-link=\"https:\/\/elpais.com\/tecnologia\/2025-12-22\/el-metaverso-cuatro-anos-despues-un-proyecto-acabado-o-solo-en-punto-muerto.html\">metaverso, ese proyecto hoy relegado al olvido<\/a>\u00a0en el que Zuckerberg tanto cree.<\/p>\n<p class=\"\">La filtraci\u00f3n de Haugen envalenton\u00f3 a muchas familias que, ahora s\u00ed, sab\u00edan que el infierno por el que hab\u00edan pasado sus hijos lo hab\u00edan provocado unas empresas con su af\u00e1n de lucro. Tras Haugen vendr\u00edan m\u00e1s gargantas profundas. La mayor\u00eda siguen en el anonimato, aunque otros,\u00a0<a href=\"https:\/\/elpais.com\/sociedad\/2026-08-19\/un-exempleado-de-facebook-asegura-que-la-empresa-conocia-los-riesgos-de-la-red-social-para-la-salud-de-los-mas-jovenes.html\" rel=\"\" data-link-track-dtm=\"\" data-mrf-link=\"https:\/\/elpais.com\/sociedad\/2026-08-19\/un-exempleado-de-facebook-asegura-que-la-empresa-conocia-los-riesgos-de-la-red-social-para-la-salud-de-los-mas-jovenes.html\">como Arturo B\u00e9jar<\/a>, han seguido el camino de Haugen y han ado la cara. En 2022, un a\u00f1o despu\u00e9s de la publicaci\u00f3n de los\u00a0<i>Facebook Files<\/i>, se empieza a armar una primera demanda colectiva de familias e instituciones educativas. En 2023,\u00a0<a href=\"https:\/\/elpais.com\/tecnologia\/2023-10-26\/la-gran-demanda-contra-meta-lo-que-los-fiscales-de-ee-uu-saben-sobre-el-dano-que-causa-a-los-menores.html\" rel=\"\" data-link-track-dtm=\"\" data-mrf-link=\"https:\/\/elpais.com\/tecnologia\/2023-10-26\/la-gran-demanda-contra-meta-lo-que-los-fiscales-de-ee-uu-saben-sobre-el-dano-que-causa-a-los-menores.html\">los fiscales generales de 41 Estados<\/a>, a los que luego se sumar\u00edan tres m\u00e1s, presentan su propio pleito. Es una de las raras veces en las que dem\u00f3cratas y republicanos se han puesto de acuerdo para atajar un problema. \u201cTanto la gente de derechas como la de izquierdas ve el da\u00f1o que est\u00e1n causando las redes sociales a los ni\u00f1os. Y aunque no todos estemos de acuerdo sobre c\u00f3mo intervenir, s\u00ed hay consenso en torno a que no deber\u00eda haber adolescentes conectados a las dos de la ma\u00f1ana\u201d, dijo\u00a0<a href=\"https:\/\/elpais.com\/tecnologia\/2026-05-31\/frances-haugen-estamos-peor-que-cuando-filtre-los-documentos-de-facebook.html\" rel=\"\" data-link-track-dtm=\"\" data-mrf-link=\"https:\/\/elpais.com\/tecnologia\/2026-05-31\/frances-haugen-estamos-peor-que-cuando-filtre-los-documentos-de-facebook.html\">Haugen.<\/a><\/p>\n<p>&nbsp;<\/p>\n<figure class=\"a_m a_m-h \">\n<p><div style=\"width: 424px\" class=\"wp-caption alignnone\"><img loading=\"lazy\" decoding=\"async\" class=\"_re lazyload a_m-h\" src=\"https:\/\/imagenes.elpais.com\/resizer\/v2\/WLNT72HMAROJNLBVFT3EQBQH7A.jpg?auth=d91f1acab505a695d8eafb07e9536cb9d2c4c2b14464eb03b3c2f6e24499819e&amp;width=414\" sizes=\"auto, (min-width:1199px) 760px,(min-width:1001px) calc((100vw - 44px-11*31px)\/12*8+217), (min-width:767px) 767px, 100vw\" srcset=\"https:\/\/imagenes.elpais.com\/resizer\/v2\/WLNT72HMAROJNLBVFT3EQBQH7A.jpg?auth=d91f1acab505a695d8eafb07e9536cb9d2c4c2b14464eb03b3c2f6e24499819e&amp;width=414 414w,https:\/\/imagenes.elpais.com\/resizer\/v2\/WLNT72HMAROJNLBVFT3EQBQH7A.jpg?auth=d91f1acab505a695d8eafb07e9536cb9d2c4c2b14464eb03b3c2f6e24499819e&amp;width=828 640w,https:\/\/imagenes.elpais.com\/resizer\/v2\/WLNT72HMAROJNLBVFT3EQBQH7A.jpg?auth=d91f1acab505a695d8eafb07e9536cb9d2c4c2b14464eb03b3c2f6e24499819e&amp;width=980 1000w,https:\/\/imagenes.elpais.com\/resizer\/v2\/WLNT72HMAROJNLBVFT3EQBQH7A.jpg?auth=d91f1acab505a695d8eafb07e9536cb9d2c4c2b14464eb03b3c2f6e24499819e&amp;width=1960 1960w\" alt=\"\" width=\"414\" height=\"276\" \/><p class=\"wp-caption-text\">Arturo B\u00e9jar, exempleado del equipo de seguridad de Facebook, tras testificar esta semana en Oakland, California, en el juicio contra Meta. Foto Manuel Orbegozo (REUTERS)<\/p><\/div><figcaption class=\"a_m_p\" aria-hidden=\"true\"><\/figcaption><\/figure>\n<p>&nbsp;<\/p>\n<p class=\"\">\u201cMeta se ha aprovechado del dolor de los ni\u00f1os dise\u00f1ando intencionadamente sus plataformas con caracter\u00edsticas que les manipulan y les mantienen adictos a sus plataformas, al mismo tiempo que rebajan su autoestima\u201d, asegur\u00f3 la fiscal general de Nueva York, Letitia James, durante la presentaci\u00f3n de la demanda que present\u00f3 con sus colegas, la que esta semana se ha saldado con un acuerdo. \u201cLas redes sociales, incluida Meta, han contribuido a una crisis de salud mental de los j\u00f3venes y deben responder por ello\u201d, espet\u00f3. \u201cIgual que han hecho en el pasado las tabaqueras o las vapeadoras, Meta eligi\u00f3 maximizar sus beneficios a expensas de la salud p\u00fablica, da\u00f1ando espec\u00edficamente a los m\u00e1s j\u00f3venes\u201d, se\u00f1al\u00f3 por su parte el fiscal general de Colorado, Phil Weiser, en un comunicado.<\/p>\n<p class=\"\">Este a\u00f1o han llegado los primeros \u00e9xitos de esta cruzada legal. En marzo, un jurado de Nuevo M\u00e9xico determin\u00f3 que Meta es\u00a0<a href=\"https:\/\/elpais.com\/tecnologia\/2026-03-25\/una-sentencia-pionera-condena-a-meta-a-pagar-375-millones-de-dolares-por-no-proteger-a-los-menores-en-las-redes-sociales.html\" rel=\"\" data-link-track-dtm=\"\" data-mrf-link=\"https:\/\/elpais.com\/tecnologia\/2026-03-25\/una-sentencia-pionera-condena-a-meta-a-pagar-375-millones-de-dolares-por-no-proteger-a-los-menores-en-las-redes-sociales.html\">culpable de enga\u00f1ar a los consumidores sobre la seguridad de sus plataformas y de poner en riesgo a menores de edad<\/a>. En Los \u00c1ngeles,\u00a0<a href=\"https:\/\/elpais.com\/tecnologia\/2026-03-25\/meta-y-youtube-pierden-el-juicio-sobre-la-adiccion-de-los-menores-a-redes-sociales-y-son-declaradas-negligentes.html\" rel=\"\" data-link-track-dtm=\"\" data-mrf-link=\"https:\/\/elpais.com\/tecnologia\/2026-03-25\/meta-y-youtube-pierden-el-juicio-sobre-la-adiccion-de-los-menores-a-redes-sociales-y-son-declaradas-negligentes.html\">Meta y YouTube (de Google) perdieron un juicio<\/a>\u00a0que las declara culpables de generar adicci\u00f3n entre menores.<\/p>\n<p class=\"\">El broche ha llegado esta semana con el acuerdo entre Meta y los 52 fiscales generales (la compa\u00f1\u00eda decidi\u00f3 extenderlo m\u00e1s all\u00e1 de los que hab\u00edan demandado). Pero con esto no acaba todo. En octubre arrancar\u00e1n una serie de juicios relacionados con la demanda colectiva de las familias e instituciones educativas. Y sus abogados ir\u00e1n a por todas. \u201cEl acuerdo de esta semana de Meta no cambia nada para nuestros clientes\u201d,\u00a0<a href=\"https:\/\/elpais.com\/tecnologia\/2026-08-29\/la-sangria-judicial-de-meta-solo-ha-empezado-advierten-los-abogados-de-las-familias-nuestra-campana-para-hacer-justicia-continua.html\" rel=\"\" data-link-track-dtm=\"\" data-mrf-link=\"https:\/\/elpais.com\/tecnologia\/2026-08-29\/la-sangria-judicial-de-meta-solo-ha-empezado-advierten-los-abogados-de-las-familias-nuestra-campana-para-hacer-justicia-continua.html\">dicen<\/a>. El calvario judicial de Zuckerberg todav\u00eda no ha acabado.<\/p>\n","protected":false},"excerpt":{"rendered":"<p>&nbsp; La obsesi\u00f3n por recabar cada vez m\u00e1s datos de los usuarios para monetizarlos, y la falta de l\u00edmites en ese proceso, han llevado a&hellip;<\/p>\n","protected":false},"author":99,"featured_media":547644,"comment_status":"open","ping_status":"open","sticky":false,"template":"","format":"standard","meta":{"footnotes":""},"categories":[24,11355],"tags":[],"class_list":["post-547643","post","type-post","status-publish","format-standard","has-post-thumbnail","hentry","category-mundo","category-tecnologia"],"_links":{"self":[{"href":"https:\/\/diarioelpopular.com\/index.php\/wp-json\/wp\/v2\/posts\/547643","targetHints":{"allow":["GET"]}}],"collection":[{"href":"https:\/\/diarioelpopular.com\/index.php\/wp-json\/wp\/v2\/posts"}],"about":[{"href":"https:\/\/diarioelpopular.com\/index.php\/wp-json\/wp\/v2\/types\/post"}],"author":[{"embeddable":true,"href":"https:\/\/diarioelpopular.com\/index.php\/wp-json\/wp\/v2\/users\/99"}],"replies":[{"embeddable":true,"href":"https:\/\/diarioelpopular.com\/index.php\/wp-json\/wp\/v2\/comments?post=547643"}],"version-history":[{"count":1,"href":"https:\/\/diarioelpopular.com\/index.php\/wp-json\/wp\/v2\/posts\/547643\/revisions"}],"predecessor-version":[{"id":547645,"href":"https:\/\/diarioelpopular.com\/index.php\/wp-json\/wp\/v2\/posts\/547643\/revisions\/547645"}],"wp:featuredmedia":[{"embeddable":true,"href":"https:\/\/diarioelpopular.com\/index.php\/wp-json\/wp\/v2\/media\/547644"}],"wp:attachment":[{"href":"https:\/\/diarioelpopular.com\/index.php\/wp-json\/wp\/v2\/media?parent=547643"}],"wp:term":[{"taxonomy":"category","embeddable":true,"href":"https:\/\/diarioelpopular.com\/index.php\/wp-json\/wp\/v2\/categories?post=547643"},{"taxonomy":"post_tag","embeddable":true,"href":"https:\/\/diarioelpopular.com\/index.php\/wp-json\/wp\/v2\/tags?post=547643"}],"curies":[{"name":"wp","href":"https:\/\/api.w.org\/{rel}","templated":true}]}}