{"id":547649,"date":"2026-08-30T08:05:32","date_gmt":"2026-08-30T12:05:32","guid":{"rendered":"https:\/\/diarioelpopular.com\/?p=547649"},"modified":"2026-08-30T08:05:32","modified_gmt":"2026-08-30T12:05:32","slug":"el-trueque-de-dos-ninas-indigenas-revela-como-ecuador-sigue-entregando-menores-como-esposas","status":"publish","type":"post","link":"https:\/\/diarioelpopular.com\/index.php\/2026\/08\/30\/el-trueque-de-dos-ninas-indigenas-revela-como-ecuador-sigue-entregando-menores-como-esposas\/","title":{"rendered":"El trueque de dos ni\u00f1as ind\u00edgenas revela c\u00f3mo Ecuador sigue entregando menores como esposas"},"content":{"rendered":"<div id=\"attachment_547650\" style=\"width: 1210px\" class=\"wp-caption alignnone\"><img loading=\"lazy\" decoding=\"async\" aria-describedby=\"caption-attachment-547650\" class=\"wp-image-547650 size-custom-big-size\" src=\"https:\/\/diarioelpopular.com\/wp-content\/uploads\/2026\/08\/Screen-Shot-2026-08-30-at-8.04.16-AM-1200x690.png\" alt=\"\" width=\"1200\" height=\"690\" srcset=\"https:\/\/diarioelpopular.com\/wp-content\/uploads\/2026\/08\/Screen-Shot-2026-08-30-at-8.04.16-AM-1200x690.png 1200w, https:\/\/diarioelpopular.com\/wp-content\/uploads\/2026\/08\/Screen-Shot-2026-08-30-at-8.04.16-AM-300x173.png 300w, https:\/\/diarioelpopular.com\/wp-content\/uploads\/2026\/08\/Screen-Shot-2026-08-30-at-8.04.16-AM-768x442.png 768w, https:\/\/diarioelpopular.com\/wp-content\/uploads\/2026\/08\/Screen-Shot-2026-08-30-at-8.04.16-AM-1536x883.png 1536w, https:\/\/diarioelpopular.com\/wp-content\/uploads\/2026\/08\/Screen-Shot-2026-08-30-at-8.04.16-AM-636x366.png 636w, https:\/\/diarioelpopular.com\/wp-content\/uploads\/2026\/08\/Screen-Shot-2026-08-30-at-8.04.16-AM-127x73.png 127w, https:\/\/diarioelpopular.com\/wp-content\/uploads\/2026\/08\/Screen-Shot-2026-08-30-at-8.04.16-AM.png 1024w\" sizes=\"auto, (max-width: 1200px) 100vw, 1200px\" \/><p id=\"caption-attachment-547650\" class=\"wp-caption-text\">Fuerzas de seguridad de Ecuador y Per\u00fa custodian a la menor peruana de 10 a\u00f1os rescatada en la Amazon\u00eda ecuatoriana, Ej\u00e9rcito de Ecuador<\/p><\/div>\n<p>&nbsp;<\/p>\n<ul>\n<li><em><strong>Una menor peruana de 10 a\u00f1os y una ni\u00f1a ecuatoriana fueron intercambiadas por sus padres para una uni\u00f3n forzada, una pr\u00e1ctica que sobrevive a la prohibici\u00f3n del matrimonio infantil<\/strong><\/em><\/li>\n<\/ul>\n<p>&nbsp;<\/p>\n<p class=\"\">A orillas del r\u00edo Tigre, en la espesa Amazon\u00eda ecuatoriana, una ni\u00f1a peruana de diez a\u00f1os se queda paralizada cuando ve aparecer a un grupo de militares y polic\u00edas.<\/p>\n<p class=\"\">Uno de los agentes la toma en brazos y le dice que han llegado a rescatarla. A unos metros, los soldados inmovilizan a Washington Cuji Santi, de 50 a\u00f1os, el hombre que dos semanas antes hab\u00eda intercambiado a su hija menor de edad con el padre de la ni\u00f1a peruana.<\/p>\n<p class=\"\">Las im\u00e1genes del operativo fueron difundidas por el Ministerio del Interior el 7 de agosto, cuando se ejecut\u00f3 el rescate en la provincia de Pastaza, fronteriza con Per\u00fa. Pero el Gobierno no inform\u00f3 entonces que detr\u00e1s del operativo hab\u00eda una trama m\u00e1s perturbadora. No se trataba solo de una ni\u00f1a entregada como pareja a un adulto, sino de un intercambio de dos peque\u00f1as a las que se forz\u00f3 a convivir con quienes las mercadearon.<\/p>\n<p class=\"\">El caso expone un profundo problema que Ecuador arrastra desde hace m\u00e1s de una d\u00e9cada: el matrimonio infantil est\u00e1 prohibido, pero las uniones tempranas no han desaparecido. Se cuentan por decenas de miles. Simplemente han cambiado de forma y, en muchos casos, han dejado de aparecer en las estad\u00edsticas.<\/p>\n<p class=\"\">La alerta hab\u00eda llegado a la Red de Mujeres Amaz\u00f3nicas, una organizaci\u00f3n que articula a mujeres de distintas nacionalidades ind\u00edgenas. No era la primera vez que recib\u00edan informaci\u00f3n sobre Cuj\u00ed Santi. Ya hab\u00edan conocido otros casos en los que el mismo hombre hab\u00eda estado con ni\u00f1as en la comunidad. \u201cFuimos a la Fiscal\u00eda a denunciar, pero no quer\u00edan recibirla, nos exig\u00edan m\u00e1s datos, nos daban vueltas de si est\u00e1bamos seguras de denunciar\u201d, explica Noem\u00ed Gualinga quien dirige la organizaci\u00f3n.<\/p>\n<p class=\"\">Las mujeres insistieron. Buscaron funcionarios de otras dependencias del Estado.\u00a0<a title=\"https:\/\/elpais.com\/planeta-futuro\/red-de-expertos\/2021-10-22\/el-matrimonio-infantil-una-forma-de-violencia-contra-las-ninas.html\" href=\"https:\/\/elpais.com\/planeta-futuro\/red-de-expertos\/2021-10-22\/el-matrimonio-infantil-una-forma-de-violencia-contra-las-ninas.html\" target=\"_self\" rel=\"\" data-link-track-dtm=\"\" data-mrf-link=\"https:\/\/elpais.com\/planeta-futuro\/red-de-expertos\/2021-10-22\/el-matrimonio-infantil-una-forma-de-violencia-contra-las-ninas.html\">La respuesta no lleg\u00f3.<\/a>\u00a0Hasta que apareci\u00f3 una t\u00eda de la ni\u00f1a peruana, una mujer que llevaba m\u00e1s de 20 a\u00f1os viviendo en Ecuador. Cuando supo lo que hab\u00eda ocurrido, acudi\u00f3 a la Fiscal\u00eda junto con las integrantes de la red.<\/p>\n<p class=\"\">\u201cY ella como t\u00eda dec\u00eda con firmeza: quiero recuperar a mi sobrina\u201d, relata Gualinga. Fueron d\u00edas que vivieron con angustia, actuando con sigilo para impedir que el sujeto escapara con la ni\u00f1a. Tem\u00edan que se repitiera lo ocurrido hace cuatro a\u00f1os, cuando otra ni\u00f1a entregada a un hombre mayor de la misma comunidad fue llevada a la selva y no pudo ser recuperada a tiempo. \u201c\u00a1Es mi propia sobrina, que yo quiero recuperar, quiero poner la denuncia hacia mi hermano que ha hecho esto!\u201d, dec\u00eda la t\u00eda.<\/p>\n<p class=\"\">Mientras intentaban activar a las autoridades ecuatorianas, las integrantes de la red contactaron a organizaciones en Per\u00fa para buscar a la otra ni\u00f1a de diez a\u00f1os con la que la hab\u00edan intercambiado; era la hija ecuatoriana del propio Cuj\u00ed Santi.<\/p>\n<p class=\"\">El rescate de esa ni\u00f1a ocurri\u00f3 primero en Per\u00fa. Despu\u00e9s, la Polic\u00eda ecuatoriana organiz\u00f3 el operativo en Pastaza que permiti\u00f3 sacar a la ni\u00f1a peruana de la comunidad. Tras la detenci\u00f3n de Cuj\u00ed Santi, fue llevado a una audiencia de flagrancia por el presunto delito de abuso sexual, pero la fiscal decidi\u00f3 no formular cargos. El ministro del Interior pidi\u00f3 despu\u00e9s que su actuaci\u00f3n fuera sometida a un control jur\u00eddico interno.<\/p>\n<p class=\"\"><a title=\"https:\/\/elpais.com\/america\/2026-07-15\/la-desaparicion-de-un-nino-venezolano-revela-la-crisis-de-los-hogares-de-acogida-en-ecuador-abusos-policiales-negligencia-y-maltratos.html\" href=\"https:\/\/elpais.com\/america\/2026-07-15\/la-desaparicion-de-un-nino-venezolano-revela-la-crisis-de-los-hogares-de-acogida-en-ecuador-abusos-policiales-negligencia-y-maltratos.html\" target=\"_self\" rel=\"\" data-link-track-dtm=\"\" data-mrf-link=\"https:\/\/elpais.com\/america\/2026-07-15\/la-desaparicion-de-un-nino-venezolano-revela-la-crisis-de-los-hogares-de-acogida-en-ecuador-abusos-policiales-negligencia-y-maltratos.html\">Las mujeres quedaron devastadas por la decisi\u00f3n de la fiscal.\u00a0<\/a>\u201cLa pr\u00f3xima vez no van a querer denunciar\u201d, dice con frustraci\u00f3n Noemi, quien resalta el largo camino que ha hecho el colectivo recorriendo las comunidades y las distintas nacionalidades ind\u00edgenas para hablar sobre derechos y evitar la violencia, el abuso sexual y los matrimonios arreglados.<\/p>\n<p class=\"\">Lo \u00faltimo que supieron de Washington Santi Cuji es que huy\u00f3. La ni\u00f1a de diez a\u00f1os permanece en un albergue en la provincia de Puyo. La t\u00eda advirti\u00f3 que no puede regresar a Per\u00fa porque su madre muri\u00f3 y su padre volver\u00e1 a entregarla a otro hombre. Mientras tanto, la ni\u00f1a ecuatoriana tambi\u00e9n est\u00e1 en un albergue en Iquitos, sin que nadie reclame por su custodia y protecci\u00f3n.<\/p>\n<p class=\"\">En 2015 Ecuador reform\u00f3 su legislaci\u00f3n para impedir que menores de 18 a\u00f1os contrajeran matrimonio. Pero 11 a\u00f1os despu\u00e9s, unas 30.000 ni\u00f1as y adolescentes siguen viviendo en uniones tempranas, seg\u00fan un informe de Unicef, Unfpa y Plan International publicado en 2025. Son menos de las 54.000 registradas en 2010, pero la ca\u00edda no significa que el problema haya sido erradicado. Al contrario: una parte de estas relaciones dej\u00f3 de tener un registro oficial despu\u00e9s de la prohibici\u00f3n del matrimonio infantil.<\/p>\n<p class=\"\"><a title=\"https:\/\/elpais.com\/planeta-futuro\/2025-03-04\/el-matrimonio-infantil-impide-la-educacion-de-las-ninas-en-el-noroeste-rural-de-nigeria-cuando-supe-que-mis-padres-planeaban-casarme-me-escape-de-casa.html\" href=\"https:\/\/elpais.com\/planeta-futuro\/2025-03-04\/el-matrimonio-infantil-impide-la-educacion-de-las-ninas-en-el-noroeste-rural-de-nigeria-cuando-supe-que-mis-padres-planeaban-casarme-me-escape-de-casa.html\" target=\"_self\" rel=\"\" data-link-track-dtm=\"\" data-mrf-link=\"https:\/\/elpais.com\/planeta-futuro\/2025-03-04\/el-matrimonio-infantil-impide-la-educacion-de-las-ninas-en-el-noroeste-rural-de-nigeria-cuando-supe-que-mis-padres-planeaban-casarme-me-escape-de-casa.html\">Los problemas estructurales que hist\u00f3ricamente han provocado los matrimonios infantiles<\/a>\u00a0se mantienen, detalla el informe: la pobreza; las desigualdades de g\u00e9nero que refuerzan la creencia de que ni\u00f1as y mujeres son seres inferiores; la violencia; la falta de acceso a educaci\u00f3n y oportunidades; y los patrones culturales que persisten en algunos sectores rurales y en poblaciones ind\u00edgenas.<\/p>\n<p class=\"\">Mar\u00eda Espinoza lleva m\u00e1s de 20 a\u00f1os trabajando y acompa\u00f1ando a poblaciones de la frontera norte. Desde all\u00ed ha visto c\u00f3mo, despu\u00e9s de la pandemia, las condiciones econ\u00f3micas agravaron estas situaciones. En familias con pocos ingresos, explica, la uni\u00f3n forzada puede llegar a ser entendida como una forma de protecci\u00f3n. \u201cLa ni\u00f1a pasa a estar bajo el cuidado de un hombre que es visto como proveedor y que, en ocasiones, extiende esa provisi\u00f3n al resto de la familia\u201d, explica.<\/p>\n<p class=\"\">Pero en realidad, describe Espinoza, se convierte en una condici\u00f3n de esclavitud para las ni\u00f1as: no media su consentimiento, ni existe un inter\u00e9s real de cuidado.\u00a0<a title=\"https:\/\/elpais.com\/internacional\/2019\/06\/19\/america\/1560970866_854351.html\" href=\"https:\/\/elpais.com\/internacional\/2019\/06\/19\/america\/1560970866_854351.html\" target=\"_self\" rel=\"\" data-link-track-dtm=\"\" data-mrf-link=\"https:\/\/elpais.com\/internacional\/2019\/06\/19\/america\/1560970866_854351.html\">La ni\u00f1a pasa a ser, forzosamente, una \u201cmujer\u201d<\/a>, no solo en el sentido sexual, sino tambi\u00e9n en el del trabajo dom\u00e9stico, a\u00f1ade.<\/p>\n<p class=\"\">La mayor\u00eda de los casos termina en embarazos tempranos, con un impacto en la vida de las ni\u00f1as que es incalculable e irreversible. Seg\u00fan el informe de las organizaciones, uno de cada cinco nacimientos de madres adolescentes en Ecuador ocurre cuando la madre ya est\u00e1 casada o unida. Las provincias con m\u00e1s incidencia de embarazos adolescentes se concentran en la Amazon\u00eda. Otro dato de esta investigaci\u00f3n es que una de cada cinco menores que contraen matrimonio lo hace con un hombre diez a\u00f1os mayor.<\/p>\n<p class=\"\"><em><strong>La pobreza, sin embargo, no explica todos los casos.<\/strong><\/em><\/p>\n<p class=\"\">En la frontera norte aparece otro factor: la violencia de los grupos armados que operan en territorios donde la presencia del Estado es d\u00e9bil, y esas personas imponen a las familias la obligaci\u00f3n de entregar a las ni\u00f1as. \u201cAh\u00ed no est\u00e1 mediando el tema econ\u00f3mico, media la fuerza, media la violencia, media el uso de las ni\u00f1as como una forma de controlar tambi\u00e9n el territorio, de imponer una serie de din\u00e1micas de control sobre la vida comunitaria y, por supuesto, media el miedo\u201d, dice Espinoza.<\/p>\n<p class=\"\">Uno de esos casos se conoci\u00f3 hace ocho meses. Una ni\u00f1a mestiza de 12 a\u00f1os fue entregada a un hombre de 50 a\u00f1os. \u201cLas familias no se van a oponer a entregar a las ni\u00f1as a esos actores\u201d, se\u00f1ala la defensora. \u201cMuchas veces la justificaci\u00f3n es que la ni\u00f1a est\u00e1 \u2018enamorada\u2019, entonces ya no es solo la pobreza\u201d.<\/p>\n<p class=\"\">Nadie en la comunidad denunciar\u00e1 por miedo al poder de esa persona; ni siquiera la ni\u00f1a pedir\u00e1 ayuda o protecci\u00f3n.<\/p>\n<p class=\"\">El caso que conoci\u00f3 Espinoza lo ilustra. La ni\u00f1a segu\u00eda en la misma comunidad. No hab\u00eda sido escondida ni trasladada lejos. Todos sab\u00edan d\u00f3nde estaba. Pero nadie quer\u00eda enfrentarse al hombre que ten\u00eda poder en el territorio.<\/p>\n<p class=\"\">La respuesta institucional era activar la Junta Cantonal de Protecci\u00f3n de Derechos. Pero incluso llegar hasta all\u00ed es una odisea. En las comunidades de la frontera, quienes deben intervenir tienen que desplazarse primero por r\u00edo y despu\u00e9s por carretera durante horas. Las juntas cantonales, adem\u00e1s, suelen carecer de personal y recursos suficientes. Dependen de los municipios y no tienen capacidad para sancionar: deben activar a otras instituciones, como la Polic\u00eda especializada o la Fiscal\u00eda, y su presencia debe ser permanente. Lo que nunca ha ocurrido.<\/p>\n<p class=\"\">\u201c\u00bfQui\u00e9n responde por las ni\u00f1as?\u201d, pregunta Espinoza. Su respuesta es directa: \u201cNadie\u201d.<\/p>\n<p class=\"\">La Amazon\u00eda ecuatoriana es la regi\u00f3n m\u00e1s vulnerable para las ni\u00f1as y adolescentes en Ecuador. Tiene los \u00edndices m\u00e1s altos de pobreza, desnutrici\u00f3n, ausencia escolar y dificultades de acceso a la salud. El Estado est\u00e1 ausente y ha dejado solas a las ni\u00f1as.<\/p>\n<p class=\"\">Ecuador no es una excepci\u00f3n. Am\u00e9rica Latina y el Caribe es la \u00fanica regi\u00f3n del mundo que no ha conseguido reducir de manera significativa la prevalencia del matrimonio infantil en los \u00faltimos 25 a\u00f1os. Seg\u00fan Unicef, una de cada cuatro mujeres de la regi\u00f3n se cas\u00f3 o inici\u00f3 una uni\u00f3n antes de cumplir los 18 a\u00f1os. Si la tendencia no cambia, Am\u00e9rica Latina podr\u00eda convertirse en 2030 en la segunda regi\u00f3n con mayor prevalencia de uniones tempranas del mundo.<\/p>\n<p class=\"\">Cada a\u00f1o, unos 12 millones de ni\u00f1as se casan antes de cumplir los 18 a\u00f1os en el planeta. Unas 640 millones de mujeres que hoy est\u00e1n vivas fueron ni\u00f1as casadas o unidas.<\/p>\n","protected":false},"excerpt":{"rendered":"<p>&nbsp; Una menor peruana de 10 a\u00f1os y una ni\u00f1a ecuatoriana fueron intercambiadas por sus padres para una uni\u00f3n forzada, una pr\u00e1ctica que sobrevive a&hellip;<\/p>\n","protected":false},"author":99,"featured_media":547650,"comment_status":"open","ping_status":"open","sticky":false,"template":"","format":"standard","meta":{"footnotes":""},"categories":[23],"tags":[],"class_list":["post-547649","post","type-post","status-publish","format-standard","has-post-thumbnail","hentry","category-latinoamerica"],"_links":{"self":[{"href":"https:\/\/diarioelpopular.com\/index.php\/wp-json\/wp\/v2\/posts\/547649","targetHints":{"allow":["GET"]}}],"collection":[{"href":"https:\/\/diarioelpopular.com\/index.php\/wp-json\/wp\/v2\/posts"}],"about":[{"href":"https:\/\/diarioelpopular.com\/index.php\/wp-json\/wp\/v2\/types\/post"}],"author":[{"embeddable":true,"href":"https:\/\/diarioelpopular.com\/index.php\/wp-json\/wp\/v2\/users\/99"}],"replies":[{"embeddable":true,"href":"https:\/\/diarioelpopular.com\/index.php\/wp-json\/wp\/v2\/comments?post=547649"}],"version-history":[{"count":1,"href":"https:\/\/diarioelpopular.com\/index.php\/wp-json\/wp\/v2\/posts\/547649\/revisions"}],"predecessor-version":[{"id":547651,"href":"https:\/\/diarioelpopular.com\/index.php\/wp-json\/wp\/v2\/posts\/547649\/revisions\/547651"}],"wp:featuredmedia":[{"embeddable":true,"href":"https:\/\/diarioelpopular.com\/index.php\/wp-json\/wp\/v2\/media\/547650"}],"wp:attachment":[{"href":"https:\/\/diarioelpopular.com\/index.php\/wp-json\/wp\/v2\/media?parent=547649"}],"wp:term":[{"taxonomy":"category","embeddable":true,"href":"https:\/\/diarioelpopular.com\/index.php\/wp-json\/wp\/v2\/categories?post=547649"},{"taxonomy":"post_tag","embeddable":true,"href":"https:\/\/diarioelpopular.com\/index.php\/wp-json\/wp\/v2\/tags?post=547649"}],"curies":[{"name":"wp","href":"https:\/\/api.w.org\/{rel}","templated":true}]}}