{"id":547653,"date":"2026-08-31T09:27:06","date_gmt":"2026-08-31T13:27:06","guid":{"rendered":"https:\/\/diarioelpopular.com\/?p=547653"},"modified":"2026-08-31T09:27:06","modified_gmt":"2026-08-31T13:27:06","slug":"se-espera-que-el-banco-de-canada-mantenga-las-tasas-sin-cambios-el-miercoles-pero-podriamos-ver-un-aumento-el-proximo-ano","status":"publish","type":"post","link":"https:\/\/diarioelpopular.com\/index.php\/2026\/08\/31\/se-espera-que-el-banco-de-canada-mantenga-las-tasas-sin-cambios-el-miercoles-pero-podriamos-ver-un-aumento-el-proximo-ano\/","title":{"rendered":"Se espera que el Banco de Canad\u00e1 mantenga las tasas sin cambios el mi\u00e9rcoles, pero podr\u00edamos ver un aumento el pr\u00f3ximo a\u00f1o"},"content":{"rendered":"<p><img loading=\"lazy\" decoding=\"async\" class=\"alignnone size-custom-big-size wp-image-547654\" src=\"https:\/\/diarioelpopular.com\/wp-content\/uploads\/2026\/08\/Screen-Shot-2026-08-31-at-9.26.17-AM-1200x907.png\" alt=\"\" width=\"1200\" height=\"907\" srcset=\"https:\/\/diarioelpopular.com\/wp-content\/uploads\/2026\/08\/Screen-Shot-2026-08-31-at-9.26.17-AM-1200x907.png 1200w, https:\/\/diarioelpopular.com\/wp-content\/uploads\/2026\/08\/Screen-Shot-2026-08-31-at-9.26.17-AM-300x227.png 300w, https:\/\/diarioelpopular.com\/wp-content\/uploads\/2026\/08\/Screen-Shot-2026-08-31-at-9.26.17-AM-768x581.png 768w, https:\/\/diarioelpopular.com\/wp-content\/uploads\/2026\/08\/Screen-Shot-2026-08-31-at-9.26.17-AM-636x481.png 636w, https:\/\/diarioelpopular.com\/wp-content\/uploads\/2026\/08\/Screen-Shot-2026-08-31-at-9.26.17-AM-97x73.png 97w, https:\/\/diarioelpopular.com\/wp-content\/uploads\/2026\/08\/Screen-Shot-2026-08-31-at-9.26.17-AM.png 1024w\" sizes=\"auto, (max-width: 1200px) 100vw, 1200px\" \/><\/p>\n<p>&nbsp;<\/p>\n<ul>\n<li><em><strong>Los economistas prev\u00e9n que los responsables de la pol\u00edtica monetaria mantendr\u00e1n su enfoque de esperar y ver el mi\u00e9rcoles, incluso cuando los aranceles de Trump amenazan con frenar el crecimiento.<\/strong><\/em><\/li>\n<\/ul>\n<p>&nbsp;<\/p>\n<p>Se espera que el Banco de Canad\u00e1 mantenga su tasa de inter\u00e9s oficial en 2,25%, ya que el reciente recrudecimiento de la guerra comercial entre Estados Unidos y Canad\u00e1 complica el panorama para futuras decisiones sobre las tasas.<\/p>\n<p>Si bien los nuevos aranceles estadounidenses y las contramedidas de Ottawa amenazan con frenar la econom\u00eda y presionar la inflaci\u00f3n, los economistas creen que los responsables de la pol\u00edtica monetaria mantendr\u00e1n su enfoque de esperar y ver.<\/p>\n<p>El banco se ha mantenido al margen desde diciembre, mientras navega por un per\u00edodo de incertidumbre econ\u00f3mica con precios del petr\u00f3leo m\u00e1s altos debido a la guerra entre Estados Unidos e Ir\u00e1n y ahora a la disputa comercial.<\/p>\n<p>&#8220;Considerando la evoluci\u00f3n de la inflaci\u00f3n y el crecimiento (econ\u00f3mico), no creemos que haya justificaci\u00f3n para que cambien la pol\u00edtica monetaria&#8221;, declar\u00f3 Andrew Hencic, economista de TD, al Star. Lo m\u00e1s apropiado es mantener la situaci\u00f3n actual en septiembre y observar c\u00f3mo evolucionan los datos a partir de ahora.<\/p>\n<p>La inflaci\u00f3n general subi\u00f3 al tres por ciento en julio, pero Hencic afirm\u00f3 que los indicadores de inflaci\u00f3n subyacente, menos vol\u00e1tiles, se comportan de forma estable.<\/p>\n<p>Mientras tanto, la semana pasada Statistics Canada public\u00f3 datos que muestran que el PIB real creci\u00f3 un 3,3 por ciento en el segundo trimestre, disipando los temores de una recesi\u00f3n t\u00e9cnica y ofreciendo cierto alivio en medio de las noticias negativas sobre la guerra comercial.<\/p>\n<p><em><strong>La econom\u00eda canadiense funciona a pleno rendimiento.<\/strong><\/em><br \/>\nEl economista Jim Stanford afirm\u00f3 que el informe del PIB de la semana pasada fue muy s\u00f3lido, reforzando la idea de que Canad\u00e1 puede rechazar las exigencias agresivas de Trump.<\/p>\n<p>&#8220;La econom\u00eda funcionaba a pleno rendimiento: gasto de los consumidores, gasto p\u00fablico, inversi\u00f3n residencial y empresarial, y exportaciones&#8221;, a\u00f1adi\u00f3.<\/p>\n<p>Stanford indic\u00f3 que, si bien los datos son positivos, es poco probable que influyan en la pr\u00f3xima decisi\u00f3n del Banco de Canad\u00e1.<\/p>\n<p>Sin embargo, los economistas tienen menos certeza sobre los pr\u00f3ximos anuncios del banco central y sobre si optar\u00e1 por subir, bajar o mantener las tasas de inter\u00e9s.<\/p>\n<p>\u00abLos aranceles actuales de EE. UU. y los aranceles de represalia canadienses a\u00fan no son lo suficientemente grandes como para descarrilar la recuperaci\u00f3n de la econom\u00eda canadiense\u00bb, escribieron los economistas de RBC, Nathan Janzen y Claire Fan, en una nota a sus clientes el viernes.<\/p>\n<p>\u00abPero una mayor escalada de los aranceles representa una amenaza real que podr\u00eda provocar un retraso en las subidas de tipos (del Banco de Canad\u00e1) que hab\u00edamos previsto para 2027, o peor a\u00fan, obligar al banco central a recortar los tipos\u00bb.<\/p>\n<p><em><strong>El Banco de Canad\u00e1 podr\u00eda subir los tipos en 2027.<\/strong><\/em><br \/>\nRoyce Mendes, jefe de estrategia macroecon\u00f3mica de Desjardins, sigue creyendo que el banco subir\u00e1 el tipo de inter\u00e9s oficial al 2,75 % en 2027, seg\u00fan indic\u00f3 en una nota a sus clientes.<\/p>\n<p>\u00abLas presiones inflacionarias derivadas de la energ\u00eda y los aranceles de represalia se reflejar\u00e1n en la inflaci\u00f3n general\u00bb, a\u00f1adi\u00f3. \u201cEn consecuencia, a pesar de las recientes tensiones comerciales, los mercados tienen raz\u00f3n al seguir prepar\u00e1ndose para subidas de tipos el pr\u00f3ximo a\u00f1o\u201d.<\/p>\n<p>Sin embargo, Hencic prev\u00e9 que el banco mantenga los tipos sin cambios en el futuro.<\/p>\n<p>\u201cNo hay nada en nuestro pron\u00f3stico que implique un cambio en el tipo de inter\u00e9s oficial\u201d, afirm\u00f3.<\/p>\n<p>El pr\u00f3ximo anuncio sobre los tipos de inter\u00e9s del Banco de Canad\u00e1 est\u00e1 programado para esta semana.<\/p>\n","protected":false},"excerpt":{"rendered":"<p>&nbsp; Los economistas prev\u00e9n que los responsables de la pol\u00edtica monetaria mantendr\u00e1n su enfoque de esperar y ver el mi\u00e9rcoles, incluso cuando los aranceles de&hellip;<\/p>\n","protected":false},"author":99,"featured_media":547654,"comment_status":"open","ping_status":"open","sticky":false,"template":"","format":"standard","meta":{"footnotes":""},"categories":[21,11365,11191],"tags":[],"class_list":["post-547653","post","type-post","status-publish","format-standard","has-post-thumbnail","hentry","category-canada","category-economia","category-top-news"],"_links":{"self":[{"href":"https:\/\/diarioelpopular.com\/index.php\/wp-json\/wp\/v2\/posts\/547653","targetHints":{"allow":["GET"]}}],"collection":[{"href":"https:\/\/diarioelpopular.com\/index.php\/wp-json\/wp\/v2\/posts"}],"about":[{"href":"https:\/\/diarioelpopular.com\/index.php\/wp-json\/wp\/v2\/types\/post"}],"author":[{"embeddable":true,"href":"https:\/\/diarioelpopular.com\/index.php\/wp-json\/wp\/v2\/users\/99"}],"replies":[{"embeddable":true,"href":"https:\/\/diarioelpopular.com\/index.php\/wp-json\/wp\/v2\/comments?post=547653"}],"version-history":[{"count":1,"href":"https:\/\/diarioelpopular.com\/index.php\/wp-json\/wp\/v2\/posts\/547653\/revisions"}],"predecessor-version":[{"id":547655,"href":"https:\/\/diarioelpopular.com\/index.php\/wp-json\/wp\/v2\/posts\/547653\/revisions\/547655"}],"wp:featuredmedia":[{"embeddable":true,"href":"https:\/\/diarioelpopular.com\/index.php\/wp-json\/wp\/v2\/media\/547654"}],"wp:attachment":[{"href":"https:\/\/diarioelpopular.com\/index.php\/wp-json\/wp\/v2\/media?parent=547653"}],"wp:term":[{"taxonomy":"category","embeddable":true,"href":"https:\/\/diarioelpopular.com\/index.php\/wp-json\/wp\/v2\/categories?post=547653"},{"taxonomy":"post_tag","embeddable":true,"href":"https:\/\/diarioelpopular.com\/index.php\/wp-json\/wp\/v2\/tags?post=547653"}],"curies":[{"name":"wp","href":"https:\/\/api.w.org\/{rel}","templated":true}]}}