{"id":547661,"date":"2026-08-31T09:47:47","date_gmt":"2026-08-31T13:47:47","guid":{"rendered":"https:\/\/diarioelpopular.com\/?p=547661"},"modified":"2026-08-31T09:47:47","modified_gmt":"2026-08-31T13:47:47","slug":"milei-les-exige-a-las-mujeres-tener-hijos-mientras-desmantela-las-politicas-de-cuidados","status":"publish","type":"post","link":"https:\/\/diarioelpopular.com\/index.php\/2026\/08\/31\/milei-les-exige-a-las-mujeres-tener-hijos-mientras-desmantela-las-politicas-de-cuidados\/","title":{"rendered":"Milei les exige a las mujeres tener hijos mientras desmantela las pol\u00edticas de cuidados"},"content":{"rendered":"<div id=\"attachment_547662\" style=\"width: 1210px\" class=\"wp-caption alignnone\"><img loading=\"lazy\" decoding=\"async\" aria-describedby=\"caption-attachment-547662\" class=\"wp-image-547662 size-custom-big-size\" src=\"https:\/\/diarioelpopular.com\/wp-content\/uploads\/2026\/08\/Screen-Shot-2026-08-31-at-9.46.43-AM-1200x826.png\" alt=\"\" width=\"1200\" height=\"826\" srcset=\"https:\/\/diarioelpopular.com\/wp-content\/uploads\/2026\/08\/Screen-Shot-2026-08-31-at-9.46.43-AM-1200x826.png 1200w, https:\/\/diarioelpopular.com\/wp-content\/uploads\/2026\/08\/Screen-Shot-2026-08-31-at-9.46.43-AM-300x206.png 300w, https:\/\/diarioelpopular.com\/wp-content\/uploads\/2026\/08\/Screen-Shot-2026-08-31-at-9.46.43-AM-768x528.png 768w, https:\/\/diarioelpopular.com\/wp-content\/uploads\/2026\/08\/Screen-Shot-2026-08-31-at-9.46.43-AM-1536x1057.png 1536w, https:\/\/diarioelpopular.com\/wp-content\/uploads\/2026\/08\/Screen-Shot-2026-08-31-at-9.46.43-AM-636x438.png 636w, https:\/\/diarioelpopular.com\/wp-content\/uploads\/2026\/08\/Screen-Shot-2026-08-31-at-9.46.43-AM-80x55.png 80w, https:\/\/diarioelpopular.com\/wp-content\/uploads\/2026\/08\/Screen-Shot-2026-08-31-at-9.46.43-AM-106x73.png 106w, https:\/\/diarioelpopular.com\/wp-content\/uploads\/2026\/08\/Screen-Shot-2026-08-31-at-9.46.43-AM.png 1024w\" sizes=\"auto, (max-width: 1200px) 100vw, 1200px\" \/><p id=\"caption-attachment-547662\" class=\"wp-caption-text\">Una madre acude a una protesta por la legalizaci\u00f3n del aborto en Buenos Aires, en una fotograf\u00eda de archivo.\u00a0 \u00a0 \u00a0 \u00a0 \u00a0 \u00a0 \u00a0 \u00a0Foto Mat\u00edas Baglietto (NurPhoto via Getty Images)<\/p><\/div>\n<p>&nbsp;<\/p>\n<p>&nbsp;<\/p>\n<ul>\n<li><em><strong>Un informe muestra que, de un total de 50 programas nacionales para atender a embarazadas, ni\u00f1os y familias, solo dos quedan plenamente activos<\/strong><\/em><\/li>\n<\/ul>\n<p>&nbsp;<\/p>\n<p class=\"\">\u201cEstamos pagando muy cara la locura de los pa\u00f1uelitos verdes. Esa pasi\u00f3n por asesinar ni\u00f1os en el vientre de la madre tambi\u00e9n nos cuesta caro en t\u00e9rminos de crecimiento, y ni les cuento en t\u00e9rminos de sistema previsional\u201d.<\/p>\n<p class=\"\"><a title=\"https:\/\/elpais.com\/argentina\/2026-08-20\/milei-culpa-al-aborto-legal-de-complicar-su-programa-esa-pasion-por-asesinar-ninos-nos-cuesta-caro-en-terminos-de-crecimiento.html\" href=\"https:\/\/elpais.com\/argentina\/2026-08-20\/milei-culpa-al-aborto-legal-de-complicar-su-programa-esa-pasion-por-asesinar-ninos-nos-cuesta-caro-en-terminos-de-crecimiento.html\" target=\"_self\" rel=\"\" data-link-track-dtm=\"\" data-mrf-link=\"https:\/\/elpais.com\/argentina\/2026-08-20\/milei-culpa-al-aborto-legal-de-complicar-su-programa-esa-pasion-por-asesinar-ninos-nos-cuesta-caro-en-terminos-de-crecimiento.html\">Desde el estrado de un hotel lujoso de Buenos Aires<\/a>, Javier Milei \u201455 a\u00f1os, ning\u00fan hijo\u2014 ha apuntado d\u00edas atr\u00e1s contra uno de sus blancos recurrentes: las mujeres, a quienes hace responsables de la ca\u00edda de la natalidad que experimenta el pa\u00eds desde hace m\u00e1s de una d\u00e9cada.<\/p>\n<p class=\"\">El presidente argentino les exige a las mujeres que tengan hijos para mejorar las cuentas nacionales, pero sus decisiones pol\u00edticas est\u00e1n lejos de promover y acompa\u00f1ar ese proceso. Un informe reciente de la mesa intersectorial La Cocina de los Cuidados muestra que, de un total de 50 pol\u00edticas nacionales vinculadas a los cuidados que exist\u00edan, solo quedan plenamente activas dos. El resto fueron derogadas, recortadas o desmanteladas a lo largo de su gesti\u00f3n.<\/p>\n<p class=\"\">La ca\u00edda de la natalidad en Argentina comienza progresivamente en la d\u00e9cada de los ochenta y se profundiza a partir de 2014, por lo que no puede explicarse por la legalizaci\u00f3n de la interrupci\u00f3n voluntaria del embarazo,\u00a0<a title=\"https:\/\/elpais.com\/sociedad\/2020-12-30\/argentina-legaliza-el-aborto.html\" href=\"https:\/\/elpais.com\/sociedad\/2020-12-30\/argentina-legaliza-el-aborto.html\" target=\"_self\" rel=\"\" data-link-track-dtm=\"\" data-mrf-link=\"https:\/\/elpais.com\/sociedad\/2020-12-30\/argentina-legaliza-el-aborto.html\">aprobada mucho despu\u00e9s, a finales de 2020<\/a>. La tasa de fecundidad se encuentra actualmente en 1,2 hijos por mujer, lo que resulta insuficiente para que la poblaci\u00f3n se mantenga estable a lo largo del tiempo, algo que sucede en gran parte del mundo.<\/p>\n<p class=\"\">Es cierto que la lucha de los feminismos ha permitido entender que ser madre es un proyecto m\u00e1s y no el \u00fanico posible, lo que ha reducido el universo de mujeres que tienen hijos aun cuando no lo desean. Tambi\u00e9n ha ca\u00eddo un 72% el embarazo adolescente en el pa\u00eds, entre 2014 y 2024, gracias a la ampliaci\u00f3n de la educaci\u00f3n sexual y la ejecuci\u00f3n de programas de prevenci\u00f3n como el\u00a0<a title=\"https:\/\/elpais.com\/actualidad\/newsletter-americanas\/2025-08-25\/el-plan-que-redujo-el-embarazo-adolescente-en-argentina-ya-no-existe-lo-elimino-milei.html\" href=\"https:\/\/elpais.com\/actualidad\/newsletter-americanas\/2025-08-25\/el-plan-que-redujo-el-embarazo-adolescente-en-argentina-ya-no-existe-lo-elimino-milei.html\" target=\"_self\" rel=\"\" data-link-track-dtm=\"\" data-mrf-link=\"https:\/\/elpais.com\/actualidad\/newsletter-americanas\/2025-08-25\/el-plan-que-redujo-el-embarazo-adolescente-en-argentina-ya-no-existe-lo-elimino-milei.html\">Plan ENIA, iniciado en 2017 y desmantelado por Milei<\/a>. Pero no es cierto que las argentinas simplemente hayan dejado de querer tener hijos.<\/p>\n<div class=\"a_gph\">\n<div id=\"datawrapper-vis-Qtlj5\" class=\"datawrapper-script-embed vis-height-fixed vis-d3-lines\">\n<div class=\"web-component-body\">\n<div class=\"chart dw-chart vis-d3-lines\">\n<div class=\"outer-container svelte-1n0rdos\">\n<div class=\"container container-body datawrapper-Qtlj5-1jlq2tx\">\n<div class=\"container container-bodyTop datawrapper-Qtlj5-13fcjr6\">\n<div class=\"container container-bodyCenter datawrapper-Qtlj5-112zasr\">\n<div id=\"chart\" class=\"dw-chart-body vis-height-fixed datawrapper-Qtlj5-re81np svelte-labfc\">\n<div class=\"dw-chart-body-content svelte-labfc datawrapper-Qtlj5-1synm82\" aria-hidden=\"false\">\n<div class=\"d3l-chart-body\"><\/div>\n<\/div>\n<\/div>\n<\/div>\n<\/div>\n<\/div>\n<\/div>\n<\/div>\n<\/div>\n<\/div>\n<\/div>\n<p class=\"\">\u201cLos datos confirman que el deseo de tener hijos e hijas sigue vigente en la sociedad argentina, pero se enfrenta a una brecha entre aquello que se anhela y lo que efectivamente puede concretarse\u201d, apunta Mariana Isasi, a cargo de la oficina del Fondo de Poblaci\u00f3n de las Naciones Unidas (UNFPA) en Argentina. Una encuesta nacional de intenciones reproductivas desarrollada por esa agencia de la ONU y la consultora Voices! revela que el 57% de las personas de entre 18 y 45 a\u00f1os todav\u00eda no alcanz\u00f3 la cantidad de hijos e hijas que desear\u00eda tener si no existieran limitaciones de ning\u00fan tipo. Entre las razones m\u00e1s expuestas para postergar, limitar o evitar la reproducci\u00f3n figuran no poder ofrecer a un hijo o hija bienestar econ\u00f3mico (79%) o una vivienda digna (78%), as\u00ed como la falta de tiempo para los cuidados (74%).<\/p>\n<p class=\"\">En este marco, tratar de revertir el desaf\u00edo demogr\u00e1fico no deber\u00eda estar centrado en promover un determinado modelo de familia \u2014seg\u00fan la encuesta, el modelo de dos hijos contin\u00faa siendo el ideal mayoritario\u2014 ni en forzar a las mujeres a reproducirse, sino en generar las condiciones necesarias para acompa\u00f1ar todos los proyectos de vida.<\/p>\n<p class=\"\">El relevamiento realizado por La Cocina de los Cuidados muestra que, dentro de<a title=\"https:\/\/infogram.com\/1pgplzx19zp23jt95eln2y69n5bw9261eep\" href=\"https:\/\/infogram.com\/1pgplzx19zp23jt95eln2y69n5bw9261eep\" target=\"_blank\" rel=\"noopener\" data-link-track-dtm=\"\" data-mrf-link=\"https:\/\/infogram.com\/1pgplzx19zp23jt95eln2y69n5bw9261eep\">\u00a0la larga lista de programas que se desmantelaron durante la gesti\u00f3n libertaria<\/a>, est\u00e1, por ejemplo, el Plan 1000 D\u00edas, que apunta al cuidado integral del embarazo y los primeros d\u00edas de vida del beb\u00e9 y cuyo presupuesto cay\u00f3 un 34% entre 2023 y 2026. Tambi\u00e9n est\u00e1n los kits de lactancia (no se compraron ni distribuyeron kits nuevos; solo se entrega f\u00f3rmula), el presupuesto para construir o remodelar espacios de primera infancia (que se elimin\u00f3) y las prestaciones de cuidado en discapacidad (en los \u00faltimos tres a\u00f1os se otorg\u00f3 solo una de cada diez solicitadas). Las dos que se mantienen vigentes son la Canasta de Crianza (un registro estad\u00edstico que permite medir el tiempo y los recursos necesarios para criar un menor) y el reconocimiento a las mujeres de un a\u00f1o de aportes previsionales por cada hijo.<\/p>\n<p class=\"\">\u201cCada vez m\u00e1s familias deben resolver solas c\u00f3mo criar, acompa\u00f1ar, alimentar y cuidar; necesidades que deber\u00edan formar parte de un sistema de protecci\u00f3n social\u201d, cuestiona la economista Luc\u00eda Cirmi Ob\u00f3n, una de las autoras del relevamiento. Para ella, que el mi\u00e9rcoles pasado present\u00f3 junto a 250 organizaciones sociales un Acuerdo Nacional por los Cuidados, es necesario articular la demanda que ya existe en la sociedad y que la agenda de cuidados sea la pr\u00f3xima conquista de los feminismos.<\/p>\n<p class=\"\">Pero promover la natalidad \u2014o profundizar su ca\u00edda\u2014 excede a un c\u00famulo de medidas puntuales. El Gobierno ultra no solo ha desarmado herramientas espec\u00edficas, sino que ha fomentado otros cambios sociales m\u00e1s amplios, como la\u00a0<a title=\"https:\/\/elpais.com\/argentina\/2026-02-23\/milei-fuerza-una-reforma-laboral-que-argentina-resistio-a-otros-gobiernos-de-derechas.html\" href=\"https:\/\/elpais.com\/argentina\/2026-02-23\/milei-fuerza-una-reforma-laboral-que-argentina-resistio-a-otros-gobiernos-de-derechas.html\" target=\"_self\" rel=\"\" data-link-track-dtm=\"\" data-mrf-link=\"https:\/\/elpais.com\/argentina\/2026-02-23\/milei-fuerza-una-reforma-laboral-que-argentina-resistio-a-otros-gobiernos-de-derechas.html\">reforma laboral que posibilit\u00f3 la extensi\u00f3n de la jornada laboral a 12 horas<\/a>, lo que atenta contra la disponibilidad de tiempo necesaria para criar a un ni\u00f1o o una ni\u00f1a. Cirmi resalta que la motosierra tambi\u00e9n ha pasado por el presupuesto educativo, cuando se podr\u00eda aprovechar que hay menos ni\u00f1os para mejorar la calidad de la educaci\u00f3n que reciben, extender la cobertura en primera infancia \u2014donde todav\u00eda no hay vacantes para acoger a todos los ni\u00f1os\u2014 o reforzar la cantidad de docentes por sala.<\/p>\n<p class=\"\">\u201cPareciera que hay una urgencia porque aparezcan beb\u00e9s, pero un abandono con esos hijos y esas familias que deciden tenerlos al d\u00eda de hoy\u201d, agrega Florencia Sichel, fil\u00f3sofa y autora del libro\u00a0<i>Todas las exigencias del mundo<\/i> (Planeta), para quien eso habla de una sociedad que no valora el cuidado. Dialoga en altavoz mientras maneja su auto: debe recoger a su hija peque\u00f1a de un sitio y llevarla a otro. \u201cQuienes hoy decidimos traer hijos al mundo lo hacemos con un costo muy alto que pagamos al interior de cada familia\u201d, resume.<\/p>\n<p class=\"\">Para Sichel, la ca\u00edda de la natalidad es, en todo caso, un problema m\u00e1s amplio, que est\u00e1 unido a una pol\u00edtica de derechos y que exige pensar tanto en la cantidad de vacantes disponibles en jardines de infantes como en plazas en buen estado en todos los barrios de la ciudad. Tanto en espacios estatales de cuidado como en licencias laborales. Finalmente, en un modelo de pa\u00eds m\u00e1s amigable para los ni\u00f1os y para esas familias que deciden tenerlos.<\/p>\n","protected":false},"excerpt":{"rendered":"<p>&nbsp; &nbsp; Un informe muestra que, de un total de 50 programas nacionales para atender a embarazadas, ni\u00f1os y familias, solo dos quedan plenamente activos&hellip;<\/p>\n","protected":false},"author":99,"featured_media":547662,"comment_status":"open","ping_status":"open","sticky":false,"template":"","format":"standard","meta":{"footnotes":""},"categories":[23],"tags":[],"class_list":["post-547661","post","type-post","status-publish","format-standard","has-post-thumbnail","hentry","category-latinoamerica"],"_links":{"self":[{"href":"https:\/\/diarioelpopular.com\/index.php\/wp-json\/wp\/v2\/posts\/547661","targetHints":{"allow":["GET"]}}],"collection":[{"href":"https:\/\/diarioelpopular.com\/index.php\/wp-json\/wp\/v2\/posts"}],"about":[{"href":"https:\/\/diarioelpopular.com\/index.php\/wp-json\/wp\/v2\/types\/post"}],"author":[{"embeddable":true,"href":"https:\/\/diarioelpopular.com\/index.php\/wp-json\/wp\/v2\/users\/99"}],"replies":[{"embeddable":true,"href":"https:\/\/diarioelpopular.com\/index.php\/wp-json\/wp\/v2\/comments?post=547661"}],"version-history":[{"count":1,"href":"https:\/\/diarioelpopular.com\/index.php\/wp-json\/wp\/v2\/posts\/547661\/revisions"}],"predecessor-version":[{"id":547663,"href":"https:\/\/diarioelpopular.com\/index.php\/wp-json\/wp\/v2\/posts\/547661\/revisions\/547663"}],"wp:featuredmedia":[{"embeddable":true,"href":"https:\/\/diarioelpopular.com\/index.php\/wp-json\/wp\/v2\/media\/547662"}],"wp:attachment":[{"href":"https:\/\/diarioelpopular.com\/index.php\/wp-json\/wp\/v2\/media?parent=547661"}],"wp:term":[{"taxonomy":"category","embeddable":true,"href":"https:\/\/diarioelpopular.com\/index.php\/wp-json\/wp\/v2\/categories?post=547661"},{"taxonomy":"post_tag","embeddable":true,"href":"https:\/\/diarioelpopular.com\/index.php\/wp-json\/wp\/v2\/tags?post=547661"}],"curies":[{"name":"wp","href":"https:\/\/api.w.org\/{rel}","templated":true}]}}