{"id":547678,"date":"2026-08-31T10:51:21","date_gmt":"2026-08-31T14:51:21","guid":{"rendered":"https:\/\/diarioelpopular.com\/?p=547678"},"modified":"2026-08-31T10:51:21","modified_gmt":"2026-08-31T14:51:21","slug":"l-interet-d-adam-adam-s-sake-belgica-francia-2025-un-film-escrito-y-dirigido-por-laura-wandel-78-minutos","status":"publish","type":"post","link":"https:\/\/diarioelpopular.com\/index.php\/2026\/08\/31\/l-interet-d-adam-adam-s-sake-belgica-francia-2025-un-film-escrito-y-dirigido-por-laura-wandel-78-minutos\/","title":{"rendered":"L\u2019 INT\u00c9R\u0116T D\u2019ADAM \/ ADAM\u2019S SAKE. B\u00e9lgica-Francia, 2025. Un film escrito y dirigido por Laura Wandel. 78 minutos"},"content":{"rendered":"<div id=\"attachment_547679\" style=\"width: 646px\" class=\"wp-caption alignnone\"><img loading=\"lazy\" decoding=\"async\" aria-describedby=\"caption-attachment-547679\" class=\"wp-image-547679 size-custom-full-size\" src=\"https:\/\/diarioelpopular.com\/wp-content\/uploads\/2026\/08\/LINTERET-DADAM-636x358.jpg\" alt=\"\" width=\"636\" height=\"358\" srcset=\"https:\/\/diarioelpopular.com\/wp-content\/uploads\/2026\/08\/LINTERET-DADAM-636x358.jpg 636w, https:\/\/diarioelpopular.com\/wp-content\/uploads\/2026\/08\/LINTERET-DADAM-300x169.jpg 300w, https:\/\/diarioelpopular.com\/wp-content\/uploads\/2026\/08\/LINTERET-DADAM-130x73.jpg 130w, https:\/\/diarioelpopular.com\/wp-content\/uploads\/2026\/08\/LINTERET-DADAM.jpg 700w\" sizes=\"auto, (max-width: 636px) 100vw, 636px\" \/><p id=\"caption-attachment-547679\" class=\"wp-caption-text\">Anamaria Vartolomei, Jules Delsart y L\u00e9a Drucker en L INT\u00c9R\u0116T D\u2019ADAM<\/p><\/div>\n<p>&nbsp;<\/p>\n<p class=\"p1\"><b>Por Jorge Gutman<\/b><\/p>\n<p class=\"p3\"><b>L\u2019 INT\u00c9R\u0116T D\u2019ADAM \/ ADAM\u2019S SAKE. <\/b>B\u00e9lgica-Francia, 2025. Un film escrito y dirigido por Laura Wandel. 78 minutos<\/p>\n<p class=\"p3\">Hace cuatro a\u00f1os la realizadora Laura Wandel caus\u00f3 muy buena impresi\u00f3n con su \u00f3pera prima <i>Un Monde<\/i>, un excelente drama enfocando al universo escolar en donde ni\u00f1os indefensos son objeto de abusos emocionales y\/o f\u00edsicos. Con su segunda incursi\u00f3n en <b>L\u2019int\u00e9r\u00eat d\u2019Adam<\/b> nuevamente refleja su profunda sensibilidad considerando una conmovedora historia inspirada en un caso real.<span class=\"Apple-converted-space\">\u00a0<\/span><\/p>\n<p class=\"p3\">El relato transcurre en un no especificado hospital p\u00fablico de B\u00e9lgica, en donde se desempe\u00f1a la enfermera Lucy (L\u00e9a Drucker) que lidera el departamento pedi\u00e1trico. Ah\u00ed se halla hospitalizado por orden judicial el ni\u00f1o Adam (Jules Delsart) de 4 a\u00f1os de edad<span class=\"Apple-converted-space\">\u00a0 <\/span>por tener un brazo fracturado que los m\u00e9dicos atribuyen a un problema de mal nutrici\u00f3n. Rebecca (Anamaria Vartolomei) es la madre monoparental de Adam quien tiene el permiso de permanecer en el nosocomio ya que el peque\u00f1o solo acepta ser alimentado si su madre se halla a su lado.<span class=\"Apple-converted-space\">\u00a0<\/span><\/p>\n<p class=\"p3\">A Rebecca le es permitido de estar con su hijito durante un corto per\u00edodo de tiempo, a lo que ella se resiste a tal decisi\u00f3n dado que quiere permanecer permanentemente con \u00e9l; ese hecho le crea conflictos con el doctor del nosocomio (Laurent Capelluto) y una r\u00edgida trabajadora social (Claire Bodson), en donde a todo ello la abnegada Lucy trata de apaciguar la situaci\u00f3n en su prop\u00f3sito de ayudar a la madre. Cuando Rebecca intenta huir del hospital llevando consigo al ni\u00f1o, la situaci\u00f3n alcanza un nivel de alto dramatismo.<span class=\"Apple-converted-space\">\u00a0<\/span><\/p>\n<p class=\"p3\">Wandel consigue que la historia adquiera completa autenticidad en la medida que su remarcable delineado gui\u00f3n cobra relevancia por la excepcional labor de sus dos protagonistas. La audiencia observa a Drucker olvidando que ella est\u00e1 actuando para tener la completa convicci\u00f3n de que se halla frente a una real devota enfermera transitando permanentemente por los pasillos del hospital y tratando de granjearse la confianza de Rebecca al empatizar con el problema que la asiste con respecto a su hijo; no menos importante es el desempe\u00f1o de Vartolomei adoptando la personalidad de una mujer emocionalmente inestable que desesperadamente no quiere perder la custodia de su hijo. Menci\u00f3n especial merece Delsart quien ten\u00eda 6 a\u00f1os y medio cuando se realiz\u00f3 el rodaje del film y que resulta admirable en su intensa y conmovedora caracterizaci\u00f3n del ni\u00f1o que adora a su madre y quiere estar todo el tiempo junto a ella.<\/p>\n<p class=\"p3\">La magn\u00edfica puesta esc\u00e9nica de Wandel ambientada pr\u00e1cticamente dentro del hospital permite que este desgarrador drama no exento de connotaci\u00f3n moral adquiera amplia resonancia. A su vez, sin entrar a juzgar a sus personajes, la cineasta ilustra el accionar de los servicios sociales y del inflexible sistema judicial que tratando de resguardar el bienestar del ni\u00f1o, deja abierta la pregunta si realmente atiende a su verdadero inter\u00e9s -tal como anticipa el t\u00edtulo del film- teniendo en cuenta el<span class=\"Apple-converted-space\">\u00a0 <\/span>entra\u00f1able amor que lo liga a su progenitora.<span class=\"Apple-converted-space\">\u00a0<\/span><\/p>\n<p class=\"p3\">Si bien frecuentemente se asocia la cinematograf\u00eda belga con las meritorias obras de los<span class=\"Apple-converted-space\">\u00a0 <\/span>c\u00e9lebres hermanos Jean-Pierre y Luc Dardenne, es necesario reconocer que la compatriota belga imprimiendo un similar estilo humanista ratifica en <b>L\u2019int\u00e9r\u00eat d\u2019Adam<\/b> su condici\u00f3n de remarcable cineasta.<span class=\"Apple-converted-space\">\u00a0<\/span><\/p>\n<p class=\"p4\"><b>IT ENDS. <\/b>Estados Unidos, 2025. Un film escrito y dirigido por Alex Ullom. 89 minutos<\/p>\n<div id=\"attachment_547680\" style=\"width: 646px\" class=\"wp-caption alignnone\"><img loading=\"lazy\" decoding=\"async\" aria-describedby=\"caption-attachment-547680\" class=\"wp-image-547680 size-custom-full-size\" src=\"https:\/\/diarioelpopular.com\/wp-content\/uploads\/2026\/08\/IT-ENDS-636x357.jpeg\" alt=\"\" width=\"636\" height=\"357\" srcset=\"https:\/\/diarioelpopular.com\/wp-content\/uploads\/2026\/08\/IT-ENDS-636x357.jpeg 636w, https:\/\/diarioelpopular.com\/wp-content\/uploads\/2026\/08\/IT-ENDS-300x169.jpeg 300w, https:\/\/diarioelpopular.com\/wp-content\/uploads\/2026\/08\/IT-ENDS-768x432.jpeg 768w, https:\/\/diarioelpopular.com\/wp-content\/uploads\/2026\/08\/IT-ENDS-130x73.jpeg 130w, https:\/\/diarioelpopular.com\/wp-content\/uploads\/2026\/08\/IT-ENDS.jpeg 950w\" sizes=\"auto, (max-width: 636px) 100vw, 636px\" \/><p id=\"caption-attachment-547680\" class=\"wp-caption-text\">Phinehas Yoon, Akira Jackson y Noah Toth en IT ENDS<\/p><\/div>\n<p class=\"p3\">Tras haber realizado algunos trabajos de edici\u00f3n, en su primera incursi\u00f3n cinematogr\u00e1fica el joven realizador estadounidense Alex Ullom sorprende gratamente al haber concebido en<span class=\"Apple-converted-space\">\u00a0 <\/span><b>It Ends<\/b>, una historia que en principio se la puede catalogar de horror, aunque su verdadero g\u00e9nero resulta dif\u00edcil de precisar.<\/p>\n<p class=\"p3\">La sencilla premisa se centra en un grupo de cuatro recientes graduados, siendo uno de ellos Tyler (Michell Cole) quien recoge en su Jeep Cherokee a James<span class=\"Apple-converted-space\">\u00a0 <\/span>(Phinehas Yoon),<b> <\/b>Fisher (Noah Toth) y a<span class=\"Apple-converted-space\">\u00a0 <\/span>Day (Akira Jackson); el<span class=\"Apple-converted-space\">\u00a0 <\/span>prop\u00f3sito es el de efectuar un paseo nocturno en procura de comida y al propio tiempo disfrutar de una reuni\u00f3n en la que posiblemente sea la \u00faltima vez<span class=\"Apple-converted-space\">\u00a0 <\/span>que est\u00e9n juntos.<\/p>\n<p class=\"p3\">Todo comienza gratamente en el interior del veh\u00edculo amenizado por conversaciones banales, adem\u00e1s de oportunas bromas y discusiones de los amigos que de alg\u00fan modo reflejan la idiosincrasia y personalidad de cada uno de ellos. El primer escollo se presenta cuando mediante una desviaci\u00f3n de la ruta inicial, el veh\u00edculo avanza en una carretera rodeada de bosques, en donde repentinamente surgen numerosas personas que tratando de pedir ayuda tienen la intenci\u00f3n de apropiarse del jeep.<span class=\"Apple-converted-space\">\u00a0<\/span><\/p>\n<p class=\"p3\">Tras ese momento de angustiosa tensi\u00f3n el grupo logra zafarse reanudando<span class=\"Apple-converted-space\">\u00a0 <\/span>r\u00e1pidamente el viaje, pero a partir de all\u00ed<span class=\"Apple-converted-space\">\u00a0 <\/span>el estado an\u00edmico de los viajeros comienza a decaer en la medida que se sienten atrapados en una autopista que parece interminable sin saber hacia donde los habr\u00e1 de conducir.<span class=\"Apple-converted-space\">\u00a0<\/span><\/p>\n<p class=\"p3\">Sin entrar en ulteriores detalles, el relato se vuelve cada vez m\u00e1s inquietante hasta adquirir el car\u00e1cter de oprimente angustia. En tal sentido, Ullom consigue transmitir un clima de considerable malestar a trav\u00e9s de la buena caracterizaci\u00f3n brindada por el solvente cuarteto del elenco; a trav\u00e9s de sus expresiones, cada uno de ellos genuinamente trasluce las emociones experimentadas y los cambios de actitudes de sus respectivos personajes mediante la din\u00e1mica que se establece entre los mismos a causa de los conflictos generados por el confinamiento que atraviesan.<\/p>\n<p class=\"p3\">En esencia, el cineasta obtiene una original e inteligente \u00f3pera prima existencial que permite reflexionar c\u00f3mo uno actuar\u00eda en la hipot\u00e9tica situaci\u00f3n vivida por los personajes de esta historia.<\/p>\n<p class=\"p4\"><b>HANGING BY A WIRE<\/b>. Gran Breta\u00f1a-Estados Unidos-Pakist\u00e1n, 2026. Un documental de Mohammed Ali Naqvi. 78 minutos.<span class=\"Apple-converted-space\">\u00a0<\/span><\/p>\n<div id=\"attachment_547681\" style=\"width: 646px\" class=\"wp-caption alignnone\"><img loading=\"lazy\" decoding=\"async\" aria-describedby=\"caption-attachment-547681\" class=\"wp-image-547681 size-custom-full-size\" src=\"https:\/\/diarioelpopular.com\/wp-content\/uploads\/2026\/08\/HANGING-BY-A-WIRE-636x358.jpg\" alt=\"\" width=\"636\" height=\"358\" srcset=\"https:\/\/diarioelpopular.com\/wp-content\/uploads\/2026\/08\/HANGING-BY-A-WIRE-636x358.jpg 636w, https:\/\/diarioelpopular.com\/wp-content\/uploads\/2026\/08\/HANGING-BY-A-WIRE-300x169.jpg 300w, https:\/\/diarioelpopular.com\/wp-content\/uploads\/2026\/08\/HANGING-BY-A-WIRE-768x432.jpg 768w, https:\/\/diarioelpopular.com\/wp-content\/uploads\/2026\/08\/HANGING-BY-A-WIRE-130x73.jpg 130w, https:\/\/diarioelpopular.com\/wp-content\/uploads\/2026\/08\/HANGING-BY-A-WIRE.jpg 860w\" sizes=\"auto, (max-width: 636px) 100vw, 636px\" \/><p id=\"caption-attachment-547681\" class=\"wp-caption-text\">Una escena de HANGING BY A WIRE<\/p><\/div>\n<p class=\"p3\">Aunque se sepa de antemano el desenlace del dram\u00e1tico relato de supervivencia expuesto en <b>Hanging by a Wire<\/b>, eso no disminuye el inter\u00e9s de este apasionante<span class=\"Apple-converted-space\">\u00a0 <\/span>documental del director pak\u00edstan\u00ed Mohammed Ali Naqvi. <span class=\"Apple-converted-space\">\u00a0<\/span><\/p>\n<p class=\"p3\">El 22 de agosto de 2023 a las 7 y media de la ma\u00f1ana se registr\u00f3 un angustioso accidente cuando uno de los cables de un<span class=\"Apple-converted-space\">\u00a0 <\/span>telef\u00e9rico se rompi\u00f3 en un ca\u00f1\u00f3n monta\u00f1oso de la regi\u00f3n de Battagram en Pakist\u00e1n.<span class=\"Apple-converted-space\">\u00a0 <\/span>A una altura de 275 metros los ocho pasajeros que se encontraban en su interior, de los cuales seis eran estudiantes entre 13 y 21 a\u00f1os de edad, quedaron colgados por el \u00fanico cable restante.<span class=\"Apple-converted-space\">\u00a0<\/span><\/p>\n<p class=\"p3\">A partir de all\u00ed el documental relata la odisea de los grupos de rescate para salvar las vidas de los pasajeros en su lucha contra el tiempo a medida que las horas iban transcurriendo. As\u00ed el primer intento de salvamento a cargo de un helic\u00f3ptero se frustra a causa de los fuertes vientos. No obstante, los esfuerzos prosiguieron logrando traer a tierra a dos de los viajeros, pero la situaci\u00f3n iba agrav\u00e1ndose cuando ya comenzaba a oscurecer. Es as\u00ed que el relato adquiere un<span class=\"Apple-converted-space\">\u00a0 <\/span>angustioso suspenso al ignorarse si la operaci\u00f3n de rescate arrojar\u00eda un resultado positivo.<\/p>\n<p class=\"p3\">Para registrar vivamente lo acontecido Naqvi se vali\u00f3 de un importante material de archivo donde qued\u00f3 registrada la repercusi\u00f3n internacional que mediante los medios de difusi\u00f3n se dio cuenta del calamitoso suceso; asimismo el documentalista pudo registrar fotograf\u00edas e im\u00e1genes obtenidas por los tel\u00e9fonos celulares de innumerables testigos que observaban lo que estaba aconteciendo. <span class=\"Apple-converted-space\">\u00a0<\/span><\/p>\n<p class=\"p3\">Si acaso pudiera aplicarse el dicho de que \u201cDios aprieta pero no ahorca\u201d, el documental rese\u00f1a la feliz conclusi\u00f3n de la odisea vivida por los restantes integrantes del funicular despu\u00e9s de 14 horas de gran incertidumbre, exponiendo la gloriosa labor de rescate realizada por Sahib Khan, un reparador local de telef\u00e9ricos y de Ali Swati, un experto en materia de cables suspendidos.<span class=\"Apple-converted-space\">\u00a0<\/span><\/p>\n<p class=\"p3\">De notable inter\u00e9s resultan los comentarios realizados por la periodista paquistan\u00ed Sumaira Khan, la jefa policial del lugar Sonia Shamroz, as\u00ed como los suministrados por los j\u00f3venes rescatados y familiares en el que el impacto sufrido por el desafortunado incidente a\u00fan permanece vigente.<span class=\"Apple-converted-space\">\u00a0<\/span><\/p>\n<p class=\"p3\">Si bien la pel\u00edcula no provee referencia alguna sobre la causa que motiv\u00f3 el accidente del artesanal telef\u00e9rico para que eso no vuelva a ocurrir, eso no desmerece los m\u00e9ritos de este<span class=\"Apple-converted-space\">\u00a0 <\/span>valioso docudrama que merced a su excelente puesta esc\u00e9nica Naqvi<span class=\"Apple-converted-space\">\u00a0 <\/span>ha sido capaz de contagiar al espectador imaginando que ha sido un testigo m\u00e1s del heroico salvataje.<\/p>\n","protected":false},"excerpt":{"rendered":"<p>&nbsp; Por Jorge Gutman L\u2019 INT\u00c9R\u0116T D\u2019ADAM \/ ADAM\u2019S SAKE. B\u00e9lgica-Francia, 2025. Un film escrito y dirigido por Laura Wandel. 78 minutos Hace cuatro a\u00f1os&hellip;<\/p>\n","protected":false},"author":99,"featured_media":547679,"comment_status":"open","ping_status":"open","sticky":false,"template":"","format":"standard","meta":{"footnotes":""},"categories":[80,81,2482],"tags":[],"class_list":["post-547678","post","type-post","status-publish","format-standard","has-post-thumbnail","hentry","category-cine-2","category-columnistas","category-espectaculo"],"_links":{"self":[{"href":"https:\/\/diarioelpopular.com\/index.php\/wp-json\/wp\/v2\/posts\/547678","targetHints":{"allow":["GET"]}}],"collection":[{"href":"https:\/\/diarioelpopular.com\/index.php\/wp-json\/wp\/v2\/posts"}],"about":[{"href":"https:\/\/diarioelpopular.com\/index.php\/wp-json\/wp\/v2\/types\/post"}],"author":[{"embeddable":true,"href":"https:\/\/diarioelpopular.com\/index.php\/wp-json\/wp\/v2\/users\/99"}],"replies":[{"embeddable":true,"href":"https:\/\/diarioelpopular.com\/index.php\/wp-json\/wp\/v2\/comments?post=547678"}],"version-history":[{"count":1,"href":"https:\/\/diarioelpopular.com\/index.php\/wp-json\/wp\/v2\/posts\/547678\/revisions"}],"predecessor-version":[{"id":547682,"href":"https:\/\/diarioelpopular.com\/index.php\/wp-json\/wp\/v2\/posts\/547678\/revisions\/547682"}],"wp:featuredmedia":[{"embeddable":true,"href":"https:\/\/diarioelpopular.com\/index.php\/wp-json\/wp\/v2\/media\/547679"}],"wp:attachment":[{"href":"https:\/\/diarioelpopular.com\/index.php\/wp-json\/wp\/v2\/media?parent=547678"}],"wp:term":[{"taxonomy":"category","embeddable":true,"href":"https:\/\/diarioelpopular.com\/index.php\/wp-json\/wp\/v2\/categories?post=547678"},{"taxonomy":"post_tag","embeddable":true,"href":"https:\/\/diarioelpopular.com\/index.php\/wp-json\/wp\/v2\/tags?post=547678"}],"curies":[{"name":"wp","href":"https:\/\/api.w.org\/{rel}","templated":true}]}}