{"id":547688,"date":"2026-08-31T10:55:15","date_gmt":"2026-08-31T14:55:15","guid":{"rendered":"https:\/\/diarioelpopular.com\/?p=547688"},"modified":"2026-08-31T10:55:15","modified_gmt":"2026-08-31T14:55:15","slug":"cronicas-dia-internacional-de-la-alfabetizacion","status":"publish","type":"post","link":"https:\/\/diarioelpopular.com\/index.php\/2026\/08\/31\/cronicas-dia-internacional-de-la-alfabetizacion\/","title":{"rendered":"CR\u00d3NICAS. D\u00eda Internacional de la Alfabetizaci\u00f3n\u00a0"},"content":{"rendered":"<p class=\"p1\"><em><strong>Por: Luc\u00eda P. de Garc\u00eda<\/strong><\/em><\/p>\n<p class=\"p1\"><em><strong>Toronto.-<\/strong><\/em> Es dif\u00edcil imaginar un mundo sin alfabetizaci\u00f3n. Felizmente han transcurrido miles de a\u00f1os durante los cuales la humanidad ha ido evolucionando y encontrando la manera de comunicarse y hacerse entender por sus semejantes.<span class=\"Apple-converted-space\">\u00a0<\/span><\/p>\n<p class=\"p1\">Se dice que la primera forma de comunicaci\u00f3n fue la facial. Mirar, sonre\u00edr, hacer gestos, se\u00f1as, establecieron las primeras conexiones. <span class=\"Apple-converted-space\">\u00a0<\/span><\/p>\n<p class=\"p1\">El Paleol\u00edtico se caracteriz\u00f3 por mensajes rupestre, pinturas y petroglifos plasmados sobre piedras o paredes de las cuevas donde se ve gente en plena caza o pesca.<\/p>\n<p class=\"p1\">Los primeros objetos de comunicaci\u00f3n fueron los tambores, sus sonidos enviaban mensajes concretos. El fuego facilitaba las se\u00f1ales de humo creadas seg\u00fan varios patrones y colores, los suyos pod\u00edan verlas e identificar a la distancia lo que dec\u00edan.<span class=\"Apple-converted-space\">\u00a0<\/span><\/p>\n<p class=\"p1\">Las civilizaciones que usaron la pictograf\u00eda, es decir s\u00edmbolos, im\u00e1genes o dibujos que representan personas, animales, acciones, ideas, conceptos abstractos, fueron los sumerios con su escritura cuneiforme; los chinos con sus ideogramas; los egipcios y los mayas con sus jerogl\u00edficos. Sobre los mayas cabe destacar su escritura logosil\u00e1bica, m\u00e1s de 800 signos capaces de registrar las palabras de todos los idiomas maya. Tienen m\u00e9rito los mensajeros, recorr\u00edan grandes distancias para llevar noticias.<span class=\"Apple-converted-space\">\u00a0<\/span><\/p>\n<p class=\"p1\">En Am\u00e9rica del Sur, el Imperio de los Incas tuvo a los chasquis, personas que en sistema de postas recorr\u00edan largas distancias llevando mensajes, encomiendas. Los Incas tambi\u00e9n crearon algo \u00fanico en el mundo: los kipus. Eran cuerdas de algod\u00f3n o lana de diversos colores, la ubicaci\u00f3n de sus nudos permit\u00edan contabilizar personas, tributos, cosechas, todo. Eran muy apreciados quienes sab\u00edan c\u00f3mo interpretar cada nudo, leer en ellos c\u00f3digos, incluso historias, leyendas, poes\u00edas.<span class=\"Apple-converted-space\">\u00a0<\/span><\/p>\n<p class=\"p1\">La c\u00faspide de la comunicaci\u00f3n es la escritura y con ella la lectura. La imprenta las universaliz\u00f3. El tel\u00e9fono es otro instrumento de comunicaci\u00f3n importante. Estos tesoros son accesibles gracias a la alfabetizaci\u00f3n, considerada <span class=\"s1\">derecho humano.<span class=\"Apple-converted-space\">\u00a0<\/span><\/span><\/p>\n<p class=\"p2\">La entidad que oficializ\u00f3 el valor de la alfabetizaci\u00f3n es la Organizaci\u00f3n de las Naciones Unidas para la Educaci\u00f3n, la Ciencia y la Cultura (UNESCO). Fue creada el 8 de septiembre de 1967 por Naciones Unidas. Su objetivo es preservar la paz duradera en base a la uni\u00f3n de los pueblos, el respeto, el fortalecimiento de la solidaridad intelectual y moral de la humanidad con apoyo de educaci\u00f3n, ciencia, cultura, informaci\u00f3n veraz y oportuna.<span class=\"Apple-converted-space\">\u00a0<\/span><\/p>\n<p class=\"p2\">En la actualidad la UNESCO ha convocado a fil\u00f3sofos, cient\u00edficos, intelectuales y artistas de todas partes del mundo para impulsar proyectos que ayuden a denunciar y combatir las teor\u00edas supremacistas y racistas que est\u00e1n difundi\u00e9ndose en todo el planeta, unos en forma casi imperceptible, otros en forma descarada y cruel.<\/p>\n<p class=\"p2\">La labor internacional de la Unesco ha sido muy meritoria. Por medio de la alfabetizaci\u00f3n ha procurado sociedades m\u00e1s justas. Apoyado el pensamiento libre, analizador, cr\u00edtico. Ayudado a reducir la pobreza, las desigualdades. Fomentar respeto, solidaridad, tolerancia. Crear armon\u00eda en la sociedad. Concienciar el cuidado a la Madre Naturaleza, enferma por tanto estropeo.<span class=\"Apple-converted-space\">\u00a0<\/span><\/p>\n<p class=\"p2\">Recuerdo que cuando ni\u00f1a, en la biblioteca que ten\u00edamos en casa escog\u00eda entre los folletos para ni\u00f1os que por entonces publicaba la UNESCO, el que conten\u00eda el titular y los dibujos que m\u00e1s me atra\u00edan. Eran textos f\u00e1ciles de comprender, sencillos, cautivadores. As\u00ed conoc\u00ed diferentes temas: h\u00e9roes que dieron la libertad a los pa\u00edses de nuestro continente, gestores de la cultura, la riqueza del campo, la importancia de las vacunas, qu\u00e9 era el paludismo, la magia de la geometr\u00eda, los planetas y m\u00e1s.<span class=\"Apple-converted-space\">\u00a0<\/span><\/p>\n<p class=\"p2\">Estando en Ecuador, recib\u00ed la invitaci\u00f3n de un grupo de personas que tambi\u00e9n hab\u00edan disfrutado de aquellos folletos, ni ellos no yo, nadie los conservaba. Hab\u00edan contactado con la UNESCO, tampoco los ten\u00eda. Es una verdadera pena que aquel tesoro haya desaparecido, quiz\u00e1s por ser precisamente simple nadie le dio importancia.<\/p>\n<p class=\"p2\">Hoy, 739 millones de j\u00f3venes y adultos de todo el mundo carecen de alfabetizaci\u00f3n. Millones de ni\u00f1os no van a la escuela. Millones de adultos pueden leer y escribir pero<span class=\"Apple-converted-space\">\u00a0 <\/span>carecen de alfabetizaci\u00f3n digital, no saben utilizar estas tecnolog\u00edas que permiten una amplia comunicaci\u00f3n y mejores opciones de trabajo.<span class=\"Apple-converted-space\">\u00a0<\/span><\/p>\n<p class=\"p2\">Que este 8 de Septiembre, D\u00eda Internacional de la Alfabetizaci\u00f3n, la UNESCO festeje su 60 aniversario como se anuncia, entre el 8 y 9 de septiembre en M\u00e9xico, bajo el lema \u201cAlfabetizaci\u00f3n para las personas, el planeta y la prosperidad\u201d.<span class=\"Apple-converted-space\">\u00a0<\/span><\/p>\n<p class=\"p2\">Felicitaciones UNESCO, que renovados br\u00edos le permitan continuar con su loable labor de perpetuar el derecho a aprender\u2026<\/p>\n","protected":false},"excerpt":{"rendered":"<p>Por: Luc\u00eda P. de Garc\u00eda Toronto.- Es dif\u00edcil imaginar un mundo sin alfabetizaci\u00f3n. Felizmente han transcurrido miles de a\u00f1os durante los cuales la humanidad ha&hellip;<\/p>\n","protected":false},"author":99,"featured_media":0,"comment_status":"open","ping_status":"open","sticky":false,"template":"","format":"standard","meta":{"footnotes":""},"categories":[81,11362],"tags":[],"class_list":["post-547688","post","type-post","status-publish","format-standard","hentry","category-columnistas","category-cronicas"],"_links":{"self":[{"href":"https:\/\/diarioelpopular.com\/index.php\/wp-json\/wp\/v2\/posts\/547688","targetHints":{"allow":["GET"]}}],"collection":[{"href":"https:\/\/diarioelpopular.com\/index.php\/wp-json\/wp\/v2\/posts"}],"about":[{"href":"https:\/\/diarioelpopular.com\/index.php\/wp-json\/wp\/v2\/types\/post"}],"author":[{"embeddable":true,"href":"https:\/\/diarioelpopular.com\/index.php\/wp-json\/wp\/v2\/users\/99"}],"replies":[{"embeddable":true,"href":"https:\/\/diarioelpopular.com\/index.php\/wp-json\/wp\/v2\/comments?post=547688"}],"version-history":[{"count":1,"href":"https:\/\/diarioelpopular.com\/index.php\/wp-json\/wp\/v2\/posts\/547688\/revisions"}],"predecessor-version":[{"id":547689,"href":"https:\/\/diarioelpopular.com\/index.php\/wp-json\/wp\/v2\/posts\/547688\/revisions\/547689"}],"wp:attachment":[{"href":"https:\/\/diarioelpopular.com\/index.php\/wp-json\/wp\/v2\/media?parent=547688"}],"wp:term":[{"taxonomy":"category","embeddable":true,"href":"https:\/\/diarioelpopular.com\/index.php\/wp-json\/wp\/v2\/categories?post=547688"},{"taxonomy":"post_tag","embeddable":true,"href":"https:\/\/diarioelpopular.com\/index.php\/wp-json\/wp\/v2\/tags?post=547688"}],"curies":[{"name":"wp","href":"https:\/\/api.w.org\/{rel}","templated":true}]}}