{"id":547694,"date":"2026-08-31T12:00:59","date_gmt":"2026-08-31T16:00:59","guid":{"rendered":"https:\/\/diarioelpopular.com\/?p=547694"},"modified":"2026-08-31T12:00:59","modified_gmt":"2026-08-31T16:00:59","slug":"messi-se-retira-de-la-seleccion-argentina","status":"publish","type":"post","link":"https:\/\/diarioelpopular.com\/index.php\/2026\/08\/31\/messi-se-retira-de-la-seleccion-argentina\/","title":{"rendered":"Messi se retira de la selecci\u00f3n argentina"},"content":{"rendered":"<p><img loading=\"lazy\" decoding=\"async\" class=\"alignnone size-custom-full-size wp-image-547695\" src=\"https:\/\/diarioelpopular.com\/wp-content\/uploads\/2026\/08\/Screen-Shot-2026-08-31-at-11.58.03-AM-636x423.png\" alt=\"\" width=\"636\" height=\"423\" srcset=\"https:\/\/diarioelpopular.com\/wp-content\/uploads\/2026\/08\/Screen-Shot-2026-08-31-at-11.58.03-AM-636x423.png 636w, https:\/\/diarioelpopular.com\/wp-content\/uploads\/2026\/08\/Screen-Shot-2026-08-31-at-11.58.03-AM-300x199.png 300w, https:\/\/diarioelpopular.com\/wp-content\/uploads\/2026\/08\/Screen-Shot-2026-08-31-at-11.58.03-AM-768x510.png 768w, https:\/\/diarioelpopular.com\/wp-content\/uploads\/2026\/08\/Screen-Shot-2026-08-31-at-11.58.03-AM-110x73.png 110w, https:\/\/diarioelpopular.com\/wp-content\/uploads\/2026\/08\/Screen-Shot-2026-08-31-at-11.58.03-AM.png 870w\" sizes=\"auto, (max-width: 636px) 100vw, 636px\" \/><\/p>\n<h1 class=\"ue-c-article__headline js-headline js-headlineb \"><\/h1>\n<ul>\n<li class=\"ue-c-article__standfirst\"><em><strong>El argentino anuncia oficialmente que abandona el combinado de su pa\u00eds: &#8220;Me vaci\u00e9, ya no tengo m\u00e1s para dar&#8221;<\/strong><\/em><\/li>\n<\/ul>\n<p>&nbsp;<\/p>\n<p class=\"ue-c-article__paragraph paragraph ue-c-article--first-letter-highlighted\" data-mrf-recirculation=\"Links P\u00e1rrafos\">Messi acaba de anunciar oficialmente que abandona la selecci\u00f3n argentina.<\/p>\n<p class=\"ue-c-article__paragraph paragraph\" data-mrf-recirculation=\"Links P\u00e1rrafos\">El astro argentino colg\u00f3 una carta en sus redes sociales donde se desped\u00eda de la selecci\u00f3n de su pa\u00eds y desvelaba, adem\u00e1s, que las l\u00edneas las hab\u00eda escrito dos d\u00edas despu\u00e9s de la final del Mundial, cuando Argentina perdi\u00f3 ante Espa\u00f1a gracias al gol de Ferran Torres.<\/p>\n<p class=\"ue-c-article__paragraph paragraph\" data-mrf-recirculation=\"Links P\u00e1rrafos\">Es la segunda vez que Messi anuncia que deja Argentina. La primera fue en 2016 cuando su selecci\u00f3n perdi\u00f3 la Copa Am\u00e9rica ante Chile: &#8220;Se termin\u00f3 para m\u00ed la selecci\u00f3n&#8221;, dijo el jugador. El &#8217;10&#8217; cumpli\u00f3 en junio 39 a\u00f1os y as\u00ed reza la carta de despedida que colg\u00f3 este lunes.<\/p>\n<p class=\"ue-c-article__paragraph paragraph\" data-mrf-recirculation=\"Links P\u00e1rrafos\"><em>&#8220;Despu\u00e9s de este tiempo que pas\u00f3 desde la final, pens\u00e1ndolo mucho,\u00a0quiero comunicarles a todos que me retiro de la Selecci\u00f3n\u2026<\/em><\/p>\n<div id=\"gexp-intext-2\" class=\"gexp-intext-slot\" data-gexp-intext-slot=\"gexp-intext-2\" data-gexp-intext-node-id=\"gexp-intext-2\" data-gexp-intext-placement-index=\"1\" data-gexp-intext-cycle-id=\"0\" data-gexp-intext-render-token=\"0\" data-gexp-intext-visual-state=\"created\" data-gexp-intext-format=\"display\" data-target-height=\"360px\"><\/div>\n<div id=\"gexp-intext-2-video\" class=\"gexp-intext-slot\" data-gexp-intext-slot=\"gexp-intext-2\" data-gexp-intext-node-id=\"gexp-intext-2\" data-gexp-intext-placement-index=\"1\" data-gexp-intext-cycle-id=\"0\" data-gexp-intext-render-token=\"0\" data-gexp-intext-visual-state=\"created\" data-gexp-intext-format=\"video\" data-target-height=\"360px\"><\/div>\n<p class=\"ue-c-article__paragraph paragraph\" data-mrf-recirculation=\"Links P\u00e1rrafos\"><em>Fue una decisi\u00f3n que doli\u00f3 y duele en el alma, pero entiendo que es el momento. Les juro que siempre dej\u00e9 todo, no solo los \u00faltimos a\u00f1os que se gan\u00f3 todo antes tambi\u00e9n y\u00a0siempre pele\u00e9 y me dej\u00e9 todo por esta camiseta, por darles alegr\u00edas y hacer que se sientan orgullosos de ser argentinos a trav\u00e9s del f\u00fatbol.<\/em><\/p>\n<p class=\"ue-c-article__paragraph paragraph\" data-mrf-recirculation=\"Links P\u00e1rrafos\"><em>Queda poco y\u00a0se van cerrando etapas y esta es una que me duele mucho. Amo, am\u00e9 y amar\u00e9 siempre estar en la Selecci\u00f3n. Me vaci\u00e9, ya no tengo m\u00e1s para dar y aparte vienen chicos muy grandes atr\u00e1s que merecen estar.<\/em><\/p>\n<p class=\"ue-c-article__paragraph paragraph\" data-mrf-recirculation=\"Links P\u00e1rrafos\"><em>Gracias por todo el cari\u00f1o de estos 20 a\u00f1os. Voy a extra\u00f1ar mucho escucharlos desde adentro. Ahora voy a ser uno m\u00e1s de ustedes, alentando y bancando siempre desde afuera (en las buenas y en las malas, mucho m\u00e1s).<\/em><\/p>\n<p class=\"ue-c-article__paragraph paragraph\" data-mrf-recirculation=\"Links P\u00e1rrafos\"><em>Gracias a mi familia por estar siempre, por acompa\u00f1arme en este viaje tan hermoso pero dif\u00edcil.\u00a0Gracias a cada uno de entrenadores, compa\u00f1eros y dirigentes que me toc\u00f3 compartir. Me llevo recuerdos y momentos inolvidables vividos.<\/em><\/p>\n<p class=\"ue-c-article__paragraph paragraph\" data-mrf-recirculation=\"Links P\u00e1rrafos\"><em>Me voy con la tranquilidad y el orgullo de haberles regalado, juntos con mis compa\u00f1eros, momentos so\u00f1ados. Fue una locura haberlo vivido con ustedes. \u00a1Los quiero!<\/em><\/p>\n<p class=\"ue-c-article__paragraph paragraph\" data-mrf-recirculation=\"Links P\u00e1rrafos\"><em>Gracias Dios por hacerme argentino.<\/em><\/p>\n<div class=\"midwidget-taboola\">\n<div id=\"taboola-mid-article-mca-oc-1788191777976\" class=\"taboola-mid-article-widget\"><em>\u00a1Vamos Argentina!<\/em><\/div>\n<\/div>\n<p class=\"ue-c-article__paragraph paragraph\" data-mrf-recirculation=\"Links P\u00e1rrafos\"><em>*Estas palabras las escrib\u00ed el 21 de julio, dos d\u00edas despu\u00e9s de la final. Hoy despu\u00e9s de lo de mi pap\u00e1, estoy m\u00e1s convencido que antes&#8221;.<\/em><\/p>\n","protected":false},"excerpt":{"rendered":"<p>El argentino anuncia oficialmente que abandona el combinado de su pa\u00eds: &#8220;Me vaci\u00e9, ya no tengo m\u00e1s para dar&#8221; &nbsp; Messi acaba de anunciar oficialmente&hellip;<\/p>\n","protected":false},"author":99,"featured_media":547695,"comment_status":"open","ping_status":"open","sticky":false,"template":"","format":"standard","meta":{"footnotes":""},"categories":[28,11191],"tags":[],"class_list":["post-547694","post","type-post","status-publish","format-standard","has-post-thumbnail","hentry","category-deportes","category-top-news"],"_links":{"self":[{"href":"https:\/\/diarioelpopular.com\/index.php\/wp-json\/wp\/v2\/posts\/547694","targetHints":{"allow":["GET"]}}],"collection":[{"href":"https:\/\/diarioelpopular.com\/index.php\/wp-json\/wp\/v2\/posts"}],"about":[{"href":"https:\/\/diarioelpopular.com\/index.php\/wp-json\/wp\/v2\/types\/post"}],"author":[{"embeddable":true,"href":"https:\/\/diarioelpopular.com\/index.php\/wp-json\/wp\/v2\/users\/99"}],"replies":[{"embeddable":true,"href":"https:\/\/diarioelpopular.com\/index.php\/wp-json\/wp\/v2\/comments?post=547694"}],"version-history":[{"count":1,"href":"https:\/\/diarioelpopular.com\/index.php\/wp-json\/wp\/v2\/posts\/547694\/revisions"}],"predecessor-version":[{"id":547696,"href":"https:\/\/diarioelpopular.com\/index.php\/wp-json\/wp\/v2\/posts\/547694\/revisions\/547696"}],"wp:featuredmedia":[{"embeddable":true,"href":"https:\/\/diarioelpopular.com\/index.php\/wp-json\/wp\/v2\/media\/547695"}],"wp:attachment":[{"href":"https:\/\/diarioelpopular.com\/index.php\/wp-json\/wp\/v2\/media?parent=547694"}],"wp:term":[{"taxonomy":"category","embeddable":true,"href":"https:\/\/diarioelpopular.com\/index.php\/wp-json\/wp\/v2\/categories?post=547694"},{"taxonomy":"post_tag","embeddable":true,"href":"https:\/\/diarioelpopular.com\/index.php\/wp-json\/wp\/v2\/tags?post=547694"}],"curies":[{"name":"wp","href":"https:\/\/api.w.org\/{rel}","templated":true}]}}