{"id":547697,"date":"2026-09-01T08:52:55","date_gmt":"2026-09-01T12:52:55","guid":{"rendered":"https:\/\/diarioelpopular.com\/?p=547697"},"modified":"2026-09-01T08:52:55","modified_gmt":"2026-09-01T12:52:55","slug":"los-liberales-arrasan-en-tres-elecciones-parciales-federales-en-ontario-quebec-y-british-columbia","status":"publish","type":"post","link":"https:\/\/diarioelpopular.com\/index.php\/2026\/09\/01\/los-liberales-arrasan-en-tres-elecciones-parciales-federales-en-ontario-quebec-y-british-columbia\/","title":{"rendered":"Los liberales arrasan en tres elecciones parciales federales en Ontario, Quebec y British Columbia"},"content":{"rendered":"<p><img loading=\"lazy\" decoding=\"async\" class=\"alignnone size-custom-big-size wp-image-547698\" src=\"https:\/\/diarioelpopular.com\/wp-content\/uploads\/2026\/09\/Screen-Shot-2026-09-01-at-8.52.00-AM-1200x675.png\" alt=\"\" width=\"1200\" height=\"675\" srcset=\"https:\/\/diarioelpopular.com\/wp-content\/uploads\/2026\/09\/Screen-Shot-2026-09-01-at-8.52.00-AM-1200x675.png 1200w, https:\/\/diarioelpopular.com\/wp-content\/uploads\/2026\/09\/Screen-Shot-2026-09-01-at-8.52.00-AM-300x169.png 300w, https:\/\/diarioelpopular.com\/wp-content\/uploads\/2026\/09\/Screen-Shot-2026-09-01-at-8.52.00-AM-768x432.png 768w, https:\/\/diarioelpopular.com\/wp-content\/uploads\/2026\/09\/Screen-Shot-2026-09-01-at-8.52.00-AM-1536x864.png 1536w, https:\/\/diarioelpopular.com\/wp-content\/uploads\/2026\/09\/Screen-Shot-2026-09-01-at-8.52.00-AM-636x358.png 636w, https:\/\/diarioelpopular.com\/wp-content\/uploads\/2026\/09\/Screen-Shot-2026-09-01-at-8.52.00-AM-130x73.png 130w, https:\/\/diarioelpopular.com\/wp-content\/uploads\/2026\/09\/Screen-Shot-2026-09-01-at-8.52.00-AM.png 1024w\" sizes=\"auto, (max-width: 1200px) 100vw, 1200px\" \/><\/p>\n<p>&nbsp;<\/p>\n<ul>\n<li><em><strong>Los liberales arrasaron en tres elecciones parciales federales el lunes por la noche, sumando un miembro m\u00e1s a su gobierno mayoritario y obteniendo un esca\u00f1o que hab\u00eda estado en manos de los conservadores desde 2018.<\/strong><\/em><\/li>\n<\/ul>\n<p>&nbsp;<\/p>\n<p>Los conservadores tuvieron un desempe\u00f1o decepcionante en las tres contiendas, pero ninguna tan decepcionante como la derrota en Chicoutimi-Le Fjord, donde el partido qued\u00f3 relegado a un distante tercer lugar.<\/p>\n<p>&#8220;Es un gran momento para ser liberal en Canad\u00e1 y en Beaches-East York&#8221;, dijo el diputado electo Tanveer Shahnawaz a sus seguidores en la circunscripci\u00f3n del este de Toronto el lunes por la noche.<\/p>\n<p>El s\u00f3lido desempe\u00f1o de los liberales se produce en medio de una guerra comercial cada vez m\u00e1s tensa con Estados Unidos.<\/p>\n<p>Carney puso fin a las negociaciones comerciales el 21 de agosto, dando por terminadas las conversaciones que parec\u00edan estar cerca de un acuerdo para reducir los aranceles sectoriales que han generado incertidumbre en Canad\u00e1 durante m\u00e1s de 18 meses.<\/p>\n<p>En cambio, ambas partes han prometido aranceles y contraaranceles. Altos funcionarios del gobierno de Donald Trump han intercambiado acusaciones en los medios con figuras como el premier de Ontario, Doug Ford, y el ex premier de Quebec, Jean Charest.<\/p>\n<p>\u201cEn este momento crucial para Canad\u00e1, los votantes han depositado su confianza en el plan de nuestro gobierno. Aceptamos su apoyo con humildad y determinaci\u00f3n\u201d, declar\u00f3 Carney en un comunicado el lunes.<\/p>\n<p>Shahnawaz dirigi\u00f3 la oficina de circunscripci\u00f3n del exministro liberal Nate Erskine-Smith, cuya salida de la pol\u00edtica federal motiv\u00f3 la votaci\u00f3n.<\/p>\n<p>Y The Canadian Press proyecta que Braeden Caley, veterano asesor pol\u00edtico liberal, ganar\u00e1 la elecci\u00f3n parcial federal en Capilano, al norte de Vancouver.<\/p>\n<p>Los votantes de la regi\u00f3n de Saguenay, en Quebec, que incluye Chicoutimi-Le Fjord, conocen muy bien el impacto de los aranceles de Trump. El aluminio, la silvicultura y la producci\u00f3n lechera constituyen una parte importante de la econom\u00eda regional.<\/p>\n<p>Los liberales eligieron a Daniel Gobeil, productor lechero y expresidente de la asociaci\u00f3n provincial de productores l\u00e1cteos, para representarlos en la elecci\u00f3n parcial.<\/p>\n<p>Dirigi\u00e9ndose a sus seguidores en franc\u00e9s el lunes por la noche, Gobeil afirm\u00f3 que el gobierno velar\u00eda por los intereses de los trabajadores del sector del aluminio y la silvicultura, y que defender\u00eda con firmeza la gesti\u00f3n de la oferta.<\/p>\n<p>La circunscripci\u00f3n de Quebec eligi\u00f3 por \u00faltima vez a un liberal en 2015. Richard Martel ha ganado cuatro veces desde la elecci\u00f3n parcial de 2018. El exentrenador de hockey juvenil gan\u00f3 por un margen muy estrecho en las elecciones federales de 2025.<\/p>\n<p>El lunes, el l\u00edder del Bloc Qu\u00e9b\u00e9cois, Yves-Fran\u00e7ois Blanchet, declar\u00f3 pr\u00e1cticamente irrelevantes a los conservadores.<\/p>\n<p>Blanchet les dijo a los seguidores de Caroline Dub\u00e9, la candidata que qued\u00f3 en segundo lugar, que si bien Canad\u00e1 tiene un sistema bipartidista con los liberales y los conservadores, \u00aben Quebec hay dos partidos pol\u00edticos: el Partido Liberal de Canad\u00e1 y el Bloc Qu\u00e9b\u00e9cois\u00bb.<\/p>\n<p>Martel fue el quinto conservador en abandonar el grupo parlamentario de Pierre Poilievre desde las elecciones de abril de 2025. Chris d\u2019Entremont, Matt Jeneroux, Michael Ma y Marilyn Gladu se pasaron al otro bando entre noviembre de 2025 y abril del a\u00f1o pasado, otorgando as\u00ed a los liberales de Carney la mayor\u00eda que no hab\u00edan logrado el a\u00f1o anterior.<\/p>\n<p>Martel, de quien tambi\u00e9n se esperaba que se uniera a los liberales, acept\u00f3 en cambio un esca\u00f1o en el Senado.<\/p>\n<p>Daniel B\u00e9land, profesor de ciencias pol\u00edticas en la Universidad McGill, afirm\u00f3 antes de las elecciones parciales que una victoria liberal en Chicoutimi-Le Fjord ser\u00eda prueba de una &#8220;estrategia magistral&#8221; por parte del equipo de Carney al nombrar a Martel senador y abrir la contienda en una circunscripci\u00f3n muy re\u00f1ida.<\/p>\n<p>Los Nuevos Dem\u00f3cratas, cuyos desastrosos resultados electorales de 2025 les hicieron perder su estatus de partido oficial en la C\u00e1mara de los Comunes, ganaron terreno en Beaches-East York y terminaron en segundo lugar.<\/p>\n<p>\u201cHemos demostrado que la derrota en las \u00faltimas elecciones fue un hecho aislado\u201d, declar\u00f3 el l\u00edder del NDP, Avi Lewis, en un comunicado.<\/p>\n<p>\u201cEsta noche triplicamos con creces nuestro porcentaje de votos con respecto a las elecciones anteriores y obtuvimos mejores resultados que en cualquier elecci\u00f3n desde 2015\u201d.<\/p>\n<p>Aun as\u00ed, el NDP qued\u00f3 miles de votos por detr\u00e1s de los liberales.<\/p>\n<p>El nuevo representante del distrito electoral del este de Toronto, Shahnawaz, era el gerente de la oficina de Nate Erskine-Smith. Erskine-Smith dej\u00f3 la pol\u00edtica federal para postularse al liderazgo de los liberales provinciales.<\/p>\n<p>Ese plan fracas\u00f3 cuando no logr\u00f3 obtener la nominaci\u00f3n del partido.<\/p>\n","protected":false},"excerpt":{"rendered":"<p>&nbsp; Los liberales arrasaron en tres elecciones parciales federales el lunes por la noche, sumando un miembro m\u00e1s a su gobierno mayoritario y obteniendo un&hellip;<\/p>\n","protected":false},"author":99,"featured_media":547698,"comment_status":"open","ping_status":"open","sticky":false,"template":"","format":"standard","meta":{"footnotes":""},"categories":[21,11191],"tags":[],"class_list":["post-547697","post","type-post","status-publish","format-standard","has-post-thumbnail","hentry","category-canada","category-top-news"],"_links":{"self":[{"href":"https:\/\/diarioelpopular.com\/index.php\/wp-json\/wp\/v2\/posts\/547697","targetHints":{"allow":["GET"]}}],"collection":[{"href":"https:\/\/diarioelpopular.com\/index.php\/wp-json\/wp\/v2\/posts"}],"about":[{"href":"https:\/\/diarioelpopular.com\/index.php\/wp-json\/wp\/v2\/types\/post"}],"author":[{"embeddable":true,"href":"https:\/\/diarioelpopular.com\/index.php\/wp-json\/wp\/v2\/users\/99"}],"replies":[{"embeddable":true,"href":"https:\/\/diarioelpopular.com\/index.php\/wp-json\/wp\/v2\/comments?post=547697"}],"version-history":[{"count":1,"href":"https:\/\/diarioelpopular.com\/index.php\/wp-json\/wp\/v2\/posts\/547697\/revisions"}],"predecessor-version":[{"id":547699,"href":"https:\/\/diarioelpopular.com\/index.php\/wp-json\/wp\/v2\/posts\/547697\/revisions\/547699"}],"wp:featuredmedia":[{"embeddable":true,"href":"https:\/\/diarioelpopular.com\/index.php\/wp-json\/wp\/v2\/media\/547698"}],"wp:attachment":[{"href":"https:\/\/diarioelpopular.com\/index.php\/wp-json\/wp\/v2\/media?parent=547697"}],"wp:term":[{"taxonomy":"category","embeddable":true,"href":"https:\/\/diarioelpopular.com\/index.php\/wp-json\/wp\/v2\/categories?post=547697"},{"taxonomy":"post_tag","embeddable":true,"href":"https:\/\/diarioelpopular.com\/index.php\/wp-json\/wp\/v2\/tags?post=547697"}],"curies":[{"name":"wp","href":"https:\/\/api.w.org\/{rel}","templated":true}]}}