{"id":547702,"date":"2026-09-01T09:35:45","date_gmt":"2026-09-01T13:35:45","guid":{"rendered":"https:\/\/diarioelpopular.com\/?p=547702"},"modified":"2026-09-01T09:35:45","modified_gmt":"2026-09-01T13:35:45","slug":"buscan-a-sujeto-por-agresion-motivada-por-odio-en-la-zona-costera-se-busca-a-delincuentes-por-incendio-provocado-en-etobicoke","status":"publish","type":"post","link":"https:\/\/diarioelpopular.com\/index.php\/2026\/09\/01\/buscan-a-sujeto-por-agresion-motivada-por-odio-en-la-zona-costera-se-busca-a-delincuentes-por-incendio-provocado-en-etobicoke\/","title":{"rendered":"Buscan a sujeto por agresi\u00f3n motivada por odio en la zona costera; se busca a delincuentes por incendio provocado en Etobicoke"},"content":{"rendered":"<div id=\"attachment_547705\" style=\"width: 646px\" class=\"wp-caption alignnone\"><img loading=\"lazy\" decoding=\"async\" aria-describedby=\"caption-attachment-547705\" class=\"wp-image-547705 size-custom-full-size\" src=\"https:\/\/diarioelpopular.com\/wp-content\/uploads\/2026\/09\/Screen-Shot-2026-09-01-at-9.05.57-AM-1-636x508.png\" alt=\"\" width=\"636\" height=\"508\" srcset=\"https:\/\/diarioelpopular.com\/wp-content\/uploads\/2026\/09\/Screen-Shot-2026-09-01-at-9.05.57-AM-1-636x508.png 636w, https:\/\/diarioelpopular.com\/wp-content\/uploads\/2026\/09\/Screen-Shot-2026-09-01-at-9.05.57-AM-1-300x240.png 300w, https:\/\/diarioelpopular.com\/wp-content\/uploads\/2026\/09\/Screen-Shot-2026-09-01-at-9.05.57-AM-1-768x613.png 768w, https:\/\/diarioelpopular.com\/wp-content\/uploads\/2026\/09\/Screen-Shot-2026-09-01-at-9.05.57-AM-1-91x73.png 91w, https:\/\/diarioelpopular.com\/wp-content\/uploads\/2026\/09\/Screen-Shot-2026-09-01-at-9.05.57-AM-1.png 794w\" sizes=\"auto, (max-width: 636px) 100vw, 636px\" \/><p id=\"caption-attachment-547705\" class=\"wp-caption-text\">Foto Polic\u00eda de Toronto<\/p><\/div>\n<p>&nbsp;<\/p>\n<ul>\n<li><em><strong>La polic\u00eda afirma que el sujeto profiri\u00f3 insultos antisij y racistas, y luego apu\u00f1al\u00f3 a la v\u00edctima en la pierna.<\/strong><\/em><\/li>\n<\/ul>\n<p>&nbsp;<\/p>\n<p>La polic\u00eda de Toronto solicita la colaboraci\u00f3n ciudadana para identificar a un hombre implicado en una agresi\u00f3n motivada por odio que dej\u00f3 una persona herida el s\u00e1bado en la zona costera de la ciudad.<\/p>\n<p>La polic\u00eda indic\u00f3 que el incidente ocurri\u00f3 en la zona de Queens Quay W. y Lower Spadina Ave., donde el hombre se acerc\u00f3 a la v\u00edctima y a un testigo durante una interacci\u00f3n sin provocaci\u00f3n, profiri\u00f3 insultos antisij y racistas, y atac\u00f3 a la v\u00edctima con un cuchillo.<\/p>\n<p>La polic\u00eda inform\u00f3 que la v\u00edctima fue apu\u00f1alada en la pierna y sufri\u00f3 heridas que no ponen en peligro su vida.<\/p>\n<p>La polic\u00eda difundi\u00f3 una imagen del sospechoso, describi\u00e9ndolo como un hombre de aproximadamente 1,68 m de estatura y cabello negro.<\/p>\n<p>Se le vio vistiendo una camiseta azul marino de manga corta con el logo de la NFL &#8220;Sunday Ticket&#8221; en la espalda, con rayas blancas que iban desde la base del cuello, bajando por la espalda hasta las axilas; pantalones vaqueros azules con una mancha oscura de grasa en la pantorrilla izquierda; y zapatillas deportivas New Balance grises y negras.<\/p>\n<p>La polic\u00eda indic\u00f3 que la investigaci\u00f3n se est\u00e1 tratando como un presunto delito motivado por el odio.<\/p>\n<p><em><strong>Se buscan delincuentes por incendio provocado en Etobicoke<\/strong><\/em><\/p>\n<div id=\"attachment_547706\" style=\"width: 646px\" class=\"wp-caption alignnone\"><img loading=\"lazy\" decoding=\"async\" aria-describedby=\"caption-attachment-547706\" class=\"wp-image-547706 size-custom-full-size\" src=\"https:\/\/diarioelpopular.com\/wp-content\/uploads\/2026\/09\/Screen-Shot-2026-09-01-at-9.06.38-AM-636x636.png\" alt=\"\" width=\"636\" height=\"636\" srcset=\"https:\/\/diarioelpopular.com\/wp-content\/uploads\/2026\/09\/Screen-Shot-2026-09-01-at-9.06.38-AM-636x636.png 636w, https:\/\/diarioelpopular.com\/wp-content\/uploads\/2026\/09\/Screen-Shot-2026-09-01-at-9.06.38-AM-300x300.png 300w, https:\/\/diarioelpopular.com\/wp-content\/uploads\/2026\/09\/Screen-Shot-2026-09-01-at-9.06.38-AM-150x150.png 150w, https:\/\/diarioelpopular.com\/wp-content\/uploads\/2026\/09\/Screen-Shot-2026-09-01-at-9.06.38-AM-768x768.png 768w, https:\/\/diarioelpopular.com\/wp-content\/uploads\/2026\/09\/Screen-Shot-2026-09-01-at-9.06.38-AM-73x73.png 73w, https:\/\/diarioelpopular.com\/wp-content\/uploads\/2026\/09\/Screen-Shot-2026-09-01-at-9.06.38-AM.png 834w\" sizes=\"auto, (max-width: 636px) 100vw, 636px\" \/><p id=\"caption-attachment-547706\" class=\"wp-caption-text\">Foto Polic\u00eda de Toronto<\/p><\/div>\n<p>&nbsp;<\/p>\n<p>La polic\u00eda est\u00e1 tratando de identificar a los pir\u00f3manos buscados por un incendio provocado en Etobicoke a principios de agosto.<\/p>\n<p>La polic\u00eda de Toronto inform\u00f3 que los agentes respondieron el lunes 3 de agosto a las 3:47 a. m. a una llamada por un incendio en la zona de Lake Shore Blvd. W. y Albert Ave.<\/p>\n<p>La polic\u00eda indic\u00f3 que dos desconocidos se acercaron a una tienda de ropa, rompieron los cristales de las ventanas y vertieron un acelerante dentro del local antes de prenderle fuego. Luego huyeron del lugar en un veh\u00edculo.<\/p>\n<p>El n.\u00b0 1 es descrito como de complexi\u00f3n media. Vest\u00eda una sudadera oscura con capucha, un pasamonta\u00f1as oscuro, pantalones oscuros y zapatillas deportivas oscuras con suela clara.<\/p>\n<p>El n.\u00b0 2 es descrito como un hombre de complexi\u00f3n media. Vest\u00eda una chaqueta oscura con capucha, una mascarilla quir\u00fargica negra, una camiseta blanca, pantalones oscuros y calzado oscuro.<\/p>\n<p>El veh\u00edculo es un sed\u00e1n Honda Civic de color gris metalizado, probablemente modelo 2022-2026.<\/p>\n<p>Cualquier persona con informaci\u00f3n debe comunicarse con la polic\u00eda al 416-808-2200, o con Crime Stoppers de forma an\u00f3nima al 416-222-TIPS (8477), o a trav\u00e9s de 222tips.com.<\/p>\n<p><em><strong>Hombre acusado tras dispararse a s\u00ed mismo en Hamilton<\/strong><\/em><\/p>\n<p>La polic\u00eda de Hamilton inform\u00f3 que un hombre fue acusado de delitos relacionados con armas de fuego en un tiroteo ocurrido el fin de semana.<\/p>\n<p>La polic\u00eda indic\u00f3 que el domingo por la ma\u00f1ana, poco antes de las 3 a. m., un hombre lleg\u00f3 a un hospital local con una herida de bala en la pierna, la cual no pon\u00eda en peligro su vida.<\/p>\n<p>La polic\u00eda inform\u00f3 que los investigadores determinaron que el hombre se hab\u00eda disparado a s\u00ed mismo y que hab\u00eda estado previamente en el Venu Bar, ubicado en 627 King Street E. en Hamilton.<\/p>\n<p>Se solicita a los testigos o a cualquier persona que tenga informaci\u00f3n sobre el incidente que se comunique con el Equipo de Respuesta a Tiroteos de la Polic\u00eda de Hamilton al 905-546-4883 o que env\u00ede un correo electr\u00f3nico a shootingresponseteam@hamiltonpolice.ca. Tambi\u00e9n se pueden proporcionar denuncias an\u00f3nimas a Crime Stoppers al 1-800-222-8477 o en l\u00ednea en crimestoppershamilton.com.<\/p>\n<p><em><strong>Cientos de multas y advertencias emitidas en una campa\u00f1a de seguridad para patinetes y bicicletas el\u00e9ctricas<\/strong><\/em><\/p>\n<p>La polic\u00eda de Toronto inform\u00f3 haber emitido cientos de multas y otras tantas advertencias a usuarios de dispositivos de micromovilidad durante una campa\u00f1a de seguridad de dos semanas en toda la ciudad a principios de este mes.<\/p>\n<p>La polic\u00eda indic\u00f3 que la campa\u00f1a, que se llev\u00f3 a cabo del 10 al 24 de agosto, se centr\u00f3 en educar a los agentes sobre el uso de veh\u00edculos de micromovilidad, como bicicletas y patinetes el\u00e9ctricos, y en abordar comportamientos que ponen en riesgo a usuarios, peatones y dem\u00e1s usuarios de la v\u00eda p\u00fablica.<\/p>\n<p>La polic\u00eda se\u00f1al\u00f3 que durante la campa\u00f1a se detectaron muchos problemas de seguridad m\u00e1s graves, como la circulaci\u00f3n a alta velocidad, ir ilegal por la acera, circular en sentido contrario en los carriles bici, el uso ilegal de ciclomotores el\u00e9ctricos en los carriles bici y el estacionamiento en los carriles bici.<\/p>\n<p>La polic\u00eda tambi\u00e9n recuerda al p\u00fablico que el uso de patinetes el\u00e9ctricos est\u00e1 prohibido en cualquier espacio p\u00fablico de la ciudad de Toronto.<\/p>\n<p>Los datos preliminares muestran que los agentes emitieron 324 multas y advertencias relacionadas con dispositivos de micromovilidad durante la campa\u00f1a.<\/p>\n<p>La polic\u00eda inform\u00f3 que tambi\u00e9n se emitieron 1.277 multas de estacionamiento a veh\u00edculos estacionados en carriles para bicicletas.<\/p>\n<p><em><strong>Hombre de Toronto acusado en investigaci\u00f3n por voyeurismo<\/strong><\/em><\/p>\n<p>Un hombre de Toronto de 36 a\u00f1os fue arrestado y acusado en una investigaci\u00f3n por voyeurismo que involucra a una ni\u00f1a de 11 a\u00f1os en un parque en el este de la ciudad.<\/p>\n<p>La polic\u00eda de Toronto inform\u00f3 que el martes 25 de agosto, una ni\u00f1a entr\u00f3 a un ba\u00f1o en Kew Gardens, en la zona de Queen St. E. y Lee Ave. La polic\u00eda alega que un sospechoso desconocido, que ya se encontraba en el ba\u00f1o, entr\u00f3 a un cub\u00edculo y le tom\u00f3 fotos a la ni\u00f1a a trav\u00e9s de las rendijas.<\/p>\n<p>La polic\u00eda indic\u00f3 que la ni\u00f1a pidi\u00f3 ayuda, momento en el que el sospechoso huy\u00f3 en direcci\u00f3n desconocida.<\/p>\n<p>El lunes, la polic\u00eda inform\u00f3 que Hans Martins-Gonzalez fue acusado de observar\/grabar en secreto a una persona que esperaba privacidad.<\/p>\n<p>Cualquier persona con informaci\u00f3n debe comunicarse con la polic\u00eda al 416-808-2200, o con Crime Stoppers de forma an\u00f3nima al 416-222-TIPS (8477), o a trav\u00e9s de 222tips.com.<\/p>\n<p>&nbsp;<\/p>\n<p>&nbsp;<\/p>\n","protected":false},"excerpt":{"rendered":"<p>&nbsp; La polic\u00eda afirma que el sujeto profiri\u00f3 insultos antisij y racistas, y luego apu\u00f1al\u00f3 a la v\u00edctima en la pierna. &nbsp; La polic\u00eda de&hellip;<\/p>\n","protected":false},"author":99,"featured_media":547706,"comment_status":"open","ping_status":"open","sticky":false,"template":"","format":"standard","meta":{"footnotes":""},"categories":[11364],"tags":[],"class_list":["post-547702","post","type-post","status-publish","format-standard","has-post-thumbnail","hentry","category-toronto-gta"],"_links":{"self":[{"href":"https:\/\/diarioelpopular.com\/index.php\/wp-json\/wp\/v2\/posts\/547702","targetHints":{"allow":["GET"]}}],"collection":[{"href":"https:\/\/diarioelpopular.com\/index.php\/wp-json\/wp\/v2\/posts"}],"about":[{"href":"https:\/\/diarioelpopular.com\/index.php\/wp-json\/wp\/v2\/types\/post"}],"author":[{"embeddable":true,"href":"https:\/\/diarioelpopular.com\/index.php\/wp-json\/wp\/v2\/users\/99"}],"replies":[{"embeddable":true,"href":"https:\/\/diarioelpopular.com\/index.php\/wp-json\/wp\/v2\/comments?post=547702"}],"version-history":[{"count":1,"href":"https:\/\/diarioelpopular.com\/index.php\/wp-json\/wp\/v2\/posts\/547702\/revisions"}],"predecessor-version":[{"id":547707,"href":"https:\/\/diarioelpopular.com\/index.php\/wp-json\/wp\/v2\/posts\/547702\/revisions\/547707"}],"wp:featuredmedia":[{"embeddable":true,"href":"https:\/\/diarioelpopular.com\/index.php\/wp-json\/wp\/v2\/media\/547706"}],"wp:attachment":[{"href":"https:\/\/diarioelpopular.com\/index.php\/wp-json\/wp\/v2\/media?parent=547702"}],"wp:term":[{"taxonomy":"category","embeddable":true,"href":"https:\/\/diarioelpopular.com\/index.php\/wp-json\/wp\/v2\/categories?post=547702"},{"taxonomy":"post_tag","embeddable":true,"href":"https:\/\/diarioelpopular.com\/index.php\/wp-json\/wp\/v2\/tags?post=547702"}],"curies":[{"name":"wp","href":"https:\/\/api.w.org\/{rel}","templated":true}]}}